{"id":75442,"date":"2013-10-20T16:56:47","date_gmt":"2013-10-20T15:56:47","guid":{"rendered":"http:\/\/www.visit-ulcinj.com\/blog\/?p=75442"},"modified":"2013-10-20T16:56:47","modified_gmt":"2013-10-20T15:56:47","slug":"martina-ivezaj-cmend-gjermanet-video","status":"publish","type":"post","link":"https:\/\/www.visit-ulcinj.com\/blog\/2013\/10\/20\/martina-ivezaj-cmend-gjermanet-video\/","title":{"rendered":"Martina Ivezaj \u00e7mend gjerman\u00ebt &#8211; Video"},"content":{"rendered":"<p>Ka udh\u00ebtuar suksessh\u00ebm n\u00eb bot\u00ebn e modelimit n\u00eb Gjermani. Dhe p\u00ebrve\u00e7 se ka prezantuar shtetin gjerman n\u00eb bot\u00eb, p\u00ebrmes bukuris\u00eb dhe \u00ebmb\u00eblsis\u00eb q\u00eb m\u00eb s\u00eb miri e karakterizon, bukuroshja shqiptare me origjin\u00eb nga Mal\u00ebsia e Madhe, Martina Ivezaj, nuk ka reshtur s\u00eb angazhuari me pun\u00eb n\u00eb bot\u00ebn e t\u00eb bukur\u00ebs. Ajo edhe sot e k\u00ebsaj dite mbetet imazh i shum\u00eb firmave t\u00eb njohura n\u00eb Gjermani e m\u00eb gjer\u00eb.<br \/>\n<a href=\"http:\/\/www.visit-ulcinj.com\/blog\/wp-content\/uploads\/2013\/10\/Martina-Ivezaj.jpg\"><img loading=\"lazy\" class=\"alignleft  wp-image-75443\" alt=\"Martina Ivezaj\" src=\"http:\/\/www.visit-ulcinj.com\/blog\/wp-content\/uploads\/2013\/10\/Martina-Ivezaj.jpg\" width=\"508\" height=\"600\" \/><\/a><\/p>\n<p>Ndjehet me fat p\u00ebr gjith\u00e7ka q\u00eb i ka ofruar bota e modelimit. Dhe karshi jet\u00ebs s\u00eb suksesshme q\u00eb po jeton n\u00eb shtetin gjerman, bukuroshja shqiptare nga Mal\u00ebsia e Madhe, ka treguar p\u00ebr Tribuna se ndjehet edhe m\u00eb shum\u00eb krenare q\u00eb i p\u00ebrket nj\u00eb populli si\u00e7 jan\u00eb shqiptar\u00ebt.<\/p>\n<p>Me krenari \u00e7doher\u00eb ka prezantuar origjin\u00ebn e saj, e me po aq krenari thot\u00eb se do t\u00eb angazhohej n\u00eb secilin eveniment q\u00eb do ta th\u00ebrriste komb\u00ebsia e saj.<\/p>\n<p>Celebritete.com<br \/>\n<iframe loading=\"lazy\" width=\"508\" height=\"360\" src=\"\/\/www.youtube.com\/embed\/jC9YGh8dEIY\" frameborder=\"0\" allowfullscreen><\/iframe><\/p>\n","protected":false},"excerpt":{"rendered":"<p>Ka udh\u00ebtuar suksessh\u00ebm n\u00eb bot\u00ebn e modelimit n\u00eb Gjermani. Dhe p\u00ebrve\u00e7 se ka prezantuar shtetin gjerman n\u00eb bot\u00eb, p\u00ebrmes bukuris\u00eb dhe \u00ebmb\u00eblsis\u00eb q\u00eb m\u00eb s\u00eb miri e karakterizon, bukuroshja shqiptare me origjin\u00eb nga Mal\u00ebsia e Madhe, Martina Ivezaj, nuk ka reshtur s\u00eb angazhuari me pun\u00eb n\u00eb bot\u00ebn e t\u00eb bukur\u00ebs. Ajo edhe sot e k\u00ebsaj [&hellip;]<\/p>\n","protected":false},"author":1,"featured_media":0,"comment_status":"closed","ping_status":"closed","sticky":false,"template":"","format":"standard","meta":{"spay_email":"","jetpack_publicize_message":"","jetpack_is_tweetstorm":false,"jetpack_publicize_feature_enabled":true},"categories":[1],"tags":[],"jetpack_publicize_connections":[],"yoast_head":"<!-- This site is optimized with the Yoast SEO plugin v19.1 - https:\/\/yoast.com\/wordpress\/plugins\/seo\/ -->\n<title>Martina Ivezaj \u00e7mend gjerman\u00ebt - Video - Lajme nga Ulqini<\/title>\n<meta name=\"description\" content=\"Ka udh\u00ebtuar suksessh\u00ebm n\u00eb bot\u00ebn e modelimit n\u00eb Gjermani. Dhe p\u00ebrve\u00e7 se ka prezantuar shtetin gjerman n\u00eb bot\u00eb, p\u00ebrmes bukuris\u00eb dhe \u00ebmb\u00eblsis\u00eb q\u00eb m\u00eb s\u00eb miri\" \/>\n<meta name=\"robots\" content=\"index, follow, max-snippet:-1, max-image-preview:large, max-video-preview:-1\" \/>\n<link rel=\"canonical\" href=\"https:\/\/www.visit-ulcinj.com\/blog\/2013\/10\/20\/martina-ivezaj-cmend-gjermanet-video\/\" \/>\n<meta property=\"og:locale\" content=\"en_US\" \/>\n<meta property=\"og:type\" content=\"article\" \/>\n<meta property=\"og:title\" content=\"Martina Ivezaj \u00e7mend gjerman\u00ebt - Video - Lajme nga Ulqini\" \/>\n<meta property=\"og:description\" content=\"Ka udh\u00ebtuar suksessh\u00ebm n\u00eb bot\u00ebn e modelimit n\u00eb Gjermani. Dhe p\u00ebrve\u00e7 se ka prezantuar shtetin gjerman n\u00eb bot\u00eb, p\u00ebrmes bukuris\u00eb dhe \u00ebmb\u00eblsis\u00eb q\u00eb m\u00eb s\u00eb miri\" \/>\n<meta property=\"og:url\" content=\"https:\/\/www.visit-ulcinj.com\/blog\/2013\/10\/20\/martina-ivezaj-cmend-gjermanet-video\/\" \/>\n<meta property=\"og:site_name\" content=\"Lajme nga Ulqini\" \/>\n<meta property=\"article:published_time\" content=\"2013-10-20T15:56:47+00:00\" \/>\n<meta property=\"og:image\" content=\"http:\/\/www.visit-ulcinj.com\/blog\/wp-content\/uploads\/2013\/10\/Martina-Ivezaj.jpg\" \/>\n<meta name=\"twitter:label1\" content=\"Written by\" \/>\n\t<meta name=\"twitter:data1\" content=\"ulqini\" \/>\n\t<meta name=\"twitter:label2\" content=\"Est. reading time\" \/>\n\t<meta name=\"twitter:data2\" content=\"1 minute\" \/>\n<script type=\"application\/ld+json\" class=\"yoast-schema-graph\">{\"@context\":\"https:\/\/schema.org\",\"@graph\":[{\"@type\":\"WebSite\",\"@id\":\"https:\/\/www.visit-ulcinj.com\/blog\/#website\",\"url\":\"https:\/\/www.visit-ulcinj.com\/blog\/\",\"name\":\"Lajme nga Ulqini\",\"description\":\"Lajme,Vijesti,Ulqini,Ulqin,Crna Gora,Mali i Zi\",\"potentialAction\":[{\"@type\":\"SearchAction\",\"target\":{\"@type\":\"EntryPoint\",\"urlTemplate\":\"https:\/\/www.visit-ulcinj.com\/blog\/?s={search_term_string}\"},\"query-input\":\"required name=search_term_string\"}],\"inLanguage\":\"en-US\"},{\"@type\":\"ImageObject\",\"inLanguage\":\"en-US\",\"@id\":\"https:\/\/www.visit-ulcinj.com\/blog\/2013\/10\/20\/martina-ivezaj-cmend-gjermanet-video\/#primaryimage\",\"url\":\"http:\/\/www.visit-ulcinj.com\/blog\/wp-content\/uploads\/2013\/10\/Martina-Ivezaj.jpg\",\"contentUrl\":\"http:\/\/www.visit-ulcinj.com\/blog\/wp-content\/uploads\/2013\/10\/Martina-Ivezaj.jpg\"},{\"@type\":\"WebPage\",\"@id\":\"https:\/\/www.visit-ulcinj.com\/blog\/2013\/10\/20\/martina-ivezaj-cmend-gjermanet-video\/#webpage\",\"url\":\"https:\/\/www.visit-ulcinj.com\/blog\/2013\/10\/20\/martina-ivezaj-cmend-gjermanet-video\/\",\"name\":\"Martina Ivezaj \u00e7mend gjerman\u00ebt - Video - Lajme nga Ulqini\",\"isPartOf\":{\"@id\":\"https:\/\/www.visit-ulcinj.com\/blog\/#website\"},\"primaryImageOfPage\":{\"@id\":\"https:\/\/www.visit-ulcinj.com\/blog\/2013\/10\/20\/martina-ivezaj-cmend-gjermanet-video\/#primaryimage\"},\"datePublished\":\"2013-10-20T15:56:47+00:00\",\"dateModified\":\"2013-10-20T15:56:47+00:00\",\"author\":{\"@id\":\"https:\/\/www.visit-ulcinj.com\/blog\/#\/schema\/person\/dcab619c614d3038751c63bc2aadc06d\"},\"description\":\"Ka udh\u00ebtuar suksessh\u00ebm n\u00eb bot\u00ebn e modelimit n\u00eb Gjermani. Dhe p\u00ebrve\u00e7 se ka prezantuar shtetin gjerman n\u00eb bot\u00eb, p\u00ebrmes bukuris\u00eb dhe \u00ebmb\u00eblsis\u00eb q\u00eb m\u00eb s\u00eb miri\",\"breadcrumb\":{\"@id\":\"https:\/\/www.visit-ulcinj.com\/blog\/2013\/10\/20\/martina-ivezaj-cmend-gjermanet-video\/#breadcrumb\"},\"inLanguage\":\"en-US\",\"potentialAction\":[{\"@type\":\"ReadAction\",\"target\":[\"https:\/\/www.visit-ulcinj.com\/blog\/2013\/10\/20\/martina-ivezaj-cmend-gjermanet-video\/\"]}]},{\"@type\":\"BreadcrumbList\",\"@id\":\"https:\/\/www.visit-ulcinj.com\/blog\/2013\/10\/20\/martina-ivezaj-cmend-gjermanet-video\/#breadcrumb\",\"itemListElement\":[{\"@type\":\"ListItem\",\"position\":1,\"name\":\"Martina Ivezaj \u00e7mend gjerman\u00ebt &#8211; Video\"}]},{\"@type\":\"Person\",\"@id\":\"https:\/\/www.visit-ulcinj.com\/blog\/#\/schema\/person\/dcab619c614d3038751c63bc2aadc06d\",\"name\":\"ulqini\",\"sameAs\":[\"http:\/\/www.visit-ulcinj.com\"],\"url\":\"https:\/\/www.visit-ulcinj.com\/blog\/author\/admin\/\"}]}<\/script>\n<!-- \/ Yoast SEO plugin. -->","yoast_head_json":{"title":"Martina Ivezaj \u00e7mend gjerman\u00ebt - Video - Lajme nga Ulqini","description":"Ka udh\u00ebtuar suksessh\u00ebm n\u00eb bot\u00ebn e modelimit n\u00eb Gjermani. Dhe p\u00ebrve\u00e7 se ka prezantuar shtetin gjerman n\u00eb bot\u00eb, p\u00ebrmes bukuris\u00eb dhe \u00ebmb\u00eblsis\u00eb q\u00eb m\u00eb s\u00eb miri","robots":{"index":"index","follow":"follow","max-snippet":"max-snippet:-1","max-image-preview":"max-image-preview:large","max-video-preview":"max-video-preview:-1"},"canonical":"https:\/\/www.visit-ulcinj.com\/blog\/2013\/10\/20\/martina-ivezaj-cmend-gjermanet-video\/","og_locale":"en_US","og_type":"article","og_title":"Martina Ivezaj \u00e7mend gjerman\u00ebt - Video - Lajme nga Ulqini","og_description":"Ka udh\u00ebtuar suksessh\u00ebm n\u00eb bot\u00ebn e modelimit n\u00eb Gjermani. Dhe p\u00ebrve\u00e7 se ka prezantuar shtetin gjerman n\u00eb bot\u00eb, p\u00ebrmes bukuris\u00eb dhe \u00ebmb\u00eblsis\u00eb q\u00eb m\u00eb s\u00eb miri","og_url":"https:\/\/www.visit-ulcinj.com\/blog\/2013\/10\/20\/martina-ivezaj-cmend-gjermanet-video\/","og_site_name":"Lajme nga Ulqini","article_published_time":"2013-10-20T15:56:47+00:00","og_image":[{"url":"http:\/\/www.visit-ulcinj.com\/blog\/wp-content\/uploads\/2013\/10\/Martina-Ivezaj.jpg"}],"twitter_misc":{"Written by":"ulqini","Est. reading time":"1 minute"},"schema":{"@context":"https:\/\/schema.org","@graph":[{"@type":"WebSite","@id":"https:\/\/www.visit-ulcinj.com\/blog\/#website","url":"https:\/\/www.visit-ulcinj.com\/blog\/","name":"Lajme nga Ulqini","description":"Lajme,Vijesti,Ulqini,Ulqin,Crna Gora,Mali i Zi","potentialAction":[{"@type":"SearchAction","target":{"@type":"EntryPoint","urlTemplate":"https:\/\/www.visit-ulcinj.com\/blog\/?s={search_term_string}"},"query-input":"required name=search_term_string"}],"inLanguage":"en-US"},{"@type":"ImageObject","inLanguage":"en-US","@id":"https:\/\/www.visit-ulcinj.com\/blog\/2013\/10\/20\/martina-ivezaj-cmend-gjermanet-video\/#primaryimage","url":"http:\/\/www.visit-ulcinj.com\/blog\/wp-content\/uploads\/2013\/10\/Martina-Ivezaj.jpg","contentUrl":"http:\/\/www.visit-ulcinj.com\/blog\/wp-content\/uploads\/2013\/10\/Martina-Ivezaj.jpg"},{"@type":"WebPage","@id":"https:\/\/www.visit-ulcinj.com\/blog\/2013\/10\/20\/martina-ivezaj-cmend-gjermanet-video\/#webpage","url":"https:\/\/www.visit-ulcinj.com\/blog\/2013\/10\/20\/martina-ivezaj-cmend-gjermanet-video\/","name":"Martina Ivezaj \u00e7mend gjerman\u00ebt - Video - Lajme nga Ulqini","isPartOf":{"@id":"https:\/\/www.visit-ulcinj.com\/blog\/#website"},"primaryImageOfPage":{"@id":"https:\/\/www.visit-ulcinj.com\/blog\/2013\/10\/20\/martina-ivezaj-cmend-gjermanet-video\/#primaryimage"},"datePublished":"2013-10-20T15:56:47+00:00","dateModified":"2013-10-20T15:56:47+00:00","author":{"@id":"https:\/\/www.visit-ulcinj.com\/blog\/#\/schema\/person\/dcab619c614d3038751c63bc2aadc06d"},"description":"Ka udh\u00ebtuar suksessh\u00ebm n\u00eb bot\u00ebn e modelimit n\u00eb Gjermani. Dhe p\u00ebrve\u00e7 se ka prezantuar shtetin gjerman n\u00eb bot\u00eb, p\u00ebrmes bukuris\u00eb dhe \u00ebmb\u00eblsis\u00eb q\u00eb m\u00eb s\u00eb miri","breadcrumb":{"@id":"https:\/\/www.visit-ulcinj.com\/blog\/2013\/10\/20\/martina-ivezaj-cmend-gjermanet-video\/#breadcrumb"},"inLanguage":"en-US","potentialAction":[{"@type":"ReadAction","target":["https:\/\/www.visit-ulcinj.com\/blog\/2013\/10\/20\/martina-ivezaj-cmend-gjermanet-video\/"]}]},{"@type":"BreadcrumbList","@id":"https:\/\/www.visit-ulcinj.com\/blog\/2013\/10\/20\/martina-ivezaj-cmend-gjermanet-video\/#breadcrumb","itemListElement":[{"@type":"ListItem","position":1,"name":"Martina Ivezaj \u00e7mend gjerman\u00ebt &#8211; Video"}]},{"@type":"Person","@id":"https:\/\/www.visit-ulcinj.com\/blog\/#\/schema\/person\/dcab619c614d3038751c63bc2aadc06d","name":"ulqini","sameAs":["http:\/\/www.visit-ulcinj.com"],"url":"https:\/\/www.visit-ulcinj.com\/blog\/author\/admin\/"}]}},"jetpack_featured_media_url":"","jetpack_sharing_enabled":true,"jetpack_shortlink":"https:\/\/wp.me\/pe6lTn-jCO","_links":{"self":[{"href":"https:\/\/www.visit-ulcinj.com\/blog\/wp-json\/wp\/v2\/posts\/75442"}],"collection":[{"href":"https:\/\/www.visit-ulcinj.com\/blog\/wp-json\/wp\/v2\/posts"}],"about":[{"href":"https:\/\/www.visit-ulcinj.com\/blog\/wp-json\/wp\/v2\/types\/post"}],"author":[{"embeddable":true,"href":"https:\/\/www.visit-ulcinj.com\/blog\/wp-json\/wp\/v2\/users\/1"}],"replies":[{"embeddable":true,"href":"https:\/\/www.visit-ulcinj.com\/blog\/wp-json\/wp\/v2\/comments?post=75442"}],"version-history":[{"count":1,"href":"https:\/\/www.visit-ulcinj.com\/blog\/wp-json\/wp\/v2\/posts\/75442\/revisions"}],"predecessor-version":[{"id":75444,"href":"https:\/\/www.visit-ulcinj.com\/blog\/wp-json\/wp\/v2\/posts\/75442\/revisions\/75444"}],"wp:attachment":[{"href":"https:\/\/www.visit-ulcinj.com\/blog\/wp-json\/wp\/v2\/media?parent=75442"}],"wp:term":[{"taxonomy":"category","embeddable":true,"href":"https:\/\/www.visit-ulcinj.com\/blog\/wp-json\/wp\/v2\/categories?post=75442"},{"taxonomy":"post_tag","embeddable":true,"href":"https:\/\/www.visit-ulcinj.com\/blog\/wp-json\/wp\/v2\/tags?post=75442"}],"curies":[{"name":"wp","href":"https:\/\/api.w.org\/{rel}","templated":true}]}}