{"id":75453,"date":"2013-10-20T22:13:45","date_gmt":"2013-10-20T21:13:45","guid":{"rendered":"http:\/\/www.visit-ulcinj.com\/blog\/?p=75453"},"modified":"2013-10-20T22:13:45","modified_gmt":"2013-10-20T21:13:45","slug":"nimanbegu-na-celu-nacionalnog-savjeta-albanaca","status":"publish","type":"post","link":"https:\/\/www.visit-ulcinj.com\/blog\/2013\/10\/20\/nimanbegu-na-celu-nacionalnog-savjeta-albanaca\/","title":{"rendered":"Nimanbegu na \u010delu Nacionalnog savjeta Albanaca"},"content":{"rendered":"<p><strong><a href=\"http:\/\/www.visit-ulcinj.com\/blog\/wp-content\/uploads\/2013\/10\/Genci-Nimanbegu-zgjidhet-kryetar-i-K\u00ebshillit-Nacional-t\u00eb-Shqiptar\u00ebve-n\u00eb-Malin-e-Zi.jpg\"><img loading=\"lazy\" class=\"alignleft  wp-image-75429\" alt=\"Genci Nimanbegu zgjidhet kryetar i K\u00ebshillit Nacional t\u00eb Shqiptar\u00ebve n\u00eb Malin e Zi\" src=\"http:\/\/www.visit-ulcinj.com\/blog\/wp-content\/uploads\/2013\/10\/Genci-Nimanbegu-zgjidhet-kryetar-i-K\u00ebshillit-Nacional-t\u00eb-Shqiptar\u00ebve-n\u00eb-Malin-e-Zi.jpg\" width=\"508\" height=\"360\" \/><\/a>ULCINJ \u2013 Za \u010delnika Nacionalnog savjeta Albanaca izabran je Genci Nimanbegu, potpredsjednik Nove demokratske snage \u2013 FORCA i poslanik te stranke u crnogorskom parlamentu. Na izborima odr\u017eanim u nedjelju za Nimanbegua je glasalo 20, a za njegovog protivkandidata Tahira \u0110onbaljaja 6 \u010dlanova Savjeta.<\/strong><\/p>\n<p>U narednom periodu \u0107e biti imenovan i sekretar ove institucije.<\/p>\n<p>Podsje\u0107amo, prije tri nedjelje na izbornoj skup\u0161tini izabrano je 16 \u010dlanova novog saziva Nacionalnog savjeta Albanaca u Crnoj Gori. Novi \u010dlanovi NSA su: Palj Dre\u0161aj, Faik Nika, Albert Camaj, Ivan Ivanovi\u0107, Cano Ljazoja, Ramazan Kurti, Sadri Baljidemaj, Musa \u0110oka, Tahir \u0110onbaljaj, Ilir Lazorja, Vahida Hasanaga-Nimanbegu, Bujar Hasan\u0111ekaj, \u0160petim Maraj, Arijan Puljti, Ismet Kalaba i \u0106ani Osmani. NSA je najve\u0107a nacionalna institucija Albanaca u Crnoj Gori.<\/p>\n<p><em><strong>A. \u017d.<\/strong><\/em><\/p>\n<p><strong>Izvor: POBJEDA<\/strong><\/p>\n","protected":false},"excerpt":{"rendered":"<p>ULCINJ \u2013 Za \u010delnika Nacionalnog savjeta Albanaca izabran je Genci Nimanbegu, potpredsjednik Nove demokratske snage \u2013 FORCA i poslanik te stranke u crnogorskom parlamentu. Na izborima odr\u017eanim u nedjelju za Nimanbegua je glasalo 20, a za njegovog protivkandidata Tahira \u0110onbaljaja 6 \u010dlanova Savjeta. U narednom periodu \u0107e biti imenovan i sekretar ove institucije. Podsje\u0107amo, prije [&hellip;]<\/p>\n","protected":false},"author":1,"featured_media":0,"comment_status":"closed","ping_status":"closed","sticky":false,"template":"","format":"standard","meta":{"spay_email":"","jetpack_publicize_message":"","jetpack_is_tweetstorm":false,"jetpack_publicize_feature_enabled":true},"categories":[8337],"tags":[],"jetpack_publicize_connections":[],"yoast_head":"<!-- This site is optimized with the Yoast SEO plugin v19.1 - https:\/\/yoast.com\/wordpress\/plugins\/seo\/ -->\n<title>Nimanbegu na \u010delu Nacionalnog savjeta Albanaca - Lajme nga Ulqini<\/title>\n<meta name=\"description\" content=\"ULCINJ \u2013 Za \u010delnika Nacionalnog savjeta Albanaca izabran je Genci Nimanbegu, potpredsjednik Nove demokratske snage \u2013 FORCA i poslanik te stranke u\" \/>\n<meta name=\"robots\" content=\"index, follow, max-snippet:-1, max-image-preview:large, max-video-preview:-1\" \/>\n<link rel=\"canonical\" href=\"https:\/\/www.visit-ulcinj.com\/blog\/2013\/10\/20\/nimanbegu-na-celu-nacionalnog-savjeta-albanaca\/\" \/>\n<meta property=\"og:locale\" content=\"en_US\" \/>\n<meta property=\"og:type\" content=\"article\" \/>\n<meta property=\"og:title\" content=\"Nimanbegu na \u010delu Nacionalnog savjeta Albanaca - Lajme nga Ulqini\" \/>\n<meta property=\"og:description\" content=\"ULCINJ \u2013 Za \u010delnika Nacionalnog savjeta Albanaca izabran je Genci Nimanbegu, potpredsjednik Nove demokratske snage \u2013 FORCA i poslanik te stranke u\" \/>\n<meta property=\"og:url\" content=\"https:\/\/www.visit-ulcinj.com\/blog\/2013\/10\/20\/nimanbegu-na-celu-nacionalnog-savjeta-albanaca\/\" \/>\n<meta property=\"og:site_name\" content=\"Lajme nga Ulqini\" \/>\n<meta property=\"article:published_time\" content=\"2013-10-20T21:13:45+00:00\" \/>\n<meta name=\"twitter:label1\" content=\"Written by\" \/>\n\t<meta name=\"twitter:data1\" content=\"ulqini\" \/>\n\t<meta name=\"twitter:label2\" content=\"Est. reading time\" \/>\n\t<meta name=\"twitter:data2\" content=\"1 minute\" \/>\n<script type=\"application\/ld+json\" class=\"yoast-schema-graph\">{\"@context\":\"https:\/\/schema.org\",\"@graph\":[{\"@type\":\"WebSite\",\"@id\":\"https:\/\/www.visit-ulcinj.com\/blog\/#website\",\"url\":\"https:\/\/www.visit-ulcinj.com\/blog\/\",\"name\":\"Lajme nga Ulqini\",\"description\":\"Lajme,Vijesti,Ulqini,Ulqin,Crna Gora,Mali i Zi\",\"potentialAction\":[{\"@type\":\"SearchAction\",\"target\":{\"@type\":\"EntryPoint\",\"urlTemplate\":\"https:\/\/www.visit-ulcinj.com\/blog\/?s={search_term_string}\"},\"query-input\":\"required name=search_term_string\"}],\"inLanguage\":\"en-US\"},{\"@type\":\"WebPage\",\"@id\":\"https:\/\/www.visit-ulcinj.com\/blog\/2013\/10\/20\/nimanbegu-na-celu-nacionalnog-savjeta-albanaca\/#webpage\",\"url\":\"https:\/\/www.visit-ulcinj.com\/blog\/2013\/10\/20\/nimanbegu-na-celu-nacionalnog-savjeta-albanaca\/\",\"name\":\"Nimanbegu na \u010delu Nacionalnog savjeta Albanaca - Lajme nga Ulqini\",\"isPartOf\":{\"@id\":\"https:\/\/www.visit-ulcinj.com\/blog\/#website\"},\"datePublished\":\"2013-10-20T21:13:45+00:00\",\"dateModified\":\"2013-10-20T21:13:45+00:00\",\"author\":{\"@id\":\"https:\/\/www.visit-ulcinj.com\/blog\/#\/schema\/person\/dcab619c614d3038751c63bc2aadc06d\"},\"description\":\"ULCINJ \u2013 Za \u010delnika Nacionalnog savjeta Albanaca izabran je Genci Nimanbegu, potpredsjednik Nove demokratske snage \u2013 FORCA i poslanik te stranke u\",\"breadcrumb\":{\"@id\":\"https:\/\/www.visit-ulcinj.com\/blog\/2013\/10\/20\/nimanbegu-na-celu-nacionalnog-savjeta-albanaca\/#breadcrumb\"},\"inLanguage\":\"en-US\",\"potentialAction\":[{\"@type\":\"ReadAction\",\"target\":[\"https:\/\/www.visit-ulcinj.com\/blog\/2013\/10\/20\/nimanbegu-na-celu-nacionalnog-savjeta-albanaca\/\"]}]},{\"@type\":\"BreadcrumbList\",\"@id\":\"https:\/\/www.visit-ulcinj.com\/blog\/2013\/10\/20\/nimanbegu-na-celu-nacionalnog-savjeta-albanaca\/#breadcrumb\",\"itemListElement\":[{\"@type\":\"ListItem\",\"position\":1,\"name\":\"Nimanbegu na \u010delu Nacionalnog savjeta Albanaca\"}]},{\"@type\":\"Person\",\"@id\":\"https:\/\/www.visit-ulcinj.com\/blog\/#\/schema\/person\/dcab619c614d3038751c63bc2aadc06d\",\"name\":\"ulqini\",\"sameAs\":[\"http:\/\/www.visit-ulcinj.com\"],\"url\":\"https:\/\/www.visit-ulcinj.com\/blog\/author\/admin\/\"}]}<\/script>\n<!-- \/ Yoast SEO plugin. -->","yoast_head_json":{"title":"Nimanbegu na \u010delu Nacionalnog savjeta Albanaca - Lajme nga Ulqini","description":"ULCINJ \u2013 Za \u010delnika Nacionalnog savjeta Albanaca izabran je Genci Nimanbegu, potpredsjednik Nove demokratske snage \u2013 FORCA i poslanik te stranke u","robots":{"index":"index","follow":"follow","max-snippet":"max-snippet:-1","max-image-preview":"max-image-preview:large","max-video-preview":"max-video-preview:-1"},"canonical":"https:\/\/www.visit-ulcinj.com\/blog\/2013\/10\/20\/nimanbegu-na-celu-nacionalnog-savjeta-albanaca\/","og_locale":"en_US","og_type":"article","og_title":"Nimanbegu na \u010delu Nacionalnog savjeta Albanaca - Lajme nga Ulqini","og_description":"ULCINJ \u2013 Za \u010delnika Nacionalnog savjeta Albanaca izabran je Genci Nimanbegu, potpredsjednik Nove demokratske snage \u2013 FORCA i poslanik te stranke u","og_url":"https:\/\/www.visit-ulcinj.com\/blog\/2013\/10\/20\/nimanbegu-na-celu-nacionalnog-savjeta-albanaca\/","og_site_name":"Lajme nga Ulqini","article_published_time":"2013-10-20T21:13:45+00:00","twitter_misc":{"Written by":"ulqini","Est. reading time":"1 minute"},"schema":{"@context":"https:\/\/schema.org","@graph":[{"@type":"WebSite","@id":"https:\/\/www.visit-ulcinj.com\/blog\/#website","url":"https:\/\/www.visit-ulcinj.com\/blog\/","name":"Lajme nga Ulqini","description":"Lajme,Vijesti,Ulqini,Ulqin,Crna Gora,Mali i Zi","potentialAction":[{"@type":"SearchAction","target":{"@type":"EntryPoint","urlTemplate":"https:\/\/www.visit-ulcinj.com\/blog\/?s={search_term_string}"},"query-input":"required name=search_term_string"}],"inLanguage":"en-US"},{"@type":"WebPage","@id":"https:\/\/www.visit-ulcinj.com\/blog\/2013\/10\/20\/nimanbegu-na-celu-nacionalnog-savjeta-albanaca\/#webpage","url":"https:\/\/www.visit-ulcinj.com\/blog\/2013\/10\/20\/nimanbegu-na-celu-nacionalnog-savjeta-albanaca\/","name":"Nimanbegu na \u010delu Nacionalnog savjeta Albanaca - Lajme nga Ulqini","isPartOf":{"@id":"https:\/\/www.visit-ulcinj.com\/blog\/#website"},"datePublished":"2013-10-20T21:13:45+00:00","dateModified":"2013-10-20T21:13:45+00:00","author":{"@id":"https:\/\/www.visit-ulcinj.com\/blog\/#\/schema\/person\/dcab619c614d3038751c63bc2aadc06d"},"description":"ULCINJ \u2013 Za \u010delnika Nacionalnog savjeta Albanaca izabran je Genci Nimanbegu, potpredsjednik Nove demokratske snage \u2013 FORCA i poslanik te stranke u","breadcrumb":{"@id":"https:\/\/www.visit-ulcinj.com\/blog\/2013\/10\/20\/nimanbegu-na-celu-nacionalnog-savjeta-albanaca\/#breadcrumb"},"inLanguage":"en-US","potentialAction":[{"@type":"ReadAction","target":["https:\/\/www.visit-ulcinj.com\/blog\/2013\/10\/20\/nimanbegu-na-celu-nacionalnog-savjeta-albanaca\/"]}]},{"@type":"BreadcrumbList","@id":"https:\/\/www.visit-ulcinj.com\/blog\/2013\/10\/20\/nimanbegu-na-celu-nacionalnog-savjeta-albanaca\/#breadcrumb","itemListElement":[{"@type":"ListItem","position":1,"name":"Nimanbegu na \u010delu Nacionalnog savjeta Albanaca"}]},{"@type":"Person","@id":"https:\/\/www.visit-ulcinj.com\/blog\/#\/schema\/person\/dcab619c614d3038751c63bc2aadc06d","name":"ulqini","sameAs":["http:\/\/www.visit-ulcinj.com"],"url":"https:\/\/www.visit-ulcinj.com\/blog\/author\/admin\/"}]}},"jetpack_featured_media_url":"","jetpack_sharing_enabled":true,"jetpack_shortlink":"https:\/\/wp.me\/pe6lTn-jCZ","_links":{"self":[{"href":"https:\/\/www.visit-ulcinj.com\/blog\/wp-json\/wp\/v2\/posts\/75453"}],"collection":[{"href":"https:\/\/www.visit-ulcinj.com\/blog\/wp-json\/wp\/v2\/posts"}],"about":[{"href":"https:\/\/www.visit-ulcinj.com\/blog\/wp-json\/wp\/v2\/types\/post"}],"author":[{"embeddable":true,"href":"https:\/\/www.visit-ulcinj.com\/blog\/wp-json\/wp\/v2\/users\/1"}],"replies":[{"embeddable":true,"href":"https:\/\/www.visit-ulcinj.com\/blog\/wp-json\/wp\/v2\/comments?post=75453"}],"version-history":[{"count":1,"href":"https:\/\/www.visit-ulcinj.com\/blog\/wp-json\/wp\/v2\/posts\/75453\/revisions"}],"predecessor-version":[{"id":75454,"href":"https:\/\/www.visit-ulcinj.com\/blog\/wp-json\/wp\/v2\/posts\/75453\/revisions\/75454"}],"wp:attachment":[{"href":"https:\/\/www.visit-ulcinj.com\/blog\/wp-json\/wp\/v2\/media?parent=75453"}],"wp:term":[{"taxonomy":"category","embeddable":true,"href":"https:\/\/www.visit-ulcinj.com\/blog\/wp-json\/wp\/v2\/categories?post=75453"},{"taxonomy":"post_tag","embeddable":true,"href":"https:\/\/www.visit-ulcinj.com\/blog\/wp-json\/wp\/v2\/tags?post=75453"}],"curies":[{"name":"wp","href":"https:\/\/api.w.org\/{rel}","templated":true}]}}