{"id":75456,"date":"2013-10-21T14:25:24","date_gmt":"2013-10-21T13:25:24","guid":{"rendered":"http:\/\/www.visit-ulcinj.com\/blog\/?p=75456"},"modified":"2013-10-22T04:41:24","modified_gmt":"2013-10-22T03:41:24","slug":"sulmohet-portali-malesia-org","status":"publish","type":"post","link":"https:\/\/www.visit-ulcinj.com\/blog\/2013\/10\/21\/sulmohet-portali-malesia-org\/","title":{"rendered":"Sulmohet portali Mal\u00ebsia.org"},"content":{"rendered":"<p><a href=\"http:\/\/www.visit-ulcinj.com\/blog\/wp-content\/uploads\/2013\/10\/portali-malesia-org-headline.jpg\"><img loading=\"lazy\" class=\"alignleft  wp-image-75457\" alt=\"portali-malesia-org-headline\" src=\"http:\/\/www.visit-ulcinj.com\/blog\/wp-content\/uploads\/2013\/10\/portali-malesia-org-headline.jpg\" width=\"300\" height=\"300\" \/><\/a>Portali Mal\u00ebsia, q\u00eb lidhte shqiptar\u00ebt n\u00eb Mal t\u00eb Zi, t\u00eb shp\u00ebrndar\u00eb n\u00ebp\u00ebr kontinente, me njoftime p\u00ebr zhvillimet n\u00eb atdhe e ku ata jetojn\u00eb, sot ishte i paqassh\u00ebm.<\/p>\n<p>Teksti i porosis\u00eb s\u00eb Grupit t\u00eb haker\u00ebve, ^^^Kre\u015bki cracker^^^, q\u00eb ka mbuluar pamjen e ballin\u00ebs s\u00eb k\u00ebsaj faqeje tregon se autor\u00ebt i p\u00ebrkasin vij\u00ebs ekstremisht shoviniste malazeze, meq\u00eb reflekton diskonim t\u00eb njohur ndaj shqiptar\u00ebve, t\u00eb cil\u00ebt nuk parap\u00eblqejn\u00eb t\u00eb quhen \u2013 t\u00eb Malit t\u00eb Zi, por n\u00ebn Mal t\u00eb Zi. I p\u00ebrkthyer teksti thot\u00eb: \u201cP\u00ebrsh\u00ebndetje Sh(q)pitar\u00eb\u201d, \u201cMjaft m\u00eb mal\u00ebsor\u00eb q\u00eb t\u00eb mos detyrohemi t\u2019ju&#8230; e dini \u00e7ka ??? Uleni kok\u00ebn ju thot\u00eb e mira. Hajt k\u00ebputeni qaf\u00ebn kafsh\u00eb (p\u00ebrkthimi i fjal\u00ebp\u00ebrfjalsh\u00ebm i fjalis\u00eb s\u00eb fundit do t\u00eb ishte \u2018 Hajdeeee marshshshshsh kafsh\u00eb\u201d), njofton koha.<br \/>\n<a href=\"http:\/\/www.visit-ulcinj.com\/blog\/wp-content\/uploads\/2013\/10\/sulmohet-portali-malsia.org_.jpg\"><img loading=\"lazy\" class=\"alignleft  wp-image-75488\" alt=\"sulmohet-portali-malsia.org\" src=\"http:\/\/www.visit-ulcinj.com\/blog\/wp-content\/uploads\/2013\/10\/sulmohet-portali-malsia.org_.jpg\" width=\"508\" height=\"360\" \/><\/a><\/p>\n<p>&#8220;<strong>###Pozdrav \u0160iptari###<\/strong><\/p>\n<h2>Dosta vi\u0161e maljisori da ne bi morali da vas &#8230; znate \u0161to ???? Glavu dolje za va\u0161e dobro. Ajdeeeee mar\u015b\u015b\u015b\u015b\u015b stoko<\/h2>\n<p>&nbsp;<\/p>\n","protected":false},"excerpt":{"rendered":"<p>Portali Mal\u00ebsia, q\u00eb lidhte shqiptar\u00ebt n\u00eb Mal t\u00eb Zi, t\u00eb shp\u00ebrndar\u00eb n\u00ebp\u00ebr kontinente, me njoftime p\u00ebr zhvillimet n\u00eb atdhe e ku ata jetojn\u00eb, sot ishte i paqassh\u00ebm. Teksti i porosis\u00eb s\u00eb Grupit t\u00eb haker\u00ebve, ^^^Kre\u015bki cracker^^^, q\u00eb ka mbuluar pamjen e ballin\u00ebs s\u00eb k\u00ebsaj faqeje tregon se autor\u00ebt i p\u00ebrkasin vij\u00ebs ekstremisht shoviniste malazeze, meq\u00eb [&hellip;]<\/p>\n","protected":false},"author":1,"featured_media":0,"comment_status":"closed","ping_status":"closed","sticky":false,"template":"","format":"standard","meta":{"spay_email":"","jetpack_publicize_message":"","jetpack_is_tweetstorm":false,"jetpack_publicize_feature_enabled":true},"categories":[1,6950],"tags":[],"jetpack_publicize_connections":[],"yoast_head":"<!-- This site is optimized with the Yoast SEO plugin v19.1 - https:\/\/yoast.com\/wordpress\/plugins\/seo\/ -->\n<title>Sulmohet portali Mal\u00ebsia.org - Lajme nga Ulqini<\/title>\n<meta name=\"description\" content=\"Portali Mal\u00ebsia, q\u00eb lidhte shqiptar\u00ebt n\u00eb Mal t\u00eb Zi, t\u00eb shp\u00ebrndar\u00eb n\u00ebp\u00ebr kontinente, me njoftime p\u00ebr zhvillimet n\u00eb atdhe e ku ata jetojn\u00eb, sot ishte i\" \/>\n<meta name=\"robots\" content=\"index, follow, max-snippet:-1, max-image-preview:large, max-video-preview:-1\" \/>\n<link rel=\"canonical\" href=\"https:\/\/www.visit-ulcinj.com\/blog\/2013\/10\/21\/sulmohet-portali-malesia-org\/\" \/>\n<meta property=\"og:locale\" content=\"en_US\" \/>\n<meta property=\"og:type\" content=\"article\" \/>\n<meta property=\"og:title\" content=\"Sulmohet portali Mal\u00ebsia.org - Lajme nga Ulqini\" \/>\n<meta property=\"og:description\" content=\"Portali Mal\u00ebsia, q\u00eb lidhte shqiptar\u00ebt n\u00eb Mal t\u00eb Zi, t\u00eb shp\u00ebrndar\u00eb n\u00ebp\u00ebr kontinente, me njoftime p\u00ebr zhvillimet n\u00eb atdhe e ku ata jetojn\u00eb, sot ishte i\" \/>\n<meta property=\"og:url\" content=\"https:\/\/www.visit-ulcinj.com\/blog\/2013\/10\/21\/sulmohet-portali-malesia-org\/\" \/>\n<meta property=\"og:site_name\" content=\"Lajme nga Ulqini\" \/>\n<meta property=\"article:published_time\" content=\"2013-10-21T13:25:24+00:00\" \/>\n<meta property=\"article:modified_time\" content=\"2013-10-22T03:41:24+00:00\" \/>\n<meta property=\"og:image\" content=\"http:\/\/www.visit-ulcinj.com\/blog\/wp-content\/uploads\/2013\/10\/portali-malesia-org-headline.jpg\" \/>\n<meta name=\"twitter:label1\" content=\"Written by\" \/>\n\t<meta name=\"twitter:data1\" content=\"ulqini\" \/>\n\t<meta name=\"twitter:label2\" content=\"Est. reading time\" \/>\n\t<meta name=\"twitter:data2\" content=\"1 minute\" \/>\n<script type=\"application\/ld+json\" class=\"yoast-schema-graph\">{\"@context\":\"https:\/\/schema.org\",\"@graph\":[{\"@type\":\"WebSite\",\"@id\":\"https:\/\/www.visit-ulcinj.com\/blog\/#website\",\"url\":\"https:\/\/www.visit-ulcinj.com\/blog\/\",\"name\":\"Lajme nga Ulqini\",\"description\":\"Lajme,Vijesti,Ulqini,Ulqin,Crna Gora,Mali i Zi\",\"potentialAction\":[{\"@type\":\"SearchAction\",\"target\":{\"@type\":\"EntryPoint\",\"urlTemplate\":\"https:\/\/www.visit-ulcinj.com\/blog\/?s={search_term_string}\"},\"query-input\":\"required name=search_term_string\"}],\"inLanguage\":\"en-US\"},{\"@type\":\"ImageObject\",\"inLanguage\":\"en-US\",\"@id\":\"https:\/\/www.visit-ulcinj.com\/blog\/2013\/10\/21\/sulmohet-portali-malesia-org\/#primaryimage\",\"url\":\"https:\/\/www.visit-ulcinj.com\/blog\/wp-content\/uploads\/2013\/10\/portali-malesia-org-headline.jpg\",\"contentUrl\":\"https:\/\/www.visit-ulcinj.com\/blog\/wp-content\/uploads\/2013\/10\/portali-malesia-org-headline.jpg\",\"width\":803,\"height\":724},{\"@type\":\"WebPage\",\"@id\":\"https:\/\/www.visit-ulcinj.com\/blog\/2013\/10\/21\/sulmohet-portali-malesia-org\/#webpage\",\"url\":\"https:\/\/www.visit-ulcinj.com\/blog\/2013\/10\/21\/sulmohet-portali-malesia-org\/\",\"name\":\"Sulmohet portali Mal\u00ebsia.org - Lajme nga Ulqini\",\"isPartOf\":{\"@id\":\"https:\/\/www.visit-ulcinj.com\/blog\/#website\"},\"primaryImageOfPage\":{\"@id\":\"https:\/\/www.visit-ulcinj.com\/blog\/2013\/10\/21\/sulmohet-portali-malesia-org\/#primaryimage\"},\"datePublished\":\"2013-10-21T13:25:24+00:00\",\"dateModified\":\"2013-10-22T03:41:24+00:00\",\"author\":{\"@id\":\"https:\/\/www.visit-ulcinj.com\/blog\/#\/schema\/person\/dcab619c614d3038751c63bc2aadc06d\"},\"description\":\"Portali Mal\u00ebsia, q\u00eb lidhte shqiptar\u00ebt n\u00eb Mal t\u00eb Zi, t\u00eb shp\u00ebrndar\u00eb n\u00ebp\u00ebr kontinente, me njoftime p\u00ebr zhvillimet n\u00eb atdhe e ku ata jetojn\u00eb, sot ishte i\",\"breadcrumb\":{\"@id\":\"https:\/\/www.visit-ulcinj.com\/blog\/2013\/10\/21\/sulmohet-portali-malesia-org\/#breadcrumb\"},\"inLanguage\":\"en-US\",\"potentialAction\":[{\"@type\":\"ReadAction\",\"target\":[\"https:\/\/www.visit-ulcinj.com\/blog\/2013\/10\/21\/sulmohet-portali-malesia-org\/\"]}]},{\"@type\":\"BreadcrumbList\",\"@id\":\"https:\/\/www.visit-ulcinj.com\/blog\/2013\/10\/21\/sulmohet-portali-malesia-org\/#breadcrumb\",\"itemListElement\":[{\"@type\":\"ListItem\",\"position\":1,\"name\":\"Sulmohet portali Mal\u00ebsia.org\"}]},{\"@type\":\"Person\",\"@id\":\"https:\/\/www.visit-ulcinj.com\/blog\/#\/schema\/person\/dcab619c614d3038751c63bc2aadc06d\",\"name\":\"ulqini\",\"sameAs\":[\"http:\/\/www.visit-ulcinj.com\"],\"url\":\"https:\/\/www.visit-ulcinj.com\/blog\/author\/admin\/\"}]}<\/script>\n<!-- \/ Yoast SEO plugin. -->","yoast_head_json":{"title":"Sulmohet portali Mal\u00ebsia.org - Lajme nga Ulqini","description":"Portali Mal\u00ebsia, q\u00eb lidhte shqiptar\u00ebt n\u00eb Mal t\u00eb Zi, t\u00eb shp\u00ebrndar\u00eb n\u00ebp\u00ebr kontinente, me njoftime p\u00ebr zhvillimet n\u00eb atdhe e ku ata jetojn\u00eb, sot ishte i","robots":{"index":"index","follow":"follow","max-snippet":"max-snippet:-1","max-image-preview":"max-image-preview:large","max-video-preview":"max-video-preview:-1"},"canonical":"https:\/\/www.visit-ulcinj.com\/blog\/2013\/10\/21\/sulmohet-portali-malesia-org\/","og_locale":"en_US","og_type":"article","og_title":"Sulmohet portali Mal\u00ebsia.org - Lajme nga Ulqini","og_description":"Portali Mal\u00ebsia, q\u00eb lidhte shqiptar\u00ebt n\u00eb Mal t\u00eb Zi, t\u00eb shp\u00ebrndar\u00eb n\u00ebp\u00ebr kontinente, me njoftime p\u00ebr zhvillimet n\u00eb atdhe e ku ata jetojn\u00eb, sot ishte i","og_url":"https:\/\/www.visit-ulcinj.com\/blog\/2013\/10\/21\/sulmohet-portali-malesia-org\/","og_site_name":"Lajme nga Ulqini","article_published_time":"2013-10-21T13:25:24+00:00","article_modified_time":"2013-10-22T03:41:24+00:00","og_image":[{"url":"http:\/\/www.visit-ulcinj.com\/blog\/wp-content\/uploads\/2013\/10\/portali-malesia-org-headline.jpg"}],"twitter_misc":{"Written by":"ulqini","Est. reading time":"1 minute"},"schema":{"@context":"https:\/\/schema.org","@graph":[{"@type":"WebSite","@id":"https:\/\/www.visit-ulcinj.com\/blog\/#website","url":"https:\/\/www.visit-ulcinj.com\/blog\/","name":"Lajme nga Ulqini","description":"Lajme,Vijesti,Ulqini,Ulqin,Crna Gora,Mali i Zi","potentialAction":[{"@type":"SearchAction","target":{"@type":"EntryPoint","urlTemplate":"https:\/\/www.visit-ulcinj.com\/blog\/?s={search_term_string}"},"query-input":"required name=search_term_string"}],"inLanguage":"en-US"},{"@type":"ImageObject","inLanguage":"en-US","@id":"https:\/\/www.visit-ulcinj.com\/blog\/2013\/10\/21\/sulmohet-portali-malesia-org\/#primaryimage","url":"https:\/\/www.visit-ulcinj.com\/blog\/wp-content\/uploads\/2013\/10\/portali-malesia-org-headline.jpg","contentUrl":"https:\/\/www.visit-ulcinj.com\/blog\/wp-content\/uploads\/2013\/10\/portali-malesia-org-headline.jpg","width":803,"height":724},{"@type":"WebPage","@id":"https:\/\/www.visit-ulcinj.com\/blog\/2013\/10\/21\/sulmohet-portali-malesia-org\/#webpage","url":"https:\/\/www.visit-ulcinj.com\/blog\/2013\/10\/21\/sulmohet-portali-malesia-org\/","name":"Sulmohet portali Mal\u00ebsia.org - Lajme nga Ulqini","isPartOf":{"@id":"https:\/\/www.visit-ulcinj.com\/blog\/#website"},"primaryImageOfPage":{"@id":"https:\/\/www.visit-ulcinj.com\/blog\/2013\/10\/21\/sulmohet-portali-malesia-org\/#primaryimage"},"datePublished":"2013-10-21T13:25:24+00:00","dateModified":"2013-10-22T03:41:24+00:00","author":{"@id":"https:\/\/www.visit-ulcinj.com\/blog\/#\/schema\/person\/dcab619c614d3038751c63bc2aadc06d"},"description":"Portali Mal\u00ebsia, q\u00eb lidhte shqiptar\u00ebt n\u00eb Mal t\u00eb Zi, t\u00eb shp\u00ebrndar\u00eb n\u00ebp\u00ebr kontinente, me njoftime p\u00ebr zhvillimet n\u00eb atdhe e ku ata jetojn\u00eb, sot ishte i","breadcrumb":{"@id":"https:\/\/www.visit-ulcinj.com\/blog\/2013\/10\/21\/sulmohet-portali-malesia-org\/#breadcrumb"},"inLanguage":"en-US","potentialAction":[{"@type":"ReadAction","target":["https:\/\/www.visit-ulcinj.com\/blog\/2013\/10\/21\/sulmohet-portali-malesia-org\/"]}]},{"@type":"BreadcrumbList","@id":"https:\/\/www.visit-ulcinj.com\/blog\/2013\/10\/21\/sulmohet-portali-malesia-org\/#breadcrumb","itemListElement":[{"@type":"ListItem","position":1,"name":"Sulmohet portali Mal\u00ebsia.org"}]},{"@type":"Person","@id":"https:\/\/www.visit-ulcinj.com\/blog\/#\/schema\/person\/dcab619c614d3038751c63bc2aadc06d","name":"ulqini","sameAs":["http:\/\/www.visit-ulcinj.com"],"url":"https:\/\/www.visit-ulcinj.com\/blog\/author\/admin\/"}]}},"jetpack_featured_media_url":"","jetpack_sharing_enabled":true,"jetpack_shortlink":"https:\/\/wp.me\/pe6lTn-jD2","_links":{"self":[{"href":"https:\/\/www.visit-ulcinj.com\/blog\/wp-json\/wp\/v2\/posts\/75456"}],"collection":[{"href":"https:\/\/www.visit-ulcinj.com\/blog\/wp-json\/wp\/v2\/posts"}],"about":[{"href":"https:\/\/www.visit-ulcinj.com\/blog\/wp-json\/wp\/v2\/types\/post"}],"author":[{"embeddable":true,"href":"https:\/\/www.visit-ulcinj.com\/blog\/wp-json\/wp\/v2\/users\/1"}],"replies":[{"embeddable":true,"href":"https:\/\/www.visit-ulcinj.com\/blog\/wp-json\/wp\/v2\/comments?post=75456"}],"version-history":[{"count":3,"href":"https:\/\/www.visit-ulcinj.com\/blog\/wp-json\/wp\/v2\/posts\/75456\/revisions"}],"predecessor-version":[{"id":75490,"href":"https:\/\/www.visit-ulcinj.com\/blog\/wp-json\/wp\/v2\/posts\/75456\/revisions\/75490"}],"wp:attachment":[{"href":"https:\/\/www.visit-ulcinj.com\/blog\/wp-json\/wp\/v2\/media?parent=75456"}],"wp:term":[{"taxonomy":"category","embeddable":true,"href":"https:\/\/www.visit-ulcinj.com\/blog\/wp-json\/wp\/v2\/categories?post=75456"},{"taxonomy":"post_tag","embeddable":true,"href":"https:\/\/www.visit-ulcinj.com\/blog\/wp-json\/wp\/v2\/tags?post=75456"}],"curies":[{"name":"wp","href":"https:\/\/api.w.org\/{rel}","templated":true}]}}