{"id":7546,"date":"2008-12-21T17:59:07","date_gmt":"2008-12-21T16:59:07","guid":{"rendered":"http:\/\/www.visit-ulcinj.com\/blog\/?p=7546"},"modified":"2008-12-21T17:59:07","modified_gmt":"2008-12-21T16:59:07","slug":"per-vitin-e-ri-sjelle-tri-kenge-te-reja","status":"publish","type":"post","link":"https:\/\/www.visit-ulcinj.com\/blog\/2008\/12\/21\/per-vitin-e-ri-sjelle-tri-kenge-te-reja\/","title":{"rendered":"P\u00ebr Vitin e Ri sjell\u00eb tri k\u00ebng\u00eb t\u00eb reja"},"content":{"rendered":"<p><a title=\"LEONORA JAKUPI\" href=\"http:\/\/www.visit-ulcinj.com\/blog\/wp-content\/uploads\/2008\/12\/leonora-jakupi1.jpg\" target=\"_blank\"><img loading=\"lazy\" class=\"alignleft size-full wp-image-7547\" title=\"leonora-jakupi1\" src=\"http:\/\/www.visit-ulcinj.com\/blog\/wp-content\/uploads\/2008\/12\/leonora-jakupi1.jpg\" alt=\"leonora-jakupi1\" width=\"373\" height=\"235\" \/><\/a>K\u00ebng\u00ebtarja Leonora Jakupi ka treguar se p\u00ebr fest\u00ebn e vitit t\u00eb ri do t\u00eb jet\u00eb pran\u00eb adhuruesve t\u00eb saj me tri k\u00ebng\u00eb t\u00eb reja. Nuk dihet shum\u00eb p\u00ebr k\u00ebto k\u00ebng\u00eb pasi q\u00eb Leonora ve\u00e7 sa ka filluar t\u2019i k\u00ebndoj\u00eb dhe dy prej tyre ende nuk kan\u00eb as titull. P\u00ebr k\u00ebto tri k\u00ebng\u00eb Leonora tha se ka bashk\u00ebpunuar me Florent Bushnjakun dhe Arsim Bunjakun. Ajo tregoi se nj\u00ebra nga tri k\u00ebng\u00ebt ka titullin \u201dKu je ti sonte\u201d, kurse p\u00ebr dy tjerat ende nuk ka vendos si do titullohen.<\/p>\n<!--YouTube Error: bad URL entered-->\n","protected":false},"excerpt":{"rendered":"<p>K\u00ebng\u00ebtarja Leonora Jakupi ka treguar se p\u00ebr fest\u00ebn e vitit t\u00eb ri do t\u00eb jet\u00eb pran\u00eb adhuruesve t\u00eb saj me tri k\u00ebng\u00eb t\u00eb reja. Nuk dihet shum\u00eb p\u00ebr k\u00ebto k\u00ebng\u00eb pasi q\u00eb Leonora ve\u00e7 sa ka filluar t\u2019i k\u00ebndoj\u00eb dhe dy prej tyre ende nuk kan\u00eb as titull. P\u00ebr k\u00ebto tri k\u00ebng\u00eb Leonora tha se [&hellip;]<\/p>\n","protected":false},"author":1,"featured_media":0,"comment_status":"open","ping_status":"closed","sticky":false,"template":"","format":"standard","meta":{"spay_email":"","jetpack_publicize_message":"","jetpack_is_tweetstorm":false,"jetpack_publicize_feature_enabled":true},"categories":[1],"tags":[5051],"jetpack_publicize_connections":[],"yoast_head":"<!-- This site is optimized with the Yoast SEO plugin v19.1 - https:\/\/yoast.com\/wordpress\/plugins\/seo\/ -->\n<title>P\u00ebr Vitin e Ri sjell\u00eb tri k\u00ebng\u00eb t\u00eb reja - Lajme nga Ulqini<\/title>\n<meta name=\"description\" content=\"K\u00ebng\u00ebtarja Leonora Jakupi ka treguar se p\u00ebr fest\u00ebn e vitit t\u00eb ri do t\u00eb jet\u00eb pran\u00eb adhuruesve t\u00eb saj me tri k\u00ebng\u00eb t\u00eb reja. Nuk dihet shum\u00eb p\u00ebr k\u00ebto k\u00ebng\u00eb\" \/>\n<meta name=\"robots\" content=\"index, follow, max-snippet:-1, max-image-preview:large, max-video-preview:-1\" \/>\n<link rel=\"canonical\" href=\"https:\/\/www.visit-ulcinj.com\/blog\/2008\/12\/21\/per-vitin-e-ri-sjelle-tri-kenge-te-reja\/\" \/>\n<meta property=\"og:locale\" content=\"en_US\" \/>\n<meta property=\"og:type\" content=\"article\" \/>\n<meta property=\"og:title\" content=\"P\u00ebr Vitin e Ri sjell\u00eb tri k\u00ebng\u00eb t\u00eb reja - Lajme nga Ulqini\" \/>\n<meta property=\"og:description\" content=\"K\u00ebng\u00ebtarja Leonora Jakupi ka treguar se p\u00ebr fest\u00ebn e vitit t\u00eb ri do t\u00eb jet\u00eb pran\u00eb adhuruesve t\u00eb saj me tri k\u00ebng\u00eb t\u00eb reja. Nuk dihet shum\u00eb p\u00ebr k\u00ebto k\u00ebng\u00eb\" \/>\n<meta property=\"og:url\" content=\"https:\/\/www.visit-ulcinj.com\/blog\/2008\/12\/21\/per-vitin-e-ri-sjelle-tri-kenge-te-reja\/\" \/>\n<meta property=\"og:site_name\" content=\"Lajme nga Ulqini\" \/>\n<meta property=\"article:published_time\" content=\"2008-12-21T16:59:07+00:00\" \/>\n<meta property=\"og:image\" content=\"http:\/\/www.visit-ulcinj.com\/blog\/wp-content\/uploads\/2008\/12\/leonora-jakupi1.jpg\" \/>\n<meta name=\"twitter:label1\" content=\"Written by\" \/>\n\t<meta name=\"twitter:data1\" content=\"ulqini\" \/>\n\t<meta name=\"twitter:label2\" content=\"Est. reading time\" \/>\n\t<meta name=\"twitter:data2\" content=\"1 minute\" \/>\n<script type=\"application\/ld+json\" class=\"yoast-schema-graph\">{\"@context\":\"https:\/\/schema.org\",\"@graph\":[{\"@type\":\"WebSite\",\"@id\":\"https:\/\/www.visit-ulcinj.com\/blog\/#website\",\"url\":\"https:\/\/www.visit-ulcinj.com\/blog\/\",\"name\":\"Lajme nga Ulqini\",\"description\":\"Lajme,Vijesti,Ulqini,Ulqin,Crna Gora,Mali i Zi\",\"potentialAction\":[{\"@type\":\"SearchAction\",\"target\":{\"@type\":\"EntryPoint\",\"urlTemplate\":\"https:\/\/www.visit-ulcinj.com\/blog\/?s={search_term_string}\"},\"query-input\":\"required name=search_term_string\"}],\"inLanguage\":\"en-US\"},{\"@type\":\"ImageObject\",\"inLanguage\":\"en-US\",\"@id\":\"https:\/\/www.visit-ulcinj.com\/blog\/2008\/12\/21\/per-vitin-e-ri-sjelle-tri-kenge-te-reja\/#primaryimage\",\"url\":\"http:\/\/www.visit-ulcinj.com\/blog\/wp-content\/uploads\/2008\/12\/leonora-jakupi1.jpg\",\"contentUrl\":\"http:\/\/www.visit-ulcinj.com\/blog\/wp-content\/uploads\/2008\/12\/leonora-jakupi1.jpg\"},{\"@type\":\"WebPage\",\"@id\":\"https:\/\/www.visit-ulcinj.com\/blog\/2008\/12\/21\/per-vitin-e-ri-sjelle-tri-kenge-te-reja\/#webpage\",\"url\":\"https:\/\/www.visit-ulcinj.com\/blog\/2008\/12\/21\/per-vitin-e-ri-sjelle-tri-kenge-te-reja\/\",\"name\":\"P\u00ebr Vitin e Ri sjell\u00eb tri k\u00ebng\u00eb t\u00eb reja - Lajme nga Ulqini\",\"isPartOf\":{\"@id\":\"https:\/\/www.visit-ulcinj.com\/blog\/#website\"},\"primaryImageOfPage\":{\"@id\":\"https:\/\/www.visit-ulcinj.com\/blog\/2008\/12\/21\/per-vitin-e-ri-sjelle-tri-kenge-te-reja\/#primaryimage\"},\"datePublished\":\"2008-12-21T16:59:07+00:00\",\"dateModified\":\"2008-12-21T16:59:07+00:00\",\"author\":{\"@id\":\"https:\/\/www.visit-ulcinj.com\/blog\/#\/schema\/person\/dcab619c614d3038751c63bc2aadc06d\"},\"description\":\"K\u00ebng\u00ebtarja Leonora Jakupi ka treguar se p\u00ebr fest\u00ebn e vitit t\u00eb ri do t\u00eb jet\u00eb pran\u00eb adhuruesve t\u00eb saj me tri k\u00ebng\u00eb t\u00eb reja. Nuk dihet shum\u00eb p\u00ebr k\u00ebto k\u00ebng\u00eb\",\"breadcrumb\":{\"@id\":\"https:\/\/www.visit-ulcinj.com\/blog\/2008\/12\/21\/per-vitin-e-ri-sjelle-tri-kenge-te-reja\/#breadcrumb\"},\"inLanguage\":\"en-US\",\"potentialAction\":[{\"@type\":\"ReadAction\",\"target\":[\"https:\/\/www.visit-ulcinj.com\/blog\/2008\/12\/21\/per-vitin-e-ri-sjelle-tri-kenge-te-reja\/\"]}]},{\"@type\":\"BreadcrumbList\",\"@id\":\"https:\/\/www.visit-ulcinj.com\/blog\/2008\/12\/21\/per-vitin-e-ri-sjelle-tri-kenge-te-reja\/#breadcrumb\",\"itemListElement\":[{\"@type\":\"ListItem\",\"position\":1,\"name\":\"P\u00ebr Vitin e Ri sjell\u00eb tri k\u00ebng\u00eb t\u00eb reja\"}]},{\"@type\":\"Person\",\"@id\":\"https:\/\/www.visit-ulcinj.com\/blog\/#\/schema\/person\/dcab619c614d3038751c63bc2aadc06d\",\"name\":\"ulqini\",\"sameAs\":[\"http:\/\/www.visit-ulcinj.com\"],\"url\":\"https:\/\/www.visit-ulcinj.com\/blog\/author\/admin\/\"}]}<\/script>\n<!-- \/ Yoast SEO plugin. -->","yoast_head_json":{"title":"P\u00ebr Vitin e Ri sjell\u00eb tri k\u00ebng\u00eb t\u00eb reja - Lajme nga Ulqini","description":"K\u00ebng\u00ebtarja Leonora Jakupi ka treguar se p\u00ebr fest\u00ebn e vitit t\u00eb ri do t\u00eb jet\u00eb pran\u00eb adhuruesve t\u00eb saj me tri k\u00ebng\u00eb t\u00eb reja. Nuk dihet shum\u00eb p\u00ebr k\u00ebto k\u00ebng\u00eb","robots":{"index":"index","follow":"follow","max-snippet":"max-snippet:-1","max-image-preview":"max-image-preview:large","max-video-preview":"max-video-preview:-1"},"canonical":"https:\/\/www.visit-ulcinj.com\/blog\/2008\/12\/21\/per-vitin-e-ri-sjelle-tri-kenge-te-reja\/","og_locale":"en_US","og_type":"article","og_title":"P\u00ebr Vitin e Ri sjell\u00eb tri k\u00ebng\u00eb t\u00eb reja - Lajme nga Ulqini","og_description":"K\u00ebng\u00ebtarja Leonora Jakupi ka treguar se p\u00ebr fest\u00ebn e vitit t\u00eb ri do t\u00eb jet\u00eb pran\u00eb adhuruesve t\u00eb saj me tri k\u00ebng\u00eb t\u00eb reja. Nuk dihet shum\u00eb p\u00ebr k\u00ebto k\u00ebng\u00eb","og_url":"https:\/\/www.visit-ulcinj.com\/blog\/2008\/12\/21\/per-vitin-e-ri-sjelle-tri-kenge-te-reja\/","og_site_name":"Lajme nga Ulqini","article_published_time":"2008-12-21T16:59:07+00:00","og_image":[{"url":"http:\/\/www.visit-ulcinj.com\/blog\/wp-content\/uploads\/2008\/12\/leonora-jakupi1.jpg"}],"twitter_misc":{"Written by":"ulqini","Est. reading time":"1 minute"},"schema":{"@context":"https:\/\/schema.org","@graph":[{"@type":"WebSite","@id":"https:\/\/www.visit-ulcinj.com\/blog\/#website","url":"https:\/\/www.visit-ulcinj.com\/blog\/","name":"Lajme nga Ulqini","description":"Lajme,Vijesti,Ulqini,Ulqin,Crna Gora,Mali i Zi","potentialAction":[{"@type":"SearchAction","target":{"@type":"EntryPoint","urlTemplate":"https:\/\/www.visit-ulcinj.com\/blog\/?s={search_term_string}"},"query-input":"required name=search_term_string"}],"inLanguage":"en-US"},{"@type":"ImageObject","inLanguage":"en-US","@id":"https:\/\/www.visit-ulcinj.com\/blog\/2008\/12\/21\/per-vitin-e-ri-sjelle-tri-kenge-te-reja\/#primaryimage","url":"http:\/\/www.visit-ulcinj.com\/blog\/wp-content\/uploads\/2008\/12\/leonora-jakupi1.jpg","contentUrl":"http:\/\/www.visit-ulcinj.com\/blog\/wp-content\/uploads\/2008\/12\/leonora-jakupi1.jpg"},{"@type":"WebPage","@id":"https:\/\/www.visit-ulcinj.com\/blog\/2008\/12\/21\/per-vitin-e-ri-sjelle-tri-kenge-te-reja\/#webpage","url":"https:\/\/www.visit-ulcinj.com\/blog\/2008\/12\/21\/per-vitin-e-ri-sjelle-tri-kenge-te-reja\/","name":"P\u00ebr Vitin e Ri sjell\u00eb tri k\u00ebng\u00eb t\u00eb reja - Lajme nga Ulqini","isPartOf":{"@id":"https:\/\/www.visit-ulcinj.com\/blog\/#website"},"primaryImageOfPage":{"@id":"https:\/\/www.visit-ulcinj.com\/blog\/2008\/12\/21\/per-vitin-e-ri-sjelle-tri-kenge-te-reja\/#primaryimage"},"datePublished":"2008-12-21T16:59:07+00:00","dateModified":"2008-12-21T16:59:07+00:00","author":{"@id":"https:\/\/www.visit-ulcinj.com\/blog\/#\/schema\/person\/dcab619c614d3038751c63bc2aadc06d"},"description":"K\u00ebng\u00ebtarja Leonora Jakupi ka treguar se p\u00ebr fest\u00ebn e vitit t\u00eb ri do t\u00eb jet\u00eb pran\u00eb adhuruesve t\u00eb saj me tri k\u00ebng\u00eb t\u00eb reja. Nuk dihet shum\u00eb p\u00ebr k\u00ebto k\u00ebng\u00eb","breadcrumb":{"@id":"https:\/\/www.visit-ulcinj.com\/blog\/2008\/12\/21\/per-vitin-e-ri-sjelle-tri-kenge-te-reja\/#breadcrumb"},"inLanguage":"en-US","potentialAction":[{"@type":"ReadAction","target":["https:\/\/www.visit-ulcinj.com\/blog\/2008\/12\/21\/per-vitin-e-ri-sjelle-tri-kenge-te-reja\/"]}]},{"@type":"BreadcrumbList","@id":"https:\/\/www.visit-ulcinj.com\/blog\/2008\/12\/21\/per-vitin-e-ri-sjelle-tri-kenge-te-reja\/#breadcrumb","itemListElement":[{"@type":"ListItem","position":1,"name":"P\u00ebr Vitin e Ri sjell\u00eb tri k\u00ebng\u00eb t\u00eb reja"}]},{"@type":"Person","@id":"https:\/\/www.visit-ulcinj.com\/blog\/#\/schema\/person\/dcab619c614d3038751c63bc2aadc06d","name":"ulqini","sameAs":["http:\/\/www.visit-ulcinj.com"],"url":"https:\/\/www.visit-ulcinj.com\/blog\/author\/admin\/"}]}},"jetpack_featured_media_url":"","jetpack_sharing_enabled":true,"jetpack_shortlink":"https:\/\/wp.me\/pe6lTn-1XI","_links":{"self":[{"href":"https:\/\/www.visit-ulcinj.com\/blog\/wp-json\/wp\/v2\/posts\/7546"}],"collection":[{"href":"https:\/\/www.visit-ulcinj.com\/blog\/wp-json\/wp\/v2\/posts"}],"about":[{"href":"https:\/\/www.visit-ulcinj.com\/blog\/wp-json\/wp\/v2\/types\/post"}],"author":[{"embeddable":true,"href":"https:\/\/www.visit-ulcinj.com\/blog\/wp-json\/wp\/v2\/users\/1"}],"replies":[{"embeddable":true,"href":"https:\/\/www.visit-ulcinj.com\/blog\/wp-json\/wp\/v2\/comments?post=7546"}],"version-history":[{"count":0,"href":"https:\/\/www.visit-ulcinj.com\/blog\/wp-json\/wp\/v2\/posts\/7546\/revisions"}],"wp:attachment":[{"href":"https:\/\/www.visit-ulcinj.com\/blog\/wp-json\/wp\/v2\/media?parent=7546"}],"wp:term":[{"taxonomy":"category","embeddable":true,"href":"https:\/\/www.visit-ulcinj.com\/blog\/wp-json\/wp\/v2\/categories?post=7546"},{"taxonomy":"post_tag","embeddable":true,"href":"https:\/\/www.visit-ulcinj.com\/blog\/wp-json\/wp\/v2\/tags?post=7546"}],"curies":[{"name":"wp","href":"https:\/\/api.w.org\/{rel}","templated":true}]}}