{"id":75469,"date":"2013-10-22T02:44:16","date_gmt":"2013-10-22T01:44:16","guid":{"rendered":"http:\/\/www.visit-ulcinj.com\/blog\/?p=75469"},"modified":"2013-10-23T17:24:18","modified_gmt":"2013-10-23T16:24:18","slug":"dita-e-sheges-ne-ane-te-malit-ulqin-24-tetor","status":"publish","type":"post","link":"https:\/\/www.visit-ulcinj.com\/blog\/2013\/10\/22\/dita-e-sheges-ne-ane-te-malit-ulqin-24-tetor\/","title":{"rendered":"Dita e Sheg\u00ebs n\u00eb An\u00eb t\u00eb Malit, Ulqin m\u00eb 24 tetor"},"content":{"rendered":"<p><a href=\"http:\/\/www.visit-ulcinj.com\/blog\/wp-content\/uploads\/2013\/10\/Dita-e-Sheg\u00ebs-n\u00eb-An\u00eb-t\u00eb-Malit-Ulqin-m\u00eb-24-tetor.jpg\"><img loading=\"lazy\" class=\"alignleft  wp-image-75470\" alt=\"Dita e Sheg\u00ebs n\u00eb An\u00eb t\u00eb Malit, Ulqin m\u00eb 24 tetor,100 vjetorin e pavar\u00ebsis\u00eb s\u00eb Shqip\u00ebris, Albanik, ana malit, Arte, Aru\u00e7ij, Ballsh, Bardhij, berane, Berat, bereqeti, Berjashij, Besiane, Bilisht, BIZNIS KLUB ANAMALIT, bka, Blaca, blektoria, Bojk\u00eb, Bolejt, Brajshe, bratic\u00eb, Brisku nelt, Brisku pasht, Brod, Bujanoc, bujqesia, Bulqize, Bulqizz, Burim, Burrel, cameria, \u00c7obaj, Corovode, Cukaj, Curajt nelt, Curij pasht, Dardan\u00eb, Darz\u00eb, De\u00e7an, Delvine, Demir Hisar, Demirijt, Devoll, Diber, Dita e Sheges n\u00eb An\u00eb t\u00eb Malit, Dita e Sheges n\u00eb Katerkolle, dita flamurit, Dodaj, Dragaj, Dragoviq, Drenas, Dritan Abazoviq, Durakij, durres, Durress, e dyte, EKSPOZITE, elbasan, Erseke, faza, femra shqiptare, Ferizaj, Fier, fillon, Florine, Follorine, Fraskanjell, Fushe Bardhe, g\u00ebzim hajdinaga, Gjakov\u00eb, Gjecbritij, Gjenashej, Gjenciq, Gjilan, Gjirokaster, Gjyrjani, gostivar, Gramsh, Grebene, Grurishte, Hajdarijt, Hani i Vladit, Hardajt, Has, homazhe, Hutij, Igumenice, Informativnog centra Kosova, Intervist\u00eb, Janine, Kabil Kurti, Kacaj, Ka\u00e7anik, Kaleci, Kalimani, Kanaqi, Katerkolla, katerkoll\u00eb, Kavaje, kercove, kerkoje pune, K\u00ebshilli Nacional i Shqiptar\u00ebve n\u00eb Malin e Zi, Klezna, Klin\u00eb, Kod\u00ebr, Kolonje, Kolonza, Komisionin bamir\u00ebs Bereqeti, Kongresi i VI Mbarekombetare i Gruas Shqiptare n\u00eb Ulqin, Koplik, Korce, Koreodrama Kalaendari Ulqin 2012, Korfuz, Kosiq, KosovaLive, kosovare, Kostur, Kova\u00e7ej, Kraj\u00eb, Kravari, kreshnik spahiu, Kruje, Krume, Krusheve, Kryetari i Komun\u00ebs ulqinit, Kryth\u00eb, Kucove, Kuk\u00ebs, Kumanove, Kurbin, Kurshumli, Lac, LAMIGA, Leban, Lekperij, Leskoc, Leskovac, Lezhe, Liarja, Librazhd, Lihari, Likaj, liqeni i shasit, Lisna Bore, Lubanijt, Luftar, Luljeta Avdiu Cura, Lumi Buna, Lumin Buna, Lushnje, Lypian, Madgueshi, Mal\u00ebsi, Malesi e Madhe, Mali i Zi, Malishev\u00eb, Mallakaster, Manastir, Manastiri, manifestimi ne Ane te malit, Markashij, Mat, Maxhurej, Medvegje, Megjure\u00e7, Mehmet Bardhi, Merane, MILAIM MUSTAFA, Millajt, Mill\u00eb, Mirdite, Mirmgjesiiiii Tiranaa, Mitrovic\u00eb, Mitrovic\u00ebn, Montenegro, Mozhur\u00eb, muriqn, M\u00c4RSHA W\u00daGH\u00cdL, nail draga, Nazif Cungu, ndihma, ndihme humanitare, NE KRYTHE, ofroj pune, Oher, Opoje, ostros, Panairi Komb\u00ebtar i Artizanatit, panairi ne ane te malit, Panairit t\u00eb artizaneve ne Ane te malit, Parafushe, Peja, Peja Ulqin, Pej\u00eb, Peqin, peraj, P\u00ebrkujtim, Perkuple, Perlep, Perlufte, p\u00ebrmbytjet NE ULQIN, Permet, Peshkopi, Pistull, Plav\u00eb, Pleme, Podgure, Pogradec, Pomo?, Presheva, Preshev\u00eb, Preveze, Priftij, Prishtina, Prishtin\u00eb, Prizren, prodhimet vendore, projet, Puke, qyteti i lasht i shasit, Rahovec, Ramushje, Rastish, Re\u00e7, Resnje, Rozhaj\u00eb, Rreshen, Rrjeti global i gruas shqiptare, rruga, Runji, Sal\u00e7, saranda, Sarande, s\u00eb Ulqinit, Selatin Gjeloshi, Senice, Sharr, Shas, Shasi, Sh\u00ebngjergj, Shijak, Shkoder, shkodra, Shkumbin Kryeziu, Shkup, Shkupi, shqiptar\u00ebt n\u00eb Malin e Zi, Shterepce, Shtime, Shtodh\u00ebr, Shtoji, Sjerci, Sk\u00ebnderaj, Skrapar, SOS, sos ndihma, Struge, Subashij, Sukobin\u00eb, Sukubin\u00eb, sukubon, Sutjell, Syrliq, Tafajt, Tahir Tahiri, Tepelene, TETOVE, Therand\u00eb, tirana, Tiran\u00eb, tivar, Toplice, Treg i Ri, Tropoje, Tutine, ulqin, ulqini, Unaza e Re, ura port milena, Veles, Veliqi, Vend i Ri, viktimat e tivarit, Vio, Viti, vlora, Vlor\u00eb, Vranje, Vu\u00e7kij, Vushtri, Vushtrri, Xhemal Peroviq, Zogaj\" src=\"http:\/\/www.visit-ulcinj.com\/blog\/wp-content\/uploads\/2013\/10\/Dita-e-Sheg\u00ebs-n\u00eb-An\u00eb-t\u00eb-Malit-Ulqin-m\u00eb-24-tetor.jpg\" width=\"508\" height=\"400\" \/><\/a>Filloi me shpresen dhe vullnetin e mire te Biznis Klub Ana e Malit , qe ky manifestim te shendrrohet ne nje festim tradicional dhe fatmiresisht sot eshte ne etapat perfundimtare te organizimit.<br \/>\nKy do jete viti i dyte qe kjo nisme do mirepritet dhe do festohet ne menyren me te mire te mundshme. Programi premton larmishmeri te tradicionales,me risine qe kete vite premton angazhimit e te gjitha grupmoshave, duke filluar nga te vegjelit e bankave shkollore e deri tek mosha e trete. Festa do iu pershtatet te gjitheve dhe do siguroje momente te kendshme ne rrethin e miresive qe na ka falur natyra.<br \/>\nKy manifestim perseri do siguroje promovimin e prodhimeve vend\u00ebse t\u00eb cilat do t\u00eb rrisin mund\u00ebsin\u00eb p\u00ebr nj\u00eb mir\u00ebqenie m\u00eb t\u00eb mir\u00eb.<\/p>\n<p>Edhe pse shoqat\u00eb e re e biznesit, Biznes Klub Ana Malit (BKA) p\u00ebrve\u00e7 q\u00eb ka bashkuar biznesin, vazhdon t\u00eb bashkoj\u00eb edhe adhuruesit e tradit\u00ebs dhe arg\u00ebtimit t\u00eb mir\u00eb. Nisur nga suksesi i madh q\u00eb ka korrur vitin e kaluar, Dita e Sheg\u00ebs organizohet edhe k\u00ebt\u00eb vit nga BKA, e d\u00ebshira \u00ebsht\u00eb q\u00eb kjo dit\u00eb t\u00eb b\u00ebhet pjes\u00eb e p\u00ebrvjetshme e An\u00ebs s\u00eb Malit.<\/p>\n<p>N\u00ebse jeni adhurues t\u00eb tradit\u00ebs shqiptare, artit t\u00eb fotografis\u00eb, muzik\u00ebs dhe ushqimit t\u00eb shijsh\u00ebm t\u00eb k\u00ebtyre trevave, Dita e Sheg\u00ebs nuk duhet l\u00ebshuar.<\/p>\n<p><strong>Manifestimi &#8220;Dita e Sheg\u00ebs&#8221;, me 24 tetor 2013, e enjte, ora 11.00h n\u00eb qend\u00ebr t\u00eb Kat\u00ebrkoll\u00ebs.<\/strong><\/p>\n<p><strong> Mir\u00ebsevini!<\/strong><br \/>\n<iframe loading=\"lazy\" src=\"\/\/www.youtube.com\/embed\/mBM4HNC35co\" height=\"360\" width=\"508\" allowfullscreen=\"\" frameborder=\"0\"><\/iframe><\/p>\n","protected":false},"excerpt":{"rendered":"<p>Filloi me shpresen dhe vullnetin e mire te Biznis Klub Ana e Malit , qe ky manifestim te shendrrohet ne nje festim tradicional dhe fatmiresisht sot eshte ne etapat perfundimtare te organizimit. Ky do jete viti i dyte qe kjo nisme do mirepritet dhe do festohet ne menyren me te mire te mundshme. Programi premton [&hellip;]<\/p>\n","protected":false},"author":1,"featured_media":0,"comment_status":"closed","ping_status":"closed","sticky":false,"template":"","format":"standard","meta":{"spay_email":"","jetpack_publicize_message":"","jetpack_is_tweetstorm":false,"jetpack_publicize_feature_enabled":true},"categories":[1,15],"tags":[],"jetpack_publicize_connections":[],"yoast_head":"<!-- This site is optimized with the Yoast SEO plugin v19.1 - https:\/\/yoast.com\/wordpress\/plugins\/seo\/ -->\n<title>Dita e Sheg\u00ebs n\u00eb An\u00eb t\u00eb Malit, Ulqin m\u00eb 24 tetor - Lajme nga Ulqini<\/title>\n<meta name=\"description\" content=\"Filloi me shpresen dhe vullnetin e mire te Biznis Klub Ana e Malit , qe ky manifestim te shendrrohet ne nje festim tradicional dhe fatmiresisht sot eshte\" \/>\n<meta name=\"robots\" content=\"index, follow, max-snippet:-1, max-image-preview:large, max-video-preview:-1\" \/>\n<link rel=\"canonical\" href=\"https:\/\/www.visit-ulcinj.com\/blog\/2013\/10\/22\/dita-e-sheges-ne-ane-te-malit-ulqin-24-tetor\/\" \/>\n<meta property=\"og:locale\" content=\"en_US\" \/>\n<meta property=\"og:type\" content=\"article\" \/>\n<meta property=\"og:title\" content=\"Dita e Sheg\u00ebs n\u00eb An\u00eb t\u00eb Malit, Ulqin m\u00eb 24 tetor - Lajme nga Ulqini\" \/>\n<meta property=\"og:description\" content=\"Filloi me shpresen dhe vullnetin e mire te Biznis Klub Ana e Malit , qe ky manifestim te shendrrohet ne nje festim tradicional dhe fatmiresisht sot eshte\" \/>\n<meta property=\"og:url\" content=\"https:\/\/www.visit-ulcinj.com\/blog\/2013\/10\/22\/dita-e-sheges-ne-ane-te-malit-ulqin-24-tetor\/\" \/>\n<meta property=\"og:site_name\" content=\"Lajme nga Ulqini\" \/>\n<meta property=\"article:published_time\" content=\"2013-10-22T01:44:16+00:00\" \/>\n<meta property=\"article:modified_time\" content=\"2013-10-23T16:24:18+00:00\" \/>\n<meta name=\"twitter:label1\" content=\"Written by\" \/>\n\t<meta name=\"twitter:data1\" content=\"ulqini\" \/>\n\t<meta name=\"twitter:label2\" content=\"Est. reading time\" \/>\n\t<meta name=\"twitter:data2\" content=\"1 minute\" \/>\n<script type=\"application\/ld+json\" class=\"yoast-schema-graph\">{\"@context\":\"https:\/\/schema.org\",\"@graph\":[{\"@type\":\"WebSite\",\"@id\":\"https:\/\/www.visit-ulcinj.com\/blog\/#website\",\"url\":\"https:\/\/www.visit-ulcinj.com\/blog\/\",\"name\":\"Lajme nga Ulqini\",\"description\":\"Lajme,Vijesti,Ulqini,Ulqin,Crna Gora,Mali i Zi\",\"potentialAction\":[{\"@type\":\"SearchAction\",\"target\":{\"@type\":\"EntryPoint\",\"urlTemplate\":\"https:\/\/www.visit-ulcinj.com\/blog\/?s={search_term_string}\"},\"query-input\":\"required name=search_term_string\"}],\"inLanguage\":\"en-US\"},{\"@type\":\"WebPage\",\"@id\":\"https:\/\/www.visit-ulcinj.com\/blog\/2013\/10\/22\/dita-e-sheges-ne-ane-te-malit-ulqin-24-tetor\/#webpage\",\"url\":\"https:\/\/www.visit-ulcinj.com\/blog\/2013\/10\/22\/dita-e-sheges-ne-ane-te-malit-ulqin-24-tetor\/\",\"name\":\"Dita e Sheg\u00ebs n\u00eb An\u00eb t\u00eb Malit, Ulqin m\u00eb 24 tetor - Lajme nga Ulqini\",\"isPartOf\":{\"@id\":\"https:\/\/www.visit-ulcinj.com\/blog\/#website\"},\"datePublished\":\"2013-10-22T01:44:16+00:00\",\"dateModified\":\"2013-10-23T16:24:18+00:00\",\"author\":{\"@id\":\"https:\/\/www.visit-ulcinj.com\/blog\/#\/schema\/person\/dcab619c614d3038751c63bc2aadc06d\"},\"description\":\"Filloi me shpresen dhe vullnetin e mire te Biznis Klub Ana e Malit , qe ky manifestim te shendrrohet ne nje festim tradicional dhe fatmiresisht sot eshte\",\"breadcrumb\":{\"@id\":\"https:\/\/www.visit-ulcinj.com\/blog\/2013\/10\/22\/dita-e-sheges-ne-ane-te-malit-ulqin-24-tetor\/#breadcrumb\"},\"inLanguage\":\"en-US\",\"potentialAction\":[{\"@type\":\"ReadAction\",\"target\":[\"https:\/\/www.visit-ulcinj.com\/blog\/2013\/10\/22\/dita-e-sheges-ne-ane-te-malit-ulqin-24-tetor\/\"]}]},{\"@type\":\"BreadcrumbList\",\"@id\":\"https:\/\/www.visit-ulcinj.com\/blog\/2013\/10\/22\/dita-e-sheges-ne-ane-te-malit-ulqin-24-tetor\/#breadcrumb\",\"itemListElement\":[{\"@type\":\"ListItem\",\"position\":1,\"name\":\"Dita e Sheg\u00ebs n\u00eb An\u00eb t\u00eb Malit, Ulqin m\u00eb 24 tetor\"}]},{\"@type\":\"Person\",\"@id\":\"https:\/\/www.visit-ulcinj.com\/blog\/#\/schema\/person\/dcab619c614d3038751c63bc2aadc06d\",\"name\":\"ulqini\",\"sameAs\":[\"http:\/\/www.visit-ulcinj.com\"],\"url\":\"https:\/\/www.visit-ulcinj.com\/blog\/author\/admin\/\"}]}<\/script>\n<!-- \/ Yoast SEO plugin. -->","yoast_head_json":{"title":"Dita e Sheg\u00ebs n\u00eb An\u00eb t\u00eb Malit, Ulqin m\u00eb 24 tetor - Lajme nga Ulqini","description":"Filloi me shpresen dhe vullnetin e mire te Biznis Klub Ana e Malit , qe ky manifestim te shendrrohet ne nje festim tradicional dhe fatmiresisht sot eshte","robots":{"index":"index","follow":"follow","max-snippet":"max-snippet:-1","max-image-preview":"max-image-preview:large","max-video-preview":"max-video-preview:-1"},"canonical":"https:\/\/www.visit-ulcinj.com\/blog\/2013\/10\/22\/dita-e-sheges-ne-ane-te-malit-ulqin-24-tetor\/","og_locale":"en_US","og_type":"article","og_title":"Dita e Sheg\u00ebs n\u00eb An\u00eb t\u00eb Malit, Ulqin m\u00eb 24 tetor - Lajme nga Ulqini","og_description":"Filloi me shpresen dhe vullnetin e mire te Biznis Klub Ana e Malit , qe ky manifestim te shendrrohet ne nje festim tradicional dhe fatmiresisht sot eshte","og_url":"https:\/\/www.visit-ulcinj.com\/blog\/2013\/10\/22\/dita-e-sheges-ne-ane-te-malit-ulqin-24-tetor\/","og_site_name":"Lajme nga Ulqini","article_published_time":"2013-10-22T01:44:16+00:00","article_modified_time":"2013-10-23T16:24:18+00:00","twitter_misc":{"Written by":"ulqini","Est. reading time":"1 minute"},"schema":{"@context":"https:\/\/schema.org","@graph":[{"@type":"WebSite","@id":"https:\/\/www.visit-ulcinj.com\/blog\/#website","url":"https:\/\/www.visit-ulcinj.com\/blog\/","name":"Lajme nga Ulqini","description":"Lajme,Vijesti,Ulqini,Ulqin,Crna Gora,Mali i Zi","potentialAction":[{"@type":"SearchAction","target":{"@type":"EntryPoint","urlTemplate":"https:\/\/www.visit-ulcinj.com\/blog\/?s={search_term_string}"},"query-input":"required name=search_term_string"}],"inLanguage":"en-US"},{"@type":"WebPage","@id":"https:\/\/www.visit-ulcinj.com\/blog\/2013\/10\/22\/dita-e-sheges-ne-ane-te-malit-ulqin-24-tetor\/#webpage","url":"https:\/\/www.visit-ulcinj.com\/blog\/2013\/10\/22\/dita-e-sheges-ne-ane-te-malit-ulqin-24-tetor\/","name":"Dita e Sheg\u00ebs n\u00eb An\u00eb t\u00eb Malit, Ulqin m\u00eb 24 tetor - Lajme nga Ulqini","isPartOf":{"@id":"https:\/\/www.visit-ulcinj.com\/blog\/#website"},"datePublished":"2013-10-22T01:44:16+00:00","dateModified":"2013-10-23T16:24:18+00:00","author":{"@id":"https:\/\/www.visit-ulcinj.com\/blog\/#\/schema\/person\/dcab619c614d3038751c63bc2aadc06d"},"description":"Filloi me shpresen dhe vullnetin e mire te Biznis Klub Ana e Malit , qe ky manifestim te shendrrohet ne nje festim tradicional dhe fatmiresisht sot eshte","breadcrumb":{"@id":"https:\/\/www.visit-ulcinj.com\/blog\/2013\/10\/22\/dita-e-sheges-ne-ane-te-malit-ulqin-24-tetor\/#breadcrumb"},"inLanguage":"en-US","potentialAction":[{"@type":"ReadAction","target":["https:\/\/www.visit-ulcinj.com\/blog\/2013\/10\/22\/dita-e-sheges-ne-ane-te-malit-ulqin-24-tetor\/"]}]},{"@type":"BreadcrumbList","@id":"https:\/\/www.visit-ulcinj.com\/blog\/2013\/10\/22\/dita-e-sheges-ne-ane-te-malit-ulqin-24-tetor\/#breadcrumb","itemListElement":[{"@type":"ListItem","position":1,"name":"Dita e Sheg\u00ebs n\u00eb An\u00eb t\u00eb Malit, Ulqin m\u00eb 24 tetor"}]},{"@type":"Person","@id":"https:\/\/www.visit-ulcinj.com\/blog\/#\/schema\/person\/dcab619c614d3038751c63bc2aadc06d","name":"ulqini","sameAs":["http:\/\/www.visit-ulcinj.com"],"url":"https:\/\/www.visit-ulcinj.com\/blog\/author\/admin\/"}]}},"jetpack_featured_media_url":"","jetpack_sharing_enabled":true,"jetpack_shortlink":"https:\/\/wp.me\/pe6lTn-jDf","_links":{"self":[{"href":"https:\/\/www.visit-ulcinj.com\/blog\/wp-json\/wp\/v2\/posts\/75469"}],"collection":[{"href":"https:\/\/www.visit-ulcinj.com\/blog\/wp-json\/wp\/v2\/posts"}],"about":[{"href":"https:\/\/www.visit-ulcinj.com\/blog\/wp-json\/wp\/v2\/types\/post"}],"author":[{"embeddable":true,"href":"https:\/\/www.visit-ulcinj.com\/blog\/wp-json\/wp\/v2\/users\/1"}],"replies":[{"embeddable":true,"href":"https:\/\/www.visit-ulcinj.com\/blog\/wp-json\/wp\/v2\/comments?post=75469"}],"version-history":[{"count":3,"href":"https:\/\/www.visit-ulcinj.com\/blog\/wp-json\/wp\/v2\/posts\/75469\/revisions"}],"predecessor-version":[{"id":75473,"href":"https:\/\/www.visit-ulcinj.com\/blog\/wp-json\/wp\/v2\/posts\/75469\/revisions\/75473"}],"wp:attachment":[{"href":"https:\/\/www.visit-ulcinj.com\/blog\/wp-json\/wp\/v2\/media?parent=75469"}],"wp:term":[{"taxonomy":"category","embeddable":true,"href":"https:\/\/www.visit-ulcinj.com\/blog\/wp-json\/wp\/v2\/categories?post=75469"},{"taxonomy":"post_tag","embeddable":true,"href":"https:\/\/www.visit-ulcinj.com\/blog\/wp-json\/wp\/v2\/tags?post=75469"}],"curies":[{"name":"wp","href":"https:\/\/api.w.org\/{rel}","templated":true}]}}