{"id":75485,"date":"2013-10-22T04:28:28","date_gmt":"2013-10-22T03:28:28","guid":{"rendered":"http:\/\/www.visit-ulcinj.com\/blog\/?p=75485"},"modified":"2013-10-22T04:28:28","modified_gmt":"2013-10-22T03:28:28","slug":"shqiptaret-dhe-romet-te-padeshiruarit-ne-mal-te-zi","status":"publish","type":"post","link":"https:\/\/www.visit-ulcinj.com\/blog\/2013\/10\/22\/shqiptaret-dhe-romet-te-padeshiruarit-ne-mal-te-zi\/","title":{"rendered":"Shqiptar\u00ebt dhe rom\u00ebt, t\u00eb pad\u00ebshiruarit n\u00eb Mal t\u00eb Zi"},"content":{"rendered":"<p><a href=\"http:\/\/www.visit-ulcinj.com\/blog\/wp-content\/uploads\/2013\/10\/kunder-diskriminimit.jpg\"><img loading=\"lazy\" class=\"alignleft  wp-image-75486\" alt=\"kunder-diskriminimit\" src=\"http:\/\/www.visit-ulcinj.com\/blog\/wp-content\/uploads\/2013\/10\/kunder-diskriminimit.jpg\" width=\"508\" height=\"339\" \/><\/a>Sipas anket\u00ebs s\u00eb fundit t\u00eb organizat\u00ebs CEDEM, distanca etnike n\u00eb Mal t\u00eb Zi q\u00eb nga pavar\u00ebsimi i shtetit, \u00ebsht\u00eb ne rritje. Kjo distanc\u00eb m\u00eb s\u00eb shumti v\u00ebrehet kur behet fjal\u00eb p\u00ebr popullsin\u00eb shqiptare dhe at\u00eb rome, t\u00eb cil\u00ebt n\u00eb kontekstin social e politik jan\u00eb m\u00eb t\u00eb pad\u00ebshiruarit n\u00eb k\u00ebt\u00eb shtet.<\/p>\n<p>Ishin pakicat komb\u00ebtare t\u00eb cilat kryesisht mb\u00ebshtet\u00ebn pavar\u00ebsin\u00eb e Malit t\u00eb Zi, votat e t\u00eb cil\u00ebve krijuan diferenc\u00ebn pro-pavar\u00ebsis\u00eb s\u00eb bashku me malazezet, nd\u00ebrsa serbet ishin kund\u00ebr.<br \/>\nKjo situat\u00eb dhe krijoi nj\u00eb aleanc\u00eb joformale komb\u00ebtare n\u00eb mes t\u00eb pakicave, kryesisht shqiptar\u00ebve e boshnjak\u00ebve\/myslimaneve me \u201cshumic\u00ebn\u201d malazeze.<br \/>\nDuke qen\u00eb se opsioni pro-pavar\u00ebsis\u00eb ballafaqohej me ata t\u00eb cil\u00ebt deklaroheshin serb, fushata e referendumit t\u00eb vitit 2006 kishte karakter t\u00eb nj\u00eb konfrontimi politik aq sa edhe komb\u00ebtar\u00eb.<\/p>\n<p>Mali i Zi n\u00eb at\u00eb koh\u00eb (por edhe sot) gjendej n\u00eb nj\u00eb kriz\u00eb t\u00eb identitetit komb\u00ebtar\u00eb, t\u00eb kombit i cili p\u00ebrfaq\u00ebson shumic\u00ebn, ai malazez apo serb. N\u00eb t\u00eb v\u00ebrtet, nuk ka asnj\u00eb dyshim se etnikisht nuk ka asnj\u00eb ndryshim n\u00eb mes t\u00eb atyre t\u00eb deklaruar si malazez dhe atyre serb. Ndoshta i vetmi ndryshim \u00ebsht\u00eb ai politik, gj\u00eb e cila m\u00eb s\u00eb miri u v\u00ebrtetua gjat\u00eb referendumit.<\/p>\n<p>Pakicat komb\u00ebtare p\u00ebrkrah\u00ebn opsionin e pro-pavar\u00ebsis\u00eb duke shikuar interesat e tyre komb\u00ebtare, nisur nga logjika se shteti m\u00eb i vog\u00ebl do t\u00eb u garantoj atyre nj\u00eb pozit\u00eb m\u00eb t\u00eb mir\u00eb n\u00eb arritjen e t\u00eb drejtave t\u00eb tyre. N\u00eb fakt, kjo nuk ndodhi ende as n\u00eb kontekstin social dhe as politik, sidomos jo kur flasim p\u00ebr shqiptar\u00ebt.<\/p>\n<p>N\u00eb anket\u00ebn e fundit t\u00eb organizat\u00ebs CEDEM (viti 2007), niveli i distanc\u00ebs etnike n\u00eb Mal t\u00eb Zi \u00ebsht\u00eb shqet\u00ebsues dhe po t\u00eb krahasohet me anket\u00ebn e vitit 2004, distanca etnike \u00ebsht\u00eb n\u00eb rritje.<\/p>\n<p>N\u00eb pyetjen \u201c<strong>P\u00ebr t\u00eb jetuar n\u00eb shtetin tim<\/strong>\u201d, rezultatet kan\u00eb treguar se distanca m\u00eb e madhe ekziston ndaj shqiptar\u00ebve. Pothuajse \u00e7do i dyti qytetar i Mali t\u00eb Zi nuk do t\u00eb donte q\u00eb shqiptar\u00ebt t\u00eb jetojn\u00eb n\u00eb t\u00eb nj\u00ebjtin shtet me ta.<br \/>\nSipas rezultatit, vet\u00ebm 52% e qytetareve t\u00eb Malit t\u00eb Zi do t\u00eb pranonin shqiptar\u00ebt t\u00eb jetojn\u00eb n\u00eb shtetin e tyre. Pastaj, 62% amerikanin, 63% romin, 72% rusin, 75% boshnjakun, 91% serbin dhe 96% malazezin.<\/p>\n<p>N\u00eb pyetjen tjet\u00ebr \u201c<strong>P\u00ebr t\u00eb jetuar n\u00eb lagjen time<\/strong> (n\u00eb t\u00eb nj\u00ebjt\u00ebn nd\u00ebrtes\u00eb apo rrug\u00eb)\u201d,<br \/>\nm\u00eb shum\u00eb se gjysma e qytetar\u00ebve t\u00eb Malit t\u00eb Zi nuk do t\u00eb donin shqiptar\u00ebt p\u00ebr komshi.<br \/>\nSipas rezultatit, vet\u00ebm 48% e qytetareve do t\u00eb donin shqiptarin p\u00ebr komshi. 53% romin, 61% amerikanin, 71% boshnjakun, 92% serbin dhe 95% malazezin.<\/p>\n<p>N\u00eb pyetjen \u201c<strong>T\u00eb kam bashk\u00ebpun\u00ebtor n\u00eb pun\u00eb<\/strong>\u201d, m\u00eb shum\u00eb se gjysma e popullsis\u00eb nuk do t\u00eb donte t\u00eb ken\u00eb bashk\u00ebpun\u00ebtor n\u00eb vend t\u00eb pun\u00ebs shqiptarin dhe romin.<br \/>\nVet\u00ebm 47% do te pranonin shqiptarin p\u00ebr bashk\u00ebpun\u00ebtor n\u00eb pun\u00eb, 48% romin, 70% rusin, 71% boshnjakun, 91% serbin dhe 94% malazezin.<\/p>\n<p>N\u00eb pyetjen \u201c<strong>T\u00eb kam epror n\u00eb vend t\u00eb pun\u00ebs<\/strong>\u201d, 2\/3 e qytetareve n\u00eb Mal t\u00eb Zi nuk do t\u00eb donin t\u00eb shohin shqiptarin apo romin si eprori i tyre n\u00eb pun\u00eb.<br \/>\nVet\u00ebm 34% do t\u00eb pranonin romin, 35% shqiptarin, 57% boshnjakun, 84% serbin dhe 90% malazezin.<\/p>\n<p>\u201c<strong>T\u00eb jet\u00eb m\u00ebsues i f\u00ebmis\u00eb tim<\/strong>\u201d, tregon se 70% e qytetar\u00ebve t\u00eb Malit t\u00eb Zi nuk do t\u00eb duan shqiptarin apo romin t\u00eb jet\u00eb m\u00ebsues i f\u00ebmis\u00eb s\u00eb tyre.<br \/>\nVet\u00ebm 30% do t\u00eb pranonin q\u00eb shqiptari t\u00eb jet\u00eb m\u00ebsues i femis\u00eb s\u00eb tyre, 30% gjithashtu p\u00ebr romin.<\/p>\n<p>\u00c7\u00ebshtja e komunikimit social, n\u00eb pyetjen \u201c<strong>T\u00eb ket\u00eb shok\/shoqe<\/strong>\u201d, madje edhe n\u00eb k\u00ebt\u00eb \u00e7\u00ebshtje, distanca \u00ebsht\u00eb relativisht e lart\u00eb ndaj shqiptar\u00ebve dhe rom\u00ebve.<br \/>\nM\u00eb shum\u00eb se gjysma e qytetar\u00ebve t\u00eb Malit t\u00eb Zi nuk do t\u00eb pranonin p\u00ebr shok\/shoqe shqiptarin apo romin. Vet\u00ebm 44% e tyre do t\u00eb pranonin shqiptarin, po aq edhe romin, 70% rusin, 70% boshnjakun, 92% serbin dhe 96% malazezin.<\/p>\n<p>N\u00eb pyetjen \u201c<strong>T\u00eb ket\u00eb pozit\u00eb udh\u00ebheq\u00ebse n\u00eb shtet<\/strong>\u201d, distanca ndaj shqiptar\u00ebve dhe rom\u00ebve tregon se \u00be e popullsis\u00eb nuk do t\u00eb i pranonin n\u00eb pozita udh\u00ebheq\u00ebse n\u00eb shtet.<br \/>\nVet\u00ebm 25% do t\u00eb pranon romin, 27% shqiptarin, 47% boshnjakun, 78% serbin dhe 91% malazezin.<\/p>\n<p><strong>Lidhjen martesore t\u00eb kush\u00ebririt apo kush\u00ebrir\u00ebs<\/strong> me nj\u00eb shqiptar\u00eb nuk do ta donin m\u00eb shum\u00eb se 70% e qytetar\u00ebve, kurse <strong>lidhje<\/strong> <strong>martesore nga vet\u00eb ose f\u00ebmij\u00ebt<\/strong> e tyre me shqiptar\u00ebt, nuk do t\u00eb pranonin 78% t\u00eb qytetar\u00ebve t\u00eb Malit t\u00eb Zi.<\/p>\n<p>Distanca etnike ndaj shqiptar\u00ebve \u00ebsht\u00eb n\u00eb nivelin m\u00eb t\u00eb lart\u00eb kurse niveli me i ult\u00eb i distanc\u00ebs etnike \u00ebsht\u00eb ndaj serbeve dhe malazezeve.<br \/>\nN\u00eb k\u00ebt\u00eb anket\u00eb n\u00eb proporcion jan\u00eb anketuar edhe shqiptaret dhe t\u00eb gjitha pakicat tjera komb\u00ebtare, p\u00ebrndryshe distanca ndaj shqiptar\u00ebve sigurisht do t\u00eb ishte edhe m\u00eb e thell\u00eb.<\/p>\n<p>Nga CEDEM sqarojn\u00eb se distance etnike n\u00eb Mal t\u00eb Zi \u00ebsht\u00eb n\u00eb rritje q\u00eb nga shpallja e pavar\u00ebsis\u00eb s\u00eb Malit t\u00eb Zi.<br \/>\nDuke u bazuar n\u00eb k\u00ebto t\u00eb dh\u00ebna dhe zhvillimet politike nga viti 2007, kur u zhvillua anketa e fundit, distance etnike nuk pritet t\u00eb ket\u00eb p\u00ebsuar ndryshime t\u00eb dukshme, sidomos jo n\u00eb uljen e nivelit t\u00eb distanc\u00ebs etnike ndaj minoriteteve. \/MALESIA.ORG\/<\/p>\n<p><em>Burimet jan\u00eb marr\u00eb nga CEDEM \u201cCentre for Democracy and Human Rights\u201d<\/em><\/p>\n","protected":false},"excerpt":{"rendered":"<p>Sipas anket\u00ebs s\u00eb fundit t\u00eb organizat\u00ebs CEDEM, distanca etnike n\u00eb Mal t\u00eb Zi q\u00eb nga pavar\u00ebsimi i shtetit, \u00ebsht\u00eb ne rritje. Kjo distanc\u00eb m\u00eb s\u00eb shumti v\u00ebrehet kur behet fjal\u00eb p\u00ebr popullsin\u00eb shqiptare dhe at\u00eb rome, t\u00eb cil\u00ebt n\u00eb kontekstin social e politik jan\u00eb m\u00eb t\u00eb pad\u00ebshiruarit n\u00eb k\u00ebt\u00eb shtet. Ishin pakicat komb\u00ebtare t\u00eb cilat [&hellip;]<\/p>\n","protected":false},"author":1,"featured_media":0,"comment_status":"closed","ping_status":"closed","sticky":false,"template":"","format":"standard","meta":{"spay_email":"","jetpack_publicize_message":"","jetpack_is_tweetstorm":false,"jetpack_publicize_feature_enabled":true},"categories":[13],"tags":[],"jetpack_publicize_connections":[],"yoast_head":"<!-- This site is optimized with the Yoast SEO plugin v19.1 - https:\/\/yoast.com\/wordpress\/plugins\/seo\/ -->\n<title>Shqiptar\u00ebt dhe rom\u00ebt, t\u00eb pad\u00ebshiruarit n\u00eb Mal t\u00eb Zi - Lajme nga Ulqini<\/title>\n<meta name=\"description\" content=\"Sipas anket\u00ebs s\u00eb fundit t\u00eb organizat\u00ebs CEDEM, distanca etnike n\u00eb Mal t\u00eb Zi q\u00eb nga pavar\u00ebsimi i shtetit, \u00ebsht\u00eb ne rritje. Kjo distanc\u00eb m\u00eb s\u00eb shumti v\u00ebrehet\" \/>\n<meta name=\"robots\" content=\"index, follow, max-snippet:-1, max-image-preview:large, max-video-preview:-1\" \/>\n<link rel=\"canonical\" href=\"https:\/\/www.visit-ulcinj.com\/blog\/2013\/10\/22\/shqiptaret-dhe-romet-te-padeshiruarit-ne-mal-te-zi\/\" \/>\n<meta property=\"og:locale\" content=\"en_US\" \/>\n<meta property=\"og:type\" content=\"article\" \/>\n<meta property=\"og:title\" content=\"Shqiptar\u00ebt dhe rom\u00ebt, t\u00eb pad\u00ebshiruarit n\u00eb Mal t\u00eb Zi - Lajme nga Ulqini\" \/>\n<meta property=\"og:description\" content=\"Sipas anket\u00ebs s\u00eb fundit t\u00eb organizat\u00ebs CEDEM, distanca etnike n\u00eb Mal t\u00eb Zi q\u00eb nga pavar\u00ebsimi i shtetit, \u00ebsht\u00eb ne rritje. Kjo distanc\u00eb m\u00eb s\u00eb shumti v\u00ebrehet\" \/>\n<meta property=\"og:url\" content=\"https:\/\/www.visit-ulcinj.com\/blog\/2013\/10\/22\/shqiptaret-dhe-romet-te-padeshiruarit-ne-mal-te-zi\/\" \/>\n<meta property=\"og:site_name\" content=\"Lajme nga Ulqini\" \/>\n<meta property=\"article:published_time\" content=\"2013-10-22T03:28:28+00:00\" \/>\n<meta property=\"og:image\" content=\"http:\/\/www.visit-ulcinj.com\/blog\/wp-content\/uploads\/2013\/10\/kunder-diskriminimit.jpg\" \/>\n<meta name=\"twitter:label1\" content=\"Written by\" \/>\n\t<meta name=\"twitter:data1\" content=\"ulqini\" \/>\n\t<meta name=\"twitter:label2\" content=\"Est. reading time\" \/>\n\t<meta name=\"twitter:data2\" content=\"4 minutes\" \/>\n<script type=\"application\/ld+json\" class=\"yoast-schema-graph\">{\"@context\":\"https:\/\/schema.org\",\"@graph\":[{\"@type\":\"WebSite\",\"@id\":\"https:\/\/www.visit-ulcinj.com\/blog\/#website\",\"url\":\"https:\/\/www.visit-ulcinj.com\/blog\/\",\"name\":\"Lajme nga Ulqini\",\"description\":\"Lajme,Vijesti,Ulqini,Ulqin,Crna Gora,Mali i Zi\",\"potentialAction\":[{\"@type\":\"SearchAction\",\"target\":{\"@type\":\"EntryPoint\",\"urlTemplate\":\"https:\/\/www.visit-ulcinj.com\/blog\/?s={search_term_string}\"},\"query-input\":\"required name=search_term_string\"}],\"inLanguage\":\"en-US\"},{\"@type\":\"ImageObject\",\"inLanguage\":\"en-US\",\"@id\":\"https:\/\/www.visit-ulcinj.com\/blog\/2013\/10\/22\/shqiptaret-dhe-romet-te-padeshiruarit-ne-mal-te-zi\/#primaryimage\",\"url\":\"https:\/\/www.visit-ulcinj.com\/blog\/wp-content\/uploads\/2013\/10\/kunder-diskriminimit.jpg\",\"contentUrl\":\"https:\/\/www.visit-ulcinj.com\/blog\/wp-content\/uploads\/2013\/10\/kunder-diskriminimit.jpg\",\"width\":450,\"height\":339},{\"@type\":\"WebPage\",\"@id\":\"https:\/\/www.visit-ulcinj.com\/blog\/2013\/10\/22\/shqiptaret-dhe-romet-te-padeshiruarit-ne-mal-te-zi\/#webpage\",\"url\":\"https:\/\/www.visit-ulcinj.com\/blog\/2013\/10\/22\/shqiptaret-dhe-romet-te-padeshiruarit-ne-mal-te-zi\/\",\"name\":\"Shqiptar\u00ebt dhe rom\u00ebt, t\u00eb pad\u00ebshiruarit n\u00eb Mal t\u00eb Zi - Lajme nga Ulqini\",\"isPartOf\":{\"@id\":\"https:\/\/www.visit-ulcinj.com\/blog\/#website\"},\"primaryImageOfPage\":{\"@id\":\"https:\/\/www.visit-ulcinj.com\/blog\/2013\/10\/22\/shqiptaret-dhe-romet-te-padeshiruarit-ne-mal-te-zi\/#primaryimage\"},\"datePublished\":\"2013-10-22T03:28:28+00:00\",\"dateModified\":\"2013-10-22T03:28:28+00:00\",\"author\":{\"@id\":\"https:\/\/www.visit-ulcinj.com\/blog\/#\/schema\/person\/dcab619c614d3038751c63bc2aadc06d\"},\"description\":\"Sipas anket\u00ebs s\u00eb fundit t\u00eb organizat\u00ebs CEDEM, distanca etnike n\u00eb Mal t\u00eb Zi q\u00eb nga pavar\u00ebsimi i shtetit, \u00ebsht\u00eb ne rritje. Kjo distanc\u00eb m\u00eb s\u00eb shumti v\u00ebrehet\",\"breadcrumb\":{\"@id\":\"https:\/\/www.visit-ulcinj.com\/blog\/2013\/10\/22\/shqiptaret-dhe-romet-te-padeshiruarit-ne-mal-te-zi\/#breadcrumb\"},\"inLanguage\":\"en-US\",\"potentialAction\":[{\"@type\":\"ReadAction\",\"target\":[\"https:\/\/www.visit-ulcinj.com\/blog\/2013\/10\/22\/shqiptaret-dhe-romet-te-padeshiruarit-ne-mal-te-zi\/\"]}]},{\"@type\":\"BreadcrumbList\",\"@id\":\"https:\/\/www.visit-ulcinj.com\/blog\/2013\/10\/22\/shqiptaret-dhe-romet-te-padeshiruarit-ne-mal-te-zi\/#breadcrumb\",\"itemListElement\":[{\"@type\":\"ListItem\",\"position\":1,\"name\":\"Shqiptar\u00ebt dhe rom\u00ebt, t\u00eb pad\u00ebshiruarit n\u00eb Mal t\u00eb Zi\"}]},{\"@type\":\"Person\",\"@id\":\"https:\/\/www.visit-ulcinj.com\/blog\/#\/schema\/person\/dcab619c614d3038751c63bc2aadc06d\",\"name\":\"ulqini\",\"sameAs\":[\"http:\/\/www.visit-ulcinj.com\"],\"url\":\"https:\/\/www.visit-ulcinj.com\/blog\/author\/admin\/\"}]}<\/script>\n<!-- \/ Yoast SEO plugin. -->","yoast_head_json":{"title":"Shqiptar\u00ebt dhe rom\u00ebt, t\u00eb pad\u00ebshiruarit n\u00eb Mal t\u00eb Zi - Lajme nga Ulqini","description":"Sipas anket\u00ebs s\u00eb fundit t\u00eb organizat\u00ebs CEDEM, distanca etnike n\u00eb Mal t\u00eb Zi q\u00eb nga pavar\u00ebsimi i shtetit, \u00ebsht\u00eb ne rritje. Kjo distanc\u00eb m\u00eb s\u00eb shumti v\u00ebrehet","robots":{"index":"index","follow":"follow","max-snippet":"max-snippet:-1","max-image-preview":"max-image-preview:large","max-video-preview":"max-video-preview:-1"},"canonical":"https:\/\/www.visit-ulcinj.com\/blog\/2013\/10\/22\/shqiptaret-dhe-romet-te-padeshiruarit-ne-mal-te-zi\/","og_locale":"en_US","og_type":"article","og_title":"Shqiptar\u00ebt dhe rom\u00ebt, t\u00eb pad\u00ebshiruarit n\u00eb Mal t\u00eb Zi - Lajme nga Ulqini","og_description":"Sipas anket\u00ebs s\u00eb fundit t\u00eb organizat\u00ebs CEDEM, distanca etnike n\u00eb Mal t\u00eb Zi q\u00eb nga pavar\u00ebsimi i shtetit, \u00ebsht\u00eb ne rritje. Kjo distanc\u00eb m\u00eb s\u00eb shumti v\u00ebrehet","og_url":"https:\/\/www.visit-ulcinj.com\/blog\/2013\/10\/22\/shqiptaret-dhe-romet-te-padeshiruarit-ne-mal-te-zi\/","og_site_name":"Lajme nga Ulqini","article_published_time":"2013-10-22T03:28:28+00:00","og_image":[{"url":"http:\/\/www.visit-ulcinj.com\/blog\/wp-content\/uploads\/2013\/10\/kunder-diskriminimit.jpg"}],"twitter_misc":{"Written by":"ulqini","Est. reading time":"4 minutes"},"schema":{"@context":"https:\/\/schema.org","@graph":[{"@type":"WebSite","@id":"https:\/\/www.visit-ulcinj.com\/blog\/#website","url":"https:\/\/www.visit-ulcinj.com\/blog\/","name":"Lajme nga Ulqini","description":"Lajme,Vijesti,Ulqini,Ulqin,Crna Gora,Mali i Zi","potentialAction":[{"@type":"SearchAction","target":{"@type":"EntryPoint","urlTemplate":"https:\/\/www.visit-ulcinj.com\/blog\/?s={search_term_string}"},"query-input":"required name=search_term_string"}],"inLanguage":"en-US"},{"@type":"ImageObject","inLanguage":"en-US","@id":"https:\/\/www.visit-ulcinj.com\/blog\/2013\/10\/22\/shqiptaret-dhe-romet-te-padeshiruarit-ne-mal-te-zi\/#primaryimage","url":"https:\/\/www.visit-ulcinj.com\/blog\/wp-content\/uploads\/2013\/10\/kunder-diskriminimit.jpg","contentUrl":"https:\/\/www.visit-ulcinj.com\/blog\/wp-content\/uploads\/2013\/10\/kunder-diskriminimit.jpg","width":450,"height":339},{"@type":"WebPage","@id":"https:\/\/www.visit-ulcinj.com\/blog\/2013\/10\/22\/shqiptaret-dhe-romet-te-padeshiruarit-ne-mal-te-zi\/#webpage","url":"https:\/\/www.visit-ulcinj.com\/blog\/2013\/10\/22\/shqiptaret-dhe-romet-te-padeshiruarit-ne-mal-te-zi\/","name":"Shqiptar\u00ebt dhe rom\u00ebt, t\u00eb pad\u00ebshiruarit n\u00eb Mal t\u00eb Zi - Lajme nga Ulqini","isPartOf":{"@id":"https:\/\/www.visit-ulcinj.com\/blog\/#website"},"primaryImageOfPage":{"@id":"https:\/\/www.visit-ulcinj.com\/blog\/2013\/10\/22\/shqiptaret-dhe-romet-te-padeshiruarit-ne-mal-te-zi\/#primaryimage"},"datePublished":"2013-10-22T03:28:28+00:00","dateModified":"2013-10-22T03:28:28+00:00","author":{"@id":"https:\/\/www.visit-ulcinj.com\/blog\/#\/schema\/person\/dcab619c614d3038751c63bc2aadc06d"},"description":"Sipas anket\u00ebs s\u00eb fundit t\u00eb organizat\u00ebs CEDEM, distanca etnike n\u00eb Mal t\u00eb Zi q\u00eb nga pavar\u00ebsimi i shtetit, \u00ebsht\u00eb ne rritje. Kjo distanc\u00eb m\u00eb s\u00eb shumti v\u00ebrehet","breadcrumb":{"@id":"https:\/\/www.visit-ulcinj.com\/blog\/2013\/10\/22\/shqiptaret-dhe-romet-te-padeshiruarit-ne-mal-te-zi\/#breadcrumb"},"inLanguage":"en-US","potentialAction":[{"@type":"ReadAction","target":["https:\/\/www.visit-ulcinj.com\/blog\/2013\/10\/22\/shqiptaret-dhe-romet-te-padeshiruarit-ne-mal-te-zi\/"]}]},{"@type":"BreadcrumbList","@id":"https:\/\/www.visit-ulcinj.com\/blog\/2013\/10\/22\/shqiptaret-dhe-romet-te-padeshiruarit-ne-mal-te-zi\/#breadcrumb","itemListElement":[{"@type":"ListItem","position":1,"name":"Shqiptar\u00ebt dhe rom\u00ebt, t\u00eb pad\u00ebshiruarit n\u00eb Mal t\u00eb Zi"}]},{"@type":"Person","@id":"https:\/\/www.visit-ulcinj.com\/blog\/#\/schema\/person\/dcab619c614d3038751c63bc2aadc06d","name":"ulqini","sameAs":["http:\/\/www.visit-ulcinj.com"],"url":"https:\/\/www.visit-ulcinj.com\/blog\/author\/admin\/"}]}},"jetpack_featured_media_url":"","jetpack_sharing_enabled":true,"jetpack_shortlink":"https:\/\/wp.me\/pe6lTn-jDv","_links":{"self":[{"href":"https:\/\/www.visit-ulcinj.com\/blog\/wp-json\/wp\/v2\/posts\/75485"}],"collection":[{"href":"https:\/\/www.visit-ulcinj.com\/blog\/wp-json\/wp\/v2\/posts"}],"about":[{"href":"https:\/\/www.visit-ulcinj.com\/blog\/wp-json\/wp\/v2\/types\/post"}],"author":[{"embeddable":true,"href":"https:\/\/www.visit-ulcinj.com\/blog\/wp-json\/wp\/v2\/users\/1"}],"replies":[{"embeddable":true,"href":"https:\/\/www.visit-ulcinj.com\/blog\/wp-json\/wp\/v2\/comments?post=75485"}],"version-history":[{"count":1,"href":"https:\/\/www.visit-ulcinj.com\/blog\/wp-json\/wp\/v2\/posts\/75485\/revisions"}],"predecessor-version":[{"id":75487,"href":"https:\/\/www.visit-ulcinj.com\/blog\/wp-json\/wp\/v2\/posts\/75485\/revisions\/75487"}],"wp:attachment":[{"href":"https:\/\/www.visit-ulcinj.com\/blog\/wp-json\/wp\/v2\/media?parent=75485"}],"wp:term":[{"taxonomy":"category","embeddable":true,"href":"https:\/\/www.visit-ulcinj.com\/blog\/wp-json\/wp\/v2\/categories?post=75485"},{"taxonomy":"post_tag","embeddable":true,"href":"https:\/\/www.visit-ulcinj.com\/blog\/wp-json\/wp\/v2\/tags?post=75485"}],"curies":[{"name":"wp","href":"https:\/\/api.w.org\/{rel}","templated":true}]}}