{"id":7549,"date":"2008-12-21T18:23:12","date_gmt":"2008-12-21T17:23:12","guid":{"rendered":"http:\/\/www.visit-ulcinj.com\/blog\/?p=7549"},"modified":"2008-12-21T18:27:41","modified_gmt":"2008-12-21T17:27:41","slug":"vit-me-bereqet-e-ka-konsideruar-genta-vitin-2008","status":"publish","type":"post","link":"https:\/\/www.visit-ulcinj.com\/blog\/2008\/12\/21\/vit-me-bereqet-e-ka-konsideruar-genta-vitin-2008\/","title":{"rendered":"Vit me bereqet e ka konsideruar Genta vitin 2008"},"content":{"rendered":"<p><a title=\"genta ismajli\" href=\"http:\/\/www.visit-ulcinj.com\/blog\/wp-content\/uploads\/2008\/12\/genta-ismajli4.jpg\" target=\"_blank\"><img loading=\"lazy\" class=\"alignleft size-full wp-image-7553\" title=\"genta-ismajli4\" src=\"http:\/\/www.visit-ulcinj.com\/blog\/wp-content\/uploads\/2008\/12\/genta-ismajli4.jpg\" alt=\"genta-ismajli4\" width=\"182\" height=\"227\" \/><\/a>Nj\u00eb vit me plot angazhime, g\u00ebzime e bereqet, e ka konsideruar vitin 2008 k\u00ebng\u00ebtarja atraktive, Genta Ismaili, t\u00eb cil\u00ebn si gjithmon\u00eb edhe n\u00eb projektet festive q\u00eb do t\u00eb shfaq\u00ebn gjat\u00eb net\u00ebve t\u00eb Vitit t\u00eb Ri do ta shohim t\u00eb bukur dhe elastike n\u00eb sken\u00eb.<\/p>\n<p>Gent\u00ebn nuk do t\u00eb k\u00ebndojn\u00eb ndonj\u00eb k\u00ebng\u00eb t\u00eb re p\u00ebr fest\u00ebn e fundvitit, por do t\u00eb shfryt\u00ebzoj\u00eb dy k\u00ebng\u00eb t\u00eb albumit\u00a0 t\u00eb saj t\u00eb fundit \u201dZero, Zero\u201d.<br \/>\nGenta p\u00ebr festat e fundvitit do t\u00eb jet\u00eb n\u00eb televizionet tona n\u00eb Kosov\u00eb si dhe n\u00eb projektin e p\u00ebrbashk\u00ebt q\u00eb \u00ebsht\u00eb punuar nga produksionet \u201cArboni\u201d, \u201cDea\u201d dhe \u201cEmra com\u201d.<br \/>\n<strong>Koha<\/strong><\/p>\n<p><strong>.<\/strong><\/p>\n<p><strong>.<br \/>\n<\/strong><\/p>\n<p><strong><br \/>\n<\/strong><\/p>\n<!--YouTube Error: bad URL entered-->\n","protected":false},"excerpt":{"rendered":"<p>Nj\u00eb vit me plot angazhime, g\u00ebzime e bereqet, e ka konsideruar vitin 2008 k\u00ebng\u00ebtarja atraktive, Genta Ismaili, t\u00eb cil\u00ebn si gjithmon\u00eb edhe n\u00eb projektet festive q\u00eb do t\u00eb shfaq\u00ebn gjat\u00eb net\u00ebve t\u00eb Vitit t\u00eb Ri do ta shohim t\u00eb bukur dhe elastike n\u00eb sken\u00eb. Gent\u00ebn nuk do t\u00eb k\u00ebndojn\u00eb ndonj\u00eb k\u00ebng\u00eb t\u00eb re p\u00ebr fest\u00ebn [&hellip;]<\/p>\n","protected":false},"author":1,"featured_media":0,"comment_status":"open","ping_status":"closed","sticky":false,"template":"","format":"standard","meta":{"spay_email":"","jetpack_publicize_message":"","jetpack_is_tweetstorm":false,"jetpack_publicize_feature_enabled":true},"categories":[1],"tags":[4888],"jetpack_publicize_connections":[],"yoast_head":"<!-- This site is optimized with the Yoast SEO plugin v19.1 - https:\/\/yoast.com\/wordpress\/plugins\/seo\/ -->\n<title>Vit me bereqet e ka konsideruar Genta vitin 2008 - Lajme nga Ulqini<\/title>\n<meta name=\"description\" content=\"Nj\u00eb vit me plot angazhime, g\u00ebzime e bereqet, e ka konsideruar vitin 2008 k\u00ebng\u00ebtarja atraktive, Genta Ismaili, t\u00eb cil\u00ebn si gjithmon\u00eb edhe n\u00eb projektet\" \/>\n<meta name=\"robots\" content=\"index, follow, max-snippet:-1, max-image-preview:large, max-video-preview:-1\" \/>\n<link rel=\"canonical\" href=\"https:\/\/www.visit-ulcinj.com\/blog\/2008\/12\/21\/vit-me-bereqet-e-ka-konsideruar-genta-vitin-2008\/\" \/>\n<meta property=\"og:locale\" content=\"en_US\" \/>\n<meta property=\"og:type\" content=\"article\" \/>\n<meta property=\"og:title\" content=\"Vit me bereqet e ka konsideruar Genta vitin 2008 - Lajme nga Ulqini\" \/>\n<meta property=\"og:description\" content=\"Nj\u00eb vit me plot angazhime, g\u00ebzime e bereqet, e ka konsideruar vitin 2008 k\u00ebng\u00ebtarja atraktive, Genta Ismaili, t\u00eb cil\u00ebn si gjithmon\u00eb edhe n\u00eb projektet\" \/>\n<meta property=\"og:url\" content=\"https:\/\/www.visit-ulcinj.com\/blog\/2008\/12\/21\/vit-me-bereqet-e-ka-konsideruar-genta-vitin-2008\/\" \/>\n<meta property=\"og:site_name\" content=\"Lajme nga Ulqini\" \/>\n<meta property=\"article:published_time\" content=\"2008-12-21T17:23:12+00:00\" \/>\n<meta property=\"article:modified_time\" content=\"2008-12-21T17:27:41+00:00\" \/>\n<meta property=\"og:image\" content=\"https:\/\/www.visit-ulcinj.com\/blog\/wp-content\/uploads\/2008\/12\/genta-ismajli12-150x150.jpg\" \/>\n<meta name=\"twitter:label1\" content=\"Written by\" \/>\n\t<meta name=\"twitter:data1\" content=\"ulqini\" \/>\n\t<meta name=\"twitter:label2\" content=\"Est. reading time\" \/>\n\t<meta name=\"twitter:data2\" content=\"1 minute\" \/>\n<script type=\"application\/ld+json\" class=\"yoast-schema-graph\">{\"@context\":\"https:\/\/schema.org\",\"@graph\":[{\"@type\":\"WebSite\",\"@id\":\"https:\/\/www.visit-ulcinj.com\/blog\/#website\",\"url\":\"https:\/\/www.visit-ulcinj.com\/blog\/\",\"name\":\"Lajme nga Ulqini\",\"description\":\"Lajme,Vijesti,Ulqini,Ulqin,Crna Gora,Mali i Zi\",\"potentialAction\":[{\"@type\":\"SearchAction\",\"target\":{\"@type\":\"EntryPoint\",\"urlTemplate\":\"https:\/\/www.visit-ulcinj.com\/blog\/?s={search_term_string}\"},\"query-input\":\"required name=search_term_string\"}],\"inLanguage\":\"en-US\"},{\"@type\":\"ImageObject\",\"inLanguage\":\"en-US\",\"@id\":\"https:\/\/www.visit-ulcinj.com\/blog\/2008\/12\/21\/vit-me-bereqet-e-ka-konsideruar-genta-vitin-2008\/#primaryimage\",\"url\":\"http:\/\/www.visit-ulcinj.com\/blog\/wp-content\/uploads\/2008\/12\/genta-ismajli4.jpg\",\"contentUrl\":\"http:\/\/www.visit-ulcinj.com\/blog\/wp-content\/uploads\/2008\/12\/genta-ismajli4.jpg\"},{\"@type\":\"WebPage\",\"@id\":\"https:\/\/www.visit-ulcinj.com\/blog\/2008\/12\/21\/vit-me-bereqet-e-ka-konsideruar-genta-vitin-2008\/#webpage\",\"url\":\"https:\/\/www.visit-ulcinj.com\/blog\/2008\/12\/21\/vit-me-bereqet-e-ka-konsideruar-genta-vitin-2008\/\",\"name\":\"Vit me bereqet e ka konsideruar Genta vitin 2008 - Lajme nga Ulqini\",\"isPartOf\":{\"@id\":\"https:\/\/www.visit-ulcinj.com\/blog\/#website\"},\"primaryImageOfPage\":{\"@id\":\"https:\/\/www.visit-ulcinj.com\/blog\/2008\/12\/21\/vit-me-bereqet-e-ka-konsideruar-genta-vitin-2008\/#primaryimage\"},\"datePublished\":\"2008-12-21T17:23:12+00:00\",\"dateModified\":\"2008-12-21T17:27:41+00:00\",\"author\":{\"@id\":\"https:\/\/www.visit-ulcinj.com\/blog\/#\/schema\/person\/dcab619c614d3038751c63bc2aadc06d\"},\"description\":\"Nj\u00eb vit me plot angazhime, g\u00ebzime e bereqet, e ka konsideruar vitin 2008 k\u00ebng\u00ebtarja atraktive, Genta Ismaili, t\u00eb cil\u00ebn si gjithmon\u00eb edhe n\u00eb projektet\",\"breadcrumb\":{\"@id\":\"https:\/\/www.visit-ulcinj.com\/blog\/2008\/12\/21\/vit-me-bereqet-e-ka-konsideruar-genta-vitin-2008\/#breadcrumb\"},\"inLanguage\":\"en-US\",\"potentialAction\":[{\"@type\":\"ReadAction\",\"target\":[\"https:\/\/www.visit-ulcinj.com\/blog\/2008\/12\/21\/vit-me-bereqet-e-ka-konsideruar-genta-vitin-2008\/\"]}]},{\"@type\":\"BreadcrumbList\",\"@id\":\"https:\/\/www.visit-ulcinj.com\/blog\/2008\/12\/21\/vit-me-bereqet-e-ka-konsideruar-genta-vitin-2008\/#breadcrumb\",\"itemListElement\":[{\"@type\":\"ListItem\",\"position\":1,\"name\":\"Vit me bereqet e ka konsideruar Genta vitin 2008\"}]},{\"@type\":\"Person\",\"@id\":\"https:\/\/www.visit-ulcinj.com\/blog\/#\/schema\/person\/dcab619c614d3038751c63bc2aadc06d\",\"name\":\"ulqini\",\"sameAs\":[\"http:\/\/www.visit-ulcinj.com\"],\"url\":\"https:\/\/www.visit-ulcinj.com\/blog\/author\/admin\/\"}]}<\/script>\n<!-- \/ Yoast SEO plugin. -->","yoast_head_json":{"title":"Vit me bereqet e ka konsideruar Genta vitin 2008 - Lajme nga Ulqini","description":"Nj\u00eb vit me plot angazhime, g\u00ebzime e bereqet, e ka konsideruar vitin 2008 k\u00ebng\u00ebtarja atraktive, Genta Ismaili, t\u00eb cil\u00ebn si gjithmon\u00eb edhe n\u00eb projektet","robots":{"index":"index","follow":"follow","max-snippet":"max-snippet:-1","max-image-preview":"max-image-preview:large","max-video-preview":"max-video-preview:-1"},"canonical":"https:\/\/www.visit-ulcinj.com\/blog\/2008\/12\/21\/vit-me-bereqet-e-ka-konsideruar-genta-vitin-2008\/","og_locale":"en_US","og_type":"article","og_title":"Vit me bereqet e ka konsideruar Genta vitin 2008 - Lajme nga Ulqini","og_description":"Nj\u00eb vit me plot angazhime, g\u00ebzime e bereqet, e ka konsideruar vitin 2008 k\u00ebng\u00ebtarja atraktive, Genta Ismaili, t\u00eb cil\u00ebn si gjithmon\u00eb edhe n\u00eb projektet","og_url":"https:\/\/www.visit-ulcinj.com\/blog\/2008\/12\/21\/vit-me-bereqet-e-ka-konsideruar-genta-vitin-2008\/","og_site_name":"Lajme nga Ulqini","article_published_time":"2008-12-21T17:23:12+00:00","article_modified_time":"2008-12-21T17:27:41+00:00","og_image":[{"url":"https:\/\/www.visit-ulcinj.com\/blog\/wp-content\/uploads\/2008\/12\/genta-ismajli12-150x150.jpg"}],"twitter_misc":{"Written by":"ulqini","Est. reading time":"1 minute"},"schema":{"@context":"https:\/\/schema.org","@graph":[{"@type":"WebSite","@id":"https:\/\/www.visit-ulcinj.com\/blog\/#website","url":"https:\/\/www.visit-ulcinj.com\/blog\/","name":"Lajme nga Ulqini","description":"Lajme,Vijesti,Ulqini,Ulqin,Crna Gora,Mali i Zi","potentialAction":[{"@type":"SearchAction","target":{"@type":"EntryPoint","urlTemplate":"https:\/\/www.visit-ulcinj.com\/blog\/?s={search_term_string}"},"query-input":"required name=search_term_string"}],"inLanguage":"en-US"},{"@type":"ImageObject","inLanguage":"en-US","@id":"https:\/\/www.visit-ulcinj.com\/blog\/2008\/12\/21\/vit-me-bereqet-e-ka-konsideruar-genta-vitin-2008\/#primaryimage","url":"http:\/\/www.visit-ulcinj.com\/blog\/wp-content\/uploads\/2008\/12\/genta-ismajli4.jpg","contentUrl":"http:\/\/www.visit-ulcinj.com\/blog\/wp-content\/uploads\/2008\/12\/genta-ismajli4.jpg"},{"@type":"WebPage","@id":"https:\/\/www.visit-ulcinj.com\/blog\/2008\/12\/21\/vit-me-bereqet-e-ka-konsideruar-genta-vitin-2008\/#webpage","url":"https:\/\/www.visit-ulcinj.com\/blog\/2008\/12\/21\/vit-me-bereqet-e-ka-konsideruar-genta-vitin-2008\/","name":"Vit me bereqet e ka konsideruar Genta vitin 2008 - Lajme nga Ulqini","isPartOf":{"@id":"https:\/\/www.visit-ulcinj.com\/blog\/#website"},"primaryImageOfPage":{"@id":"https:\/\/www.visit-ulcinj.com\/blog\/2008\/12\/21\/vit-me-bereqet-e-ka-konsideruar-genta-vitin-2008\/#primaryimage"},"datePublished":"2008-12-21T17:23:12+00:00","dateModified":"2008-12-21T17:27:41+00:00","author":{"@id":"https:\/\/www.visit-ulcinj.com\/blog\/#\/schema\/person\/dcab619c614d3038751c63bc2aadc06d"},"description":"Nj\u00eb vit me plot angazhime, g\u00ebzime e bereqet, e ka konsideruar vitin 2008 k\u00ebng\u00ebtarja atraktive, Genta Ismaili, t\u00eb cil\u00ebn si gjithmon\u00eb edhe n\u00eb projektet","breadcrumb":{"@id":"https:\/\/www.visit-ulcinj.com\/blog\/2008\/12\/21\/vit-me-bereqet-e-ka-konsideruar-genta-vitin-2008\/#breadcrumb"},"inLanguage":"en-US","potentialAction":[{"@type":"ReadAction","target":["https:\/\/www.visit-ulcinj.com\/blog\/2008\/12\/21\/vit-me-bereqet-e-ka-konsideruar-genta-vitin-2008\/"]}]},{"@type":"BreadcrumbList","@id":"https:\/\/www.visit-ulcinj.com\/blog\/2008\/12\/21\/vit-me-bereqet-e-ka-konsideruar-genta-vitin-2008\/#breadcrumb","itemListElement":[{"@type":"ListItem","position":1,"name":"Vit me bereqet e ka konsideruar Genta vitin 2008"}]},{"@type":"Person","@id":"https:\/\/www.visit-ulcinj.com\/blog\/#\/schema\/person\/dcab619c614d3038751c63bc2aadc06d","name":"ulqini","sameAs":["http:\/\/www.visit-ulcinj.com"],"url":"https:\/\/www.visit-ulcinj.com\/blog\/author\/admin\/"}]}},"jetpack_featured_media_url":"","jetpack_sharing_enabled":true,"jetpack_shortlink":"https:\/\/wp.me\/pe6lTn-1XL","_links":{"self":[{"href":"https:\/\/www.visit-ulcinj.com\/blog\/wp-json\/wp\/v2\/posts\/7549"}],"collection":[{"href":"https:\/\/www.visit-ulcinj.com\/blog\/wp-json\/wp\/v2\/posts"}],"about":[{"href":"https:\/\/www.visit-ulcinj.com\/blog\/wp-json\/wp\/v2\/types\/post"}],"author":[{"embeddable":true,"href":"https:\/\/www.visit-ulcinj.com\/blog\/wp-json\/wp\/v2\/users\/1"}],"replies":[{"embeddable":true,"href":"https:\/\/www.visit-ulcinj.com\/blog\/wp-json\/wp\/v2\/comments?post=7549"}],"version-history":[{"count":0,"href":"https:\/\/www.visit-ulcinj.com\/blog\/wp-json\/wp\/v2\/posts\/7549\/revisions"}],"wp:attachment":[{"href":"https:\/\/www.visit-ulcinj.com\/blog\/wp-json\/wp\/v2\/media?parent=7549"}],"wp:term":[{"taxonomy":"category","embeddable":true,"href":"https:\/\/www.visit-ulcinj.com\/blog\/wp-json\/wp\/v2\/categories?post=7549"},{"taxonomy":"post_tag","embeddable":true,"href":"https:\/\/www.visit-ulcinj.com\/blog\/wp-json\/wp\/v2\/tags?post=7549"}],"curies":[{"name":"wp","href":"https:\/\/api.w.org\/{rel}","templated":true}]}}