{"id":75494,"date":"2013-10-22T17:16:34","date_gmt":"2013-10-22T16:16:34","guid":{"rendered":"http:\/\/www.visit-ulcinj.com\/blog\/?p=75494"},"modified":"2013-10-24T14:33:57","modified_gmt":"2013-10-24T13:33:57","slug":"cungu-takon-perfaqesuesit-e-vodakomit-te-malit-te-zi","status":"publish","type":"post","link":"https:\/\/www.visit-ulcinj.com\/blog\/2013\/10\/22\/cungu-takon-perfaqesuesit-e-vodakomit-te-malit-te-zi\/","title":{"rendered":"Cungu takon p\u00ebrfaq\u00ebsuesit e Vodakomit t\u00eb Malit t\u00eb Zi"},"content":{"rendered":"<p><strong><a href=\"http:\/\/www.visit-ulcinj.com\/blog\/wp-content\/uploads\/2013\/10\/Nazif-Cungu-Vodacom.jpg\"><img loading=\"lazy\" class=\"alignleft  wp-image-75495\" alt=\"Nazif-Cungu-Vodacom\" src=\"http:\/\/www.visit-ulcinj.com\/blog\/wp-content\/uploads\/2013\/10\/Nazif-Cungu-Vodacom.jpg\" width=\"508\" height=\"360\" \/><\/a>Kryetari Cungu me bashkpuntor\u00ebt e tij prit sot n\u00eb takim p\u00ebrfaq\u00ebsuesit e Vodakomit t\u00eb Malit t\u00eb Zi<\/strong><\/p>\n<p>Kryetari i komun\u00ebs s\u00eb Ulqinit z.Nazif Cungu me bashkpuntor\u00ebt e tij prit sot n\u00eb takim p\u00ebrfaq\u00ebsuesit e Vodakomit t\u00eb Malit t\u00eb Zi.<br \/>\nKy takim \u00ebsht\u00eb n\u00eb vazhden e pun\u00ebs pregaditore p\u00ebr implementimin e faz\u00ebs s\u00eb par\u00eb t\u00eb projektit p\u00ebr uj\u00ebsjell\u00ebs dhe kanalizime n\u00eb komunen e Ulqinit financuar nga Banka Gjermane p\u00ebr Zhvillim &#8211; KFW.<br \/>\nP\u00ebrfaq\u00ebsuesit e Vodakomit u shprehen se jan\u00eb n\u00eb pregaditje t\u00eb tenderit p\u00ebr zgjedhjen e konsultantit p\u00ebr hartimin e studimit t\u00eb implementimit t\u00eb fazes s\u00eb par\u00eb t\u00eb projektit p\u00ebr uj\u00ebsjell\u00ebs dhe kanalizime n\u00eb Ulqin si dhe tenderit p\u00ebr zgjedhjen e konsultantit p\u00ebr mb\u00ebshjetje administrative ku presin edhe mb\u00ebshtetjen e komun\u00ebs s\u00eb Ulqinit dhe nd\u00ebrmarrjes p\u00ebr uj\u00ebsjell\u00ebs dhe kanalizime Ulqin n\u00eb plotsimin e obligimeve t\u00eb marra q\u00eb rrjedhin nga marr\u00ebveshja e n\u00ebnshkruar n\u00eb gusht t\u00eb k\u00ebtij viti nga KFW Banka, Ministria e Turizmit dhe Planifikimit Hapsinor, Vodakomi, Komuna e Ulqinit dhe Nd\u00ebrmarrja Publike Uj\u00ebsjell\u00ebs dhe Kanalizime Ulqin.<\/p>\n<p>Nga kjo marr\u00ebveshje komuna e Ulqinit ka marr\u00eb obligim realizimin e pageses s\u00eb kotizimit ndaj Vodakomit, shlyerjen e obligimeve ndaj nd\u00ebrmarrjes publike Uj\u00ebsjell\u00ebs dhe Kanalizime-Ulqin si dhe aprovimin e rritjes s\u00eb \u00e7mimit t\u00eb ujit n\u00eb komunen e Ulqinit.<br \/>\nLidhur me obligimet e marra kryetari Cungu u shpreh se komuna e Ulqinit ka realizuar pagesen e kotizimit ndaj Vodakomit, me k\u00ebrkes\u00eb t\u00eb nd\u00ebrmarrjes p\u00ebr uj\u00ebsjell\u00ebs dhe kanalizime komuna ka aprovuar rritjen e \u00e7mimit t\u00eb ujit p\u00ebr amvisni n\u00eb nivelin prej 19% dhe sa i p\u00ebrket obligimeve ndaj nd\u00ebrmarrjes p\u00ebr uj\u00ebsjell\u00ebs dhe kanalizime q\u00eb pretendohen n\u00eb vler\u00eb prej rreth 430 000 euro, komuna e Ulqinit ka marr\u00eb p\u00ebrsiper shlyerjen e kontibuteve t\u00eb k\u00ebsaj nd\u00ebrmarrje n\u00eb vleren prej rreth 300 000 euro dhe \u00ebsht\u00eb duke shikuar mund\u00ebsin\u00eb e shlyerjes s\u00eb pjeses s\u00eb mbetur t\u00eb borxhit.<br \/>\nP\u00ebr obligimet e marra nga nd\u00ebrmarrja p\u00ebr uj\u00ebsjell\u00ebs dhe kanalizime si\u00e7 jan\u00eb marrja e masave p\u00ebr uljen e humbjes s\u00eb ujit n\u00eb rrjet, rritjen e realizimit t\u00eb pageses s\u00eb ujit nga shfryt\u00ebzuesit, uljen e numrit t\u00eb pun\u00ebtor\u00ebve e t\u00eb tjera, p\u00ebrfaq\u00ebsuesit e Vodakomit u shprehen se ka vonesa n\u00eb p\u00ebrmbushje t\u00eb k\u00ebtyre obligimeve megjithate besojn\u00eb n\u00eb realizimin e tyre.<\/p>\n<p>N\u00eb n\u00ebntor t\u00eb k\u00ebtij viti KFW Banka do t\u00eb n\u00ebnshkruaj marrveshjen me qeverin e Malit t\u00eb Zi p\u00ebr financimin e faz\u00ebs s\u00eb pest\u00eb t\u00eb investimeve n\u00eb uj\u00ebsjell\u00ebs dhe kanalizime n\u00eb Mal t\u00eb Zi si dhe marrveshjen me komunen e Ulqinit dhe nd\u00ebrmarrjen publike Uj\u00ebsjell\u00ebs dhe Kanalizime Ulqin p\u00ebr mb\u00ebshtetjen financiare n\u00eb vler\u00eb prej rreth 1 milion euro n\u00eb p\u00ebrmirsimin e rrjetit t\u00eb uj\u00ebsjell\u00ebsit dhe kapaciteteve administrative t\u00eb k\u00ebsaj nd\u00ebrmarrje.<\/p>\n<p>&nbsp;<\/p>\n","protected":false},"excerpt":{"rendered":"<p>Kryetari Cungu me bashkpuntor\u00ebt e tij prit sot n\u00eb takim p\u00ebrfaq\u00ebsuesit e Vodakomit t\u00eb Malit t\u00eb Zi Kryetari i komun\u00ebs s\u00eb Ulqinit z.Nazif Cungu me bashkpuntor\u00ebt e tij prit sot n\u00eb takim p\u00ebrfaq\u00ebsuesit e Vodakomit t\u00eb Malit t\u00eb Zi. Ky takim \u00ebsht\u00eb n\u00eb vazhden e pun\u00ebs pregaditore p\u00ebr implementimin e faz\u00ebs s\u00eb par\u00eb t\u00eb projektit [&hellip;]<\/p>\n","protected":false},"author":1,"featured_media":0,"comment_status":"closed","ping_status":"closed","sticky":false,"template":"","format":"standard","meta":{"spay_email":"","jetpack_publicize_message":"","jetpack_is_tweetstorm":false,"jetpack_publicize_feature_enabled":true},"categories":[15],"tags":[],"jetpack_publicize_connections":[],"yoast_head":"<!-- This site is optimized with the Yoast SEO plugin v19.1 - https:\/\/yoast.com\/wordpress\/plugins\/seo\/ -->\n<title>Cungu takon p\u00ebrfaq\u00ebsuesit e Vodakomit t\u00eb Malit t\u00eb Zi - Lajme nga Ulqini<\/title>\n<meta name=\"description\" content=\"Kryetari Cungu me bashkpuntor\u00ebt e tij prit sot n\u00eb takim p\u00ebrfaq\u00ebsuesit e Vodakomit t\u00eb Malit t\u00eb Zi Kryetari i komun\u00ebs s\u00eb Ulqinit z.Nazif Cungu me\" \/>\n<meta name=\"robots\" content=\"index, follow, max-snippet:-1, max-image-preview:large, max-video-preview:-1\" \/>\n<link rel=\"canonical\" href=\"https:\/\/www.visit-ulcinj.com\/blog\/2013\/10\/22\/cungu-takon-perfaqesuesit-e-vodakomit-te-malit-te-zi\/\" \/>\n<meta property=\"og:locale\" content=\"en_US\" \/>\n<meta property=\"og:type\" content=\"article\" \/>\n<meta property=\"og:title\" content=\"Cungu takon p\u00ebrfaq\u00ebsuesit e Vodakomit t\u00eb Malit t\u00eb Zi - Lajme nga Ulqini\" \/>\n<meta property=\"og:description\" content=\"Kryetari Cungu me bashkpuntor\u00ebt e tij prit sot n\u00eb takim p\u00ebrfaq\u00ebsuesit e Vodakomit t\u00eb Malit t\u00eb Zi Kryetari i komun\u00ebs s\u00eb Ulqinit z.Nazif Cungu me\" \/>\n<meta property=\"og:url\" content=\"https:\/\/www.visit-ulcinj.com\/blog\/2013\/10\/22\/cungu-takon-perfaqesuesit-e-vodakomit-te-malit-te-zi\/\" \/>\n<meta property=\"og:site_name\" content=\"Lajme nga Ulqini\" \/>\n<meta property=\"article:published_time\" content=\"2013-10-22T16:16:34+00:00\" \/>\n<meta property=\"article:modified_time\" content=\"2013-10-24T13:33:57+00:00\" \/>\n<meta property=\"og:image\" content=\"http:\/\/www.visit-ulcinj.com\/blog\/wp-content\/uploads\/2013\/10\/Nazif-Cungu-Vodacom.jpg\" \/>\n<meta name=\"twitter:label1\" content=\"Written by\" \/>\n\t<meta name=\"twitter:data1\" content=\"ulqini\" \/>\n\t<meta name=\"twitter:label2\" content=\"Est. reading time\" \/>\n\t<meta name=\"twitter:data2\" content=\"3 minutes\" \/>\n<script type=\"application\/ld+json\" class=\"yoast-schema-graph\">{\"@context\":\"https:\/\/schema.org\",\"@graph\":[{\"@type\":\"WebSite\",\"@id\":\"https:\/\/www.visit-ulcinj.com\/blog\/#website\",\"url\":\"https:\/\/www.visit-ulcinj.com\/blog\/\",\"name\":\"Lajme nga Ulqini\",\"description\":\"Lajme,Vijesti,Ulqini,Ulqin,Crna Gora,Mali i Zi\",\"potentialAction\":[{\"@type\":\"SearchAction\",\"target\":{\"@type\":\"EntryPoint\",\"urlTemplate\":\"https:\/\/www.visit-ulcinj.com\/blog\/?s={search_term_string}\"},\"query-input\":\"required name=search_term_string\"}],\"inLanguage\":\"en-US\"},{\"@type\":\"ImageObject\",\"inLanguage\":\"en-US\",\"@id\":\"https:\/\/www.visit-ulcinj.com\/blog\/2013\/10\/22\/cungu-takon-perfaqesuesit-e-vodakomit-te-malit-te-zi\/#primaryimage\",\"url\":\"https:\/\/www.visit-ulcinj.com\/blog\/wp-content\/uploads\/2013\/10\/Nazif-Cungu-Vodacom.jpg\",\"contentUrl\":\"https:\/\/www.visit-ulcinj.com\/blog\/wp-content\/uploads\/2013\/10\/Nazif-Cungu-Vodacom.jpg\",\"width\":640,\"height\":480},{\"@type\":\"WebPage\",\"@id\":\"https:\/\/www.visit-ulcinj.com\/blog\/2013\/10\/22\/cungu-takon-perfaqesuesit-e-vodakomit-te-malit-te-zi\/#webpage\",\"url\":\"https:\/\/www.visit-ulcinj.com\/blog\/2013\/10\/22\/cungu-takon-perfaqesuesit-e-vodakomit-te-malit-te-zi\/\",\"name\":\"Cungu takon p\u00ebrfaq\u00ebsuesit e Vodakomit t\u00eb Malit t\u00eb Zi - Lajme nga Ulqini\",\"isPartOf\":{\"@id\":\"https:\/\/www.visit-ulcinj.com\/blog\/#website\"},\"primaryImageOfPage\":{\"@id\":\"https:\/\/www.visit-ulcinj.com\/blog\/2013\/10\/22\/cungu-takon-perfaqesuesit-e-vodakomit-te-malit-te-zi\/#primaryimage\"},\"datePublished\":\"2013-10-22T16:16:34+00:00\",\"dateModified\":\"2013-10-24T13:33:57+00:00\",\"author\":{\"@id\":\"https:\/\/www.visit-ulcinj.com\/blog\/#\/schema\/person\/dcab619c614d3038751c63bc2aadc06d\"},\"description\":\"Kryetari Cungu me bashkpuntor\u00ebt e tij prit sot n\u00eb takim p\u00ebrfaq\u00ebsuesit e Vodakomit t\u00eb Malit t\u00eb Zi Kryetari i komun\u00ebs s\u00eb Ulqinit z.Nazif Cungu me\",\"breadcrumb\":{\"@id\":\"https:\/\/www.visit-ulcinj.com\/blog\/2013\/10\/22\/cungu-takon-perfaqesuesit-e-vodakomit-te-malit-te-zi\/#breadcrumb\"},\"inLanguage\":\"en-US\",\"potentialAction\":[{\"@type\":\"ReadAction\",\"target\":[\"https:\/\/www.visit-ulcinj.com\/blog\/2013\/10\/22\/cungu-takon-perfaqesuesit-e-vodakomit-te-malit-te-zi\/\"]}]},{\"@type\":\"BreadcrumbList\",\"@id\":\"https:\/\/www.visit-ulcinj.com\/blog\/2013\/10\/22\/cungu-takon-perfaqesuesit-e-vodakomit-te-malit-te-zi\/#breadcrumb\",\"itemListElement\":[{\"@type\":\"ListItem\",\"position\":1,\"name\":\"Cungu takon p\u00ebrfaq\u00ebsuesit e Vodakomit t\u00eb Malit t\u00eb Zi\"}]},{\"@type\":\"Person\",\"@id\":\"https:\/\/www.visit-ulcinj.com\/blog\/#\/schema\/person\/dcab619c614d3038751c63bc2aadc06d\",\"name\":\"ulqini\",\"sameAs\":[\"http:\/\/www.visit-ulcinj.com\"],\"url\":\"https:\/\/www.visit-ulcinj.com\/blog\/author\/admin\/\"}]}<\/script>\n<!-- \/ Yoast SEO plugin. -->","yoast_head_json":{"title":"Cungu takon p\u00ebrfaq\u00ebsuesit e Vodakomit t\u00eb Malit t\u00eb Zi - Lajme nga Ulqini","description":"Kryetari Cungu me bashkpuntor\u00ebt e tij prit sot n\u00eb takim p\u00ebrfaq\u00ebsuesit e Vodakomit t\u00eb Malit t\u00eb Zi Kryetari i komun\u00ebs s\u00eb Ulqinit z.Nazif Cungu me","robots":{"index":"index","follow":"follow","max-snippet":"max-snippet:-1","max-image-preview":"max-image-preview:large","max-video-preview":"max-video-preview:-1"},"canonical":"https:\/\/www.visit-ulcinj.com\/blog\/2013\/10\/22\/cungu-takon-perfaqesuesit-e-vodakomit-te-malit-te-zi\/","og_locale":"en_US","og_type":"article","og_title":"Cungu takon p\u00ebrfaq\u00ebsuesit e Vodakomit t\u00eb Malit t\u00eb Zi - Lajme nga Ulqini","og_description":"Kryetari Cungu me bashkpuntor\u00ebt e tij prit sot n\u00eb takim p\u00ebrfaq\u00ebsuesit e Vodakomit t\u00eb Malit t\u00eb Zi Kryetari i komun\u00ebs s\u00eb Ulqinit z.Nazif Cungu me","og_url":"https:\/\/www.visit-ulcinj.com\/blog\/2013\/10\/22\/cungu-takon-perfaqesuesit-e-vodakomit-te-malit-te-zi\/","og_site_name":"Lajme nga Ulqini","article_published_time":"2013-10-22T16:16:34+00:00","article_modified_time":"2013-10-24T13:33:57+00:00","og_image":[{"url":"http:\/\/www.visit-ulcinj.com\/blog\/wp-content\/uploads\/2013\/10\/Nazif-Cungu-Vodacom.jpg"}],"twitter_misc":{"Written by":"ulqini","Est. reading time":"3 minutes"},"schema":{"@context":"https:\/\/schema.org","@graph":[{"@type":"WebSite","@id":"https:\/\/www.visit-ulcinj.com\/blog\/#website","url":"https:\/\/www.visit-ulcinj.com\/blog\/","name":"Lajme nga Ulqini","description":"Lajme,Vijesti,Ulqini,Ulqin,Crna Gora,Mali i Zi","potentialAction":[{"@type":"SearchAction","target":{"@type":"EntryPoint","urlTemplate":"https:\/\/www.visit-ulcinj.com\/blog\/?s={search_term_string}"},"query-input":"required name=search_term_string"}],"inLanguage":"en-US"},{"@type":"ImageObject","inLanguage":"en-US","@id":"https:\/\/www.visit-ulcinj.com\/blog\/2013\/10\/22\/cungu-takon-perfaqesuesit-e-vodakomit-te-malit-te-zi\/#primaryimage","url":"https:\/\/www.visit-ulcinj.com\/blog\/wp-content\/uploads\/2013\/10\/Nazif-Cungu-Vodacom.jpg","contentUrl":"https:\/\/www.visit-ulcinj.com\/blog\/wp-content\/uploads\/2013\/10\/Nazif-Cungu-Vodacom.jpg","width":640,"height":480},{"@type":"WebPage","@id":"https:\/\/www.visit-ulcinj.com\/blog\/2013\/10\/22\/cungu-takon-perfaqesuesit-e-vodakomit-te-malit-te-zi\/#webpage","url":"https:\/\/www.visit-ulcinj.com\/blog\/2013\/10\/22\/cungu-takon-perfaqesuesit-e-vodakomit-te-malit-te-zi\/","name":"Cungu takon p\u00ebrfaq\u00ebsuesit e Vodakomit t\u00eb Malit t\u00eb Zi - Lajme nga Ulqini","isPartOf":{"@id":"https:\/\/www.visit-ulcinj.com\/blog\/#website"},"primaryImageOfPage":{"@id":"https:\/\/www.visit-ulcinj.com\/blog\/2013\/10\/22\/cungu-takon-perfaqesuesit-e-vodakomit-te-malit-te-zi\/#primaryimage"},"datePublished":"2013-10-22T16:16:34+00:00","dateModified":"2013-10-24T13:33:57+00:00","author":{"@id":"https:\/\/www.visit-ulcinj.com\/blog\/#\/schema\/person\/dcab619c614d3038751c63bc2aadc06d"},"description":"Kryetari Cungu me bashkpuntor\u00ebt e tij prit sot n\u00eb takim p\u00ebrfaq\u00ebsuesit e Vodakomit t\u00eb Malit t\u00eb Zi Kryetari i komun\u00ebs s\u00eb Ulqinit z.Nazif Cungu me","breadcrumb":{"@id":"https:\/\/www.visit-ulcinj.com\/blog\/2013\/10\/22\/cungu-takon-perfaqesuesit-e-vodakomit-te-malit-te-zi\/#breadcrumb"},"inLanguage":"en-US","potentialAction":[{"@type":"ReadAction","target":["https:\/\/www.visit-ulcinj.com\/blog\/2013\/10\/22\/cungu-takon-perfaqesuesit-e-vodakomit-te-malit-te-zi\/"]}]},{"@type":"BreadcrumbList","@id":"https:\/\/www.visit-ulcinj.com\/blog\/2013\/10\/22\/cungu-takon-perfaqesuesit-e-vodakomit-te-malit-te-zi\/#breadcrumb","itemListElement":[{"@type":"ListItem","position":1,"name":"Cungu takon p\u00ebrfaq\u00ebsuesit e Vodakomit t\u00eb Malit t\u00eb Zi"}]},{"@type":"Person","@id":"https:\/\/www.visit-ulcinj.com\/blog\/#\/schema\/person\/dcab619c614d3038751c63bc2aadc06d","name":"ulqini","sameAs":["http:\/\/www.visit-ulcinj.com"],"url":"https:\/\/www.visit-ulcinj.com\/blog\/author\/admin\/"}]}},"jetpack_featured_media_url":"","jetpack_sharing_enabled":true,"jetpack_shortlink":"https:\/\/wp.me\/pe6lTn-jDE","_links":{"self":[{"href":"https:\/\/www.visit-ulcinj.com\/blog\/wp-json\/wp\/v2\/posts\/75494"}],"collection":[{"href":"https:\/\/www.visit-ulcinj.com\/blog\/wp-json\/wp\/v2\/posts"}],"about":[{"href":"https:\/\/www.visit-ulcinj.com\/blog\/wp-json\/wp\/v2\/types\/post"}],"author":[{"embeddable":true,"href":"https:\/\/www.visit-ulcinj.com\/blog\/wp-json\/wp\/v2\/users\/1"}],"replies":[{"embeddable":true,"href":"https:\/\/www.visit-ulcinj.com\/blog\/wp-json\/wp\/v2\/comments?post=75494"}],"version-history":[{"count":1,"href":"https:\/\/www.visit-ulcinj.com\/blog\/wp-json\/wp\/v2\/posts\/75494\/revisions"}],"predecessor-version":[{"id":75496,"href":"https:\/\/www.visit-ulcinj.com\/blog\/wp-json\/wp\/v2\/posts\/75494\/revisions\/75496"}],"wp:attachment":[{"href":"https:\/\/www.visit-ulcinj.com\/blog\/wp-json\/wp\/v2\/media?parent=75494"}],"wp:term":[{"taxonomy":"category","embeddable":true,"href":"https:\/\/www.visit-ulcinj.com\/blog\/wp-json\/wp\/v2\/categories?post=75494"},{"taxonomy":"post_tag","embeddable":true,"href":"https:\/\/www.visit-ulcinj.com\/blog\/wp-json\/wp\/v2\/tags?post=75494"}],"curies":[{"name":"wp","href":"https:\/\/api.w.org\/{rel}","templated":true}]}}