{"id":75497,"date":"2013-10-23T10:43:22","date_gmt":"2013-10-23T09:43:22","guid":{"rendered":"http:\/\/www.visit-ulcinj.com\/blog\/?p=75497"},"modified":"2013-10-23T10:43:22","modified_gmt":"2013-10-23T09:43:22","slug":"cungu-novi-izbori-ce-se-odrzati-kraja-aprila","status":"publish","type":"post","link":"https:\/\/www.visit-ulcinj.com\/blog\/2013\/10\/23\/cungu-novi-izbori-ce-se-odrzati-kraja-aprila\/","title":{"rendered":"Cungu: Novi izbori \u0107e se odr\u017eati do kraja aprila"},"content":{"rendered":"<p><strong><a href=\"http:\/\/www.visit-ulcinj.com\/blog\/wp-content\/uploads\/2012\/06\/Nazif-Cungu-Ulcinj-taoc-Morskog-dobra.jpg\"><img loading=\"lazy\" class=\"alignleft  wp-image-61999\" alt=\"Nazif-Cungu - Ulcinj taoc Morskog dobra\" src=\"http:\/\/www.visit-ulcinj.com\/blog\/wp-content\/uploads\/2012\/06\/Nazif-Cungu-Ulcinj-taoc-Morskog-dobra.jpg\" width=\"508\" height=\"360\" \/><\/a>Vanredni izbori jedna od opcija<\/strong><\/p>\n<p><strong>ULCINJ \u2013 Na sjednici kolegijuma Skup\u0161tine op\u0161tine Ulcinj zakazanoj za petak bi\u0107e odre\u0111en datum odr\u017eavanja Skup\u0161tine kao i o ta\u010dkama dnevnog reda. Zbog krize unutar vladaju\u0107e koalicije, parlament Ulcinja nije zasijedao vi\u0161e od sto dana.<\/strong><\/p>\n<p>Kriza u vladaju\u0107oj koaliciji koju \u010dine partije FORCA, SDP, Perspektiva i Demokratska partija postala je o\u010digledna jo\u0161 u julu. Na posljednjoj sjednici, koja je prekinuta 5. jula, bilo je jasno da koalicija koja je na vlasti u ovoj op\u0161tini vi\u0161e ne funkcioni\u0161e. Tada je vladaju\u0107a Forca napravila kvorum sa opozicionim DPS-om. Nije uslijedio nastavak sjednice i ona je zaklju\u010dena 31. jula bez usvajanja izvje\u0161taja o radu predsjednika op\u0161tine. U julu su se \u010dule te\u0161ke optu\u017ebe izme\u0111u koalicionih partnera \u2013 \u010delnika Force Nazifa Cungua i lidera ulcinjskog SDP-a Selima Resulbegovi\u0107a. Tada je Cungu razrije\u0161io Resulbegovi\u0107a sa mjesta potpredsjednika op\u0161tine. Tokom septembra i oktobra skoro sve partije su se izjasnile da su jedini izlaz iz komplikovane politi\u010dke situacije vanredni izbori. Nedavni poku\u0161aji pregovora izme\u0111u opozicionog DPS-a i Force o prekompoziciji vlasti bez izbora nijesu urodili plodom.<\/p>\n<p>&#8211; Sigurno je de \u0107e se novi izbori odr\u017eati do kraja aprila, a mo\u017eda i prije \u2013 rekao je Pobjedi Nazif Cungu, predsjednik op\u0161tine Ulcinj i \u010delnik partije Forca.<\/p>\n<p>On je kazao da o\u010dekuje da se nekoliko ta\u010daka na\u0111u na dnevnom redu sjednice kolegijuma i to je rebalans bud\u017eeta i odluke vezane za investicije.<\/p>\n<p>&#8211; Datum odr\u017eavanja naredne sjednice Skup\u0161tine treba da bude stvar dogovora izme\u0111u vlasti i opozicije \u2013 rekao je Cungu.<\/p>\n<p>Selim Resulbegovi\u0107, \u010delnik ulcinjskog SDP-a, o\u010dekuje rasplet komplikovane politi\u010dke situacije.<\/p>\n<p>&#8211; O\u010dekujemo da se nastavi rasprava o izvje\u0161taju o radu predsjednika op\u0161tine i da se utvrdi razlog zbog \u010dega je do\u0161lo do krize. Ovo je najgora situacija. Parlament se ne sastaje ve\u0107 tri mjeseca \u2013 ocijenio je Resulbegovi\u0107.<\/p>\n<p>\u0160ef ulcinjskog DPS-a Ljoro Nreki\u0107 Pobjedi je rekao da o\u010dekuje da \u0107e se dogovoriti da se \u0161to prije odr\u017ei Skup\u0161tina sa redovnim ta\u010dkama dnevnog reda.<\/p>\n<p>&#8211;\u00a0 Ja \u0107u insistirati da jedna od ta\u010daka bude raspisivanje novih izbora u \u0161to kra\u0107em roku, jer je to u najboljem interesu svih gra\u0111ana \u2013 kazao je Ljoro Nreki\u0107.<\/p>\n<p><em><strong>A.\u017d.<\/strong><\/em><\/p>\n<p><strong>Izvor: POBJEDA<\/strong><\/p>\n","protected":false},"excerpt":{"rendered":"<p>Vanredni izbori jedna od opcija ULCINJ \u2013 Na sjednici kolegijuma Skup\u0161tine op\u0161tine Ulcinj zakazanoj za petak bi\u0107e odre\u0111en datum odr\u017eavanja Skup\u0161tine kao i o ta\u010dkama dnevnog reda. Zbog krize unutar vladaju\u0107e koalicije, parlament Ulcinja nije zasijedao vi\u0161e od sto dana. Kriza u vladaju\u0107oj koaliciji koju \u010dine partije FORCA, SDP, Perspektiva i Demokratska partija postala je [&hellip;]<\/p>\n","protected":false},"author":1,"featured_media":0,"comment_status":"closed","ping_status":"closed","sticky":false,"template":"","format":"standard","meta":{"spay_email":"","jetpack_publicize_message":"","jetpack_is_tweetstorm":false,"jetpack_publicize_feature_enabled":true},"categories":[8337],"tags":[],"jetpack_publicize_connections":[],"yoast_head":"<!-- This site is optimized with the Yoast SEO plugin v19.1 - https:\/\/yoast.com\/wordpress\/plugins\/seo\/ -->\n<title>Cungu: Novi izbori \u0107e se odr\u017eati do kraja aprila - Lajme nga Ulqini<\/title>\n<meta name=\"description\" content=\"Vanredni izbori jedna od opcija ULCINJ \u2013 Na sjednici kolegijuma Skup\u0161tine op\u0161tine Ulcinj zakazanoj za petak bi\u0107e odre\u0111en datum odr\u017eavanja Skup\u0161tine kao i\" \/>\n<meta name=\"robots\" content=\"index, follow, max-snippet:-1, max-image-preview:large, max-video-preview:-1\" \/>\n<link rel=\"canonical\" href=\"https:\/\/www.visit-ulcinj.com\/blog\/2013\/10\/23\/cungu-novi-izbori-ce-se-odrzati-kraja-aprila\/\" \/>\n<meta property=\"og:locale\" content=\"en_US\" \/>\n<meta property=\"og:type\" content=\"article\" \/>\n<meta property=\"og:title\" content=\"Cungu: Novi izbori \u0107e se odr\u017eati do kraja aprila - Lajme nga Ulqini\" \/>\n<meta property=\"og:description\" content=\"Vanredni izbori jedna od opcija ULCINJ \u2013 Na sjednici kolegijuma Skup\u0161tine op\u0161tine Ulcinj zakazanoj za petak bi\u0107e odre\u0111en datum odr\u017eavanja Skup\u0161tine kao i\" \/>\n<meta property=\"og:url\" content=\"https:\/\/www.visit-ulcinj.com\/blog\/2013\/10\/23\/cungu-novi-izbori-ce-se-odrzati-kraja-aprila\/\" \/>\n<meta property=\"og:site_name\" content=\"Lajme nga Ulqini\" \/>\n<meta property=\"article:published_time\" content=\"2013-10-23T09:43:22+00:00\" \/>\n<meta property=\"og:image\" content=\"http:\/\/www.visit-ulcinj.com\/blog\/wp-content\/uploads\/2012\/06\/Nazif-Cungu-Ulcinj-taoc-Morskog-dobra.jpg\" \/>\n<meta name=\"twitter:label1\" content=\"Written by\" \/>\n\t<meta name=\"twitter:data1\" content=\"ulqini\" \/>\n\t<meta name=\"twitter:label2\" content=\"Est. reading time\" \/>\n\t<meta name=\"twitter:data2\" content=\"2 minutes\" \/>\n<script type=\"application\/ld+json\" class=\"yoast-schema-graph\">{\"@context\":\"https:\/\/schema.org\",\"@graph\":[{\"@type\":\"WebSite\",\"@id\":\"https:\/\/www.visit-ulcinj.com\/blog\/#website\",\"url\":\"https:\/\/www.visit-ulcinj.com\/blog\/\",\"name\":\"Lajme nga Ulqini\",\"description\":\"Lajme,Vijesti,Ulqini,Ulqin,Crna Gora,Mali i Zi\",\"potentialAction\":[{\"@type\":\"SearchAction\",\"target\":{\"@type\":\"EntryPoint\",\"urlTemplate\":\"https:\/\/www.visit-ulcinj.com\/blog\/?s={search_term_string}\"},\"query-input\":\"required name=search_term_string\"}],\"inLanguage\":\"en-US\"},{\"@type\":\"ImageObject\",\"inLanguage\":\"en-US\",\"@id\":\"https:\/\/www.visit-ulcinj.com\/blog\/2013\/10\/23\/cungu-novi-izbori-ce-se-odrzati-kraja-aprila\/#primaryimage\",\"url\":\"https:\/\/www.visit-ulcinj.com\/blog\/wp-content\/uploads\/2012\/06\/Nazif-Cungu-Ulcinj-taoc-Morskog-dobra.jpg\",\"contentUrl\":\"https:\/\/www.visit-ulcinj.com\/blog\/wp-content\/uploads\/2012\/06\/Nazif-Cungu-Ulcinj-taoc-Morskog-dobra.jpg\",\"width\":\"640\",\"height\":\"416\"},{\"@type\":\"WebPage\",\"@id\":\"https:\/\/www.visit-ulcinj.com\/blog\/2013\/10\/23\/cungu-novi-izbori-ce-se-odrzati-kraja-aprila\/#webpage\",\"url\":\"https:\/\/www.visit-ulcinj.com\/blog\/2013\/10\/23\/cungu-novi-izbori-ce-se-odrzati-kraja-aprila\/\",\"name\":\"Cungu: Novi izbori \u0107e se odr\u017eati do kraja aprila - Lajme nga Ulqini\",\"isPartOf\":{\"@id\":\"https:\/\/www.visit-ulcinj.com\/blog\/#website\"},\"primaryImageOfPage\":{\"@id\":\"https:\/\/www.visit-ulcinj.com\/blog\/2013\/10\/23\/cungu-novi-izbori-ce-se-odrzati-kraja-aprila\/#primaryimage\"},\"datePublished\":\"2013-10-23T09:43:22+00:00\",\"dateModified\":\"2013-10-23T09:43:22+00:00\",\"author\":{\"@id\":\"https:\/\/www.visit-ulcinj.com\/blog\/#\/schema\/person\/dcab619c614d3038751c63bc2aadc06d\"},\"description\":\"Vanredni izbori jedna od opcija ULCINJ \u2013 Na sjednici kolegijuma Skup\u0161tine op\u0161tine Ulcinj zakazanoj za petak bi\u0107e odre\u0111en datum odr\u017eavanja Skup\u0161tine kao i\",\"breadcrumb\":{\"@id\":\"https:\/\/www.visit-ulcinj.com\/blog\/2013\/10\/23\/cungu-novi-izbori-ce-se-odrzati-kraja-aprila\/#breadcrumb\"},\"inLanguage\":\"en-US\",\"potentialAction\":[{\"@type\":\"ReadAction\",\"target\":[\"https:\/\/www.visit-ulcinj.com\/blog\/2013\/10\/23\/cungu-novi-izbori-ce-se-odrzati-kraja-aprila\/\"]}]},{\"@type\":\"BreadcrumbList\",\"@id\":\"https:\/\/www.visit-ulcinj.com\/blog\/2013\/10\/23\/cungu-novi-izbori-ce-se-odrzati-kraja-aprila\/#breadcrumb\",\"itemListElement\":[{\"@type\":\"ListItem\",\"position\":1,\"name\":\"Cungu: Novi izbori \u0107e se odr\u017eati do kraja aprila\"}]},{\"@type\":\"Person\",\"@id\":\"https:\/\/www.visit-ulcinj.com\/blog\/#\/schema\/person\/dcab619c614d3038751c63bc2aadc06d\",\"name\":\"ulqini\",\"sameAs\":[\"http:\/\/www.visit-ulcinj.com\"],\"url\":\"https:\/\/www.visit-ulcinj.com\/blog\/author\/admin\/\"}]}<\/script>\n<!-- \/ Yoast SEO plugin. -->","yoast_head_json":{"title":"Cungu: Novi izbori \u0107e se odr\u017eati do kraja aprila - Lajme nga Ulqini","description":"Vanredni izbori jedna od opcija ULCINJ \u2013 Na sjednici kolegijuma Skup\u0161tine op\u0161tine Ulcinj zakazanoj za petak bi\u0107e odre\u0111en datum odr\u017eavanja Skup\u0161tine kao i","robots":{"index":"index","follow":"follow","max-snippet":"max-snippet:-1","max-image-preview":"max-image-preview:large","max-video-preview":"max-video-preview:-1"},"canonical":"https:\/\/www.visit-ulcinj.com\/blog\/2013\/10\/23\/cungu-novi-izbori-ce-se-odrzati-kraja-aprila\/","og_locale":"en_US","og_type":"article","og_title":"Cungu: Novi izbori \u0107e se odr\u017eati do kraja aprila - Lajme nga Ulqini","og_description":"Vanredni izbori jedna od opcija ULCINJ \u2013 Na sjednici kolegijuma Skup\u0161tine op\u0161tine Ulcinj zakazanoj za petak bi\u0107e odre\u0111en datum odr\u017eavanja Skup\u0161tine kao i","og_url":"https:\/\/www.visit-ulcinj.com\/blog\/2013\/10\/23\/cungu-novi-izbori-ce-se-odrzati-kraja-aprila\/","og_site_name":"Lajme nga Ulqini","article_published_time":"2013-10-23T09:43:22+00:00","og_image":[{"url":"http:\/\/www.visit-ulcinj.com\/blog\/wp-content\/uploads\/2012\/06\/Nazif-Cungu-Ulcinj-taoc-Morskog-dobra.jpg"}],"twitter_misc":{"Written by":"ulqini","Est. reading time":"2 minutes"},"schema":{"@context":"https:\/\/schema.org","@graph":[{"@type":"WebSite","@id":"https:\/\/www.visit-ulcinj.com\/blog\/#website","url":"https:\/\/www.visit-ulcinj.com\/blog\/","name":"Lajme nga Ulqini","description":"Lajme,Vijesti,Ulqini,Ulqin,Crna Gora,Mali i Zi","potentialAction":[{"@type":"SearchAction","target":{"@type":"EntryPoint","urlTemplate":"https:\/\/www.visit-ulcinj.com\/blog\/?s={search_term_string}"},"query-input":"required name=search_term_string"}],"inLanguage":"en-US"},{"@type":"ImageObject","inLanguage":"en-US","@id":"https:\/\/www.visit-ulcinj.com\/blog\/2013\/10\/23\/cungu-novi-izbori-ce-se-odrzati-kraja-aprila\/#primaryimage","url":"https:\/\/www.visit-ulcinj.com\/blog\/wp-content\/uploads\/2012\/06\/Nazif-Cungu-Ulcinj-taoc-Morskog-dobra.jpg","contentUrl":"https:\/\/www.visit-ulcinj.com\/blog\/wp-content\/uploads\/2012\/06\/Nazif-Cungu-Ulcinj-taoc-Morskog-dobra.jpg","width":"640","height":"416"},{"@type":"WebPage","@id":"https:\/\/www.visit-ulcinj.com\/blog\/2013\/10\/23\/cungu-novi-izbori-ce-se-odrzati-kraja-aprila\/#webpage","url":"https:\/\/www.visit-ulcinj.com\/blog\/2013\/10\/23\/cungu-novi-izbori-ce-se-odrzati-kraja-aprila\/","name":"Cungu: Novi izbori \u0107e se odr\u017eati do kraja aprila - Lajme nga Ulqini","isPartOf":{"@id":"https:\/\/www.visit-ulcinj.com\/blog\/#website"},"primaryImageOfPage":{"@id":"https:\/\/www.visit-ulcinj.com\/blog\/2013\/10\/23\/cungu-novi-izbori-ce-se-odrzati-kraja-aprila\/#primaryimage"},"datePublished":"2013-10-23T09:43:22+00:00","dateModified":"2013-10-23T09:43:22+00:00","author":{"@id":"https:\/\/www.visit-ulcinj.com\/blog\/#\/schema\/person\/dcab619c614d3038751c63bc2aadc06d"},"description":"Vanredni izbori jedna od opcija ULCINJ \u2013 Na sjednici kolegijuma Skup\u0161tine op\u0161tine Ulcinj zakazanoj za petak bi\u0107e odre\u0111en datum odr\u017eavanja Skup\u0161tine kao i","breadcrumb":{"@id":"https:\/\/www.visit-ulcinj.com\/blog\/2013\/10\/23\/cungu-novi-izbori-ce-se-odrzati-kraja-aprila\/#breadcrumb"},"inLanguage":"en-US","potentialAction":[{"@type":"ReadAction","target":["https:\/\/www.visit-ulcinj.com\/blog\/2013\/10\/23\/cungu-novi-izbori-ce-se-odrzati-kraja-aprila\/"]}]},{"@type":"BreadcrumbList","@id":"https:\/\/www.visit-ulcinj.com\/blog\/2013\/10\/23\/cungu-novi-izbori-ce-se-odrzati-kraja-aprila\/#breadcrumb","itemListElement":[{"@type":"ListItem","position":1,"name":"Cungu: Novi izbori \u0107e se odr\u017eati do kraja aprila"}]},{"@type":"Person","@id":"https:\/\/www.visit-ulcinj.com\/blog\/#\/schema\/person\/dcab619c614d3038751c63bc2aadc06d","name":"ulqini","sameAs":["http:\/\/www.visit-ulcinj.com"],"url":"https:\/\/www.visit-ulcinj.com\/blog\/author\/admin\/"}]}},"jetpack_featured_media_url":"","jetpack_sharing_enabled":true,"jetpack_shortlink":"https:\/\/wp.me\/pe6lTn-jDH","_links":{"self":[{"href":"https:\/\/www.visit-ulcinj.com\/blog\/wp-json\/wp\/v2\/posts\/75497"}],"collection":[{"href":"https:\/\/www.visit-ulcinj.com\/blog\/wp-json\/wp\/v2\/posts"}],"about":[{"href":"https:\/\/www.visit-ulcinj.com\/blog\/wp-json\/wp\/v2\/types\/post"}],"author":[{"embeddable":true,"href":"https:\/\/www.visit-ulcinj.com\/blog\/wp-json\/wp\/v2\/users\/1"}],"replies":[{"embeddable":true,"href":"https:\/\/www.visit-ulcinj.com\/blog\/wp-json\/wp\/v2\/comments?post=75497"}],"version-history":[{"count":1,"href":"https:\/\/www.visit-ulcinj.com\/blog\/wp-json\/wp\/v2\/posts\/75497\/revisions"}],"predecessor-version":[{"id":75498,"href":"https:\/\/www.visit-ulcinj.com\/blog\/wp-json\/wp\/v2\/posts\/75497\/revisions\/75498"}],"wp:attachment":[{"href":"https:\/\/www.visit-ulcinj.com\/blog\/wp-json\/wp\/v2\/media?parent=75497"}],"wp:term":[{"taxonomy":"category","embeddable":true,"href":"https:\/\/www.visit-ulcinj.com\/blog\/wp-json\/wp\/v2\/categories?post=75497"},{"taxonomy":"post_tag","embeddable":true,"href":"https:\/\/www.visit-ulcinj.com\/blog\/wp-json\/wp\/v2\/tags?post=75497"}],"curies":[{"name":"wp","href":"https:\/\/api.w.org\/{rel}","templated":true}]}}