{"id":75499,"date":"2013-10-23T10:46:17","date_gmt":"2013-10-23T09:46:17","guid":{"rendered":"http:\/\/www.visit-ulcinj.com\/blog\/?p=75499"},"modified":"2013-10-23T18:19:21","modified_gmt":"2013-10-23T17:19:21","slug":"cetkovic-cirkus-u-cilju-bolje-trgovine","status":"publish","type":"post","link":"https:\/\/www.visit-ulcinj.com\/blog\/2013\/10\/23\/cetkovic-cirkus-u-cilju-bolje-trgovine\/","title":{"rendered":"\u0106etkovi\u0107: Cirkus u cilju bolje trgovine"},"content":{"rendered":"<p align=\"justify\"><a href=\"http:\/\/www.visit-ulcinj.com\/blog\/wp-content\/uploads\/2013\/03\/Andrija-Cetkovic_Ulcinj.jpg\"><img loading=\"lazy\" class=\"alignleft size-full wp-image-70135\" alt=\"Andrija Cetkovic_Ulcinj\" src=\"http:\/\/www.visit-ulcinj.com\/blog\/wp-content\/uploads\/2013\/03\/Andrija-Cetkovic_Ulcinj.jpg\" width=\"304\" height=\"304\" srcset=\"https:\/\/www.visit-ulcinj.com\/blog\/wp-content\/uploads\/2013\/03\/Andrija-Cetkovic_Ulcinj.jpg 304w, https:\/\/www.visit-ulcinj.com\/blog\/wp-content\/uploads\/2013\/03\/Andrija-Cetkovic_Ulcinj-150x150.jpg 150w, https:\/\/www.visit-ulcinj.com\/blog\/wp-content\/uploads\/2013\/03\/Andrija-Cetkovic_Ulcinj-300x300.jpg 300w\" sizes=\"(max-width: 304px) 100vw, 304px\" \/><\/a>ULCINj &#8211; Predsjednik SO Ulcinj Milazim Mustafa zakazao je za petak kolegijum Skup\u0161tine na kome bi kona\u010dno trebalo da se vidi ima li kraja aktuelnoj politi\u010dkoj krizi, odnosno ho\u0107e li lokalni parlament nastaviti sa radom ili slijede vanredni izbori. Mustafa je \u201eDanu\u201c saop\u0161tio kako \u0107e predsjednicima odborni\u010dkih klubova predlo\u017eiti dnevni red sjednice, na kome bi trebalo da se na\u0111u: Izvje\u0161taj o radu predsjednika op\u0161tine, rebalans bud\u017eeta, Izvje\u0161taji o radu javnih preduze\u0107a, odluke o dokompletiranju urbanisti\u010dkih parcela&#8230; &#8211; Ovo je samo predlog, a vidje\u0107emo da li \u0107e do kolegijuma do\u0107i i kakvi \u0107e biti stavovi oko sjednice. Mislim da \u0107emo u petak kona\u010dno vidjeti gdje smo i mo\u017eemo li na\u010diniti napredak. U suprotnom, i\u0107i \u0107e se na vanredne izbore ali ne ove ve\u0107 naredne godine, vjerovatno na prolje\u0107e &#8211; ka\u017ee Mustafa.<\/p>\n<p>Podsje\u0107amo da je poslednja sjednica SO Ulcinj prekinuta po\u010detkom jula, i nije potom nastavljena, jer koalicione partije na vlasti, zbog izra\u017eenih neslaganja, nisu postigle konsenzus oko podr\u0161ke Izvje\u0161taju o radu predsjednika op\u0161tine Nazifa Cungua, koji je tada bio na dnevnom redu.<\/p>\n<p>U opoziciji smatraju da predstoje\u0107i kolegijum ne\u0107e donijeti ni\u0161ta novo u odnosima partija koje su na vlasti. Predsjednik Odborni\u010dkog kluba koalicije \u201e Bolji Ulcinj &#8211; Bolja Crna Gora\u201c <b>Andrija \u0106etkovi\u0107<\/b> (SNP) smatra da Forca, DP i DPS nisu blizu dogovora i da se u petak ne\u0107e desiti ni\u0161ta \u0161to bi promijenilo postoje\u0107u situaciju.<\/p>\n<p>&#8211; Kao neko ko nije u\u010destvovao u pregovorima, koji se svode na to da se ostvari \u0161to bolja trgovina, nemamo informaciju da li su se oni koji vode op\u0161tinu, iza kulisa ovog cirkusa, ne\u0161to izdogovarali. Mislim da jo\u0161 nisu na\u010disto \u0161ta \u0107e uraditi jer, po svoj prilici, oni o tome i ne odlu\u010duju &#8211; ka\u017ee \u0106etkovi\u0107 i dodaje kako \u0107e na kolegijumu predlo\u017eiti da se na sjednici, ako je uop\u0161te bude, raspravlja o razrje\u0161enju predsjednika Skup\u0161tine kao i radu predsjednika op\u0161tine.<\/p>\n<p>\u2013 Neko treba da odgovori za\u0161to je sjednica iz jula prekinuta i nije nastavljena. U stanju u kome se nalazimo nemamo vremena za gubljenje. Na\u017ealost oni koji su najodgovorniji trenutno, ne brinu mnogo o Ulcinju pa im vrijeme i ne predstavlja apsolutno ni\u0161ta. Oni se politikom i ne bave zbog op\u0161teg dobra, nego zbog svojih li\u010dnih interesa &#8211; tvrdi \u0106etkovi\u0107 koji je ranije vi\u0161e puta ponovio da treba i\u0107i \u0161to prije na izbore.<\/p>\n<p><strong>Izvor: Dan online<\/strong><\/p>\n","protected":false},"excerpt":{"rendered":"<p>ULCINj &#8211; Predsjednik SO Ulcinj Milazim Mustafa zakazao je za petak kolegijum Skup\u0161tine na kome bi kona\u010dno trebalo da se vidi ima li kraja aktuelnoj politi\u010dkoj krizi, odnosno ho\u0107e li lokalni parlament nastaviti sa radom ili slijede vanredni izbori. Mustafa je \u201eDanu\u201c saop\u0161tio kako \u0107e predsjednicima odborni\u010dkih klubova predlo\u017eiti dnevni red sjednice, na kome bi [&hellip;]<\/p>\n","protected":false},"author":1,"featured_media":0,"comment_status":"closed","ping_status":"closed","sticky":false,"template":"","format":"standard","meta":{"spay_email":"","jetpack_publicize_message":"","jetpack_is_tweetstorm":false,"jetpack_publicize_feature_enabled":true},"categories":[8337],"tags":[],"jetpack_publicize_connections":[],"yoast_head":"<!-- This site is optimized with the Yoast SEO plugin v19.1 - https:\/\/yoast.com\/wordpress\/plugins\/seo\/ -->\n<title>\u0106etkovi\u0107: Cirkus u cilju bolje trgovine - Lajme nga Ulqini<\/title>\n<meta name=\"description\" content=\"ULCINj - Predsjednik SO Ulcinj Milazim Mustafa zakazao je za petak kolegijum Skup\u0161tine na kome bi kona\u010dno trebalo da se vidi ima li kraja aktuelnoj\" \/>\n<meta name=\"robots\" content=\"index, follow, max-snippet:-1, max-image-preview:large, max-video-preview:-1\" \/>\n<link rel=\"canonical\" href=\"https:\/\/www.visit-ulcinj.com\/blog\/2013\/10\/23\/cetkovic-cirkus-u-cilju-bolje-trgovine\/\" \/>\n<meta property=\"og:locale\" content=\"en_US\" \/>\n<meta property=\"og:type\" content=\"article\" \/>\n<meta property=\"og:title\" content=\"\u0106etkovi\u0107: Cirkus u cilju bolje trgovine - Lajme nga Ulqini\" \/>\n<meta property=\"og:description\" content=\"ULCINj - Predsjednik SO Ulcinj Milazim Mustafa zakazao je za petak kolegijum Skup\u0161tine na kome bi kona\u010dno trebalo da se vidi ima li kraja aktuelnoj\" \/>\n<meta property=\"og:url\" content=\"https:\/\/www.visit-ulcinj.com\/blog\/2013\/10\/23\/cetkovic-cirkus-u-cilju-bolje-trgovine\/\" \/>\n<meta property=\"og:site_name\" content=\"Lajme nga Ulqini\" \/>\n<meta property=\"article:published_time\" content=\"2013-10-23T09:46:17+00:00\" \/>\n<meta property=\"article:modified_time\" content=\"2013-10-23T17:19:21+00:00\" \/>\n<meta property=\"og:image\" content=\"http:\/\/www.visit-ulcinj.com\/blog\/wp-content\/uploads\/2013\/03\/Andrija-Cetkovic_Ulcinj.jpg\" \/>\n<meta name=\"twitter:label1\" content=\"Written by\" \/>\n\t<meta name=\"twitter:data1\" content=\"ulqini\" \/>\n\t<meta name=\"twitter:label2\" content=\"Est. reading time\" \/>\n\t<meta name=\"twitter:data2\" content=\"2 minutes\" \/>\n<script type=\"application\/ld+json\" class=\"yoast-schema-graph\">{\"@context\":\"https:\/\/schema.org\",\"@graph\":[{\"@type\":\"WebSite\",\"@id\":\"https:\/\/www.visit-ulcinj.com\/blog\/#website\",\"url\":\"https:\/\/www.visit-ulcinj.com\/blog\/\",\"name\":\"Lajme nga Ulqini\",\"description\":\"Lajme,Vijesti,Ulqini,Ulqin,Crna Gora,Mali i Zi\",\"potentialAction\":[{\"@type\":\"SearchAction\",\"target\":{\"@type\":\"EntryPoint\",\"urlTemplate\":\"https:\/\/www.visit-ulcinj.com\/blog\/?s={search_term_string}\"},\"query-input\":\"required name=search_term_string\"}],\"inLanguage\":\"en-US\"},{\"@type\":\"ImageObject\",\"inLanguage\":\"en-US\",\"@id\":\"https:\/\/www.visit-ulcinj.com\/blog\/2013\/10\/23\/cetkovic-cirkus-u-cilju-bolje-trgovine\/#primaryimage\",\"url\":\"https:\/\/www.visit-ulcinj.com\/blog\/wp-content\/uploads\/2013\/03\/Andrija-Cetkovic_Ulcinj.jpg\",\"contentUrl\":\"https:\/\/www.visit-ulcinj.com\/blog\/wp-content\/uploads\/2013\/03\/Andrija-Cetkovic_Ulcinj.jpg\",\"width\":304,\"height\":304},{\"@type\":\"WebPage\",\"@id\":\"https:\/\/www.visit-ulcinj.com\/blog\/2013\/10\/23\/cetkovic-cirkus-u-cilju-bolje-trgovine\/#webpage\",\"url\":\"https:\/\/www.visit-ulcinj.com\/blog\/2013\/10\/23\/cetkovic-cirkus-u-cilju-bolje-trgovine\/\",\"name\":\"\u0106etkovi\u0107: Cirkus u cilju bolje trgovine - Lajme nga Ulqini\",\"isPartOf\":{\"@id\":\"https:\/\/www.visit-ulcinj.com\/blog\/#website\"},\"primaryImageOfPage\":{\"@id\":\"https:\/\/www.visit-ulcinj.com\/blog\/2013\/10\/23\/cetkovic-cirkus-u-cilju-bolje-trgovine\/#primaryimage\"},\"datePublished\":\"2013-10-23T09:46:17+00:00\",\"dateModified\":\"2013-10-23T17:19:21+00:00\",\"author\":{\"@id\":\"https:\/\/www.visit-ulcinj.com\/blog\/#\/schema\/person\/dcab619c614d3038751c63bc2aadc06d\"},\"description\":\"ULCINj - Predsjednik SO Ulcinj Milazim Mustafa zakazao je za petak kolegijum Skup\u0161tine na kome bi kona\u010dno trebalo da se vidi ima li kraja aktuelnoj\",\"breadcrumb\":{\"@id\":\"https:\/\/www.visit-ulcinj.com\/blog\/2013\/10\/23\/cetkovic-cirkus-u-cilju-bolje-trgovine\/#breadcrumb\"},\"inLanguage\":\"en-US\",\"potentialAction\":[{\"@type\":\"ReadAction\",\"target\":[\"https:\/\/www.visit-ulcinj.com\/blog\/2013\/10\/23\/cetkovic-cirkus-u-cilju-bolje-trgovine\/\"]}]},{\"@type\":\"BreadcrumbList\",\"@id\":\"https:\/\/www.visit-ulcinj.com\/blog\/2013\/10\/23\/cetkovic-cirkus-u-cilju-bolje-trgovine\/#breadcrumb\",\"itemListElement\":[{\"@type\":\"ListItem\",\"position\":1,\"name\":\"\u0106etkovi\u0107: Cirkus u cilju bolje trgovine\"}]},{\"@type\":\"Person\",\"@id\":\"https:\/\/www.visit-ulcinj.com\/blog\/#\/schema\/person\/dcab619c614d3038751c63bc2aadc06d\",\"name\":\"ulqini\",\"sameAs\":[\"http:\/\/www.visit-ulcinj.com\"],\"url\":\"https:\/\/www.visit-ulcinj.com\/blog\/author\/admin\/\"}]}<\/script>\n<!-- \/ Yoast SEO plugin. -->","yoast_head_json":{"title":"\u0106etkovi\u0107: Cirkus u cilju bolje trgovine - Lajme nga Ulqini","description":"ULCINj - Predsjednik SO Ulcinj Milazim Mustafa zakazao je za petak kolegijum Skup\u0161tine na kome bi kona\u010dno trebalo da se vidi ima li kraja aktuelnoj","robots":{"index":"index","follow":"follow","max-snippet":"max-snippet:-1","max-image-preview":"max-image-preview:large","max-video-preview":"max-video-preview:-1"},"canonical":"https:\/\/www.visit-ulcinj.com\/blog\/2013\/10\/23\/cetkovic-cirkus-u-cilju-bolje-trgovine\/","og_locale":"en_US","og_type":"article","og_title":"\u0106etkovi\u0107: Cirkus u cilju bolje trgovine - Lajme nga Ulqini","og_description":"ULCINj - Predsjednik SO Ulcinj Milazim Mustafa zakazao je za petak kolegijum Skup\u0161tine na kome bi kona\u010dno trebalo da se vidi ima li kraja aktuelnoj","og_url":"https:\/\/www.visit-ulcinj.com\/blog\/2013\/10\/23\/cetkovic-cirkus-u-cilju-bolje-trgovine\/","og_site_name":"Lajme nga Ulqini","article_published_time":"2013-10-23T09:46:17+00:00","article_modified_time":"2013-10-23T17:19:21+00:00","og_image":[{"url":"http:\/\/www.visit-ulcinj.com\/blog\/wp-content\/uploads\/2013\/03\/Andrija-Cetkovic_Ulcinj.jpg"}],"twitter_misc":{"Written by":"ulqini","Est. reading time":"2 minutes"},"schema":{"@context":"https:\/\/schema.org","@graph":[{"@type":"WebSite","@id":"https:\/\/www.visit-ulcinj.com\/blog\/#website","url":"https:\/\/www.visit-ulcinj.com\/blog\/","name":"Lajme nga Ulqini","description":"Lajme,Vijesti,Ulqini,Ulqin,Crna Gora,Mali i Zi","potentialAction":[{"@type":"SearchAction","target":{"@type":"EntryPoint","urlTemplate":"https:\/\/www.visit-ulcinj.com\/blog\/?s={search_term_string}"},"query-input":"required name=search_term_string"}],"inLanguage":"en-US"},{"@type":"ImageObject","inLanguage":"en-US","@id":"https:\/\/www.visit-ulcinj.com\/blog\/2013\/10\/23\/cetkovic-cirkus-u-cilju-bolje-trgovine\/#primaryimage","url":"https:\/\/www.visit-ulcinj.com\/blog\/wp-content\/uploads\/2013\/03\/Andrija-Cetkovic_Ulcinj.jpg","contentUrl":"https:\/\/www.visit-ulcinj.com\/blog\/wp-content\/uploads\/2013\/03\/Andrija-Cetkovic_Ulcinj.jpg","width":304,"height":304},{"@type":"WebPage","@id":"https:\/\/www.visit-ulcinj.com\/blog\/2013\/10\/23\/cetkovic-cirkus-u-cilju-bolje-trgovine\/#webpage","url":"https:\/\/www.visit-ulcinj.com\/blog\/2013\/10\/23\/cetkovic-cirkus-u-cilju-bolje-trgovine\/","name":"\u0106etkovi\u0107: Cirkus u cilju bolje trgovine - Lajme nga Ulqini","isPartOf":{"@id":"https:\/\/www.visit-ulcinj.com\/blog\/#website"},"primaryImageOfPage":{"@id":"https:\/\/www.visit-ulcinj.com\/blog\/2013\/10\/23\/cetkovic-cirkus-u-cilju-bolje-trgovine\/#primaryimage"},"datePublished":"2013-10-23T09:46:17+00:00","dateModified":"2013-10-23T17:19:21+00:00","author":{"@id":"https:\/\/www.visit-ulcinj.com\/blog\/#\/schema\/person\/dcab619c614d3038751c63bc2aadc06d"},"description":"ULCINj - Predsjednik SO Ulcinj Milazim Mustafa zakazao je za petak kolegijum Skup\u0161tine na kome bi kona\u010dno trebalo da se vidi ima li kraja aktuelnoj","breadcrumb":{"@id":"https:\/\/www.visit-ulcinj.com\/blog\/2013\/10\/23\/cetkovic-cirkus-u-cilju-bolje-trgovine\/#breadcrumb"},"inLanguage":"en-US","potentialAction":[{"@type":"ReadAction","target":["https:\/\/www.visit-ulcinj.com\/blog\/2013\/10\/23\/cetkovic-cirkus-u-cilju-bolje-trgovine\/"]}]},{"@type":"BreadcrumbList","@id":"https:\/\/www.visit-ulcinj.com\/blog\/2013\/10\/23\/cetkovic-cirkus-u-cilju-bolje-trgovine\/#breadcrumb","itemListElement":[{"@type":"ListItem","position":1,"name":"\u0106etkovi\u0107: Cirkus u cilju bolje trgovine"}]},{"@type":"Person","@id":"https:\/\/www.visit-ulcinj.com\/blog\/#\/schema\/person\/dcab619c614d3038751c63bc2aadc06d","name":"ulqini","sameAs":["http:\/\/www.visit-ulcinj.com"],"url":"https:\/\/www.visit-ulcinj.com\/blog\/author\/admin\/"}]}},"jetpack_featured_media_url":"","jetpack_sharing_enabled":true,"jetpack_shortlink":"https:\/\/wp.me\/pe6lTn-jDJ","_links":{"self":[{"href":"https:\/\/www.visit-ulcinj.com\/blog\/wp-json\/wp\/v2\/posts\/75499"}],"collection":[{"href":"https:\/\/www.visit-ulcinj.com\/blog\/wp-json\/wp\/v2\/posts"}],"about":[{"href":"https:\/\/www.visit-ulcinj.com\/blog\/wp-json\/wp\/v2\/types\/post"}],"author":[{"embeddable":true,"href":"https:\/\/www.visit-ulcinj.com\/blog\/wp-json\/wp\/v2\/users\/1"}],"replies":[{"embeddable":true,"href":"https:\/\/www.visit-ulcinj.com\/blog\/wp-json\/wp\/v2\/comments?post=75499"}],"version-history":[{"count":3,"href":"https:\/\/www.visit-ulcinj.com\/blog\/wp-json\/wp\/v2\/posts\/75499\/revisions"}],"predecessor-version":[{"id":75545,"href":"https:\/\/www.visit-ulcinj.com\/blog\/wp-json\/wp\/v2\/posts\/75499\/revisions\/75545"}],"wp:attachment":[{"href":"https:\/\/www.visit-ulcinj.com\/blog\/wp-json\/wp\/v2\/media?parent=75499"}],"wp:term":[{"taxonomy":"category","embeddable":true,"href":"https:\/\/www.visit-ulcinj.com\/blog\/wp-json\/wp\/v2\/categories?post=75499"},{"taxonomy":"post_tag","embeddable":true,"href":"https:\/\/www.visit-ulcinj.com\/blog\/wp-json\/wp\/v2\/tags?post=75499"}],"curies":[{"name":"wp","href":"https:\/\/api.w.org\/{rel}","templated":true}]}}