{"id":75502,"date":"2013-10-23T10:54:31","date_gmt":"2013-10-23T09:54:31","guid":{"rendered":"http:\/\/www.visit-ulcinj.com\/blog\/?p=75502"},"modified":"2013-10-23T10:54:31","modified_gmt":"2013-10-23T09:54:31","slug":"luid-skrelja-izbori-u-ulcinju-nijesu-moguci-ove-godine","status":"publish","type":"post","link":"https:\/\/www.visit-ulcinj.com\/blog\/2013\/10\/23\/luid-skrelja-izbori-u-ulcinju-nijesu-moguci-ove-godine\/","title":{"rendered":"Lui\u0111 \u0160krelja: Izbori u Ulcinju nijesu mogu\u0107i ove godine"},"content":{"rendered":"<p><a href=\"http:\/\/www.visit-ulcinj.com\/blog\/wp-content\/uploads\/2013\/10\/Luidj-Skrelja-dps.jpg\"><img loading=\"lazy\" class=\"alignleft  wp-image-75503\" alt=\"Luidj Skrelja-dps\" src=\"http:\/\/www.visit-ulcinj.com\/blog\/wp-content\/uploads\/2013\/10\/Luidj-Skrelja-dps.jpg\" width=\"508\" height=\"360\" \/><\/a>Dok se u susret izborima 16. novembra zahuktala izborna kampanja na Cetinju, Mojkovcu i u Petnjici, Ulcinjani i dalje vagaju ho\u0107e li izbore ili ne\u0107e.<br \/>\nPredsjednik SO Ulcinj Miljazim Mustafa zakazao je \u00a0preksjutra Kolegijum Skup\u0161tine na kome bi kona\u010dno trebalo da se vidi ima li kraja aktuelnoj politi\u010dkoj krizi, odnosno ho\u0107e li lokalni parlament nastaviti \u00a0rad ili slijede vanredni izbori.<\/p>\n<p>Odbornik u lokalnom parlamentu Lui\u0111 \u0160krelja za na\u0161 radio ka\u017ee &#8211; \u00a0vjeruje da ipak nije mogu\u0107e odr\u017eati vanredne izbore uskoro:<\/p>\n<p>\u00abSmatram da prije Nove godine, ne mo\u017eemo ni da stignemo jer iako sam odbornik ne vidim inicijativu, ne vidim od trenutne koalicione vlasti nikoga da izlazi iz vlasti, ne vidim da pokre\u0107u inicijativu oni se me\u0111usobno prepucavaju ali nema inicijative za skra\u0107enje mandata skup\u0161tini \u0161to je uslov da bi se raspisali izbori.\u00bb<\/p>\n<p>\u0160krelja smatra da krizu u lokalnom parlamentu mogu da rije\u0161e samo izbori. No ipak vanrednih izbora ako u Ulcinju i bude onda \u0107e to biti najvjerovatnije u prolje\u0107e naredne godine.<\/p>\n<p><strong>Radio Antena M<\/strong><\/p>\n","protected":false},"excerpt":{"rendered":"<p>Dok se u susret izborima 16. novembra zahuktala izborna kampanja na Cetinju, Mojkovcu i u Petnjici, Ulcinjani i dalje vagaju ho\u0107e li izbore ili ne\u0107e. Predsjednik SO Ulcinj Miljazim Mustafa zakazao je \u00a0preksjutra Kolegijum Skup\u0161tine na kome bi kona\u010dno trebalo da se vidi ima li kraja aktuelnoj politi\u010dkoj krizi, odnosno ho\u0107e li lokalni parlament nastaviti [&hellip;]<\/p>\n","protected":false},"author":1,"featured_media":0,"comment_status":"closed","ping_status":"closed","sticky":false,"template":"","format":"standard","meta":{"spay_email":"","jetpack_publicize_message":"","jetpack_is_tweetstorm":false,"jetpack_publicize_feature_enabled":true},"categories":[8337],"tags":[],"jetpack_publicize_connections":[],"yoast_head":"<!-- This site is optimized with the Yoast SEO plugin v19.1 - https:\/\/yoast.com\/wordpress\/plugins\/seo\/ -->\n<title>Lui\u0111 \u0160krelja: Izbori u Ulcinju nijesu mogu\u0107i ove godine - Lajme nga Ulqini<\/title>\n<meta name=\"description\" content=\"Dok se u susret izborima 16. novembra zahuktala izborna kampanja na Cetinju, Mojkovcu i u Petnjici, Ulcinjani i dalje vagaju ho\u0107e li izbore ili ne\u0107e.\" \/>\n<meta name=\"robots\" content=\"index, follow, max-snippet:-1, max-image-preview:large, max-video-preview:-1\" \/>\n<link rel=\"canonical\" href=\"https:\/\/www.visit-ulcinj.com\/blog\/2013\/10\/23\/luid-skrelja-izbori-u-ulcinju-nijesu-moguci-ove-godine\/\" \/>\n<meta property=\"og:locale\" content=\"en_US\" \/>\n<meta property=\"og:type\" content=\"article\" \/>\n<meta property=\"og:title\" content=\"Lui\u0111 \u0160krelja: Izbori u Ulcinju nijesu mogu\u0107i ove godine - Lajme nga Ulqini\" \/>\n<meta property=\"og:description\" content=\"Dok se u susret izborima 16. novembra zahuktala izborna kampanja na Cetinju, Mojkovcu i u Petnjici, Ulcinjani i dalje vagaju ho\u0107e li izbore ili ne\u0107e.\" \/>\n<meta property=\"og:url\" content=\"https:\/\/www.visit-ulcinj.com\/blog\/2013\/10\/23\/luid-skrelja-izbori-u-ulcinju-nijesu-moguci-ove-godine\/\" \/>\n<meta property=\"og:site_name\" content=\"Lajme nga Ulqini\" \/>\n<meta property=\"article:published_time\" content=\"2013-10-23T09:54:31+00:00\" \/>\n<meta property=\"og:image\" content=\"http:\/\/www.visit-ulcinj.com\/blog\/wp-content\/uploads\/2013\/10\/Luidj-Skrelja-dps.jpg\" \/>\n<meta name=\"twitter:label1\" content=\"Written by\" \/>\n\t<meta name=\"twitter:data1\" content=\"ulqini\" \/>\n\t<meta name=\"twitter:label2\" content=\"Est. reading time\" \/>\n\t<meta name=\"twitter:data2\" content=\"1 minute\" \/>\n<script type=\"application\/ld+json\" class=\"yoast-schema-graph\">{\"@context\":\"https:\/\/schema.org\",\"@graph\":[{\"@type\":\"WebSite\",\"@id\":\"https:\/\/www.visit-ulcinj.com\/blog\/#website\",\"url\":\"https:\/\/www.visit-ulcinj.com\/blog\/\",\"name\":\"Lajme nga Ulqini\",\"description\":\"Lajme,Vijesti,Ulqini,Ulqin,Crna Gora,Mali i Zi\",\"potentialAction\":[{\"@type\":\"SearchAction\",\"target\":{\"@type\":\"EntryPoint\",\"urlTemplate\":\"https:\/\/www.visit-ulcinj.com\/blog\/?s={search_term_string}\"},\"query-input\":\"required name=search_term_string\"}],\"inLanguage\":\"en-US\"},{\"@type\":\"ImageObject\",\"inLanguage\":\"en-US\",\"@id\":\"https:\/\/www.visit-ulcinj.com\/blog\/2013\/10\/23\/luid-skrelja-izbori-u-ulcinju-nijesu-moguci-ove-godine\/#primaryimage\",\"url\":\"https:\/\/www.visit-ulcinj.com\/blog\/wp-content\/uploads\/2013\/10\/Luidj-Skrelja-dps.jpg\",\"contentUrl\":\"https:\/\/www.visit-ulcinj.com\/blog\/wp-content\/uploads\/2013\/10\/Luidj-Skrelja-dps.jpg\",\"width\":540,\"height\":373},{\"@type\":\"WebPage\",\"@id\":\"https:\/\/www.visit-ulcinj.com\/blog\/2013\/10\/23\/luid-skrelja-izbori-u-ulcinju-nijesu-moguci-ove-godine\/#webpage\",\"url\":\"https:\/\/www.visit-ulcinj.com\/blog\/2013\/10\/23\/luid-skrelja-izbori-u-ulcinju-nijesu-moguci-ove-godine\/\",\"name\":\"Lui\u0111 \u0160krelja: Izbori u Ulcinju nijesu mogu\u0107i ove godine - Lajme nga Ulqini\",\"isPartOf\":{\"@id\":\"https:\/\/www.visit-ulcinj.com\/blog\/#website\"},\"primaryImageOfPage\":{\"@id\":\"https:\/\/www.visit-ulcinj.com\/blog\/2013\/10\/23\/luid-skrelja-izbori-u-ulcinju-nijesu-moguci-ove-godine\/#primaryimage\"},\"datePublished\":\"2013-10-23T09:54:31+00:00\",\"dateModified\":\"2013-10-23T09:54:31+00:00\",\"author\":{\"@id\":\"https:\/\/www.visit-ulcinj.com\/blog\/#\/schema\/person\/dcab619c614d3038751c63bc2aadc06d\"},\"description\":\"Dok se u susret izborima 16. novembra zahuktala izborna kampanja na Cetinju, Mojkovcu i u Petnjici, Ulcinjani i dalje vagaju ho\u0107e li izbore ili ne\u0107e.\",\"breadcrumb\":{\"@id\":\"https:\/\/www.visit-ulcinj.com\/blog\/2013\/10\/23\/luid-skrelja-izbori-u-ulcinju-nijesu-moguci-ove-godine\/#breadcrumb\"},\"inLanguage\":\"en-US\",\"potentialAction\":[{\"@type\":\"ReadAction\",\"target\":[\"https:\/\/www.visit-ulcinj.com\/blog\/2013\/10\/23\/luid-skrelja-izbori-u-ulcinju-nijesu-moguci-ove-godine\/\"]}]},{\"@type\":\"BreadcrumbList\",\"@id\":\"https:\/\/www.visit-ulcinj.com\/blog\/2013\/10\/23\/luid-skrelja-izbori-u-ulcinju-nijesu-moguci-ove-godine\/#breadcrumb\",\"itemListElement\":[{\"@type\":\"ListItem\",\"position\":1,\"name\":\"Lui\u0111 \u0160krelja: Izbori u Ulcinju nijesu mogu\u0107i ove godine\"}]},{\"@type\":\"Person\",\"@id\":\"https:\/\/www.visit-ulcinj.com\/blog\/#\/schema\/person\/dcab619c614d3038751c63bc2aadc06d\",\"name\":\"ulqini\",\"sameAs\":[\"http:\/\/www.visit-ulcinj.com\"],\"url\":\"https:\/\/www.visit-ulcinj.com\/blog\/author\/admin\/\"}]}<\/script>\n<!-- \/ Yoast SEO plugin. -->","yoast_head_json":{"title":"Lui\u0111 \u0160krelja: Izbori u Ulcinju nijesu mogu\u0107i ove godine - Lajme nga Ulqini","description":"Dok se u susret izborima 16. novembra zahuktala izborna kampanja na Cetinju, Mojkovcu i u Petnjici, Ulcinjani i dalje vagaju ho\u0107e li izbore ili ne\u0107e.","robots":{"index":"index","follow":"follow","max-snippet":"max-snippet:-1","max-image-preview":"max-image-preview:large","max-video-preview":"max-video-preview:-1"},"canonical":"https:\/\/www.visit-ulcinj.com\/blog\/2013\/10\/23\/luid-skrelja-izbori-u-ulcinju-nijesu-moguci-ove-godine\/","og_locale":"en_US","og_type":"article","og_title":"Lui\u0111 \u0160krelja: Izbori u Ulcinju nijesu mogu\u0107i ove godine - Lajme nga Ulqini","og_description":"Dok se u susret izborima 16. novembra zahuktala izborna kampanja na Cetinju, Mojkovcu i u Petnjici, Ulcinjani i dalje vagaju ho\u0107e li izbore ili ne\u0107e.","og_url":"https:\/\/www.visit-ulcinj.com\/blog\/2013\/10\/23\/luid-skrelja-izbori-u-ulcinju-nijesu-moguci-ove-godine\/","og_site_name":"Lajme nga Ulqini","article_published_time":"2013-10-23T09:54:31+00:00","og_image":[{"url":"http:\/\/www.visit-ulcinj.com\/blog\/wp-content\/uploads\/2013\/10\/Luidj-Skrelja-dps.jpg"}],"twitter_misc":{"Written by":"ulqini","Est. reading time":"1 minute"},"schema":{"@context":"https:\/\/schema.org","@graph":[{"@type":"WebSite","@id":"https:\/\/www.visit-ulcinj.com\/blog\/#website","url":"https:\/\/www.visit-ulcinj.com\/blog\/","name":"Lajme nga Ulqini","description":"Lajme,Vijesti,Ulqini,Ulqin,Crna Gora,Mali i Zi","potentialAction":[{"@type":"SearchAction","target":{"@type":"EntryPoint","urlTemplate":"https:\/\/www.visit-ulcinj.com\/blog\/?s={search_term_string}"},"query-input":"required name=search_term_string"}],"inLanguage":"en-US"},{"@type":"ImageObject","inLanguage":"en-US","@id":"https:\/\/www.visit-ulcinj.com\/blog\/2013\/10\/23\/luid-skrelja-izbori-u-ulcinju-nijesu-moguci-ove-godine\/#primaryimage","url":"https:\/\/www.visit-ulcinj.com\/blog\/wp-content\/uploads\/2013\/10\/Luidj-Skrelja-dps.jpg","contentUrl":"https:\/\/www.visit-ulcinj.com\/blog\/wp-content\/uploads\/2013\/10\/Luidj-Skrelja-dps.jpg","width":540,"height":373},{"@type":"WebPage","@id":"https:\/\/www.visit-ulcinj.com\/blog\/2013\/10\/23\/luid-skrelja-izbori-u-ulcinju-nijesu-moguci-ove-godine\/#webpage","url":"https:\/\/www.visit-ulcinj.com\/blog\/2013\/10\/23\/luid-skrelja-izbori-u-ulcinju-nijesu-moguci-ove-godine\/","name":"Lui\u0111 \u0160krelja: Izbori u Ulcinju nijesu mogu\u0107i ove godine - Lajme nga Ulqini","isPartOf":{"@id":"https:\/\/www.visit-ulcinj.com\/blog\/#website"},"primaryImageOfPage":{"@id":"https:\/\/www.visit-ulcinj.com\/blog\/2013\/10\/23\/luid-skrelja-izbori-u-ulcinju-nijesu-moguci-ove-godine\/#primaryimage"},"datePublished":"2013-10-23T09:54:31+00:00","dateModified":"2013-10-23T09:54:31+00:00","author":{"@id":"https:\/\/www.visit-ulcinj.com\/blog\/#\/schema\/person\/dcab619c614d3038751c63bc2aadc06d"},"description":"Dok se u susret izborima 16. novembra zahuktala izborna kampanja na Cetinju, Mojkovcu i u Petnjici, Ulcinjani i dalje vagaju ho\u0107e li izbore ili ne\u0107e.","breadcrumb":{"@id":"https:\/\/www.visit-ulcinj.com\/blog\/2013\/10\/23\/luid-skrelja-izbori-u-ulcinju-nijesu-moguci-ove-godine\/#breadcrumb"},"inLanguage":"en-US","potentialAction":[{"@type":"ReadAction","target":["https:\/\/www.visit-ulcinj.com\/blog\/2013\/10\/23\/luid-skrelja-izbori-u-ulcinju-nijesu-moguci-ove-godine\/"]}]},{"@type":"BreadcrumbList","@id":"https:\/\/www.visit-ulcinj.com\/blog\/2013\/10\/23\/luid-skrelja-izbori-u-ulcinju-nijesu-moguci-ove-godine\/#breadcrumb","itemListElement":[{"@type":"ListItem","position":1,"name":"Lui\u0111 \u0160krelja: Izbori u Ulcinju nijesu mogu\u0107i ove godine"}]},{"@type":"Person","@id":"https:\/\/www.visit-ulcinj.com\/blog\/#\/schema\/person\/dcab619c614d3038751c63bc2aadc06d","name":"ulqini","sameAs":["http:\/\/www.visit-ulcinj.com"],"url":"https:\/\/www.visit-ulcinj.com\/blog\/author\/admin\/"}]}},"jetpack_featured_media_url":"","jetpack_sharing_enabled":true,"jetpack_shortlink":"https:\/\/wp.me\/pe6lTn-jDM","_links":{"self":[{"href":"https:\/\/www.visit-ulcinj.com\/blog\/wp-json\/wp\/v2\/posts\/75502"}],"collection":[{"href":"https:\/\/www.visit-ulcinj.com\/blog\/wp-json\/wp\/v2\/posts"}],"about":[{"href":"https:\/\/www.visit-ulcinj.com\/blog\/wp-json\/wp\/v2\/types\/post"}],"author":[{"embeddable":true,"href":"https:\/\/www.visit-ulcinj.com\/blog\/wp-json\/wp\/v2\/users\/1"}],"replies":[{"embeddable":true,"href":"https:\/\/www.visit-ulcinj.com\/blog\/wp-json\/wp\/v2\/comments?post=75502"}],"version-history":[{"count":1,"href":"https:\/\/www.visit-ulcinj.com\/blog\/wp-json\/wp\/v2\/posts\/75502\/revisions"}],"predecessor-version":[{"id":75504,"href":"https:\/\/www.visit-ulcinj.com\/blog\/wp-json\/wp\/v2\/posts\/75502\/revisions\/75504"}],"wp:attachment":[{"href":"https:\/\/www.visit-ulcinj.com\/blog\/wp-json\/wp\/v2\/media?parent=75502"}],"wp:term":[{"taxonomy":"category","embeddable":true,"href":"https:\/\/www.visit-ulcinj.com\/blog\/wp-json\/wp\/v2\/categories?post=75502"},{"taxonomy":"post_tag","embeddable":true,"href":"https:\/\/www.visit-ulcinj.com\/blog\/wp-json\/wp\/v2\/tags?post=75502"}],"curies":[{"name":"wp","href":"https:\/\/api.w.org\/{rel}","templated":true}]}}