{"id":75512,"date":"2013-10-23T11:29:02","date_gmt":"2013-10-23T10:29:02","guid":{"rendered":"http:\/\/www.visit-ulcinj.com\/blog\/?p=75512"},"modified":"2013-10-23T18:20:13","modified_gmt":"2013-10-23T17:20:13","slug":"darko-vujacic-novo-pojacanje-kosarkaskog-kluba-ulcinja","status":"publish","type":"post","link":"https:\/\/www.visit-ulcinj.com\/blog\/2013\/10\/23\/darko-vujacic-novo-pojacanje-kosarkaskog-kluba-ulcinja\/","title":{"rendered":"Darko Vuja\u010di\u0107 novo pojacanje Kosarkaskog Kluba Ulcinja"},"content":{"rendered":"<p><a href=\"http:\/\/www.visit-ulcinj.com\/blog\/wp-content\/uploads\/2013\/10\/Darko-Vujacic.jpg\"><img loading=\"lazy\" class=\"alignleft  wp-image-75513\" alt=\"Darko Vujacic\" src=\"http:\/\/www.visit-ulcinj.com\/blog\/wp-content\/uploads\/2013\/10\/Darko-Vujacic.jpg\" width=\"508\" height=\"360\" \/><\/a>Pro\u0161logodi\u0161nji bek Sutjeske, Darko Vuja\u010di\u0107, nalazi se u Ulcinju gdje \u0107e u toku dana potpisati ugovor sa istoimenim crnogorskim prvoliga\u0161em.<\/p>\n<p>Iskusni, 34-godi\u0161nji ko\u0161arka\u0161 je prethodnu sezonu po\u010deo u rumunskom Rovinariju, a u januaru je poja\u010dao Nik\u0161i\u0107ane za koje je postizao 10,5 poena po me\u010du.<\/p>\n<p id=\"u_ps_jsonp_32_0_6\" tabindex=\"0\" data-ft=\"{&quot;tn&quot;:&quot;:&quot;}\"><strong><a id=\"js_199\" href=\"https:\/\/www.facebook.com\/kosarkaskiklub.ulcinj?hc_location=stream\" data-ft=\"{&quot;tn&quot;:&quot;;&quot;}\" data-hovercard=\"\/ajax\/hovercard\/user.php?id=100002098655005&amp;extragetparams=%7B%22hc_location%22%3A%22stream%22%7D\">Kosarkaski Klub Ulcinj Facebook<\/a><\/strong><\/p>\n","protected":false},"excerpt":{"rendered":"<p>Pro\u0161logodi\u0161nji bek Sutjeske, Darko Vuja\u010di\u0107, nalazi se u Ulcinju gdje \u0107e u toku dana potpisati ugovor sa istoimenim crnogorskim prvoliga\u0161em. Iskusni, 34-godi\u0161nji ko\u0161arka\u0161 je prethodnu sezonu po\u010deo u rumunskom Rovinariju, a u januaru je poja\u010dao Nik\u0161i\u0107ane za koje je postizao 10,5 poena po me\u010du. Kosarkaski Klub Ulcinj Facebook<\/p>\n","protected":false},"author":1,"featured_media":0,"comment_status":"closed","ping_status":"closed","sticky":false,"template":"","format":"standard","meta":{"spay_email":"","jetpack_publicize_message":"","jetpack_is_tweetstorm":false,"jetpack_publicize_feature_enabled":true},"categories":[6950],"tags":[],"jetpack_publicize_connections":[],"yoast_head":"<!-- This site is optimized with the Yoast SEO plugin v19.1 - https:\/\/yoast.com\/wordpress\/plugins\/seo\/ -->\n<title>Darko Vuja\u010di\u0107 novo pojacanje Kosarkaskog Kluba Ulcinja - Lajme nga Ulqini<\/title>\n<meta name=\"description\" content=\"Pro\u0161logodi\u0161nji bek Sutjeske, Darko Vuja\u010di\u0107, nalazi se u Ulcinju gdje \u0107e u toku dana potpisati ugovor sa istoimenim crnogorskim prvoliga\u0161em. Iskusni,\" \/>\n<meta name=\"robots\" content=\"index, follow, max-snippet:-1, max-image-preview:large, max-video-preview:-1\" \/>\n<link rel=\"canonical\" href=\"https:\/\/www.visit-ulcinj.com\/blog\/2013\/10\/23\/darko-vujacic-novo-pojacanje-kosarkaskog-kluba-ulcinja\/\" \/>\n<meta property=\"og:locale\" content=\"en_US\" \/>\n<meta property=\"og:type\" content=\"article\" \/>\n<meta property=\"og:title\" content=\"Darko Vuja\u010di\u0107 novo pojacanje Kosarkaskog Kluba Ulcinja - Lajme nga Ulqini\" \/>\n<meta property=\"og:description\" content=\"Pro\u0161logodi\u0161nji bek Sutjeske, Darko Vuja\u010di\u0107, nalazi se u Ulcinju gdje \u0107e u toku dana potpisati ugovor sa istoimenim crnogorskim prvoliga\u0161em. Iskusni,\" \/>\n<meta property=\"og:url\" content=\"https:\/\/www.visit-ulcinj.com\/blog\/2013\/10\/23\/darko-vujacic-novo-pojacanje-kosarkaskog-kluba-ulcinja\/\" \/>\n<meta property=\"og:site_name\" content=\"Lajme nga Ulqini\" \/>\n<meta property=\"article:published_time\" content=\"2013-10-23T10:29:02+00:00\" \/>\n<meta property=\"article:modified_time\" content=\"2013-10-23T17:20:13+00:00\" \/>\n<meta property=\"og:image\" content=\"http:\/\/www.visit-ulcinj.com\/blog\/wp-content\/uploads\/2013\/10\/Darko-Vujacic.jpg\" \/>\n<meta name=\"twitter:label1\" content=\"Written by\" \/>\n\t<meta name=\"twitter:data1\" content=\"ulqini\" \/>\n<script type=\"application\/ld+json\" class=\"yoast-schema-graph\">{\"@context\":\"https:\/\/schema.org\",\"@graph\":[{\"@type\":\"WebSite\",\"@id\":\"https:\/\/www.visit-ulcinj.com\/blog\/#website\",\"url\":\"https:\/\/www.visit-ulcinj.com\/blog\/\",\"name\":\"Lajme nga Ulqini\",\"description\":\"Lajme,Vijesti,Ulqini,Ulqin,Crna Gora,Mali i Zi\",\"potentialAction\":[{\"@type\":\"SearchAction\",\"target\":{\"@type\":\"EntryPoint\",\"urlTemplate\":\"https:\/\/www.visit-ulcinj.com\/blog\/?s={search_term_string}\"},\"query-input\":\"required name=search_term_string\"}],\"inLanguage\":\"en-US\"},{\"@type\":\"ImageObject\",\"inLanguage\":\"en-US\",\"@id\":\"https:\/\/www.visit-ulcinj.com\/blog\/2013\/10\/23\/darko-vujacic-novo-pojacanje-kosarkaskog-kluba-ulcinja\/#primaryimage\",\"url\":\"https:\/\/www.visit-ulcinj.com\/blog\/wp-content\/uploads\/2013\/10\/Darko-Vujacic.jpg\",\"contentUrl\":\"https:\/\/www.visit-ulcinj.com\/blog\/wp-content\/uploads\/2013\/10\/Darko-Vujacic.jpg\",\"width\":780,\"height\":541},{\"@type\":\"WebPage\",\"@id\":\"https:\/\/www.visit-ulcinj.com\/blog\/2013\/10\/23\/darko-vujacic-novo-pojacanje-kosarkaskog-kluba-ulcinja\/#webpage\",\"url\":\"https:\/\/www.visit-ulcinj.com\/blog\/2013\/10\/23\/darko-vujacic-novo-pojacanje-kosarkaskog-kluba-ulcinja\/\",\"name\":\"Darko Vuja\u010di\u0107 novo pojacanje Kosarkaskog Kluba Ulcinja - Lajme nga Ulqini\",\"isPartOf\":{\"@id\":\"https:\/\/www.visit-ulcinj.com\/blog\/#website\"},\"primaryImageOfPage\":{\"@id\":\"https:\/\/www.visit-ulcinj.com\/blog\/2013\/10\/23\/darko-vujacic-novo-pojacanje-kosarkaskog-kluba-ulcinja\/#primaryimage\"},\"datePublished\":\"2013-10-23T10:29:02+00:00\",\"dateModified\":\"2013-10-23T17:20:13+00:00\",\"author\":{\"@id\":\"https:\/\/www.visit-ulcinj.com\/blog\/#\/schema\/person\/dcab619c614d3038751c63bc2aadc06d\"},\"description\":\"Pro\u0161logodi\u0161nji bek Sutjeske, Darko Vuja\u010di\u0107, nalazi se u Ulcinju gdje \u0107e u toku dana potpisati ugovor sa istoimenim crnogorskim prvoliga\u0161em. Iskusni,\",\"breadcrumb\":{\"@id\":\"https:\/\/www.visit-ulcinj.com\/blog\/2013\/10\/23\/darko-vujacic-novo-pojacanje-kosarkaskog-kluba-ulcinja\/#breadcrumb\"},\"inLanguage\":\"en-US\",\"potentialAction\":[{\"@type\":\"ReadAction\",\"target\":[\"https:\/\/www.visit-ulcinj.com\/blog\/2013\/10\/23\/darko-vujacic-novo-pojacanje-kosarkaskog-kluba-ulcinja\/\"]}]},{\"@type\":\"BreadcrumbList\",\"@id\":\"https:\/\/www.visit-ulcinj.com\/blog\/2013\/10\/23\/darko-vujacic-novo-pojacanje-kosarkaskog-kluba-ulcinja\/#breadcrumb\",\"itemListElement\":[{\"@type\":\"ListItem\",\"position\":1,\"name\":\"Darko Vuja\u010di\u0107 novo pojacanje Kosarkaskog Kluba Ulcinja\"}]},{\"@type\":\"Person\",\"@id\":\"https:\/\/www.visit-ulcinj.com\/blog\/#\/schema\/person\/dcab619c614d3038751c63bc2aadc06d\",\"name\":\"ulqini\",\"sameAs\":[\"http:\/\/www.visit-ulcinj.com\"],\"url\":\"https:\/\/www.visit-ulcinj.com\/blog\/author\/admin\/\"}]}<\/script>\n<!-- \/ Yoast SEO plugin. -->","yoast_head_json":{"title":"Darko Vuja\u010di\u0107 novo pojacanje Kosarkaskog Kluba Ulcinja - Lajme nga Ulqini","description":"Pro\u0161logodi\u0161nji bek Sutjeske, Darko Vuja\u010di\u0107, nalazi se u Ulcinju gdje \u0107e u toku dana potpisati ugovor sa istoimenim crnogorskim prvoliga\u0161em. Iskusni,","robots":{"index":"index","follow":"follow","max-snippet":"max-snippet:-1","max-image-preview":"max-image-preview:large","max-video-preview":"max-video-preview:-1"},"canonical":"https:\/\/www.visit-ulcinj.com\/blog\/2013\/10\/23\/darko-vujacic-novo-pojacanje-kosarkaskog-kluba-ulcinja\/","og_locale":"en_US","og_type":"article","og_title":"Darko Vuja\u010di\u0107 novo pojacanje Kosarkaskog Kluba Ulcinja - Lajme nga Ulqini","og_description":"Pro\u0161logodi\u0161nji bek Sutjeske, Darko Vuja\u010di\u0107, nalazi se u Ulcinju gdje \u0107e u toku dana potpisati ugovor sa istoimenim crnogorskim prvoliga\u0161em. Iskusni,","og_url":"https:\/\/www.visit-ulcinj.com\/blog\/2013\/10\/23\/darko-vujacic-novo-pojacanje-kosarkaskog-kluba-ulcinja\/","og_site_name":"Lajme nga Ulqini","article_published_time":"2013-10-23T10:29:02+00:00","article_modified_time":"2013-10-23T17:20:13+00:00","og_image":[{"url":"http:\/\/www.visit-ulcinj.com\/blog\/wp-content\/uploads\/2013\/10\/Darko-Vujacic.jpg"}],"twitter_misc":{"Written by":"ulqini"},"schema":{"@context":"https:\/\/schema.org","@graph":[{"@type":"WebSite","@id":"https:\/\/www.visit-ulcinj.com\/blog\/#website","url":"https:\/\/www.visit-ulcinj.com\/blog\/","name":"Lajme nga Ulqini","description":"Lajme,Vijesti,Ulqini,Ulqin,Crna Gora,Mali i Zi","potentialAction":[{"@type":"SearchAction","target":{"@type":"EntryPoint","urlTemplate":"https:\/\/www.visit-ulcinj.com\/blog\/?s={search_term_string}"},"query-input":"required name=search_term_string"}],"inLanguage":"en-US"},{"@type":"ImageObject","inLanguage":"en-US","@id":"https:\/\/www.visit-ulcinj.com\/blog\/2013\/10\/23\/darko-vujacic-novo-pojacanje-kosarkaskog-kluba-ulcinja\/#primaryimage","url":"https:\/\/www.visit-ulcinj.com\/blog\/wp-content\/uploads\/2013\/10\/Darko-Vujacic.jpg","contentUrl":"https:\/\/www.visit-ulcinj.com\/blog\/wp-content\/uploads\/2013\/10\/Darko-Vujacic.jpg","width":780,"height":541},{"@type":"WebPage","@id":"https:\/\/www.visit-ulcinj.com\/blog\/2013\/10\/23\/darko-vujacic-novo-pojacanje-kosarkaskog-kluba-ulcinja\/#webpage","url":"https:\/\/www.visit-ulcinj.com\/blog\/2013\/10\/23\/darko-vujacic-novo-pojacanje-kosarkaskog-kluba-ulcinja\/","name":"Darko Vuja\u010di\u0107 novo pojacanje Kosarkaskog Kluba Ulcinja - Lajme nga Ulqini","isPartOf":{"@id":"https:\/\/www.visit-ulcinj.com\/blog\/#website"},"primaryImageOfPage":{"@id":"https:\/\/www.visit-ulcinj.com\/blog\/2013\/10\/23\/darko-vujacic-novo-pojacanje-kosarkaskog-kluba-ulcinja\/#primaryimage"},"datePublished":"2013-10-23T10:29:02+00:00","dateModified":"2013-10-23T17:20:13+00:00","author":{"@id":"https:\/\/www.visit-ulcinj.com\/blog\/#\/schema\/person\/dcab619c614d3038751c63bc2aadc06d"},"description":"Pro\u0161logodi\u0161nji bek Sutjeske, Darko Vuja\u010di\u0107, nalazi se u Ulcinju gdje \u0107e u toku dana potpisati ugovor sa istoimenim crnogorskim prvoliga\u0161em. Iskusni,","breadcrumb":{"@id":"https:\/\/www.visit-ulcinj.com\/blog\/2013\/10\/23\/darko-vujacic-novo-pojacanje-kosarkaskog-kluba-ulcinja\/#breadcrumb"},"inLanguage":"en-US","potentialAction":[{"@type":"ReadAction","target":["https:\/\/www.visit-ulcinj.com\/blog\/2013\/10\/23\/darko-vujacic-novo-pojacanje-kosarkaskog-kluba-ulcinja\/"]}]},{"@type":"BreadcrumbList","@id":"https:\/\/www.visit-ulcinj.com\/blog\/2013\/10\/23\/darko-vujacic-novo-pojacanje-kosarkaskog-kluba-ulcinja\/#breadcrumb","itemListElement":[{"@type":"ListItem","position":1,"name":"Darko Vuja\u010di\u0107 novo pojacanje Kosarkaskog Kluba Ulcinja"}]},{"@type":"Person","@id":"https:\/\/www.visit-ulcinj.com\/blog\/#\/schema\/person\/dcab619c614d3038751c63bc2aadc06d","name":"ulqini","sameAs":["http:\/\/www.visit-ulcinj.com"],"url":"https:\/\/www.visit-ulcinj.com\/blog\/author\/admin\/"}]}},"jetpack_featured_media_url":"","jetpack_sharing_enabled":true,"jetpack_shortlink":"https:\/\/wp.me\/pe6lTn-jDW","_links":{"self":[{"href":"https:\/\/www.visit-ulcinj.com\/blog\/wp-json\/wp\/v2\/posts\/75512"}],"collection":[{"href":"https:\/\/www.visit-ulcinj.com\/blog\/wp-json\/wp\/v2\/posts"}],"about":[{"href":"https:\/\/www.visit-ulcinj.com\/blog\/wp-json\/wp\/v2\/types\/post"}],"author":[{"embeddable":true,"href":"https:\/\/www.visit-ulcinj.com\/blog\/wp-json\/wp\/v2\/users\/1"}],"replies":[{"embeddable":true,"href":"https:\/\/www.visit-ulcinj.com\/blog\/wp-json\/wp\/v2\/comments?post=75512"}],"version-history":[{"count":1,"href":"https:\/\/www.visit-ulcinj.com\/blog\/wp-json\/wp\/v2\/posts\/75512\/revisions"}],"predecessor-version":[{"id":75514,"href":"https:\/\/www.visit-ulcinj.com\/blog\/wp-json\/wp\/v2\/posts\/75512\/revisions\/75514"}],"wp:attachment":[{"href":"https:\/\/www.visit-ulcinj.com\/blog\/wp-json\/wp\/v2\/media?parent=75512"}],"wp:term":[{"taxonomy":"category","embeddable":true,"href":"https:\/\/www.visit-ulcinj.com\/blog\/wp-json\/wp\/v2\/categories?post=75512"},{"taxonomy":"post_tag","embeddable":true,"href":"https:\/\/www.visit-ulcinj.com\/blog\/wp-json\/wp\/v2\/tags?post=75512"}],"curies":[{"name":"wp","href":"https:\/\/api.w.org\/{rel}","templated":true}]}}