{"id":75515,"date":"2013-10-23T12:31:18","date_gmt":"2013-10-23T11:31:18","guid":{"rendered":"http:\/\/www.visit-ulcinj.com\/blog\/?p=75515"},"modified":"2013-10-23T12:31:18","modified_gmt":"2013-10-23T11:31:18","slug":"canka-ofanziva-na-investitore","status":"publish","type":"post","link":"https:\/\/www.visit-ulcinj.com\/blog\/2013\/10\/23\/canka-ofanziva-na-investitore\/","title":{"rendered":"Canka: Ofanziva na investitore"},"content":{"rendered":"<p><a href=\"http:\/\/www.visit-ulcinj.com\/blog\/wp-content\/uploads\/2013\/10\/Ulcinj-Investitori.jpg\"><img loading=\"lazy\" class=\"alignleft  wp-image-75516\" alt=\"Ulcinj-Investitori\" src=\"http:\/\/www.visit-ulcinj.com\/blog\/wp-content\/uploads\/2013\/10\/Ulcinj-Investitori.jpg\" width=\"508\" height=\"413\" \/><\/a>Ulcinjska javnost dnevno je po\u010detkom ove sedmice mogla da prati s kime se sve delegacija Ulcinja, koju je predvodio predsjednik op\u0161tine Nazif Cungu, srela na sajmu Expo Real 2013 u Minhenu. Na tom izuzetno zna\u010dajnom tr\u017ei\u0161tu u\u010desnika investicionih projekata i komercijalnih nekretnina iz cijelog svijeta, Ulcinjani su imali prilike, pored ostalih, da predstave svoje potencijale funkcionerima Ministarstva ekonomije njema\u010dke pokrajine Bavarske, investitorima iz Turske, arapskih zemalja, Velike Britanije, Slovenije i Italije, koji su ih pozvali da naredne godine, u junu, u\u010destvuju na sajmu nekretnina u Milanu. Lijepo ure\u0111eni ulcinjski \u0161tand posjetili su i omiljeni gosti iz crnogorske Vlade, na \u010delu s ministrom odr\u017eivog razvoja i turizma Branimirom Gvozdenovi\u0107em, koji je za tu priliku stigao iz Be\u010da, \u0111e je dan ranije tako\u0111e govorio o mogu\u0107nostima koje investitorima pru\u017eaju Crna Gora i Ulcinj. Najavljeno je da \u0107e ova ofanziva na investitore biti uskoro nastavljena boravkom lokalnih zvani\u010dnika u D\u017eedi, u Saudijskoj Arabiji, kao i na Sajmu nekretnina u Kanu.<br \/>\n<a href=\"http:\/\/www.visit-ulcinj.com\/blog\/wp-content\/uploads\/2013\/10\/Ulcinj-Investitori-1.jpg\"><img loading=\"lazy\" class=\"alignleft  wp-image-75517\" alt=\"Ulcinj-Investitori-1\" src=\"http:\/\/www.visit-ulcinj.com\/blog\/wp-content\/uploads\/2013\/10\/Ulcinj-Investitori-1.jpg\" width=\"508\" height=\"360\" \/><\/a><\/p>\n<p>Ali, aktivnosti na terenu, ni u posljednje dvije godine, od kada je Cungu s ekipom preuzeo lokalnu vlast u Ulcinju, nijesu previ\u0161e ohrabruju\u0107e. Jer, iako je bilo najavljeno da \u0107e ove jeseni krenuti izgradnja dva luksuzna hotela u samom gradu, Jadrana i Galeba, nema izgleda da \u0107e se to i desiti. Raskopana zemlja, \u0161ut, rampa i katanac, to je sve \u0161to je ostalo od nekada\u0161njih ulcinjskih simbola. \u201eDanas ovo li\u010di na groblje, na ruinu, na ne\u0161to \u0161to je ruglo grada. Ljudi, ro\u0111eni u Ulcinju, prolaze\u0107i pored ovog mjesta, liju suze&#8221;, ka\u017ee nekada\u0161nja radnica Galeba Dragana Dragovi\u0107. Ona je s jo\u0161 60 nekada\u0161njih kolega mogla da bira: ili u penziju, ili na biro za nezapo\u0161ljene ili na trafiku da prodaje cigarete. To je najbolja slika propasti ulcinjskog turizma: nekada\u0161nji visokokvalifikovani kuvari, konobari, recepcioneri, postali su prodava\u010di u trafikama podgori\u010dkog Rok\u0161peda koji je kupio, i potom sru\u0161io taj ulcinjski hotel. Po\u010detkom godine Savjet za privatizaciju i kapitalne projekte, kojim predsjedava premijer Milo \u0110ukanovi\u0107, optu\u017eio je lokalnu vlast da je krivac \u0161to nije do\u0161lo do izgradnje tog objekta, kao i hotela Mediteran, jer ona, kako je saop\u0161teno, nije ranije donijela urbanisti\u010dke projekte za te lokacije. To je u\u010dinjeno tek krajem 2012. godine za Galeb, iako je ta kompanija jo\u0161 2007. godine uplatila komunalije u iznosu od 350 hiljada eura.<\/p>\n<p><a href=\"http:\/\/www.visit-ulcinj.com\/blog\/wp-content\/uploads\/2011\/12\/SKENDER-ELEZAGIC_ULCINJ.jpg\"><img loading=\"lazy\" class=\"alignleft  wp-image-54395\" alt=\"SKENDER ELEZAGIC_ULCINJ\" src=\"http:\/\/www.visit-ulcinj.com\/blog\/wp-content\/uploads\/2011\/12\/SKENDER-ELEZAGIC_ULCINJ.jpg\" width=\"508\" height=\"360\" \/><\/a><\/p>\n<p>\u010cinjenica je da pravi momenat za realizacije investicija nije iskori\u0161\u0107en. Sada para nema nijedan tzv. strate\u0161ki partner koji je kupio neki hotel na ulcinjskoj rivijeri, a odlukom crnogorske Skup\u0161tine nedavno su pla\u0107anja komunalija oslobo\u0111eni svi oni koji \u017eele graditi objekte visoke kategorije za smje\u0161taj gostiju. To zna\u010di da \u0107e ionako prazna op\u0161tinska kasa u Ulcinju samo za komunalije na ova tri objekta ostati uskra\u0107ena za jedan godi\u0161nji bud\u017eet ili za oko 4,5 miliona eura! Za sporost u dono\u0161enju odluka Cunguovu administraciju kritikovao je i koalicioni partner, Socijaldemokratska partija. Kako ka\u017ee \u0161ef Odborni\u010dkog kluba te stranke u op\u0161tinskom parlamentu Skender Elezagi\u0107, jednoj komisiji koju je formirao predsjednik op\u0161tine trebalo je punih 15 mjeseci da izvr\u0161i korekciju nadoknade za komunalije. \u201eA to je posao koji su bez ikakvog problema mogli da urade za svega dva-tri mjeseca dva nadle\u017ena sekretarijata, bez i\u010dije pomo\u0107i&#8221;, rekao je on dodaju\u0107i da bi, da se \u201eradilo br\u017ee i efikasnije bile ispla\u0107ene sve plate zaposlenima u lokalnoj upravi i javnim preduze\u0107ima, da Ulcinj ne bi imao potrebu da pristupa sanacionom planu niti da tra\u017ei novi kredit.<br \/>\n<a href=\"http:\/\/www.visit-ulcinj.com\/blog\/wp-content\/uploads\/2013\/10\/Loro-Nrekic-Dps-Ulcinj.jpg\"><img loading=\"lazy\" class=\"alignleft  wp-image-75519\" alt=\"Loro-Nrekic-Dps-Ulcinj\" src=\"http:\/\/www.visit-ulcinj.com\/blog\/wp-content\/uploads\/2013\/10\/Loro-Nrekic-Dps-Ulcinj.jpg\" width=\"508\" height=\"360\" \/><\/a><\/p>\n<p>Dok se, dakle, \u010deka na po\u010detak planiranih investicija, koje se, po pravilu, ve\u0107 godinama najavljuju u pravilnim vremenskim razmacima, Ulcinj nastavlja da tavori. Taj grad ima najmanje prosje\u010dne plate u zemlji, broj stanovnika opada, a op\u0161tinska vlast se neslavno raspala. \u010cak i Demokratska partija socijalista, koja je u opoziciji na lokalu, optu\u017euje aktuelnu vlast da snosi svu krivicu za ovo stanje. \u010cudno je to, ako se zna da su prakti\u010dno sve stranke koje \u010dine ulcinjsku vlast, uklju\u010duju\u0107i i Novu demokratsku snagu \u2013 Forca, u koaliciji sa DPS-om na dr\u017eavnom nivou. Ali, ni \u0110ukanovi\u0107evi socijalisti vi\u0161e ne \u017eele ni pre\u0107utno da podr\u017eavaju Cunguovo nastojanje da forsiranjem pri\u010de o milionima novih investicija ostane predsjednik op\u0161tine do oktobra naredne godine, ili u najgorem slu\u010daju, do aprila. Ove sedmice DPS je odbacio mogu\u0107nost prekompozicije lokalne vlasti i pozvao ostale politi\u010dke subjekte da se hitno zaka\u017ee sjednica lokalnog parlamenta na kojoj \u0107e biti donijeta odluka o skra\u0107enju njenog mandata i zakazivanju op\u0161tinskih izbora. \u201eI to \u0161to prije, jer ovakvo stanje nije u interesu gra\u0111ana Ulcinja&#8221;, rekao je predsjednik Op\u0161tinskog odbora DPS-a Ljoro Nreki\u0107. Sada je samo pitanje dinamike i tehnike kojom \u0107e se do\u0107i do prijevremenih izbora nakon \u0161to Skup\u0161tina nije usvojila Izvje\u0161taj o radu predsjednika op\u0161tine za 2012. godinu i gotovo tri mjeseca ne zasjeda. Ukoliko se naredne sedmice odr\u017ei sjednica Skup\u0161tine, izbori bi se mogli odr\u017eati do kraja godine.<br \/>\n<a href=\"http:\/\/www.visit-ulcinj.com\/blog\/wp-content\/uploads\/2013\/01\/Dritan-Abazovic-protiv-kriznog-poreza.jpg\"><img loading=\"lazy\" class=\"alignleft  wp-image-68109\" alt=\"Dritan Abazovic protiv kriznog poreza\" src=\"http:\/\/www.visit-ulcinj.com\/blog\/wp-content\/uploads\/2013\/01\/Dritan-Abazovic-protiv-kriznog-poreza.jpg\" width=\"508\" height=\"360\" \/><\/a><\/p>\n<p>\u201eKada je trenutna vlast u Ulcinju uspjela da raznim opstrukcijama odgodi njeno odr\u017eavanje sredinom novembra, u paketu sa Cetinjem, Mojkovcem i Petnjicom, mislim da je realnije o\u010dekivati da oni budu na prolje\u0107e, jer aktuelnoj vlasti nijesu prioritet gra\u0111ani. Jedina preokupacija im je kako da ostanu jedan dan du\u017ee na svojim pozicijama&#8221;, ocjenjuje poslanik Pozitivne Crne Gore Dritan Abazovi\u0107.<\/p>\n<p><a href=\"http:\/\/www.monitor.co.me\/index.php?option=com_content&amp;view=article&amp;id=4695:ofanziva-na-investitore&amp;catid=3210:broj-1199&amp;Itemid=4468\" target=\"_blank\"><strong>Mustafa CANKA<\/strong><\/a><br \/>\n<a href=\"http:\/\/www.monitor.co.me\/index.php?option=com_content&amp;view=article&amp;id=4695:ofanziva-na-investitore&amp;catid=3210:broj-1199&amp;Itemid=4468\" target=\"_blank\"><strong>Izvor: MONITOR<\/strong><\/a><\/p>\n<!--YouTube Error: bad URL entered-->\n","protected":false},"excerpt":{"rendered":"<p>Ulcinjska javnost dnevno je po\u010detkom ove sedmice mogla da prati s kime se sve delegacija Ulcinja, koju je predvodio predsjednik op\u0161tine Nazif Cungu, srela na sajmu Expo Real 2013 u Minhenu. Na tom izuzetno zna\u010dajnom tr\u017ei\u0161tu u\u010desnika investicionih projekata i komercijalnih nekretnina iz cijelog svijeta, Ulcinjani su imali prilike, pored ostalih, da predstave svoje potencijale [&hellip;]<\/p>\n","protected":false},"author":1,"featured_media":0,"comment_status":"closed","ping_status":"closed","sticky":false,"template":"","format":"standard","meta":{"spay_email":"","jetpack_publicize_message":"","jetpack_is_tweetstorm":false,"jetpack_publicize_feature_enabled":true},"categories":[14249],"tags":[],"jetpack_publicize_connections":[],"yoast_head":"<!-- This site is optimized with the Yoast SEO plugin v19.1 - https:\/\/yoast.com\/wordpress\/plugins\/seo\/ -->\n<title>Canka: Ofanziva na investitore - Lajme nga Ulqini<\/title>\n<meta name=\"description\" content=\"Ulcinjska javnost dnevno je po\u010detkom ove sedmice mogla da prati s kime se sve delegacija Ulcinja, koju je predvodio predsjednik op\u0161tine Nazif Cungu, srela\" \/>\n<meta name=\"robots\" content=\"index, follow, max-snippet:-1, max-image-preview:large, max-video-preview:-1\" \/>\n<link rel=\"canonical\" href=\"https:\/\/www.visit-ulcinj.com\/blog\/2013\/10\/23\/canka-ofanziva-na-investitore\/\" \/>\n<meta property=\"og:locale\" content=\"en_US\" \/>\n<meta property=\"og:type\" content=\"article\" \/>\n<meta property=\"og:title\" content=\"Canka: Ofanziva na investitore - Lajme nga Ulqini\" \/>\n<meta property=\"og:description\" content=\"Ulcinjska javnost dnevno je po\u010detkom ove sedmice mogla da prati s kime se sve delegacija Ulcinja, koju je predvodio predsjednik op\u0161tine Nazif Cungu, srela\" \/>\n<meta property=\"og:url\" content=\"https:\/\/www.visit-ulcinj.com\/blog\/2013\/10\/23\/canka-ofanziva-na-investitore\/\" \/>\n<meta property=\"og:site_name\" content=\"Lajme nga Ulqini\" \/>\n<meta property=\"article:published_time\" content=\"2013-10-23T11:31:18+00:00\" \/>\n<meta property=\"og:image\" content=\"http:\/\/www.visit-ulcinj.com\/blog\/wp-content\/uploads\/2013\/10\/Ulcinj-Investitori.jpg\" \/>\n<meta name=\"twitter:label1\" content=\"Written by\" \/>\n\t<meta name=\"twitter:data1\" content=\"ulqini\" \/>\n\t<meta name=\"twitter:label2\" content=\"Est. reading time\" \/>\n\t<meta name=\"twitter:data2\" content=\"5 minutes\" \/>\n<script type=\"application\/ld+json\" class=\"yoast-schema-graph\">{\"@context\":\"https:\/\/schema.org\",\"@graph\":[{\"@type\":\"WebSite\",\"@id\":\"https:\/\/www.visit-ulcinj.com\/blog\/#website\",\"url\":\"https:\/\/www.visit-ulcinj.com\/blog\/\",\"name\":\"Lajme nga Ulqini\",\"description\":\"Lajme,Vijesti,Ulqini,Ulqin,Crna Gora,Mali i Zi\",\"potentialAction\":[{\"@type\":\"SearchAction\",\"target\":{\"@type\":\"EntryPoint\",\"urlTemplate\":\"https:\/\/www.visit-ulcinj.com\/blog\/?s={search_term_string}\"},\"query-input\":\"required name=search_term_string\"}],\"inLanguage\":\"en-US\"},{\"@type\":\"ImageObject\",\"inLanguage\":\"en-US\",\"@id\":\"https:\/\/www.visit-ulcinj.com\/blog\/2013\/10\/23\/canka-ofanziva-na-investitore\/#primaryimage\",\"url\":\"https:\/\/www.visit-ulcinj.com\/blog\/wp-content\/uploads\/2013\/10\/Ulcinj-Investitori.jpg\",\"contentUrl\":\"https:\/\/www.visit-ulcinj.com\/blog\/wp-content\/uploads\/2013\/10\/Ulcinj-Investitori.jpg\",\"width\":960,\"height\":413},{\"@type\":\"WebPage\",\"@id\":\"https:\/\/www.visit-ulcinj.com\/blog\/2013\/10\/23\/canka-ofanziva-na-investitore\/#webpage\",\"url\":\"https:\/\/www.visit-ulcinj.com\/blog\/2013\/10\/23\/canka-ofanziva-na-investitore\/\",\"name\":\"Canka: Ofanziva na investitore - Lajme nga Ulqini\",\"isPartOf\":{\"@id\":\"https:\/\/www.visit-ulcinj.com\/blog\/#website\"},\"primaryImageOfPage\":{\"@id\":\"https:\/\/www.visit-ulcinj.com\/blog\/2013\/10\/23\/canka-ofanziva-na-investitore\/#primaryimage\"},\"datePublished\":\"2013-10-23T11:31:18+00:00\",\"dateModified\":\"2013-10-23T11:31:18+00:00\",\"author\":{\"@id\":\"https:\/\/www.visit-ulcinj.com\/blog\/#\/schema\/person\/dcab619c614d3038751c63bc2aadc06d\"},\"description\":\"Ulcinjska javnost dnevno je po\u010detkom ove sedmice mogla da prati s kime se sve delegacija Ulcinja, koju je predvodio predsjednik op\u0161tine Nazif Cungu, srela\",\"breadcrumb\":{\"@id\":\"https:\/\/www.visit-ulcinj.com\/blog\/2013\/10\/23\/canka-ofanziva-na-investitore\/#breadcrumb\"},\"inLanguage\":\"en-US\",\"potentialAction\":[{\"@type\":\"ReadAction\",\"target\":[\"https:\/\/www.visit-ulcinj.com\/blog\/2013\/10\/23\/canka-ofanziva-na-investitore\/\"]}]},{\"@type\":\"BreadcrumbList\",\"@id\":\"https:\/\/www.visit-ulcinj.com\/blog\/2013\/10\/23\/canka-ofanziva-na-investitore\/#breadcrumb\",\"itemListElement\":[{\"@type\":\"ListItem\",\"position\":1,\"name\":\"Canka: Ofanziva na investitore\"}]},{\"@type\":\"Person\",\"@id\":\"https:\/\/www.visit-ulcinj.com\/blog\/#\/schema\/person\/dcab619c614d3038751c63bc2aadc06d\",\"name\":\"ulqini\",\"sameAs\":[\"http:\/\/www.visit-ulcinj.com\"],\"url\":\"https:\/\/www.visit-ulcinj.com\/blog\/author\/admin\/\"}]}<\/script>\n<!-- \/ Yoast SEO plugin. -->","yoast_head_json":{"title":"Canka: Ofanziva na investitore - Lajme nga Ulqini","description":"Ulcinjska javnost dnevno je po\u010detkom ove sedmice mogla da prati s kime se sve delegacija Ulcinja, koju je predvodio predsjednik op\u0161tine Nazif Cungu, srela","robots":{"index":"index","follow":"follow","max-snippet":"max-snippet:-1","max-image-preview":"max-image-preview:large","max-video-preview":"max-video-preview:-1"},"canonical":"https:\/\/www.visit-ulcinj.com\/blog\/2013\/10\/23\/canka-ofanziva-na-investitore\/","og_locale":"en_US","og_type":"article","og_title":"Canka: Ofanziva na investitore - Lajme nga Ulqini","og_description":"Ulcinjska javnost dnevno je po\u010detkom ove sedmice mogla da prati s kime se sve delegacija Ulcinja, koju je predvodio predsjednik op\u0161tine Nazif Cungu, srela","og_url":"https:\/\/www.visit-ulcinj.com\/blog\/2013\/10\/23\/canka-ofanziva-na-investitore\/","og_site_name":"Lajme nga Ulqini","article_published_time":"2013-10-23T11:31:18+00:00","og_image":[{"url":"http:\/\/www.visit-ulcinj.com\/blog\/wp-content\/uploads\/2013\/10\/Ulcinj-Investitori.jpg"}],"twitter_misc":{"Written by":"ulqini","Est. reading time":"5 minutes"},"schema":{"@context":"https:\/\/schema.org","@graph":[{"@type":"WebSite","@id":"https:\/\/www.visit-ulcinj.com\/blog\/#website","url":"https:\/\/www.visit-ulcinj.com\/blog\/","name":"Lajme nga Ulqini","description":"Lajme,Vijesti,Ulqini,Ulqin,Crna Gora,Mali i Zi","potentialAction":[{"@type":"SearchAction","target":{"@type":"EntryPoint","urlTemplate":"https:\/\/www.visit-ulcinj.com\/blog\/?s={search_term_string}"},"query-input":"required name=search_term_string"}],"inLanguage":"en-US"},{"@type":"ImageObject","inLanguage":"en-US","@id":"https:\/\/www.visit-ulcinj.com\/blog\/2013\/10\/23\/canka-ofanziva-na-investitore\/#primaryimage","url":"https:\/\/www.visit-ulcinj.com\/blog\/wp-content\/uploads\/2013\/10\/Ulcinj-Investitori.jpg","contentUrl":"https:\/\/www.visit-ulcinj.com\/blog\/wp-content\/uploads\/2013\/10\/Ulcinj-Investitori.jpg","width":960,"height":413},{"@type":"WebPage","@id":"https:\/\/www.visit-ulcinj.com\/blog\/2013\/10\/23\/canka-ofanziva-na-investitore\/#webpage","url":"https:\/\/www.visit-ulcinj.com\/blog\/2013\/10\/23\/canka-ofanziva-na-investitore\/","name":"Canka: Ofanziva na investitore - Lajme nga Ulqini","isPartOf":{"@id":"https:\/\/www.visit-ulcinj.com\/blog\/#website"},"primaryImageOfPage":{"@id":"https:\/\/www.visit-ulcinj.com\/blog\/2013\/10\/23\/canka-ofanziva-na-investitore\/#primaryimage"},"datePublished":"2013-10-23T11:31:18+00:00","dateModified":"2013-10-23T11:31:18+00:00","author":{"@id":"https:\/\/www.visit-ulcinj.com\/blog\/#\/schema\/person\/dcab619c614d3038751c63bc2aadc06d"},"description":"Ulcinjska javnost dnevno je po\u010detkom ove sedmice mogla da prati s kime se sve delegacija Ulcinja, koju je predvodio predsjednik op\u0161tine Nazif Cungu, srela","breadcrumb":{"@id":"https:\/\/www.visit-ulcinj.com\/blog\/2013\/10\/23\/canka-ofanziva-na-investitore\/#breadcrumb"},"inLanguage":"en-US","potentialAction":[{"@type":"ReadAction","target":["https:\/\/www.visit-ulcinj.com\/blog\/2013\/10\/23\/canka-ofanziva-na-investitore\/"]}]},{"@type":"BreadcrumbList","@id":"https:\/\/www.visit-ulcinj.com\/blog\/2013\/10\/23\/canka-ofanziva-na-investitore\/#breadcrumb","itemListElement":[{"@type":"ListItem","position":1,"name":"Canka: Ofanziva na investitore"}]},{"@type":"Person","@id":"https:\/\/www.visit-ulcinj.com\/blog\/#\/schema\/person\/dcab619c614d3038751c63bc2aadc06d","name":"ulqini","sameAs":["http:\/\/www.visit-ulcinj.com"],"url":"https:\/\/www.visit-ulcinj.com\/blog\/author\/admin\/"}]}},"jetpack_featured_media_url":"","jetpack_sharing_enabled":true,"jetpack_shortlink":"https:\/\/wp.me\/pe6lTn-jDZ","_links":{"self":[{"href":"https:\/\/www.visit-ulcinj.com\/blog\/wp-json\/wp\/v2\/posts\/75515"}],"collection":[{"href":"https:\/\/www.visit-ulcinj.com\/blog\/wp-json\/wp\/v2\/posts"}],"about":[{"href":"https:\/\/www.visit-ulcinj.com\/blog\/wp-json\/wp\/v2\/types\/post"}],"author":[{"embeddable":true,"href":"https:\/\/www.visit-ulcinj.com\/blog\/wp-json\/wp\/v2\/users\/1"}],"replies":[{"embeddable":true,"href":"https:\/\/www.visit-ulcinj.com\/blog\/wp-json\/wp\/v2\/comments?post=75515"}],"version-history":[{"count":1,"href":"https:\/\/www.visit-ulcinj.com\/blog\/wp-json\/wp\/v2\/posts\/75515\/revisions"}],"predecessor-version":[{"id":75520,"href":"https:\/\/www.visit-ulcinj.com\/blog\/wp-json\/wp\/v2\/posts\/75515\/revisions\/75520"}],"wp:attachment":[{"href":"https:\/\/www.visit-ulcinj.com\/blog\/wp-json\/wp\/v2\/media?parent=75515"}],"wp:term":[{"taxonomy":"category","embeddable":true,"href":"https:\/\/www.visit-ulcinj.com\/blog\/wp-json\/wp\/v2\/categories?post=75515"},{"taxonomy":"post_tag","embeddable":true,"href":"https:\/\/www.visit-ulcinj.com\/blog\/wp-json\/wp\/v2\/tags?post=75515"}],"curies":[{"name":"wp","href":"https:\/\/api.w.org\/{rel}","templated":true}]}}