{"id":75521,"date":"2013-10-23T12:55:49","date_gmt":"2013-10-23T11:55:49","guid":{"rendered":"http:\/\/www.visit-ulcinj.com\/blog\/?p=75521"},"modified":"2013-10-23T12:56:41","modified_gmt":"2013-10-23T11:56:41","slug":"uvek-zajedno-u-pristan-basro-sefko-kadro","status":"publish","type":"post","link":"https:\/\/www.visit-ulcinj.com\/blog\/2013\/10\/23\/uvek-zajedno-u-pristan-basro-sefko-kadro\/","title":{"rendered":"Uvek zajedno u Pristan &#8211; Basro, \u0160efko i Kadro"},"content":{"rendered":"<p><a href=\"http:\/\/www.visit-ulcinj.com\/blog\/wp-content\/uploads\/2013\/10\/Uvek-zajedno-u-Pristan-Basro-Sefko-i-Kadro.jpg\"><img loading=\"lazy\" class=\"alignleft  wp-image-75522\" alt=\"Uvek zajedno u Pristan - Basro, Sefko i Kadro\" src=\"http:\/\/www.visit-ulcinj.com\/blog\/wp-content\/uploads\/2013\/10\/Uvek-zajedno-u-Pristan-Basro-Sefko-i-Kadro.jpg\" width=\"508\" height=\"360\" \/><\/a>Basro Kahari, veliki ribolovac, poznati ronilac jo\u0161 iz vremena one velike lijepe zemlje. U\u010destvovao je na mnogim takmi\u010denjima.. Nevjerovatno, ali i sada u sedamdesetoj godini \u017eivota, jo\u0161 uvijek roni. Voli ribu i more, svakodnevno je u akciji..\u0160efko I\u0161maku- Stiv, je ve\u0107 dugo godina u dalekoj Australiji. Vrsni poznavalac mora i ribe, ali one sa Pacifika. U Australiji se \u0160efko profesionalno bavio ribolovom i na tom poslu je i stekao zaslu\u017eenu penziju. Njegova porodica \u017eivi u Australiji i \u0160efko je naravno, jako vezan za porodicu.<\/p>\n<p>Me\u0111utim, jedan dio njegove du\u0161e je uvijek tu kod nas na na\u0161em Pristanu, gdje je ro\u0111en, i gdje je igrao mali fudbal na ulici i na Maloj pla\u017ei. Fudbal je uspje\u0161no dugo igrao i u dalekoj Australiji. Nostalgija za onim dobrim starim vremenima, kao i ku\u0107a ro\u0111enja na samoj pjeni od mora, vu\u010de ga prema Ulcinju i Pristanu. Tako da gospodin \u0160efko I\u0161maku &#8211; Stiv, svake godine provodi par mjeseci kod nas, i sa nama. Ali, vrijeme, je kako ka\u017ee da se krene prema Australiji i uskoro \u0107e opet krenuti na dug put, i tako do slede\u0107e godine&#8230;Kadro Leskovac, dugo godina je u Njema\u010dkoj, gdje je i stekao penziju. Gospodin Kadro Leskovac, kao uostalom i svi sa Pristana, ne mo\u017ee bez Ulcinja, Male pla\u017ee, barki i ribara.<\/p>\n<p>Sa posebnom nostalgijom govori o onim divnim vremenima, kada je kao fotograf po\u010deo da radi na Maloj pla\u017ei. Sa posebnim pijetetom i po\u0161tovanjem, govori o gospodinu Rizu \u0160urdhi, kod kojeg je po\u010deo da u\u010di zanat, itd.i.itd. Kadro ima lijepu ku\u0107u sa malom ba\u0161tom u Meterizima, gdje provodi dio vremena, poslije podne silazi na Pristan. Naravno, i on se uskoro vra\u0107a za Njema\u010dku, i tako redom do slede\u0107eg dolaska i slede\u0107eg susreta. \u010cesto su zajedno, posebno sada kada se pribli\u017eava neminovni rastanak. Ovoj fotografiji nedostaje jo\u0161 jedan iz ovog klana, maskota na\u0161eg Pristana, Bruno Kahari &#8211; Macan. Macan je \u010dovjek koji svakodnevno, bez obzira na vremenske prilike tri puta dnevno dolazi na Pristan, bez obzira \u0161to stanuje dosta daleko od Pristana.<\/p>\n<p>Bruno je najbolji ribar kod nas, ima malu barku, voli more i ribu, voli pendulanje i mre\u017ee. Ne roni kao Basro, ali je Bruno -Macan sigurno naja\u010di i najbolji vesla\u010d kod nas. Ovo su svakako karakteristi\u010dne li\u010dnosti sa na\u0161eg Pristana, i svaki na svoj na\u010din je ostavio, i ostavlja svoj trag. Na\u0161 Pristan je karakteristi\u010dan po svojoj specifi\u010dnosti i po svojim li\u010dnostima, koje mo\u017eda i sre\u0107ete mnogo puta u toku dana, no bez obzira na to svaki je od njih poseban&#8230;Zbog toga ih je lijepo imati i sresti ih. Sve su to mirni i skromni ljudi, ponekad \u010dujete poneki vi\u0161i ton, dok diskutuju o ribi ili o sportskoj prognozi, o turistima, ali nikad ne\u0107ete vidjeti da se neko sva\u0111a, ili da neko nekome ka\u017ee neku ru\u017eniju rije\u010d.. Zaista je lijepo biti u njihovom dru\u0161tvu, a ako niste tu u njihovoj neposrednoj blizini, onda je lijepo da ih sa strane posmatrate i \u010dujete njihove pri\u010de..<\/p>\n<p><strong><a id=\"js_176\" href=\"https:\/\/www.facebook.com\/ismet.karamanaga\" data-hovercard=\"\/ajax\/hovercard\/user.php?id=1359492972\">Ismet Karamanaga Facebook<\/a><\/strong><\/p>\n","protected":false},"excerpt":{"rendered":"<p>Basro Kahari, veliki ribolovac, poznati ronilac jo\u0161 iz vremena one velike lijepe zemlje. U\u010destvovao je na mnogim takmi\u010denjima.. Nevjerovatno, ali i sada u sedamdesetoj godini \u017eivota, jo\u0161 uvijek roni. Voli ribu i more, svakodnevno je u akciji..\u0160efko I\u0161maku- Stiv, je ve\u0107 dugo godina u dalekoj Australiji. Vrsni poznavalac mora i ribe, ali one sa Pacifika. [&hellip;]<\/p>\n","protected":false},"author":1,"featured_media":0,"comment_status":"closed","ping_status":"closed","sticky":false,"template":"","format":"standard","meta":{"spay_email":"","jetpack_publicize_message":"","jetpack_is_tweetstorm":false,"jetpack_publicize_feature_enabled":true},"categories":[8337],"tags":[],"jetpack_publicize_connections":[],"yoast_head":"<!-- This site is optimized with the Yoast SEO plugin v19.1 - https:\/\/yoast.com\/wordpress\/plugins\/seo\/ -->\n<title>Uvek zajedno u Pristan - Basro, \u0160efko i Kadro - Lajme nga Ulqini<\/title>\n<meta name=\"description\" content=\"Basro Kahari, veliki ribolovac, poznati ronilac jo\u0161 iz vremena one velike lijepe zemlje. U\u010destvovao je na mnogim takmi\u010denjima.. Nevjerovatno, ali i sada u\" \/>\n<meta name=\"robots\" content=\"index, follow, max-snippet:-1, max-image-preview:large, max-video-preview:-1\" \/>\n<link rel=\"canonical\" href=\"https:\/\/www.visit-ulcinj.com\/blog\/2013\/10\/23\/uvek-zajedno-u-pristan-basro-sefko-kadro\/\" \/>\n<meta property=\"og:locale\" content=\"en_US\" \/>\n<meta property=\"og:type\" content=\"article\" \/>\n<meta property=\"og:title\" content=\"Uvek zajedno u Pristan - Basro, \u0160efko i Kadro - Lajme nga Ulqini\" \/>\n<meta property=\"og:description\" content=\"Basro Kahari, veliki ribolovac, poznati ronilac jo\u0161 iz vremena one velike lijepe zemlje. U\u010destvovao je na mnogim takmi\u010denjima.. Nevjerovatno, ali i sada u\" \/>\n<meta property=\"og:url\" content=\"https:\/\/www.visit-ulcinj.com\/blog\/2013\/10\/23\/uvek-zajedno-u-pristan-basro-sefko-kadro\/\" \/>\n<meta property=\"og:site_name\" content=\"Lajme nga Ulqini\" \/>\n<meta property=\"article:published_time\" content=\"2013-10-23T11:55:49+00:00\" \/>\n<meta property=\"article:modified_time\" content=\"2013-10-23T11:56:41+00:00\" \/>\n<meta property=\"og:image\" content=\"http:\/\/www.visit-ulcinj.com\/blog\/wp-content\/uploads\/2013\/10\/Uvek-zajedno-u-Pristan-Basro-Sefko-i-Kadro.jpg\" \/>\n<meta name=\"twitter:label1\" content=\"Written by\" \/>\n\t<meta name=\"twitter:data1\" content=\"ulqini\" \/>\n\t<meta name=\"twitter:label2\" content=\"Est. reading time\" \/>\n\t<meta name=\"twitter:data2\" content=\"3 minutes\" \/>\n<script type=\"application\/ld+json\" class=\"yoast-schema-graph\">{\"@context\":\"https:\/\/schema.org\",\"@graph\":[{\"@type\":\"WebSite\",\"@id\":\"https:\/\/www.visit-ulcinj.com\/blog\/#website\",\"url\":\"https:\/\/www.visit-ulcinj.com\/blog\/\",\"name\":\"Lajme nga Ulqini\",\"description\":\"Lajme,Vijesti,Ulqini,Ulqin,Crna Gora,Mali i Zi\",\"potentialAction\":[{\"@type\":\"SearchAction\",\"target\":{\"@type\":\"EntryPoint\",\"urlTemplate\":\"https:\/\/www.visit-ulcinj.com\/blog\/?s={search_term_string}\"},\"query-input\":\"required name=search_term_string\"}],\"inLanguage\":\"en-US\"},{\"@type\":\"ImageObject\",\"inLanguage\":\"en-US\",\"@id\":\"https:\/\/www.visit-ulcinj.com\/blog\/2013\/10\/23\/uvek-zajedno-u-pristan-basro-sefko-kadro\/#primaryimage\",\"url\":\"https:\/\/www.visit-ulcinj.com\/blog\/wp-content\/uploads\/2013\/10\/Uvek-zajedno-u-Pristan-Basro-Sefko-i-Kadro.jpg\",\"contentUrl\":\"https:\/\/www.visit-ulcinj.com\/blog\/wp-content\/uploads\/2013\/10\/Uvek-zajedno-u-Pristan-Basro-Sefko-i-Kadro.jpg\",\"width\":960,\"height\":640},{\"@type\":\"WebPage\",\"@id\":\"https:\/\/www.visit-ulcinj.com\/blog\/2013\/10\/23\/uvek-zajedno-u-pristan-basro-sefko-kadro\/#webpage\",\"url\":\"https:\/\/www.visit-ulcinj.com\/blog\/2013\/10\/23\/uvek-zajedno-u-pristan-basro-sefko-kadro\/\",\"name\":\"Uvek zajedno u Pristan - Basro, \u0160efko i Kadro - Lajme nga Ulqini\",\"isPartOf\":{\"@id\":\"https:\/\/www.visit-ulcinj.com\/blog\/#website\"},\"primaryImageOfPage\":{\"@id\":\"https:\/\/www.visit-ulcinj.com\/blog\/2013\/10\/23\/uvek-zajedno-u-pristan-basro-sefko-kadro\/#primaryimage\"},\"datePublished\":\"2013-10-23T11:55:49+00:00\",\"dateModified\":\"2013-10-23T11:56:41+00:00\",\"author\":{\"@id\":\"https:\/\/www.visit-ulcinj.com\/blog\/#\/schema\/person\/dcab619c614d3038751c63bc2aadc06d\"},\"description\":\"Basro Kahari, veliki ribolovac, poznati ronilac jo\u0161 iz vremena one velike lijepe zemlje. U\u010destvovao je na mnogim takmi\u010denjima.. Nevjerovatno, ali i sada u\",\"breadcrumb\":{\"@id\":\"https:\/\/www.visit-ulcinj.com\/blog\/2013\/10\/23\/uvek-zajedno-u-pristan-basro-sefko-kadro\/#breadcrumb\"},\"inLanguage\":\"en-US\",\"potentialAction\":[{\"@type\":\"ReadAction\",\"target\":[\"https:\/\/www.visit-ulcinj.com\/blog\/2013\/10\/23\/uvek-zajedno-u-pristan-basro-sefko-kadro\/\"]}]},{\"@type\":\"BreadcrumbList\",\"@id\":\"https:\/\/www.visit-ulcinj.com\/blog\/2013\/10\/23\/uvek-zajedno-u-pristan-basro-sefko-kadro\/#breadcrumb\",\"itemListElement\":[{\"@type\":\"ListItem\",\"position\":1,\"name\":\"Uvek zajedno u Pristan &#8211; Basro, \u0160efko i Kadro\"}]},{\"@type\":\"Person\",\"@id\":\"https:\/\/www.visit-ulcinj.com\/blog\/#\/schema\/person\/dcab619c614d3038751c63bc2aadc06d\",\"name\":\"ulqini\",\"sameAs\":[\"http:\/\/www.visit-ulcinj.com\"],\"url\":\"https:\/\/www.visit-ulcinj.com\/blog\/author\/admin\/\"}]}<\/script>\n<!-- \/ Yoast SEO plugin. -->","yoast_head_json":{"title":"Uvek zajedno u Pristan - Basro, \u0160efko i Kadro - Lajme nga Ulqini","description":"Basro Kahari, veliki ribolovac, poznati ronilac jo\u0161 iz vremena one velike lijepe zemlje. U\u010destvovao je na mnogim takmi\u010denjima.. Nevjerovatno, ali i sada u","robots":{"index":"index","follow":"follow","max-snippet":"max-snippet:-1","max-image-preview":"max-image-preview:large","max-video-preview":"max-video-preview:-1"},"canonical":"https:\/\/www.visit-ulcinj.com\/blog\/2013\/10\/23\/uvek-zajedno-u-pristan-basro-sefko-kadro\/","og_locale":"en_US","og_type":"article","og_title":"Uvek zajedno u Pristan - Basro, \u0160efko i Kadro - Lajme nga Ulqini","og_description":"Basro Kahari, veliki ribolovac, poznati ronilac jo\u0161 iz vremena one velike lijepe zemlje. U\u010destvovao je na mnogim takmi\u010denjima.. Nevjerovatno, ali i sada u","og_url":"https:\/\/www.visit-ulcinj.com\/blog\/2013\/10\/23\/uvek-zajedno-u-pristan-basro-sefko-kadro\/","og_site_name":"Lajme nga Ulqini","article_published_time":"2013-10-23T11:55:49+00:00","article_modified_time":"2013-10-23T11:56:41+00:00","og_image":[{"url":"http:\/\/www.visit-ulcinj.com\/blog\/wp-content\/uploads\/2013\/10\/Uvek-zajedno-u-Pristan-Basro-Sefko-i-Kadro.jpg"}],"twitter_misc":{"Written by":"ulqini","Est. reading time":"3 minutes"},"schema":{"@context":"https:\/\/schema.org","@graph":[{"@type":"WebSite","@id":"https:\/\/www.visit-ulcinj.com\/blog\/#website","url":"https:\/\/www.visit-ulcinj.com\/blog\/","name":"Lajme nga Ulqini","description":"Lajme,Vijesti,Ulqini,Ulqin,Crna Gora,Mali i Zi","potentialAction":[{"@type":"SearchAction","target":{"@type":"EntryPoint","urlTemplate":"https:\/\/www.visit-ulcinj.com\/blog\/?s={search_term_string}"},"query-input":"required name=search_term_string"}],"inLanguage":"en-US"},{"@type":"ImageObject","inLanguage":"en-US","@id":"https:\/\/www.visit-ulcinj.com\/blog\/2013\/10\/23\/uvek-zajedno-u-pristan-basro-sefko-kadro\/#primaryimage","url":"https:\/\/www.visit-ulcinj.com\/blog\/wp-content\/uploads\/2013\/10\/Uvek-zajedno-u-Pristan-Basro-Sefko-i-Kadro.jpg","contentUrl":"https:\/\/www.visit-ulcinj.com\/blog\/wp-content\/uploads\/2013\/10\/Uvek-zajedno-u-Pristan-Basro-Sefko-i-Kadro.jpg","width":960,"height":640},{"@type":"WebPage","@id":"https:\/\/www.visit-ulcinj.com\/blog\/2013\/10\/23\/uvek-zajedno-u-pristan-basro-sefko-kadro\/#webpage","url":"https:\/\/www.visit-ulcinj.com\/blog\/2013\/10\/23\/uvek-zajedno-u-pristan-basro-sefko-kadro\/","name":"Uvek zajedno u Pristan - Basro, \u0160efko i Kadro - Lajme nga Ulqini","isPartOf":{"@id":"https:\/\/www.visit-ulcinj.com\/blog\/#website"},"primaryImageOfPage":{"@id":"https:\/\/www.visit-ulcinj.com\/blog\/2013\/10\/23\/uvek-zajedno-u-pristan-basro-sefko-kadro\/#primaryimage"},"datePublished":"2013-10-23T11:55:49+00:00","dateModified":"2013-10-23T11:56:41+00:00","author":{"@id":"https:\/\/www.visit-ulcinj.com\/blog\/#\/schema\/person\/dcab619c614d3038751c63bc2aadc06d"},"description":"Basro Kahari, veliki ribolovac, poznati ronilac jo\u0161 iz vremena one velike lijepe zemlje. U\u010destvovao je na mnogim takmi\u010denjima.. Nevjerovatno, ali i sada u","breadcrumb":{"@id":"https:\/\/www.visit-ulcinj.com\/blog\/2013\/10\/23\/uvek-zajedno-u-pristan-basro-sefko-kadro\/#breadcrumb"},"inLanguage":"en-US","potentialAction":[{"@type":"ReadAction","target":["https:\/\/www.visit-ulcinj.com\/blog\/2013\/10\/23\/uvek-zajedno-u-pristan-basro-sefko-kadro\/"]}]},{"@type":"BreadcrumbList","@id":"https:\/\/www.visit-ulcinj.com\/blog\/2013\/10\/23\/uvek-zajedno-u-pristan-basro-sefko-kadro\/#breadcrumb","itemListElement":[{"@type":"ListItem","position":1,"name":"Uvek zajedno u Pristan &#8211; Basro, \u0160efko i Kadro"}]},{"@type":"Person","@id":"https:\/\/www.visit-ulcinj.com\/blog\/#\/schema\/person\/dcab619c614d3038751c63bc2aadc06d","name":"ulqini","sameAs":["http:\/\/www.visit-ulcinj.com"],"url":"https:\/\/www.visit-ulcinj.com\/blog\/author\/admin\/"}]}},"jetpack_featured_media_url":"","jetpack_sharing_enabled":true,"jetpack_shortlink":"https:\/\/wp.me\/pe6lTn-jE5","_links":{"self":[{"href":"https:\/\/www.visit-ulcinj.com\/blog\/wp-json\/wp\/v2\/posts\/75521"}],"collection":[{"href":"https:\/\/www.visit-ulcinj.com\/blog\/wp-json\/wp\/v2\/posts"}],"about":[{"href":"https:\/\/www.visit-ulcinj.com\/blog\/wp-json\/wp\/v2\/types\/post"}],"author":[{"embeddable":true,"href":"https:\/\/www.visit-ulcinj.com\/blog\/wp-json\/wp\/v2\/users\/1"}],"replies":[{"embeddable":true,"href":"https:\/\/www.visit-ulcinj.com\/blog\/wp-json\/wp\/v2\/comments?post=75521"}],"version-history":[{"count":2,"href":"https:\/\/www.visit-ulcinj.com\/blog\/wp-json\/wp\/v2\/posts\/75521\/revisions"}],"predecessor-version":[{"id":75524,"href":"https:\/\/www.visit-ulcinj.com\/blog\/wp-json\/wp\/v2\/posts\/75521\/revisions\/75524"}],"wp:attachment":[{"href":"https:\/\/www.visit-ulcinj.com\/blog\/wp-json\/wp\/v2\/media?parent=75521"}],"wp:term":[{"taxonomy":"category","embeddable":true,"href":"https:\/\/www.visit-ulcinj.com\/blog\/wp-json\/wp\/v2\/categories?post=75521"},{"taxonomy":"post_tag","embeddable":true,"href":"https:\/\/www.visit-ulcinj.com\/blog\/wp-json\/wp\/v2\/tags?post=75521"}],"curies":[{"name":"wp","href":"https:\/\/api.w.org\/{rel}","templated":true}]}}