{"id":75529,"date":"2013-10-23T13:12:21","date_gmt":"2013-10-23T12:12:21","guid":{"rendered":"http:\/\/www.visit-ulcinj.com\/blog\/?p=75529"},"modified":"2013-10-23T13:12:21","modified_gmt":"2013-10-23T12:12:21","slug":"labi-sulmon-tunen-per-zogun","status":"publish","type":"post","link":"https:\/\/www.visit-ulcinj.com\/blog\/2013\/10\/23\/labi-sulmon-tunen-per-zogun\/","title":{"rendered":"Labi sulmon Tun\u00ebn p\u00ebr zogun"},"content":{"rendered":"<p><a href=\"http:\/\/www.visit-ulcinj.com\/blog\/wp-content\/uploads\/2013\/10\/Labi-Flori-Tuna.jpg\"><img loading=\"lazy\" class=\"alignleft  wp-image-75530\" alt=\"Labi-Flori-Tuna\" src=\"http:\/\/www.visit-ulcinj.com\/blog\/wp-content\/uploads\/2013\/10\/Labi-Flori-Tuna.jpg\" width=\"508\" height=\"360\" \/><\/a>Nj\u00eb prej k\u00ebng\u00ebtar\u00ebve legjendar\u00eb shqiptar\u00eb t\u00eb muzik\u00ebs pop-folk, Labinot Tahiri, ka kritikuar ashp\u00ebr Tun\u00ebn dhe fenomenin e p\u00ebrdorimit t\u00eb fjal\u00ebs \u2018Zog\u2019 si sinonim i organit gjenital fem\u00ebror.<br \/>\nK\u00ebng\u00ebtari i njohur p\u00ebr albumet e tij super t\u00eb suksesshme dhe hitet e m\u00ebdha q\u00eb kan\u00eb l\u00ebn\u00eb gjum\u00eb n\u00eb muzik\u00ebn shqiptare, ashp\u00ebr ka sulmuar Tun\u00ebn dhe \u2018zogun\u2019 e saj.<br \/>\nDuket se gjat\u00eb nj\u00eb koncerti publiku ka k\u00ebrkuar k\u00ebng\u00ebt e famshme t\u00eb Tun\u00ebs, t\u00eb njohura p\u00ebr gjestet provokative, por Labi duket t\u00eb jet\u00eb nervozuar tep\u00ebr dhe mllefin e tij e ka shfryr\u00eb para publikut.<br \/>\nAi tha se kurr\u00eb n\u00eb karrier\u00ebn e tij nuk do t\u00eb p\u00ebrdor\u00eb ndonj\u00eb fjal\u00eb banale n\u00eb sken\u00eb dhe se me traditat shqiptare sfidohen shtetet tjera dhe jo me gjeste anti-shqiptare.<br \/>\n\u201cMos pritni q\u00eb Labi rast\u00ebsisht, po e k\u00ebndon ndonj\u00eb k\u00ebng\u00eb banale, sikurse k\u00ebng\u00ebt q\u00eb nuk do ta p\u00ebrmendi at\u00eb fjal\u00eb q\u00eb ju e dini fort mir\u00eb, por\u2026 zogun nuk mund ta p\u00ebrmendi un\u00eb, sepse\u2026 sepse\u2026 jam shqiptar dhe kam karakter shqiptar\u201d.<br \/>\n\u201cDhe, me zakon dhe kultur\u00eb t\u00ebnden nuk mund t\u00eb sfidosh asnj\u00eb shtet tjet\u00ebr dhe nuk mund t\u00eb arrihet nj\u00eb shtet pa k\u00ebto, nd\u00ebrsa t\u2019iu them t\u00eb drejt\u00ebn se pavar\u00ebsisht n\u00eb t\u00eb ardhmen \u00e7far\u00eb ndodh me mua dhe n\u00ebse vjen koha q\u00eb Labi duhet t\u00eb p\u00ebrdor\u00eb ndonj\u00eb fjal\u00eb banale n\u00eb sken\u00eb\u2026at\u00eb buk\u00eb f\u00ebmij\u00ebve t\u00eb mi nuk ua shti n\u00eb goj\u00eb\u201d.<br \/>\n\u201cK\u00ebshtu q\u00eb\u2026 ju nuk keni faj, sepse\u2026 ndoshta infektoheni nga disa t\u00eb tjer\u00eb dhe kur vjen nj\u00eb njeri pavar\u00ebsisht a \u00ebsht\u00eb k\u00ebng\u00ebtar apo futbollist me vlera, nuk ia dini vler\u00ebn\u201d<br \/>\n\u201cT\u2019iu them t\u00eb drejt\u00ebn, ata q\u00eb se duan Labin mos hajdeni t\u00eb shpenzoni para, ata q\u00eb e duan Labin, ejani, une jam ketu per ju\u201d, ka deklaruar Labi i shoq\u00ebruar edhe nga ovacionet e publikut.<br \/>\nNuk dihet se ku \u00ebsht\u00eb mbajtur ky koncert, por deri tani ky \u00ebsht\u00eb sulmi m\u00eb i madh nga ndonj\u00eb artist i k\u00ebtij niveli ndaj Tun\u00ebs, sa i p\u00ebrket fenomenit t\u00eb \u2018Zogut\u2019 i cili i ka garantuar k\u00ebng\u00ebtares seksi nj\u00eb sukses t\u00eb jasht\u00ebzakonsh\u00ebm.<br \/>\nP\u00ebr m\u00eb shum\u00eb, shikoni videon m\u00eb posht\u00eb\u2026<\/p>\n<p>Telegrafi<\/p>\n<!--YouTube Error: bad URL entered-->\n","protected":false},"excerpt":{"rendered":"<p>Nj\u00eb prej k\u00ebng\u00ebtar\u00ebve legjendar\u00eb shqiptar\u00eb t\u00eb muzik\u00ebs pop-folk, Labinot Tahiri, ka kritikuar ashp\u00ebr Tun\u00ebn dhe fenomenin e p\u00ebrdorimit t\u00eb fjal\u00ebs \u2018Zog\u2019 si sinonim i organit gjenital fem\u00ebror. K\u00ebng\u00ebtari i njohur p\u00ebr albumet e tij super t\u00eb suksesshme dhe hitet e m\u00ebdha q\u00eb kan\u00eb l\u00ebn\u00eb gjum\u00eb n\u00eb muzik\u00ebn shqiptare, ashp\u00ebr ka sulmuar Tun\u00ebn dhe \u2018zogun\u2019 e [&hellip;]<\/p>\n","protected":false},"author":1,"featured_media":0,"comment_status":"closed","ping_status":"closed","sticky":false,"template":"","format":"standard","meta":{"spay_email":"","jetpack_publicize_message":"","jetpack_is_tweetstorm":false,"jetpack_publicize_feature_enabled":true},"categories":[1],"tags":[],"jetpack_publicize_connections":[],"yoast_head":"<!-- This site is optimized with the Yoast SEO plugin v19.1 - https:\/\/yoast.com\/wordpress\/plugins\/seo\/ -->\n<title>Labi sulmon Tun\u00ebn p\u00ebr zogun - Lajme nga Ulqini<\/title>\n<meta name=\"description\" content=\"Nj\u00eb prej k\u00ebng\u00ebtar\u00ebve legjendar\u00eb shqiptar\u00eb t\u00eb muzik\u00ebs pop-folk, Labinot Tahiri, ka kritikuar ashp\u00ebr Tun\u00ebn dhe fenomenin e p\u00ebrdorimit t\u00eb fjal\u00ebs \u2018Zog\u2019 si\" \/>\n<meta name=\"robots\" content=\"index, follow, max-snippet:-1, max-image-preview:large, max-video-preview:-1\" \/>\n<link rel=\"canonical\" href=\"https:\/\/www.visit-ulcinj.com\/blog\/2013\/10\/23\/labi-sulmon-tunen-per-zogun\/\" \/>\n<meta property=\"og:locale\" content=\"en_US\" \/>\n<meta property=\"og:type\" content=\"article\" \/>\n<meta property=\"og:title\" content=\"Labi sulmon Tun\u00ebn p\u00ebr zogun - Lajme nga Ulqini\" \/>\n<meta property=\"og:description\" content=\"Nj\u00eb prej k\u00ebng\u00ebtar\u00ebve legjendar\u00eb shqiptar\u00eb t\u00eb muzik\u00ebs pop-folk, Labinot Tahiri, ka kritikuar ashp\u00ebr Tun\u00ebn dhe fenomenin e p\u00ebrdorimit t\u00eb fjal\u00ebs \u2018Zog\u2019 si\" \/>\n<meta property=\"og:url\" content=\"https:\/\/www.visit-ulcinj.com\/blog\/2013\/10\/23\/labi-sulmon-tunen-per-zogun\/\" \/>\n<meta property=\"og:site_name\" content=\"Lajme nga Ulqini\" \/>\n<meta property=\"article:published_time\" content=\"2013-10-23T12:12:21+00:00\" \/>\n<meta property=\"og:image\" content=\"http:\/\/www.visit-ulcinj.com\/blog\/wp-content\/uploads\/2013\/10\/Labi-Flori-Tuna.jpg\" \/>\n<meta name=\"twitter:label1\" content=\"Written by\" \/>\n\t<meta name=\"twitter:data1\" content=\"ulqini\" \/>\n\t<meta name=\"twitter:label2\" content=\"Est. reading time\" \/>\n\t<meta name=\"twitter:data2\" content=\"2 minutes\" \/>\n<script type=\"application\/ld+json\" class=\"yoast-schema-graph\">{\"@context\":\"https:\/\/schema.org\",\"@graph\":[{\"@type\":\"WebSite\",\"@id\":\"https:\/\/www.visit-ulcinj.com\/blog\/#website\",\"url\":\"https:\/\/www.visit-ulcinj.com\/blog\/\",\"name\":\"Lajme nga Ulqini\",\"description\":\"Lajme,Vijesti,Ulqini,Ulqin,Crna Gora,Mali i Zi\",\"potentialAction\":[{\"@type\":\"SearchAction\",\"target\":{\"@type\":\"EntryPoint\",\"urlTemplate\":\"https:\/\/www.visit-ulcinj.com\/blog\/?s={search_term_string}\"},\"query-input\":\"required name=search_term_string\"}],\"inLanguage\":\"en-US\"},{\"@type\":\"ImageObject\",\"inLanguage\":\"en-US\",\"@id\":\"https:\/\/www.visit-ulcinj.com\/blog\/2013\/10\/23\/labi-sulmon-tunen-per-zogun\/#primaryimage\",\"url\":\"http:\/\/www.visit-ulcinj.com\/blog\/wp-content\/uploads\/2013\/10\/Labi-Flori-Tuna.jpg\",\"contentUrl\":\"http:\/\/www.visit-ulcinj.com\/blog\/wp-content\/uploads\/2013\/10\/Labi-Flori-Tuna.jpg\"},{\"@type\":\"WebPage\",\"@id\":\"https:\/\/www.visit-ulcinj.com\/blog\/2013\/10\/23\/labi-sulmon-tunen-per-zogun\/#webpage\",\"url\":\"https:\/\/www.visit-ulcinj.com\/blog\/2013\/10\/23\/labi-sulmon-tunen-per-zogun\/\",\"name\":\"Labi sulmon Tun\u00ebn p\u00ebr zogun - Lajme nga Ulqini\",\"isPartOf\":{\"@id\":\"https:\/\/www.visit-ulcinj.com\/blog\/#website\"},\"primaryImageOfPage\":{\"@id\":\"https:\/\/www.visit-ulcinj.com\/blog\/2013\/10\/23\/labi-sulmon-tunen-per-zogun\/#primaryimage\"},\"datePublished\":\"2013-10-23T12:12:21+00:00\",\"dateModified\":\"2013-10-23T12:12:21+00:00\",\"author\":{\"@id\":\"https:\/\/www.visit-ulcinj.com\/blog\/#\/schema\/person\/dcab619c614d3038751c63bc2aadc06d\"},\"description\":\"Nj\u00eb prej k\u00ebng\u00ebtar\u00ebve legjendar\u00eb shqiptar\u00eb t\u00eb muzik\u00ebs pop-folk, Labinot Tahiri, ka kritikuar ashp\u00ebr Tun\u00ebn dhe fenomenin e p\u00ebrdorimit t\u00eb fjal\u00ebs \u2018Zog\u2019 si\",\"breadcrumb\":{\"@id\":\"https:\/\/www.visit-ulcinj.com\/blog\/2013\/10\/23\/labi-sulmon-tunen-per-zogun\/#breadcrumb\"},\"inLanguage\":\"en-US\",\"potentialAction\":[{\"@type\":\"ReadAction\",\"target\":[\"https:\/\/www.visit-ulcinj.com\/blog\/2013\/10\/23\/labi-sulmon-tunen-per-zogun\/\"]}]},{\"@type\":\"BreadcrumbList\",\"@id\":\"https:\/\/www.visit-ulcinj.com\/blog\/2013\/10\/23\/labi-sulmon-tunen-per-zogun\/#breadcrumb\",\"itemListElement\":[{\"@type\":\"ListItem\",\"position\":1,\"name\":\"Labi sulmon Tun\u00ebn p\u00ebr zogun\"}]},{\"@type\":\"Person\",\"@id\":\"https:\/\/www.visit-ulcinj.com\/blog\/#\/schema\/person\/dcab619c614d3038751c63bc2aadc06d\",\"name\":\"ulqini\",\"sameAs\":[\"http:\/\/www.visit-ulcinj.com\"],\"url\":\"https:\/\/www.visit-ulcinj.com\/blog\/author\/admin\/\"}]}<\/script>\n<!-- \/ Yoast SEO plugin. -->","yoast_head_json":{"title":"Labi sulmon Tun\u00ebn p\u00ebr zogun - Lajme nga Ulqini","description":"Nj\u00eb prej k\u00ebng\u00ebtar\u00ebve legjendar\u00eb shqiptar\u00eb t\u00eb muzik\u00ebs pop-folk, Labinot Tahiri, ka kritikuar ashp\u00ebr Tun\u00ebn dhe fenomenin e p\u00ebrdorimit t\u00eb fjal\u00ebs \u2018Zog\u2019 si","robots":{"index":"index","follow":"follow","max-snippet":"max-snippet:-1","max-image-preview":"max-image-preview:large","max-video-preview":"max-video-preview:-1"},"canonical":"https:\/\/www.visit-ulcinj.com\/blog\/2013\/10\/23\/labi-sulmon-tunen-per-zogun\/","og_locale":"en_US","og_type":"article","og_title":"Labi sulmon Tun\u00ebn p\u00ebr zogun - Lajme nga Ulqini","og_description":"Nj\u00eb prej k\u00ebng\u00ebtar\u00ebve legjendar\u00eb shqiptar\u00eb t\u00eb muzik\u00ebs pop-folk, Labinot Tahiri, ka kritikuar ashp\u00ebr Tun\u00ebn dhe fenomenin e p\u00ebrdorimit t\u00eb fjal\u00ebs \u2018Zog\u2019 si","og_url":"https:\/\/www.visit-ulcinj.com\/blog\/2013\/10\/23\/labi-sulmon-tunen-per-zogun\/","og_site_name":"Lajme nga Ulqini","article_published_time":"2013-10-23T12:12:21+00:00","og_image":[{"url":"http:\/\/www.visit-ulcinj.com\/blog\/wp-content\/uploads\/2013\/10\/Labi-Flori-Tuna.jpg"}],"twitter_misc":{"Written by":"ulqini","Est. reading time":"2 minutes"},"schema":{"@context":"https:\/\/schema.org","@graph":[{"@type":"WebSite","@id":"https:\/\/www.visit-ulcinj.com\/blog\/#website","url":"https:\/\/www.visit-ulcinj.com\/blog\/","name":"Lajme nga Ulqini","description":"Lajme,Vijesti,Ulqini,Ulqin,Crna Gora,Mali i Zi","potentialAction":[{"@type":"SearchAction","target":{"@type":"EntryPoint","urlTemplate":"https:\/\/www.visit-ulcinj.com\/blog\/?s={search_term_string}"},"query-input":"required name=search_term_string"}],"inLanguage":"en-US"},{"@type":"ImageObject","inLanguage":"en-US","@id":"https:\/\/www.visit-ulcinj.com\/blog\/2013\/10\/23\/labi-sulmon-tunen-per-zogun\/#primaryimage","url":"http:\/\/www.visit-ulcinj.com\/blog\/wp-content\/uploads\/2013\/10\/Labi-Flori-Tuna.jpg","contentUrl":"http:\/\/www.visit-ulcinj.com\/blog\/wp-content\/uploads\/2013\/10\/Labi-Flori-Tuna.jpg"},{"@type":"WebPage","@id":"https:\/\/www.visit-ulcinj.com\/blog\/2013\/10\/23\/labi-sulmon-tunen-per-zogun\/#webpage","url":"https:\/\/www.visit-ulcinj.com\/blog\/2013\/10\/23\/labi-sulmon-tunen-per-zogun\/","name":"Labi sulmon Tun\u00ebn p\u00ebr zogun - Lajme nga Ulqini","isPartOf":{"@id":"https:\/\/www.visit-ulcinj.com\/blog\/#website"},"primaryImageOfPage":{"@id":"https:\/\/www.visit-ulcinj.com\/blog\/2013\/10\/23\/labi-sulmon-tunen-per-zogun\/#primaryimage"},"datePublished":"2013-10-23T12:12:21+00:00","dateModified":"2013-10-23T12:12:21+00:00","author":{"@id":"https:\/\/www.visit-ulcinj.com\/blog\/#\/schema\/person\/dcab619c614d3038751c63bc2aadc06d"},"description":"Nj\u00eb prej k\u00ebng\u00ebtar\u00ebve legjendar\u00eb shqiptar\u00eb t\u00eb muzik\u00ebs pop-folk, Labinot Tahiri, ka kritikuar ashp\u00ebr Tun\u00ebn dhe fenomenin e p\u00ebrdorimit t\u00eb fjal\u00ebs \u2018Zog\u2019 si","breadcrumb":{"@id":"https:\/\/www.visit-ulcinj.com\/blog\/2013\/10\/23\/labi-sulmon-tunen-per-zogun\/#breadcrumb"},"inLanguage":"en-US","potentialAction":[{"@type":"ReadAction","target":["https:\/\/www.visit-ulcinj.com\/blog\/2013\/10\/23\/labi-sulmon-tunen-per-zogun\/"]}]},{"@type":"BreadcrumbList","@id":"https:\/\/www.visit-ulcinj.com\/blog\/2013\/10\/23\/labi-sulmon-tunen-per-zogun\/#breadcrumb","itemListElement":[{"@type":"ListItem","position":1,"name":"Labi sulmon Tun\u00ebn p\u00ebr zogun"}]},{"@type":"Person","@id":"https:\/\/www.visit-ulcinj.com\/blog\/#\/schema\/person\/dcab619c614d3038751c63bc2aadc06d","name":"ulqini","sameAs":["http:\/\/www.visit-ulcinj.com"],"url":"https:\/\/www.visit-ulcinj.com\/blog\/author\/admin\/"}]}},"jetpack_featured_media_url":"","jetpack_sharing_enabled":true,"jetpack_shortlink":"https:\/\/wp.me\/pe6lTn-jEd","_links":{"self":[{"href":"https:\/\/www.visit-ulcinj.com\/blog\/wp-json\/wp\/v2\/posts\/75529"}],"collection":[{"href":"https:\/\/www.visit-ulcinj.com\/blog\/wp-json\/wp\/v2\/posts"}],"about":[{"href":"https:\/\/www.visit-ulcinj.com\/blog\/wp-json\/wp\/v2\/types\/post"}],"author":[{"embeddable":true,"href":"https:\/\/www.visit-ulcinj.com\/blog\/wp-json\/wp\/v2\/users\/1"}],"replies":[{"embeddable":true,"href":"https:\/\/www.visit-ulcinj.com\/blog\/wp-json\/wp\/v2\/comments?post=75529"}],"version-history":[{"count":1,"href":"https:\/\/www.visit-ulcinj.com\/blog\/wp-json\/wp\/v2\/posts\/75529\/revisions"}],"predecessor-version":[{"id":75531,"href":"https:\/\/www.visit-ulcinj.com\/blog\/wp-json\/wp\/v2\/posts\/75529\/revisions\/75531"}],"wp:attachment":[{"href":"https:\/\/www.visit-ulcinj.com\/blog\/wp-json\/wp\/v2\/media?parent=75529"}],"wp:term":[{"taxonomy":"category","embeddable":true,"href":"https:\/\/www.visit-ulcinj.com\/blog\/wp-json\/wp\/v2\/categories?post=75529"},{"taxonomy":"post_tag","embeddable":true,"href":"https:\/\/www.visit-ulcinj.com\/blog\/wp-json\/wp\/v2\/tags?post=75529"}],"curies":[{"name":"wp","href":"https:\/\/api.w.org\/{rel}","templated":true}]}}