{"id":75539,"date":"2013-10-23T17:30:00","date_gmt":"2013-10-23T16:30:00","guid":{"rendered":"http:\/\/www.visit-ulcinj.com\/blog\/?p=75539"},"modified":"2013-10-23T17:30:00","modified_gmt":"2013-10-23T16:30:00","slug":"doni-ko-bude-opstruirao-daje-cunguu-apsolutnu-vlast","status":"publish","type":"post","link":"https:\/\/www.visit-ulcinj.com\/blog\/2013\/10\/23\/doni-ko-bude-opstruirao-daje-cunguu-apsolutnu-vlast\/","title":{"rendered":"\u0110oni: Ko bude opstruirao daje Cunguu apsolutnu vlast"},"content":{"rendered":"<p><a href=\"http:\/\/www.visit-ulcinj.com\/blog\/wp-content\/uploads\/2013\/10\/Hatidze-Djoni.jpg\"><img loading=\"lazy\" class=\"alignleft  wp-image-75540\" alt=\"Hatidze Djoni\" src=\"http:\/\/www.visit-ulcinj.com\/blog\/wp-content\/uploads\/2013\/10\/Hatidze-Djoni.jpg\" width=\"508\" height=\"360\" \/><\/a>Predsjednica Odborni\u010dkog kluba DUA Hatid\u017ea \u0110oni smatra da niko nema pravo da bude neefikasan i odugovla\u010di vr\u0161enje funkcija vlasti, koju mu je narod povjerio.<br \/>\n\u2013 Mo\u017eemo se mi voljeti ili ne, ili dogovarati ili ne dogovarati, ali ako je zakazan kolegijum mislim da je krajnje vrijeme da se odlu\u010dimo za jednu od dvije opcije.<br \/>\n&#8211; Ili \u0107emo skratiti mandat Skup\u0161tini i i\u0107i na izbore, ili \u0107emo se dogovoriti o sjednici na kojoj imamo da raspravimo tako mnogo va\u017enih pitanja. Ako ne funkcioni\u0161u institucije vlasti i ono \u0161to je zakon zacrtao, onda se predsjedniku op\u0161tine daje apsolutna vlast. Prema tome oni koji opstruiraju sjednicu rade samo u njegovu korist &#8211; tvrdi \u0110oni i dodaje da je stav DUA da se zaka\u017ee sjednica lokalnog parlamenta.<\/p>\n<p><strong>Izvor: DAN<\/strong><\/p>\n","protected":false},"excerpt":{"rendered":"<p>Predsjednica Odborni\u010dkog kluba DUA Hatid\u017ea \u0110oni smatra da niko nema pravo da bude neefikasan i odugovla\u010di vr\u0161enje funkcija vlasti, koju mu je narod povjerio. \u2013 Mo\u017eemo se mi voljeti ili ne, ili dogovarati ili ne dogovarati, ali ako je zakazan kolegijum mislim da je krajnje vrijeme da se odlu\u010dimo za jednu od dvije opcije. &#8211; [&hellip;]<\/p>\n","protected":false},"author":1,"featured_media":0,"comment_status":"closed","ping_status":"closed","sticky":false,"template":"","format":"standard","meta":{"spay_email":"","jetpack_publicize_message":"","jetpack_is_tweetstorm":false,"jetpack_publicize_feature_enabled":true},"categories":[6950],"tags":[],"jetpack_publicize_connections":[],"yoast_head":"<!-- This site is optimized with the Yoast SEO plugin v19.1 - https:\/\/yoast.com\/wordpress\/plugins\/seo\/ -->\n<title>\u0110oni: Ko bude opstruirao daje Cunguu apsolutnu vlast - Lajme nga Ulqini<\/title>\n<meta name=\"description\" content=\"Predsjednica Odborni\u010dkog kluba DUA Hatid\u017ea \u0110oni smatra da niko nema pravo da bude neefikasan i odugovla\u010di vr\u0161enje funkcija vlasti, koju mu je narod\" \/>\n<meta name=\"robots\" content=\"index, follow, max-snippet:-1, max-image-preview:large, max-video-preview:-1\" \/>\n<link rel=\"canonical\" href=\"https:\/\/www.visit-ulcinj.com\/blog\/2013\/10\/23\/doni-ko-bude-opstruirao-daje-cunguu-apsolutnu-vlast\/\" \/>\n<meta property=\"og:locale\" content=\"en_US\" \/>\n<meta property=\"og:type\" content=\"article\" \/>\n<meta property=\"og:title\" content=\"\u0110oni: Ko bude opstruirao daje Cunguu apsolutnu vlast - Lajme nga Ulqini\" \/>\n<meta property=\"og:description\" content=\"Predsjednica Odborni\u010dkog kluba DUA Hatid\u017ea \u0110oni smatra da niko nema pravo da bude neefikasan i odugovla\u010di vr\u0161enje funkcija vlasti, koju mu je narod\" \/>\n<meta property=\"og:url\" content=\"https:\/\/www.visit-ulcinj.com\/blog\/2013\/10\/23\/doni-ko-bude-opstruirao-daje-cunguu-apsolutnu-vlast\/\" \/>\n<meta property=\"og:site_name\" content=\"Lajme nga Ulqini\" \/>\n<meta property=\"article:published_time\" content=\"2013-10-23T16:30:00+00:00\" \/>\n<meta property=\"og:image\" content=\"http:\/\/www.visit-ulcinj.com\/blog\/wp-content\/uploads\/2013\/10\/Hatidze-Djoni.jpg\" \/>\n<meta name=\"twitter:label1\" content=\"Written by\" \/>\n\t<meta name=\"twitter:data1\" content=\"ulqini\" \/>\n\t<meta name=\"twitter:label2\" content=\"Est. reading time\" \/>\n\t<meta name=\"twitter:data2\" content=\"1 minute\" \/>\n<script type=\"application\/ld+json\" class=\"yoast-schema-graph\">{\"@context\":\"https:\/\/schema.org\",\"@graph\":[{\"@type\":\"WebSite\",\"@id\":\"https:\/\/www.visit-ulcinj.com\/blog\/#website\",\"url\":\"https:\/\/www.visit-ulcinj.com\/blog\/\",\"name\":\"Lajme nga Ulqini\",\"description\":\"Lajme,Vijesti,Ulqini,Ulqin,Crna Gora,Mali i Zi\",\"potentialAction\":[{\"@type\":\"SearchAction\",\"target\":{\"@type\":\"EntryPoint\",\"urlTemplate\":\"https:\/\/www.visit-ulcinj.com\/blog\/?s={search_term_string}\"},\"query-input\":\"required name=search_term_string\"}],\"inLanguage\":\"en-US\"},{\"@type\":\"ImageObject\",\"inLanguage\":\"en-US\",\"@id\":\"https:\/\/www.visit-ulcinj.com\/blog\/2013\/10\/23\/doni-ko-bude-opstruirao-daje-cunguu-apsolutnu-vlast\/#primaryimage\",\"url\":\"https:\/\/www.visit-ulcinj.com\/blog\/wp-content\/uploads\/2013\/10\/Hatidze-Djoni.jpg\",\"contentUrl\":\"https:\/\/www.visit-ulcinj.com\/blog\/wp-content\/uploads\/2013\/10\/Hatidze-Djoni.jpg\",\"width\":960,\"height\":640},{\"@type\":\"WebPage\",\"@id\":\"https:\/\/www.visit-ulcinj.com\/blog\/2013\/10\/23\/doni-ko-bude-opstruirao-daje-cunguu-apsolutnu-vlast\/#webpage\",\"url\":\"https:\/\/www.visit-ulcinj.com\/blog\/2013\/10\/23\/doni-ko-bude-opstruirao-daje-cunguu-apsolutnu-vlast\/\",\"name\":\"\u0110oni: Ko bude opstruirao daje Cunguu apsolutnu vlast - Lajme nga Ulqini\",\"isPartOf\":{\"@id\":\"https:\/\/www.visit-ulcinj.com\/blog\/#website\"},\"primaryImageOfPage\":{\"@id\":\"https:\/\/www.visit-ulcinj.com\/blog\/2013\/10\/23\/doni-ko-bude-opstruirao-daje-cunguu-apsolutnu-vlast\/#primaryimage\"},\"datePublished\":\"2013-10-23T16:30:00+00:00\",\"dateModified\":\"2013-10-23T16:30:00+00:00\",\"author\":{\"@id\":\"https:\/\/www.visit-ulcinj.com\/blog\/#\/schema\/person\/dcab619c614d3038751c63bc2aadc06d\"},\"description\":\"Predsjednica Odborni\u010dkog kluba DUA Hatid\u017ea \u0110oni smatra da niko nema pravo da bude neefikasan i odugovla\u010di vr\u0161enje funkcija vlasti, koju mu je narod\",\"breadcrumb\":{\"@id\":\"https:\/\/www.visit-ulcinj.com\/blog\/2013\/10\/23\/doni-ko-bude-opstruirao-daje-cunguu-apsolutnu-vlast\/#breadcrumb\"},\"inLanguage\":\"en-US\",\"potentialAction\":[{\"@type\":\"ReadAction\",\"target\":[\"https:\/\/www.visit-ulcinj.com\/blog\/2013\/10\/23\/doni-ko-bude-opstruirao-daje-cunguu-apsolutnu-vlast\/\"]}]},{\"@type\":\"BreadcrumbList\",\"@id\":\"https:\/\/www.visit-ulcinj.com\/blog\/2013\/10\/23\/doni-ko-bude-opstruirao-daje-cunguu-apsolutnu-vlast\/#breadcrumb\",\"itemListElement\":[{\"@type\":\"ListItem\",\"position\":1,\"name\":\"\u0110oni: Ko bude opstruirao daje Cunguu apsolutnu vlast\"}]},{\"@type\":\"Person\",\"@id\":\"https:\/\/www.visit-ulcinj.com\/blog\/#\/schema\/person\/dcab619c614d3038751c63bc2aadc06d\",\"name\":\"ulqini\",\"sameAs\":[\"http:\/\/www.visit-ulcinj.com\"],\"url\":\"https:\/\/www.visit-ulcinj.com\/blog\/author\/admin\/\"}]}<\/script>\n<!-- \/ Yoast SEO plugin. -->","yoast_head_json":{"title":"\u0110oni: Ko bude opstruirao daje Cunguu apsolutnu vlast - Lajme nga Ulqini","description":"Predsjednica Odborni\u010dkog kluba DUA Hatid\u017ea \u0110oni smatra da niko nema pravo da bude neefikasan i odugovla\u010di vr\u0161enje funkcija vlasti, koju mu je narod","robots":{"index":"index","follow":"follow","max-snippet":"max-snippet:-1","max-image-preview":"max-image-preview:large","max-video-preview":"max-video-preview:-1"},"canonical":"https:\/\/www.visit-ulcinj.com\/blog\/2013\/10\/23\/doni-ko-bude-opstruirao-daje-cunguu-apsolutnu-vlast\/","og_locale":"en_US","og_type":"article","og_title":"\u0110oni: Ko bude opstruirao daje Cunguu apsolutnu vlast - Lajme nga Ulqini","og_description":"Predsjednica Odborni\u010dkog kluba DUA Hatid\u017ea \u0110oni smatra da niko nema pravo da bude neefikasan i odugovla\u010di vr\u0161enje funkcija vlasti, koju mu je narod","og_url":"https:\/\/www.visit-ulcinj.com\/blog\/2013\/10\/23\/doni-ko-bude-opstruirao-daje-cunguu-apsolutnu-vlast\/","og_site_name":"Lajme nga Ulqini","article_published_time":"2013-10-23T16:30:00+00:00","og_image":[{"url":"http:\/\/www.visit-ulcinj.com\/blog\/wp-content\/uploads\/2013\/10\/Hatidze-Djoni.jpg"}],"twitter_misc":{"Written by":"ulqini","Est. reading time":"1 minute"},"schema":{"@context":"https:\/\/schema.org","@graph":[{"@type":"WebSite","@id":"https:\/\/www.visit-ulcinj.com\/blog\/#website","url":"https:\/\/www.visit-ulcinj.com\/blog\/","name":"Lajme nga Ulqini","description":"Lajme,Vijesti,Ulqini,Ulqin,Crna Gora,Mali i Zi","potentialAction":[{"@type":"SearchAction","target":{"@type":"EntryPoint","urlTemplate":"https:\/\/www.visit-ulcinj.com\/blog\/?s={search_term_string}"},"query-input":"required name=search_term_string"}],"inLanguage":"en-US"},{"@type":"ImageObject","inLanguage":"en-US","@id":"https:\/\/www.visit-ulcinj.com\/blog\/2013\/10\/23\/doni-ko-bude-opstruirao-daje-cunguu-apsolutnu-vlast\/#primaryimage","url":"https:\/\/www.visit-ulcinj.com\/blog\/wp-content\/uploads\/2013\/10\/Hatidze-Djoni.jpg","contentUrl":"https:\/\/www.visit-ulcinj.com\/blog\/wp-content\/uploads\/2013\/10\/Hatidze-Djoni.jpg","width":960,"height":640},{"@type":"WebPage","@id":"https:\/\/www.visit-ulcinj.com\/blog\/2013\/10\/23\/doni-ko-bude-opstruirao-daje-cunguu-apsolutnu-vlast\/#webpage","url":"https:\/\/www.visit-ulcinj.com\/blog\/2013\/10\/23\/doni-ko-bude-opstruirao-daje-cunguu-apsolutnu-vlast\/","name":"\u0110oni: Ko bude opstruirao daje Cunguu apsolutnu vlast - Lajme nga Ulqini","isPartOf":{"@id":"https:\/\/www.visit-ulcinj.com\/blog\/#website"},"primaryImageOfPage":{"@id":"https:\/\/www.visit-ulcinj.com\/blog\/2013\/10\/23\/doni-ko-bude-opstruirao-daje-cunguu-apsolutnu-vlast\/#primaryimage"},"datePublished":"2013-10-23T16:30:00+00:00","dateModified":"2013-10-23T16:30:00+00:00","author":{"@id":"https:\/\/www.visit-ulcinj.com\/blog\/#\/schema\/person\/dcab619c614d3038751c63bc2aadc06d"},"description":"Predsjednica Odborni\u010dkog kluba DUA Hatid\u017ea \u0110oni smatra da niko nema pravo da bude neefikasan i odugovla\u010di vr\u0161enje funkcija vlasti, koju mu je narod","breadcrumb":{"@id":"https:\/\/www.visit-ulcinj.com\/blog\/2013\/10\/23\/doni-ko-bude-opstruirao-daje-cunguu-apsolutnu-vlast\/#breadcrumb"},"inLanguage":"en-US","potentialAction":[{"@type":"ReadAction","target":["https:\/\/www.visit-ulcinj.com\/blog\/2013\/10\/23\/doni-ko-bude-opstruirao-daje-cunguu-apsolutnu-vlast\/"]}]},{"@type":"BreadcrumbList","@id":"https:\/\/www.visit-ulcinj.com\/blog\/2013\/10\/23\/doni-ko-bude-opstruirao-daje-cunguu-apsolutnu-vlast\/#breadcrumb","itemListElement":[{"@type":"ListItem","position":1,"name":"\u0110oni: Ko bude opstruirao daje Cunguu apsolutnu vlast"}]},{"@type":"Person","@id":"https:\/\/www.visit-ulcinj.com\/blog\/#\/schema\/person\/dcab619c614d3038751c63bc2aadc06d","name":"ulqini","sameAs":["http:\/\/www.visit-ulcinj.com"],"url":"https:\/\/www.visit-ulcinj.com\/blog\/author\/admin\/"}]}},"jetpack_featured_media_url":"","jetpack_sharing_enabled":true,"jetpack_shortlink":"https:\/\/wp.me\/pe6lTn-jEn","_links":{"self":[{"href":"https:\/\/www.visit-ulcinj.com\/blog\/wp-json\/wp\/v2\/posts\/75539"}],"collection":[{"href":"https:\/\/www.visit-ulcinj.com\/blog\/wp-json\/wp\/v2\/posts"}],"about":[{"href":"https:\/\/www.visit-ulcinj.com\/blog\/wp-json\/wp\/v2\/types\/post"}],"author":[{"embeddable":true,"href":"https:\/\/www.visit-ulcinj.com\/blog\/wp-json\/wp\/v2\/users\/1"}],"replies":[{"embeddable":true,"href":"https:\/\/www.visit-ulcinj.com\/blog\/wp-json\/wp\/v2\/comments?post=75539"}],"version-history":[{"count":1,"href":"https:\/\/www.visit-ulcinj.com\/blog\/wp-json\/wp\/v2\/posts\/75539\/revisions"}],"predecessor-version":[{"id":75541,"href":"https:\/\/www.visit-ulcinj.com\/blog\/wp-json\/wp\/v2\/posts\/75539\/revisions\/75541"}],"wp:attachment":[{"href":"https:\/\/www.visit-ulcinj.com\/blog\/wp-json\/wp\/v2\/media?parent=75539"}],"wp:term":[{"taxonomy":"category","embeddable":true,"href":"https:\/\/www.visit-ulcinj.com\/blog\/wp-json\/wp\/v2\/categories?post=75539"},{"taxonomy":"post_tag","embeddable":true,"href":"https:\/\/www.visit-ulcinj.com\/blog\/wp-json\/wp\/v2\/tags?post=75539"}],"curies":[{"name":"wp","href":"https:\/\/api.w.org\/{rel}","templated":true}]}}