{"id":75542,"date":"2013-10-23T18:17:27","date_gmt":"2013-10-23T17:17:27","guid":{"rendered":"http:\/\/www.visit-ulcinj.com\/blog\/?p=75542"},"modified":"2013-10-23T18:17:27","modified_gmt":"2013-10-23T17:17:27","slug":"dado-polumenta-zatvorio-sezonu-u-ulcinju","status":"publish","type":"post","link":"https:\/\/www.visit-ulcinj.com\/blog\/2013\/10\/23\/dado-polumenta-zatvorio-sezonu-u-ulcinju\/","title":{"rendered":"Dado Polumenta zatvorio sezonu u Ulcinju"},"content":{"rendered":"<div id=\"newstextall\"><a href=\"http:\/\/www.visit-ulcinj.com\/blog\/wp-content\/uploads\/2013\/10\/Dado-Polumenta-Ulcinj.jpg\"><img loading=\"lazy\" class=\"alignleft  wp-image-75543\" alt=\"Dado Polumenta-Ulcinj\" src=\"http:\/\/www.visit-ulcinj.com\/blog\/wp-content\/uploads\/2013\/10\/Dado-Polumenta-Ulcinj.jpg\" width=\"508\" height=\"257\" \/><\/a>Iako je trenutno na velikoj turneji \u0161irom Evrope, Dado Polumenta je pro\u0161le nedelje oti\u0161ao u Crnu Goru, gde ina\u010de ima \u010deste nastupe, kako bi zvani\u010dno zatvorio sezonu u Ulcinju.<\/div>\n<div><\/div>\n<div>\u00a0Dado je pred ne\u0161to vi\u0161e od hiljadu ljudi podigao masu u tamo\u0161njem presti\u017enom klubu a publika je do rane zore u jednom glasu pevanja njegove najve\u0107e hitove.<\/div>\n<div><\/div>\n<div>S obzirom da je<span style=\"color: #000000;\">Dado Polumenta<\/span> miljenik \u017eenske populacije, nije \u010dudno \u0161to su na njegovom nastupu bile mahom \u017eene, koje je svojim pesmama bacao u trans.<\/div>\n<div><\/div>\n<div>Odmah nakon ovog nastupa, Polumenta je oti\u0161ao u Italiju gde ima nekoliko zakazanih nastupa.<\/div>\n<div><\/div>\n<div><strong>Izvor: Svetplus<\/strong><\/div>\n<div><!--YouTube Error: bad URL entered--><\/div>\n","protected":false},"excerpt":{"rendered":"<p>Iako je trenutno na velikoj turneji \u0161irom Evrope, Dado Polumenta je pro\u0161le nedelje oti\u0161ao u Crnu Goru, gde ina\u010de ima \u010deste nastupe, kako bi zvani\u010dno zatvorio sezonu u Ulcinju. \u00a0Dado je pred ne\u0161to vi\u0161e od hiljadu ljudi podigao masu u tamo\u0161njem presti\u017enom klubu a publika je do rane zore u jednom glasu pevanja njegove najve\u0107e [&hellip;]<\/p>\n","protected":false},"author":1,"featured_media":0,"comment_status":"closed","ping_status":"closed","sticky":false,"template":"","format":"standard","meta":{"spay_email":"","jetpack_publicize_message":"","jetpack_is_tweetstorm":false,"jetpack_publicize_feature_enabled":true},"categories":[6950],"tags":[],"jetpack_publicize_connections":[],"yoast_head":"<!-- This site is optimized with the Yoast SEO plugin v19.1 - https:\/\/yoast.com\/wordpress\/plugins\/seo\/ -->\n<title>Dado Polumenta zatvorio sezonu u Ulcinju - Lajme nga Ulqini<\/title>\n<meta name=\"description\" content=\"Iako je trenutno na velikoj turneji \u0161irom Evrope, Dado Polumenta je pro\u0161le nedelje oti\u0161ao u Crnu Goru, gde ina\u010de ima \u010deste nastupe, kako bi zvani\u010dno\" \/>\n<meta name=\"robots\" content=\"index, follow, max-snippet:-1, max-image-preview:large, max-video-preview:-1\" \/>\n<link rel=\"canonical\" href=\"https:\/\/www.visit-ulcinj.com\/blog\/2013\/10\/23\/dado-polumenta-zatvorio-sezonu-u-ulcinju\/\" \/>\n<meta property=\"og:locale\" content=\"en_US\" \/>\n<meta property=\"og:type\" content=\"article\" \/>\n<meta property=\"og:title\" content=\"Dado Polumenta zatvorio sezonu u Ulcinju - Lajme nga Ulqini\" \/>\n<meta property=\"og:description\" content=\"Iako je trenutno na velikoj turneji \u0161irom Evrope, Dado Polumenta je pro\u0161le nedelje oti\u0161ao u Crnu Goru, gde ina\u010de ima \u010deste nastupe, kako bi zvani\u010dno\" \/>\n<meta property=\"og:url\" content=\"https:\/\/www.visit-ulcinj.com\/blog\/2013\/10\/23\/dado-polumenta-zatvorio-sezonu-u-ulcinju\/\" \/>\n<meta property=\"og:site_name\" content=\"Lajme nga Ulqini\" \/>\n<meta property=\"article:published_time\" content=\"2013-10-23T17:17:27+00:00\" \/>\n<meta property=\"og:image\" content=\"http:\/\/www.visit-ulcinj.com\/blog\/wp-content\/uploads\/2013\/10\/Dado-Polumenta-Ulcinj.jpg\" \/>\n<meta name=\"twitter:label1\" content=\"Written by\" \/>\n\t<meta name=\"twitter:data1\" content=\"ulqini\" \/>\n\t<meta name=\"twitter:label2\" content=\"Est. reading time\" \/>\n\t<meta name=\"twitter:data2\" content=\"1 minute\" \/>\n<script type=\"application\/ld+json\" class=\"yoast-schema-graph\">{\"@context\":\"https:\/\/schema.org\",\"@graph\":[{\"@type\":\"WebSite\",\"@id\":\"https:\/\/www.visit-ulcinj.com\/blog\/#website\",\"url\":\"https:\/\/www.visit-ulcinj.com\/blog\/\",\"name\":\"Lajme nga Ulqini\",\"description\":\"Lajme,Vijesti,Ulqini,Ulqin,Crna Gora,Mali i Zi\",\"potentialAction\":[{\"@type\":\"SearchAction\",\"target\":{\"@type\":\"EntryPoint\",\"urlTemplate\":\"https:\/\/www.visit-ulcinj.com\/blog\/?s={search_term_string}\"},\"query-input\":\"required name=search_term_string\"}],\"inLanguage\":\"en-US\"},{\"@type\":\"ImageObject\",\"inLanguage\":\"en-US\",\"@id\":\"https:\/\/www.visit-ulcinj.com\/blog\/2013\/10\/23\/dado-polumenta-zatvorio-sezonu-u-ulcinju\/#primaryimage\",\"url\":\"https:\/\/www.visit-ulcinj.com\/blog\/wp-content\/uploads\/2013\/10\/Dado-Polumenta-Ulcinj.jpg\",\"contentUrl\":\"https:\/\/www.visit-ulcinj.com\/blog\/wp-content\/uploads\/2013\/10\/Dado-Polumenta-Ulcinj.jpg\",\"width\":475,\"height\":257},{\"@type\":\"WebPage\",\"@id\":\"https:\/\/www.visit-ulcinj.com\/blog\/2013\/10\/23\/dado-polumenta-zatvorio-sezonu-u-ulcinju\/#webpage\",\"url\":\"https:\/\/www.visit-ulcinj.com\/blog\/2013\/10\/23\/dado-polumenta-zatvorio-sezonu-u-ulcinju\/\",\"name\":\"Dado Polumenta zatvorio sezonu u Ulcinju - Lajme nga Ulqini\",\"isPartOf\":{\"@id\":\"https:\/\/www.visit-ulcinj.com\/blog\/#website\"},\"primaryImageOfPage\":{\"@id\":\"https:\/\/www.visit-ulcinj.com\/blog\/2013\/10\/23\/dado-polumenta-zatvorio-sezonu-u-ulcinju\/#primaryimage\"},\"datePublished\":\"2013-10-23T17:17:27+00:00\",\"dateModified\":\"2013-10-23T17:17:27+00:00\",\"author\":{\"@id\":\"https:\/\/www.visit-ulcinj.com\/blog\/#\/schema\/person\/dcab619c614d3038751c63bc2aadc06d\"},\"description\":\"Iako je trenutno na velikoj turneji \u0161irom Evrope, Dado Polumenta je pro\u0161le nedelje oti\u0161ao u Crnu Goru, gde ina\u010de ima \u010deste nastupe, kako bi zvani\u010dno\",\"breadcrumb\":{\"@id\":\"https:\/\/www.visit-ulcinj.com\/blog\/2013\/10\/23\/dado-polumenta-zatvorio-sezonu-u-ulcinju\/#breadcrumb\"},\"inLanguage\":\"en-US\",\"potentialAction\":[{\"@type\":\"ReadAction\",\"target\":[\"https:\/\/www.visit-ulcinj.com\/blog\/2013\/10\/23\/dado-polumenta-zatvorio-sezonu-u-ulcinju\/\"]}]},{\"@type\":\"BreadcrumbList\",\"@id\":\"https:\/\/www.visit-ulcinj.com\/blog\/2013\/10\/23\/dado-polumenta-zatvorio-sezonu-u-ulcinju\/#breadcrumb\",\"itemListElement\":[{\"@type\":\"ListItem\",\"position\":1,\"name\":\"Dado Polumenta zatvorio sezonu u Ulcinju\"}]},{\"@type\":\"Person\",\"@id\":\"https:\/\/www.visit-ulcinj.com\/blog\/#\/schema\/person\/dcab619c614d3038751c63bc2aadc06d\",\"name\":\"ulqini\",\"sameAs\":[\"http:\/\/www.visit-ulcinj.com\"],\"url\":\"https:\/\/www.visit-ulcinj.com\/blog\/author\/admin\/\"}]}<\/script>\n<!-- \/ Yoast SEO plugin. -->","yoast_head_json":{"title":"Dado Polumenta zatvorio sezonu u Ulcinju - Lajme nga Ulqini","description":"Iako je trenutno na velikoj turneji \u0161irom Evrope, Dado Polumenta je pro\u0161le nedelje oti\u0161ao u Crnu Goru, gde ina\u010de ima \u010deste nastupe, kako bi zvani\u010dno","robots":{"index":"index","follow":"follow","max-snippet":"max-snippet:-1","max-image-preview":"max-image-preview:large","max-video-preview":"max-video-preview:-1"},"canonical":"https:\/\/www.visit-ulcinj.com\/blog\/2013\/10\/23\/dado-polumenta-zatvorio-sezonu-u-ulcinju\/","og_locale":"en_US","og_type":"article","og_title":"Dado Polumenta zatvorio sezonu u Ulcinju - Lajme nga Ulqini","og_description":"Iako je trenutno na velikoj turneji \u0161irom Evrope, Dado Polumenta je pro\u0161le nedelje oti\u0161ao u Crnu Goru, gde ina\u010de ima \u010deste nastupe, kako bi zvani\u010dno","og_url":"https:\/\/www.visit-ulcinj.com\/blog\/2013\/10\/23\/dado-polumenta-zatvorio-sezonu-u-ulcinju\/","og_site_name":"Lajme nga Ulqini","article_published_time":"2013-10-23T17:17:27+00:00","og_image":[{"url":"http:\/\/www.visit-ulcinj.com\/blog\/wp-content\/uploads\/2013\/10\/Dado-Polumenta-Ulcinj.jpg"}],"twitter_misc":{"Written by":"ulqini","Est. reading time":"1 minute"},"schema":{"@context":"https:\/\/schema.org","@graph":[{"@type":"WebSite","@id":"https:\/\/www.visit-ulcinj.com\/blog\/#website","url":"https:\/\/www.visit-ulcinj.com\/blog\/","name":"Lajme nga Ulqini","description":"Lajme,Vijesti,Ulqini,Ulqin,Crna Gora,Mali i Zi","potentialAction":[{"@type":"SearchAction","target":{"@type":"EntryPoint","urlTemplate":"https:\/\/www.visit-ulcinj.com\/blog\/?s={search_term_string}"},"query-input":"required name=search_term_string"}],"inLanguage":"en-US"},{"@type":"ImageObject","inLanguage":"en-US","@id":"https:\/\/www.visit-ulcinj.com\/blog\/2013\/10\/23\/dado-polumenta-zatvorio-sezonu-u-ulcinju\/#primaryimage","url":"https:\/\/www.visit-ulcinj.com\/blog\/wp-content\/uploads\/2013\/10\/Dado-Polumenta-Ulcinj.jpg","contentUrl":"https:\/\/www.visit-ulcinj.com\/blog\/wp-content\/uploads\/2013\/10\/Dado-Polumenta-Ulcinj.jpg","width":475,"height":257},{"@type":"WebPage","@id":"https:\/\/www.visit-ulcinj.com\/blog\/2013\/10\/23\/dado-polumenta-zatvorio-sezonu-u-ulcinju\/#webpage","url":"https:\/\/www.visit-ulcinj.com\/blog\/2013\/10\/23\/dado-polumenta-zatvorio-sezonu-u-ulcinju\/","name":"Dado Polumenta zatvorio sezonu u Ulcinju - Lajme nga Ulqini","isPartOf":{"@id":"https:\/\/www.visit-ulcinj.com\/blog\/#website"},"primaryImageOfPage":{"@id":"https:\/\/www.visit-ulcinj.com\/blog\/2013\/10\/23\/dado-polumenta-zatvorio-sezonu-u-ulcinju\/#primaryimage"},"datePublished":"2013-10-23T17:17:27+00:00","dateModified":"2013-10-23T17:17:27+00:00","author":{"@id":"https:\/\/www.visit-ulcinj.com\/blog\/#\/schema\/person\/dcab619c614d3038751c63bc2aadc06d"},"description":"Iako je trenutno na velikoj turneji \u0161irom Evrope, Dado Polumenta je pro\u0161le nedelje oti\u0161ao u Crnu Goru, gde ina\u010de ima \u010deste nastupe, kako bi zvani\u010dno","breadcrumb":{"@id":"https:\/\/www.visit-ulcinj.com\/blog\/2013\/10\/23\/dado-polumenta-zatvorio-sezonu-u-ulcinju\/#breadcrumb"},"inLanguage":"en-US","potentialAction":[{"@type":"ReadAction","target":["https:\/\/www.visit-ulcinj.com\/blog\/2013\/10\/23\/dado-polumenta-zatvorio-sezonu-u-ulcinju\/"]}]},{"@type":"BreadcrumbList","@id":"https:\/\/www.visit-ulcinj.com\/blog\/2013\/10\/23\/dado-polumenta-zatvorio-sezonu-u-ulcinju\/#breadcrumb","itemListElement":[{"@type":"ListItem","position":1,"name":"Dado Polumenta zatvorio sezonu u Ulcinju"}]},{"@type":"Person","@id":"https:\/\/www.visit-ulcinj.com\/blog\/#\/schema\/person\/dcab619c614d3038751c63bc2aadc06d","name":"ulqini","sameAs":["http:\/\/www.visit-ulcinj.com"],"url":"https:\/\/www.visit-ulcinj.com\/blog\/author\/admin\/"}]}},"jetpack_featured_media_url":"","jetpack_sharing_enabled":true,"jetpack_shortlink":"https:\/\/wp.me\/pe6lTn-jEq","_links":{"self":[{"href":"https:\/\/www.visit-ulcinj.com\/blog\/wp-json\/wp\/v2\/posts\/75542"}],"collection":[{"href":"https:\/\/www.visit-ulcinj.com\/blog\/wp-json\/wp\/v2\/posts"}],"about":[{"href":"https:\/\/www.visit-ulcinj.com\/blog\/wp-json\/wp\/v2\/types\/post"}],"author":[{"embeddable":true,"href":"https:\/\/www.visit-ulcinj.com\/blog\/wp-json\/wp\/v2\/users\/1"}],"replies":[{"embeddable":true,"href":"https:\/\/www.visit-ulcinj.com\/blog\/wp-json\/wp\/v2\/comments?post=75542"}],"version-history":[{"count":1,"href":"https:\/\/www.visit-ulcinj.com\/blog\/wp-json\/wp\/v2\/posts\/75542\/revisions"}],"predecessor-version":[{"id":75544,"href":"https:\/\/www.visit-ulcinj.com\/blog\/wp-json\/wp\/v2\/posts\/75542\/revisions\/75544"}],"wp:attachment":[{"href":"https:\/\/www.visit-ulcinj.com\/blog\/wp-json\/wp\/v2\/media?parent=75542"}],"wp:term":[{"taxonomy":"category","embeddable":true,"href":"https:\/\/www.visit-ulcinj.com\/blog\/wp-json\/wp\/v2\/categories?post=75542"},{"taxonomy":"post_tag","embeddable":true,"href":"https:\/\/www.visit-ulcinj.com\/blog\/wp-json\/wp\/v2\/tags?post=75542"}],"curies":[{"name":"wp","href":"https:\/\/api.w.org\/{rel}","templated":true}]}}