{"id":75551,"date":"2013-10-24T17:49:27","date_gmt":"2013-10-24T16:49:27","guid":{"rendered":"http:\/\/www.visit-ulcinj.com\/blog\/?p=75551"},"modified":"2013-10-25T15:05:15","modified_gmt":"2013-10-25T14:05:15","slug":"abazoviq-mbrojtja-e-te-drejtave-te-pakicave-mbetet-nje-shqetesim-ne-mal-te-zi-video","status":"publish","type":"post","link":"https:\/\/www.visit-ulcinj.com\/blog\/2013\/10\/24\/abazoviq-mbrojtja-e-te-drejtave-te-pakicave-mbetet-nje-shqetesim-ne-mal-te-zi-video\/","title":{"rendered":"Abazoviq: Mbrojtja e t\u00eb drejtave t\u00eb pakicave mbetet nj\u00eb shqet\u00ebsim n\u00eb Mal t\u00eb Zi &#8211; Video"},"content":{"rendered":"<p><a href=\"http:\/\/www.visit-ulcinj.com\/blog\/wp-content\/uploads\/2013\/05\/Dritan-Abazovic-Ulcinj.jpg\"><img loading=\"lazy\" class=\"alignleft  wp-image-71129\" alt=\"Dritan Abazovic-Ulcinj\" src=\"http:\/\/www.visit-ulcinj.com\/blog\/wp-content\/uploads\/2013\/05\/Dritan-Abazovic-Ulcinj.jpg\" width=\"508\" height=\"360\" \/><\/a>Secila shoq\u00ebri duhet t\u00eb kujdeset p\u00ebr shumic\u00ebn dhe pakic\u00ebn. T\u00eb mos b\u00ebj\u00eb nj\u00eb shkelje t\u00eb drejtash tek pakicat, po edhe t\u00eb mos ngulfat iden\u00eb e shumic\u00ebs n\u00eb bot\u00ebn e mentalitetit demokratik.<\/p>\n<p>Pakicat prej pakicave dallojn\u00eb, po ashtu edhe shumica prej shumic\u00ebs nuk \u00ebsht\u00eb e nj\u00ebjt\u00eb. Disa pakica jan\u00eb t\u00eb pranueshme p\u00ebr shoq\u00ebrin\u00eb edhe pse jo t\u00eb nj\u00ebjta me shoq\u00ebrin\u00eb, por zbukurim i saj. Disa t\u00eb tjera e d\u00ebmtojn\u00eb komplet imazhin e shoq\u00ebris\u00eb. E drejta jo \u00e7doher\u00eb \u00ebsht\u00eb me shumic\u00ebn. Por, edhe, jo \u00e7doher\u00eb pakica \u00ebsht\u00eb e shkelur.<\/p>\n<p><iframe loading=\"lazy\" src=\"\/\/www.youtube.com\/embed\/_t9knMkcKqg?list=UUXPWBcBokvX8SLYehhc-Zig\" height=\"360\" width=\"508\" allowfullscreen=\"\" frameborder=\"0\"><\/iframe><\/p>\n","protected":false},"excerpt":{"rendered":"<p>Secila shoq\u00ebri duhet t\u00eb kujdeset p\u00ebr shumic\u00ebn dhe pakic\u00ebn. T\u00eb mos b\u00ebj\u00eb nj\u00eb shkelje t\u00eb drejtash tek pakicat, po edhe t\u00eb mos ngulfat iden\u00eb e shumic\u00ebs n\u00eb bot\u00ebn e mentalitetit demokratik. Pakicat prej pakicave dallojn\u00eb, po ashtu edhe shumica prej shumic\u00ebs nuk \u00ebsht\u00eb e nj\u00ebjt\u00eb. Disa pakica jan\u00eb t\u00eb pranueshme p\u00ebr shoq\u00ebrin\u00eb edhe pse jo [&hellip;]<\/p>\n","protected":false},"author":1,"featured_media":0,"comment_status":"closed","ping_status":"closed","sticky":false,"template":"","format":"standard","meta":{"spay_email":"","jetpack_publicize_message":"","jetpack_is_tweetstorm":false,"jetpack_publicize_feature_enabled":true},"categories":[1,6],"tags":[],"jetpack_publicize_connections":[],"yoast_head":"<!-- This site is optimized with the Yoast SEO plugin v19.1 - https:\/\/yoast.com\/wordpress\/plugins\/seo\/ -->\n<title>Abazoviq: Mbrojtja e t\u00eb drejtave t\u00eb pakicave mbetet nj\u00eb shqet\u00ebsim n\u00eb Mal t\u00eb Zi - Video - Lajme nga Ulqini<\/title>\n<meta name=\"description\" content=\"Secila shoq\u00ebri duhet t\u00eb kujdeset p\u00ebr shumic\u00ebn dhe pakic\u00ebn. T\u00eb mos b\u00ebj\u00eb nj\u00eb shkelje t\u00eb drejtash tek pakicat, po edhe t\u00eb mos ngulfat iden\u00eb e shumic\u00ebs n\u00eb\" \/>\n<meta name=\"robots\" content=\"index, follow, max-snippet:-1, max-image-preview:large, max-video-preview:-1\" \/>\n<link rel=\"canonical\" href=\"https:\/\/www.visit-ulcinj.com\/blog\/2013\/10\/24\/abazoviq-mbrojtja-e-te-drejtave-te-pakicave-mbetet-nje-shqetesim-ne-mal-te-zi-video\/\" \/>\n<meta property=\"og:locale\" content=\"en_US\" \/>\n<meta property=\"og:type\" content=\"article\" \/>\n<meta property=\"og:title\" content=\"Abazoviq: Mbrojtja e t\u00eb drejtave t\u00eb pakicave mbetet nj\u00eb shqet\u00ebsim n\u00eb Mal t\u00eb Zi - Video - Lajme nga Ulqini\" \/>\n<meta property=\"og:description\" content=\"Secila shoq\u00ebri duhet t\u00eb kujdeset p\u00ebr shumic\u00ebn dhe pakic\u00ebn. T\u00eb mos b\u00ebj\u00eb nj\u00eb shkelje t\u00eb drejtash tek pakicat, po edhe t\u00eb mos ngulfat iden\u00eb e shumic\u00ebs n\u00eb\" \/>\n<meta property=\"og:url\" content=\"https:\/\/www.visit-ulcinj.com\/blog\/2013\/10\/24\/abazoviq-mbrojtja-e-te-drejtave-te-pakicave-mbetet-nje-shqetesim-ne-mal-te-zi-video\/\" \/>\n<meta property=\"og:site_name\" content=\"Lajme nga Ulqini\" \/>\n<meta property=\"article:published_time\" content=\"2013-10-24T16:49:27+00:00\" \/>\n<meta property=\"article:modified_time\" content=\"2013-10-25T14:05:15+00:00\" \/>\n<meta property=\"og:image\" content=\"http:\/\/www.visit-ulcinj.com\/blog\/wp-content\/uploads\/2013\/05\/Dritan-Abazovic-Ulcinj.jpg\" \/>\n<meta name=\"twitter:label1\" content=\"Written by\" \/>\n\t<meta name=\"twitter:data1\" content=\"ulqini\" \/>\n\t<meta name=\"twitter:label2\" content=\"Est. reading time\" \/>\n\t<meta name=\"twitter:data2\" content=\"1 minute\" \/>\n<script type=\"application\/ld+json\" class=\"yoast-schema-graph\">{\"@context\":\"https:\/\/schema.org\",\"@graph\":[{\"@type\":\"WebSite\",\"@id\":\"https:\/\/www.visit-ulcinj.com\/blog\/#website\",\"url\":\"https:\/\/www.visit-ulcinj.com\/blog\/\",\"name\":\"Lajme nga Ulqini\",\"description\":\"Lajme,Vijesti,Ulqini,Ulqin,Crna Gora,Mali i Zi\",\"potentialAction\":[{\"@type\":\"SearchAction\",\"target\":{\"@type\":\"EntryPoint\",\"urlTemplate\":\"https:\/\/www.visit-ulcinj.com\/blog\/?s={search_term_string}\"},\"query-input\":\"required name=search_term_string\"}],\"inLanguage\":\"en-US\"},{\"@type\":\"ImageObject\",\"inLanguage\":\"en-US\",\"@id\":\"https:\/\/www.visit-ulcinj.com\/blog\/2013\/10\/24\/abazoviq-mbrojtja-e-te-drejtave-te-pakicave-mbetet-nje-shqetesim-ne-mal-te-zi-video\/#primaryimage\",\"url\":\"https:\/\/www.visit-ulcinj.com\/blog\/wp-content\/uploads\/2013\/05\/Dritan-Abazovic-Ulcinj.jpg\",\"contentUrl\":\"https:\/\/www.visit-ulcinj.com\/blog\/wp-content\/uploads\/2013\/05\/Dritan-Abazovic-Ulcinj.jpg\",\"width\":1000,\"height\":624},{\"@type\":\"WebPage\",\"@id\":\"https:\/\/www.visit-ulcinj.com\/blog\/2013\/10\/24\/abazoviq-mbrojtja-e-te-drejtave-te-pakicave-mbetet-nje-shqetesim-ne-mal-te-zi-video\/#webpage\",\"url\":\"https:\/\/www.visit-ulcinj.com\/blog\/2013\/10\/24\/abazoviq-mbrojtja-e-te-drejtave-te-pakicave-mbetet-nje-shqetesim-ne-mal-te-zi-video\/\",\"name\":\"Abazoviq: Mbrojtja e t\u00eb drejtave t\u00eb pakicave mbetet nj\u00eb shqet\u00ebsim n\u00eb Mal t\u00eb Zi - Video - Lajme nga Ulqini\",\"isPartOf\":{\"@id\":\"https:\/\/www.visit-ulcinj.com\/blog\/#website\"},\"primaryImageOfPage\":{\"@id\":\"https:\/\/www.visit-ulcinj.com\/blog\/2013\/10\/24\/abazoviq-mbrojtja-e-te-drejtave-te-pakicave-mbetet-nje-shqetesim-ne-mal-te-zi-video\/#primaryimage\"},\"datePublished\":\"2013-10-24T16:49:27+00:00\",\"dateModified\":\"2013-10-25T14:05:15+00:00\",\"author\":{\"@id\":\"https:\/\/www.visit-ulcinj.com\/blog\/#\/schema\/person\/dcab619c614d3038751c63bc2aadc06d\"},\"description\":\"Secila shoq\u00ebri duhet t\u00eb kujdeset p\u00ebr shumic\u00ebn dhe pakic\u00ebn. T\u00eb mos b\u00ebj\u00eb nj\u00eb shkelje t\u00eb drejtash tek pakicat, po edhe t\u00eb mos ngulfat iden\u00eb e shumic\u00ebs n\u00eb\",\"breadcrumb\":{\"@id\":\"https:\/\/www.visit-ulcinj.com\/blog\/2013\/10\/24\/abazoviq-mbrojtja-e-te-drejtave-te-pakicave-mbetet-nje-shqetesim-ne-mal-te-zi-video\/#breadcrumb\"},\"inLanguage\":\"en-US\",\"potentialAction\":[{\"@type\":\"ReadAction\",\"target\":[\"https:\/\/www.visit-ulcinj.com\/blog\/2013\/10\/24\/abazoviq-mbrojtja-e-te-drejtave-te-pakicave-mbetet-nje-shqetesim-ne-mal-te-zi-video\/\"]}]},{\"@type\":\"BreadcrumbList\",\"@id\":\"https:\/\/www.visit-ulcinj.com\/blog\/2013\/10\/24\/abazoviq-mbrojtja-e-te-drejtave-te-pakicave-mbetet-nje-shqetesim-ne-mal-te-zi-video\/#breadcrumb\",\"itemListElement\":[{\"@type\":\"ListItem\",\"position\":1,\"name\":\"Abazoviq: Mbrojtja e t\u00eb drejtave t\u00eb pakicave mbetet nj\u00eb shqet\u00ebsim n\u00eb Mal t\u00eb Zi &#8211; Video\"}]},{\"@type\":\"Person\",\"@id\":\"https:\/\/www.visit-ulcinj.com\/blog\/#\/schema\/person\/dcab619c614d3038751c63bc2aadc06d\",\"name\":\"ulqini\",\"sameAs\":[\"http:\/\/www.visit-ulcinj.com\"],\"url\":\"https:\/\/www.visit-ulcinj.com\/blog\/author\/admin\/\"}]}<\/script>\n<!-- \/ Yoast SEO plugin. -->","yoast_head_json":{"title":"Abazoviq: Mbrojtja e t\u00eb drejtave t\u00eb pakicave mbetet nj\u00eb shqet\u00ebsim n\u00eb Mal t\u00eb Zi - Video - Lajme nga Ulqini","description":"Secila shoq\u00ebri duhet t\u00eb kujdeset p\u00ebr shumic\u00ebn dhe pakic\u00ebn. T\u00eb mos b\u00ebj\u00eb nj\u00eb shkelje t\u00eb drejtash tek pakicat, po edhe t\u00eb mos ngulfat iden\u00eb e shumic\u00ebs n\u00eb","robots":{"index":"index","follow":"follow","max-snippet":"max-snippet:-1","max-image-preview":"max-image-preview:large","max-video-preview":"max-video-preview:-1"},"canonical":"https:\/\/www.visit-ulcinj.com\/blog\/2013\/10\/24\/abazoviq-mbrojtja-e-te-drejtave-te-pakicave-mbetet-nje-shqetesim-ne-mal-te-zi-video\/","og_locale":"en_US","og_type":"article","og_title":"Abazoviq: Mbrojtja e t\u00eb drejtave t\u00eb pakicave mbetet nj\u00eb shqet\u00ebsim n\u00eb Mal t\u00eb Zi - Video - Lajme nga Ulqini","og_description":"Secila shoq\u00ebri duhet t\u00eb kujdeset p\u00ebr shumic\u00ebn dhe pakic\u00ebn. T\u00eb mos b\u00ebj\u00eb nj\u00eb shkelje t\u00eb drejtash tek pakicat, po edhe t\u00eb mos ngulfat iden\u00eb e shumic\u00ebs n\u00eb","og_url":"https:\/\/www.visit-ulcinj.com\/blog\/2013\/10\/24\/abazoviq-mbrojtja-e-te-drejtave-te-pakicave-mbetet-nje-shqetesim-ne-mal-te-zi-video\/","og_site_name":"Lajme nga Ulqini","article_published_time":"2013-10-24T16:49:27+00:00","article_modified_time":"2013-10-25T14:05:15+00:00","og_image":[{"url":"http:\/\/www.visit-ulcinj.com\/blog\/wp-content\/uploads\/2013\/05\/Dritan-Abazovic-Ulcinj.jpg"}],"twitter_misc":{"Written by":"ulqini","Est. reading time":"1 minute"},"schema":{"@context":"https:\/\/schema.org","@graph":[{"@type":"WebSite","@id":"https:\/\/www.visit-ulcinj.com\/blog\/#website","url":"https:\/\/www.visit-ulcinj.com\/blog\/","name":"Lajme nga Ulqini","description":"Lajme,Vijesti,Ulqini,Ulqin,Crna Gora,Mali i Zi","potentialAction":[{"@type":"SearchAction","target":{"@type":"EntryPoint","urlTemplate":"https:\/\/www.visit-ulcinj.com\/blog\/?s={search_term_string}"},"query-input":"required name=search_term_string"}],"inLanguage":"en-US"},{"@type":"ImageObject","inLanguage":"en-US","@id":"https:\/\/www.visit-ulcinj.com\/blog\/2013\/10\/24\/abazoviq-mbrojtja-e-te-drejtave-te-pakicave-mbetet-nje-shqetesim-ne-mal-te-zi-video\/#primaryimage","url":"https:\/\/www.visit-ulcinj.com\/blog\/wp-content\/uploads\/2013\/05\/Dritan-Abazovic-Ulcinj.jpg","contentUrl":"https:\/\/www.visit-ulcinj.com\/blog\/wp-content\/uploads\/2013\/05\/Dritan-Abazovic-Ulcinj.jpg","width":1000,"height":624},{"@type":"WebPage","@id":"https:\/\/www.visit-ulcinj.com\/blog\/2013\/10\/24\/abazoviq-mbrojtja-e-te-drejtave-te-pakicave-mbetet-nje-shqetesim-ne-mal-te-zi-video\/#webpage","url":"https:\/\/www.visit-ulcinj.com\/blog\/2013\/10\/24\/abazoviq-mbrojtja-e-te-drejtave-te-pakicave-mbetet-nje-shqetesim-ne-mal-te-zi-video\/","name":"Abazoviq: Mbrojtja e t\u00eb drejtave t\u00eb pakicave mbetet nj\u00eb shqet\u00ebsim n\u00eb Mal t\u00eb Zi - Video - Lajme nga Ulqini","isPartOf":{"@id":"https:\/\/www.visit-ulcinj.com\/blog\/#website"},"primaryImageOfPage":{"@id":"https:\/\/www.visit-ulcinj.com\/blog\/2013\/10\/24\/abazoviq-mbrojtja-e-te-drejtave-te-pakicave-mbetet-nje-shqetesim-ne-mal-te-zi-video\/#primaryimage"},"datePublished":"2013-10-24T16:49:27+00:00","dateModified":"2013-10-25T14:05:15+00:00","author":{"@id":"https:\/\/www.visit-ulcinj.com\/blog\/#\/schema\/person\/dcab619c614d3038751c63bc2aadc06d"},"description":"Secila shoq\u00ebri duhet t\u00eb kujdeset p\u00ebr shumic\u00ebn dhe pakic\u00ebn. T\u00eb mos b\u00ebj\u00eb nj\u00eb shkelje t\u00eb drejtash tek pakicat, po edhe t\u00eb mos ngulfat iden\u00eb e shumic\u00ebs n\u00eb","breadcrumb":{"@id":"https:\/\/www.visit-ulcinj.com\/blog\/2013\/10\/24\/abazoviq-mbrojtja-e-te-drejtave-te-pakicave-mbetet-nje-shqetesim-ne-mal-te-zi-video\/#breadcrumb"},"inLanguage":"en-US","potentialAction":[{"@type":"ReadAction","target":["https:\/\/www.visit-ulcinj.com\/blog\/2013\/10\/24\/abazoviq-mbrojtja-e-te-drejtave-te-pakicave-mbetet-nje-shqetesim-ne-mal-te-zi-video\/"]}]},{"@type":"BreadcrumbList","@id":"https:\/\/www.visit-ulcinj.com\/blog\/2013\/10\/24\/abazoviq-mbrojtja-e-te-drejtave-te-pakicave-mbetet-nje-shqetesim-ne-mal-te-zi-video\/#breadcrumb","itemListElement":[{"@type":"ListItem","position":1,"name":"Abazoviq: Mbrojtja e t\u00eb drejtave t\u00eb pakicave mbetet nj\u00eb shqet\u00ebsim n\u00eb Mal t\u00eb Zi &#8211; Video"}]},{"@type":"Person","@id":"https:\/\/www.visit-ulcinj.com\/blog\/#\/schema\/person\/dcab619c614d3038751c63bc2aadc06d","name":"ulqini","sameAs":["http:\/\/www.visit-ulcinj.com"],"url":"https:\/\/www.visit-ulcinj.com\/blog\/author\/admin\/"}]}},"jetpack_featured_media_url":"","jetpack_sharing_enabled":true,"jetpack_shortlink":"https:\/\/wp.me\/pe6lTn-jEz","_links":{"self":[{"href":"https:\/\/www.visit-ulcinj.com\/blog\/wp-json\/wp\/v2\/posts\/75551"}],"collection":[{"href":"https:\/\/www.visit-ulcinj.com\/blog\/wp-json\/wp\/v2\/posts"}],"about":[{"href":"https:\/\/www.visit-ulcinj.com\/blog\/wp-json\/wp\/v2\/types\/post"}],"author":[{"embeddable":true,"href":"https:\/\/www.visit-ulcinj.com\/blog\/wp-json\/wp\/v2\/users\/1"}],"replies":[{"embeddable":true,"href":"https:\/\/www.visit-ulcinj.com\/blog\/wp-json\/wp\/v2\/comments?post=75551"}],"version-history":[{"count":1,"href":"https:\/\/www.visit-ulcinj.com\/blog\/wp-json\/wp\/v2\/posts\/75551\/revisions"}],"predecessor-version":[{"id":75552,"href":"https:\/\/www.visit-ulcinj.com\/blog\/wp-json\/wp\/v2\/posts\/75551\/revisions\/75552"}],"wp:attachment":[{"href":"https:\/\/www.visit-ulcinj.com\/blog\/wp-json\/wp\/v2\/media?parent=75551"}],"wp:term":[{"taxonomy":"category","embeddable":true,"href":"https:\/\/www.visit-ulcinj.com\/blog\/wp-json\/wp\/v2\/categories?post=75551"},{"taxonomy":"post_tag","embeddable":true,"href":"https:\/\/www.visit-ulcinj.com\/blog\/wp-json\/wp\/v2\/tags?post=75551"}],"curies":[{"name":"wp","href":"https:\/\/api.w.org\/{rel}","templated":true}]}}