{"id":75553,"date":"2013-10-25T15:03:35","date_gmt":"2013-10-25T14:03:35","guid":{"rendered":"http:\/\/www.visit-ulcinj.com\/blog\/?p=75553"},"modified":"2013-10-27T17:05:29","modified_gmt":"2013-10-27T16:05:29","slug":"monumentet-shqiptare-ne-mal-te-zi-ne-rrezik-zhdukje","status":"publish","type":"post","link":"https:\/\/www.visit-ulcinj.com\/blog\/2013\/10\/25\/monumentet-shqiptare-ne-mal-te-zi-ne-rrezik-zhdukje\/","title":{"rendered":"Monumentet shqiptare n\u00eb Mal t\u00eb Zi n\u00eb rrezik zhdukje"},"content":{"rendered":"<p><a href=\"http:\/\/www.visit-ulcinj.com\/blog\/wp-content\/uploads\/2013\/10\/Kisha-Ljare.jpg\"><img loading=\"lazy\" class=\"alignleft  wp-image-75554\" alt=\"Kisha Ljare\" src=\"http:\/\/www.visit-ulcinj.com\/blog\/wp-content\/uploads\/2013\/10\/Kisha-Ljare.jpg\" width=\"508\" height=\"360\" \/><\/a><br \/>\n<em><strong>(Ne foto: Kisha Ljare\u00a0<a href=\"http:\/\/www.shqiptarja.com\/fotogaleri\/index.php?id=10457&amp;IDCategoria=4\"> FOTO TE TJERA<\/a>)<\/strong><\/em><\/p>\n<p><strong>Monumentet e trash\u00ebgimis\u00eb ton\u00eb kulturore e historike n\u00eb Mal t\u00eb Zi n\u00eb rrezik zhdukje<\/strong><\/p>\n<p><strong>Nga Simon Shkreli<\/strong><\/p>\n<p>\u201cThon\u00eb se gur\u00ebt e m\u00ebdhenj atje posht\u00eb n\u00eb \u201cSh\u00ebn M\u00ebri\u201d, jan\u00eb burrat q\u00eb jan\u00eb kthyer dhe kan\u00eb vdekur n\u00eb vend. Po t\u00eb jesh trim dhe z\u00ebm\u00ebrbardh\u00eb e po t\u00eb shkosh andej nat\u00ebn, i d\u00ebgjon t\u00eb tregojn\u00eb historit\u00eb e tyre.\u00a0\u201c<\/p>\n<p>-M\u2019u kujtua Petro Marko me romanin e tij \u201c Ret\u00eb dhe gur\u00ebt\u201d I botuar pas vdekjes s\u00eb tij nga bashk\u00ebshortja dhe e bija p\u00ebr t\u00eb nisur k\u00ebt\u00eb shkrim me t\u00eb cilin k\u00ebrkoj t\u00eb kthej v\u00ebmendjen ndaj vlerave dhe trash\u00ebgimis\u00eb ton\u00eb q\u00eb e kemi n\u00eb rrezik zhdukje.<\/p>\n<p>Shpesh her\u00eb m\u00eb rastis t\u00eb flas me persona t\u00eb ndrysh\u00ebm rreth Malit t\u00eb Zi, vlerave q\u00eb ka ai vend dhe bukurive t\u00eb rradha q\u00eb posedon. Popullin e tij mikprit\u00ebs, por edhe p\u00ebr jet\u00ebn e qejfit q\u00eb b\u00ebhet n\u00eb Budva gjat\u00eb ver\u00ebs por edhe dimrit. E nd\u00ebrsa n\u00eb bised\u00eb e sip\u00ebr kthej v\u00ebmendjen n\u00eb zon\u00ebn rreth kufirit, p\u00ebr shum\u00eb arsye: njohja me k\u00ebto zona \u00ebsht\u00eb shum\u00eb e pak\u00ebt, e njohin vet\u00ebm si zon\u00eb p\u00ebrgjat\u00eb gjith\u00eb vijes kufitare jetojn\u00eb shqiptar\u00eb. Kaq mjafton dhe \u00e7do gj\u00eb \u00ebsht\u00eb e kryer! Nga ata t\u00eb cil\u00ebt kan\u00eb qen\u00eb m\u00eb kurioz\u00ebt p\u00ebr k\u00ebto zona, nga ata q\u00eb jan\u00eb t\u00eb njohur me restorantet e peshkut n\u00eb gryk\u00ebderdhje t\u00eb lumit Buna n\u00eb zon\u00ebn e Ulqinit, apo edhe p\u00ebr Virpazarin. Nd\u00ebrsa ngat\u00ebrresa m\u00eb e madhe ndodh kur Kullen e Oso Kuk\u00ebs e ngat\u00ebrrojn\u00eb me k\u00ebshtjellen \u201cLesendro\u201d q\u00eb ndodh\u00ebt buz\u00eb rrug\u00ebs Podgoric\u00eb-Tivar. Nd\u00ebrsa atraksioni m\u00eb I madh gjat\u00eb dimrit \u00ebsht\u00eb Kollashini, nj\u00eb q\u00ebnd\u00ebr turistike dim\u00ebrore mjaft atraktive dhe e mir\u00eb. Por m\u00eb \u00e7udit fakti se sa shum\u00eb jan\u00eb t\u00eb interesuar shqiptar\u00ebt p\u00ebr t\u00eb par\u00eb Manastrin e Cetinj\u00ebs, apo t\u00eb Ostrogut epa l\u00ebn\u00eb menjan\u00eb edhe Pallatin Mbretror t\u00eb Knjazit, dhe sallonet e dinastis\u00eb s\u00eb Petroviq\u00ebve. Ky nuk \u00ebsht\u00eb faj I malazez\u00ebve, pasi\u00a0 \u201cshk\u00ebnc\u00ebtar\u00ebt\u201d tan\u00eb t\u00eb cil\u00ebt kan\u00eb marr\u00ebdh\u00ebnie shum\u00eb t\u00eb mira me homolog\u00ebt e tyre malazez\u00eb jan\u00eb k\u00ebnaqur duke b\u00ebr\u00eb seminare dhe trajnime p\u00ebr t\u00eb \u201cshp\u00ebtuar\u201d liqenin e Shkodr\u00ebs dhe lumin Buna nga ndotja! Duke shkruar referate alla \u201ccopy-paste\u201d me nj\u00eb shp\u00ebrblim 100 euro p\u00ebr cop\u00eb, kaq ka vler\u00eb edhe grada shkencore q\u00eb mbajn\u00eb. Nd\u00ebrsa n\u00eb zbulimin e hulumtimin e vlerave kulturore dhe historike shqiptare n\u00eb k\u00ebto zona as q\u00eb jan\u00eb lodhur ndonj\u00eb her\u00eb.<\/p>\n<p>Nga gryk\u00ebderdhja e lumit Buna e p\u00ebrgjat\u00eb gjith\u00eb kufirit dhe zon\u00ebs ku jetojn\u00eb shqiptar\u00ebt n\u00eb Mal t\u00eb Zi, ndodhesh p\u00ebrball\u00eb vlerave t\u00eb trash\u00ebgimis\u00eb ton\u00eb historike dhe kulturore. P\u00ebr ironi t\u00eb fatit edhe pse n\u00eb baz\u00eb t\u00eb ligjit egzistues t\u00eb shtetit malazez p\u00ebr vlerat historike dhe kulturore t\u00eb gjitha k\u00ebto I plot\u00ebsojn\u00eb kushtet p\u00ebr t\u00eb qen\u00eb n\u00eb listen e monumenteve t\u00eb mbrojtura, ato nuk jan\u00eb!<\/p>\n<p>T\u00eb k\u00ebrkosh n\u00eb faqen zyrtare t\u00eb Ministris\u00eb s\u00eb Kultur\u00ebs n\u00eb Mal t\u00eb Zi rreth monumenteve kulturore dhe historike n\u00eb territorin Shqiptar ose n\u00eb rajonet ku jetojn\u00eb shqiptar\u00ebt n\u00eb k\u00ebt\u00eb shtet, nuk gjen asgj\u00eb, madje as Kalan\u00eb e Ulqinit nj\u00eb k\u00ebshtjell\u00eb e cila ka rrezatuar nd\u00ebr shekuj me historin\u00eb e saj sa t\u00eb lavdishme aq edhe kund\u00ebrth\u00ebnese. Por ky \u00ebsht\u00eb fati I shqiptar\u00ebve n\u00eb Mal t\u00eb Zi q\u00eb ato t\u00eb mira t\u00eb veta q\u00eb I kan\u00eb t\u00eb mos ken\u00eb mund\u00ebsi as ti mbrojn\u00eb.<\/p>\n<p>Nj\u00eb vit m\u00eb par\u00eb n\u00eb qytetin e lasht\u00eb t\u00eb Shasit, n\u00eb k\u00ebt\u00eb vend ku ndodhen 365 kisha aq dit\u00eb sa ka mot-moti, nisi nj\u00eb ekspedit\u00eb arkeologjike, nj\u00eb bashk\u00ebpunim mes Institutit arekologjik t\u00eb Beogradit dhe t\u00eb Malit t\u00eb Zi. Pasi g\u00ebrmuan p\u00ebr dit\u00eb t\u00eb t\u00ebra dhe n\u00eb asnj\u00eb moment nuk gjet\u00ebn gjurm\u00eb qoft\u00eb edhe Bizantine, vendos\u00ebn q\u00eb t\u00eb braktisin k\u00ebt\u00eb ekspedit\u00eb n\u00ebn pretekstin e munges\u00ebs s\u00eb fondeve. Nd\u00ebrkoh\u00eb q\u00eb k\u00ebto Kisha, ose g\u00ebrmadhat e k\u00ebtyre Kishave jan\u00eb totalisht t\u00eb pa mbrojtura. Kur ato u dhunuan nga Shesheli dhe Peshkopi Amfillohije Radoviq u mbrojten nga nj\u00eb plak 80 vje\u00e7ar I cili edhe pse I fes\u00eb islame u tha agresor\u00ebve se k\u00ebto Kisha jan\u00eb Shqiptare. Nd\u00ebrsa sot me ose pa pahir disa t\u00eb vet\u00ebquajtur studjues nga k\u00ebto zona Katedralen e Sh\u00ebn Gjonit e quajn\u00eb \u201cKalaja e Shasit\u201d.<\/p>\n<p>Mungesa e nj\u00eb nd\u00ebrmarrje rajonale t\u00eb evidentimit t\u00eb monumenteve historike dhe kulturore n\u00eb territorin shqiptar, \u00e7on n\u00eb deformime t\u00eb tilla t\u00eb cilat rrezikojn\u00eb zhdukjen e tyre. Por nj\u00eb pyetje q\u00eb duhet b\u00ebr\u00eb p\u00ebr t\u00eb gjith\u00eb ne: \u201cSa kemi b\u00ebr\u00eb q\u00eb k\u00ebto vlera t\u00eb promovohen?\u201d P\u00ebrgjigja do ishte: Aspak!<\/p>\n<p>Kjo vjen se askush nuk gjen \u201cleverdi\u201d ekonomike! Takimet e pushtetar\u00ebve shqiptare me homolog\u00ebt e tyre malazez\u00eb kan\u00eb qen\u00eb m\u00eb shum\u00eb takime biznesi, e asnj\u00ebher\u00eb deri m\u00eb tani k\u00ebto takime nuk kan\u00eb paraqitur nj\u00eb plan konkret n\u00eb lidhje me evidentimin e k\u00ebtyre vlerave q\u00eb jan\u00eb pjes\u00eb e identitetit ton\u00eb. Por nga ana tjet\u00ebr as vet\u00eb pushteti lokal, apo edhe p\u00ebrfaq\u00ebsuesit e shqiptar\u00ebve n\u00eb Mal t\u00eb Zi asnj\u00ebher\u00eb deri m\u00eb tani nuk kan\u00eb ngritur z\u00ebrin n\u00eb evidentimin, futjen e tyre n\u00eb list\u00ebn e monumenteve t\u00eb mbrojtura, por kan\u00eb rendur secili m\u00eb shpejt se tjetri t\u00eb fitojn\u00eb simpatin\u00eb e qeveris\u00eb malazeze. Nga ana tjet\u00ebr qeveria n\u00eb Tiran\u00eb k\u00ebto 20 vite as q\u00eb \u00ebsht\u00eb merzitur p\u00ebr asnj\u00eb c\u00ebshtje t\u00eb shqiptar\u00ebve n\u00eb Mal t\u00eb Zi!<\/p>\n<p>Duke mos dashur t\u00eb bezdis ask\u00ebnd po evidentoj vet\u00ebm pak nga ato momumente t\u00eb cilat jan\u00eb egzistuese, por fatkeq\u00ebsisht t\u00eb l\u00ebna n\u00eb m\u00ebshir\u00eb t\u00eb fatit.<\/p>\n<p>N\u00eb Sal\u00e7 t\u00eb Ulqinit, nj\u00eb fshat piktoresk rr\u00ebz\u00eb malit t\u00eb Mozhurit I cili \u00ebsht\u00eb I mbushur me ullinj dhe burime uji, ndodhen g\u00ebrmadhat e nj\u00eb kishe katolike e cila n\u00eb pllak\u00ebn q\u00eb ende egziston shkruan qart\u00eb se \u00ebsht\u00eb e nd\u00ebrtuar n\u00eb vitin 1850 nga famullitari Dom Angelo Hotti, nd\u00ebrsa \u00ebsht\u00eb rikonstruktuar n\u00eb vitin 1885 nga famullitari Dom Antonio Mjeda. Rruga q\u00eb t\u00eb shpie tek kjo kish\u00eb \u00ebsht\u00eb e asfaltuar, dhe vet\u00eb lasht\u00ebsia e saj tregon se \u00ebsht\u00eb nj\u00eb vler\u00eb e shtuar n\u00eb mozaikun e vlerave tona historike, pasi k\u00ebta gur\u00eb dhe mbishkrimet q\u00eb kan\u00eb ardhur t\u00eb ruajtura deri n\u00eb dit\u00ebt e sotme rrezikojn\u00eb zhdukjen. Kjo edhe p\u00ebr arsyen se shqiptar\u00ebt n\u00eb k\u00ebto vise nga dita n\u00eb dit\u00eb po tkurren n\u00eb num\u00ebr.<\/p>\n<p>N\u00eb gjith\u00eb k\u00ebt\u00eb hapsir\u00eb ec\u00ebn n\u00ebp\u00ebr gur\u00eb t\u00eb cil\u00ebt hiri I lasht\u00ebsis\u00eb I ka mbuluar e s\u00eb bashku me t\u00eb edhe mungesa e nj\u00eb kujdesi t\u00eb ve\u00e7ant\u00eb. Ka qen\u00eb vet\u00ebm vullneti I vet\u00eb banor\u00ebve t\u00eb k\u00ebtyre zonave t\u00eb cil\u00ebt m\u00eb ato t\u00eb ardhura q\u00eb kan\u00eb, jane mnduar t\u2019I mbajn\u00eb e t\u2019I ruajn\u00eb k\u00ebto relike t\u00eb jasht\u00ebzakonshme, q\u00eb kan\u00eb q\u00ebndruar si mburoj\u00eb kund\u00ebr stuhis\u00eb s\u00eb madhe asimiluese me t\u00eb cil\u00ebn kjo pjes\u00eb e kombit \u00ebsht\u00eb p\u00ebrballur dhe vazhdon t\u00eb p\u00ebrballet.<\/p>\n<p>Rrug\u00ebs p\u00ebr n\u00eb zonen e Kraj\u00ebs, nj\u00eb zon\u00eb mjaft fisnike e cila n\u00eb mes munges\u00ebs s\u00eb infrastruktur\u00ebs dhe kujdesit m\u00eb minimal n\u00eb kushtet m\u00eb t\u00eb vogla p\u00ebr jetes\u00eb, \u00ebsht\u00eb kujdesur q\u00eb p\u00ebr 1000 vite t\u2019a mbaj\u00eb funksionale Ublen (pusin) e Krajes, I cili ndodhet n\u00eb fshatin Ostrog.\u00a0 G\u00ebrmadhat e Kish\u00ebs s\u00eb vjet\u00ebr Sh\u00ebn Maris\u00eb ose (Sh\u2019Mris\u00eb) e Kraj\u00ebs paraqesin nj\u00eb monument historik t\u00eb r\u00ebnd\u00ebsish\u00ebm p\u00ebr Kraj\u00ebn dhe banor\u00ebt e saj. Ky tempull i lasht\u00eb ka nj\u00eb histori t\u00eb bujshme, t\u00eb gjat\u00eb dhe mjaft interesant.\u00a0I nd\u00ebrtuar n\u00eb shekullin e X nga murgu Pjet\u00ebr, kjo Kish\u00eb ka qen\u00eb vazhdimisht pre\u2019 e debatit mes banor\u00ebve t\u00eb Kraj\u00ebs q\u00eb jan\u00eb shqiptar\u00eb dhe Mitropolis\u00eb Ortodokse serbe t\u00eb Malit t\u00eb Zi. Kjo kish\u00eb e cila sot \u00ebsht\u00eb g\u00ebrmadh\u00eb, n\u00eb vitin 1446 ka qen\u00eb nj\u00eb Ipeshkvi\u2019 Katolike e r\u00ebnd\u00ebsishme, e si e till\u00eb \u00ebsht\u00eb shqiptare. Por gj\u00ebndja e saj \u00ebsht\u00eb e mjerueshme, ajo q\u00ebndron e braktisur n\u00ebn hijen e koh\u00ebs mes shkurresh dhe ferrash.<\/p>\n<p>Studjues t\u00eb shumt\u00eb kan\u00eb ardhur n\u00eb p\u00ebrfundim se \u201cMeshari\u201d I Gjon Buzukut \u00ebsht\u00eb shkruar n\u00eb territorin rreth liqenit t\u00eb Shkodr\u00ebs. Kjo p\u00ebr faktin se edhe e folura e Kraj\u00ebs dhe Shestanit \u00ebsht\u00eb e ngjashme me at\u00eb q\u00eb p\u00ebrdor Buzuku n\u00eb\u00a0 vepren e tij e cila pa\u2019 driten e botimit n\u00eb vitin 1555. Por ajo q\u00eb ka mbetur p\u00ebrvec \u201cMesharit\u201d, t\u00eb cilin pat\u00ebm fatin ta shohim me rastin e 100 vjetorit t\u00eb pavar\u00ebsis\u00eb, jan\u00eb gur\u00ebt dhe g\u00ebrmadhat e sht\u00ebpive t\u00eb k\u00ebtyre zonave q\u00eb kan\u00eb ruajtur vlerat e veta arkitekturore. Kisha e \u201cSh\u00ebn Mitrit\u201d e cila ndodhet n\u00eb fshatin Brisk Posht\u00eb t\u00eb Shestanit. Nj\u00eb tempull I vog\u00ebl me nj\u00eb kapacitet q\u00eb mban brenda rreth 30 persona. Sipas shum\u00eb studjuesve mes t\u00eb cil\u00ebve edhe studiuesit At\u2019 Vin\u00e7enc Malaj dhe Dom Nik\u00eb Ukgjini ky objekt ka qen\u00eb famullia e Gjon Buzukut, murgut katolik q\u00eb p\u00ebr t\u00eb par\u00ebn her\u00eb shkroi n\u00eb \u201cG\u2019luhen e s\u2019dashtunes am\u00eb\u201d, lutjen \u201c&#8221;Gjith\u00eb popullsin\u00eb e krishten\u00eb nd\u00ebr Arbanit ata n&#8217;mortajet largo, ty t\u00eb lusm\u00eb. O Zot. Te Arb\u00ebria, pra aty i rreh zemra Buzukut.&#8221;. Pyes vet\u00ebn, a thua e meriton t\u00eb mbrohet, t\u00eb ruhet dhe t\u00eb shpallet monument historik? P\u00ebr fat t\u00eb mir\u00eb kan\u00eb qen\u00eb vet\u00eb banor\u00ebt e zon\u00ebs t\u00eb besimit musliman me ndihmen edhe t\u00eb shestanasve t\u00eb tjer\u00eb katolik q\u00eb kan\u00eb b\u00ebr\u00eb me t\u00eb ardhurat e tyren rikonstruksionin e k\u00ebsaj kishe.<\/p>\n<p>12 Ublat ( puset) e Ljares t\u00eb cilat askush nuk di sakt\u00eb t\u00eb tregoj\u00eb se sa t\u00eb vjet\u00ebr jan\u00eb pasi I kalojn\u00eb 700 vjet\u00ebt, jan\u00eb edhe sot e k\u00ebsaj dite funksionale, t\u00eb sistemuara n\u00eb nj\u00eb diameter rreth 22 dynym tok\u00eb. Aty ku banor\u00ebt e men\u00e7ur t\u00eb k\u00ebtij fshati kan\u00eb gjetur damar\u00ebt e burimeve n\u00ebntok\u00ebsore\u00a0 dhe kan\u00eb furnizuar me uj\u00eb gjith\u00eb at\u00eb zon\u00eb. Por vlera m\u00eb e madhe \u00ebsht\u00eb ruajtja e tyre. Ajo q\u00eb t\u00eb bie n\u00eb sy teksa udh\u00ebton drejt k\u00ebtij fshati, \u00ebsht\u00eb mungesa e nj\u00eb tabele me mbishkrim shqip p\u00ebr toponimin, edhe ai ekzistues \u00ebsht\u00eb I p\u00ebrkthyer n\u00eb gjuh\u00ebn sllave. Nj\u00eblloj si Kisha e \u201cSh\u00ebn Gjon Pagzuesit\u201d n\u00eb Kllez\u00ebn ku p\u00ebr turpin e shqiptar\u00ebve\u00a0 \u00ebsht\u00eb e shkruar n\u00eb tabele Kisha e \u201cSh\u00ebn Ivan Pagzorit\u201d nj\u00eb shenjti malazez. E p\u00ebr m\u00eb tep\u00ebr kjo tabel\u00eb q\u00ebndron mbi ur\u00ebn shekullore t\u00eb Kllezn\u00ebs e cila \u00ebsht\u00eb kthyer m\u00eb shum\u00eb n\u00eb nj\u00eb vend grumbullimi mbeturinash, kur dihet se pas kongresit t\u00eb Berlinit kjo ur\u00eb sh\u00ebrbente si pik\u00eb doganore mes Port\u00ebs s\u00eb Lart\u00eb dhe Malit t\u00eb Zi.<\/p>\n<p>Edhe mua m\u00eb duhet t\u00eb pyes ku ndodhet fshati Vuksanlekaj n\u00eb Mal\u00ebsi t\u00eb Madhe, n\u00eb pjes\u00ebn e territorit t\u00eb Malit t\u00eb Zi, n\u00eb af\u00ebrsi t\u00eb Tuzit. Sikurse n\u00eb \u00e7do vendbanim q\u00eb ta kuptosh se sa I vjet\u00ebr duhet t\u00eb k\u00ebrkosh varrezat. N\u00eb k\u00ebt\u00eb zon\u00eb edhe sot egzistojn\u00eb varret m\u00eb karakterstike t\u00eb Ballkanit, me simbolikat nd\u00ebr m\u00eb t\u00eb ve\u00e7antat. Nj\u00eb p\u00ebrzierje e paganizmit dhe krisht\u00ebrizmit, tipike p\u00ebr veriun ton\u00eb. E nd\u00ebrkoh\u00eb q\u00eb k\u00ebto varre dergjen n\u00eb llumin e harres\u00ebs s\u00eb pa d\u00ebshiruar, s\u00eb bashku me eshtrat e trupave t\u00eb varrosur 300 vite m\u00eb par\u00eb, sot ata k\u00ebrkojn\u00eb q\u00eb t\u00eb mbah\u00ebn si relike t\u00eb \u00e7muara. Vlera e k\u00ebtyre varreve \u00ebsht\u00eb shum\u00eb e lart\u00eb, simbolika e tyre e ve\u00e7ant\u00eb t\u00eb \u00e7on shum\u00eb shekuj mbrapa. T\u00eb \u00e7on tek rr\u00ebnj\u00ebt, kur fiset u bashkuan dhe krijuan k\u00ebt\u00eb komb.<\/p>\n<p>L\u00ebnia n\u00eb harres\u00eb e k\u00ebtyre monumenteve, \u00ebsht\u00eb krim ndaj identitetit ton\u00eb. K\u00ebto jan\u00eb vet\u00ebm nj\u00eb pjes\u00eb e vog\u00ebl e tyre, nd\u00ebrsa sa m\u00eb shum\u00eb ec\u00ebn n\u00ebp\u00ebr at\u00eb pjes\u00eb t\u00eb vendit njihesh me historin\u00eb e nj\u00eb populli\u00a0 t\u00eb lasht\u00eb e fisnik. Nd\u00ebrsa ne heshtim edhe kur mbi Malin Rumi\u2019 dhe mbi kokat tona krekos\u00ebt Kisha prej llamarine e Peshkopit Amfillohije e vendosur me ndihm\u00ebn\u00a0 e helikopter\u00ebve t\u00eb ushtris\u00eb 10 vite m\u00eb par\u00eb. Pa\u00e7ka se ka nj\u00eb vendim gjykate p\u00ebr ta larguar at\u00eb objekt ai vazhdon t\u00eb q\u00ebndroj\u00eb, e nd\u00ebrkoh\u00eb q\u00eb Maja e Rumis\u00eb ka qen\u00eb vend pelegrinazhi p\u00ebr Krajan\u00ebt dhe Shestanasit shum\u00eb shekuj m\u00eb par\u00eb.<\/p>\n<p>Harresa \u00ebsht\u00eb vrasje e dyt\u00eb. E nd\u00ebrsa muret e k\u00ebtyre objekteve \u00e7do dit\u00eb po shkat\u00ebrrohen, ne vet\u00ebm I sodisim ato. Nj\u00eb dit\u00eb do k\u00ebrkojm\u00eb n\u00ebp\u00ebr literaturat e koh\u00ebs t\u00eb mund t\u00eb gjejm\u00eb qoft\u00eb edhe nj\u00eb gur t\u00eb vog\u00ebl I cili do jet\u00eb aty n\u00eb pritje q\u00eb dikush t\u00eb kthej\u00eb syt\u00eb nga ai.<\/p>\n<p>\u201c Mbaj mend k\u00ebtu do jem sa koh\u00eb m\u00eb mban n\u00eb kujtes\u00eb\u201d.<\/p>\n<p>Por sa vlen kjo p\u00ebr k\u00ebt\u00eb gur?!<\/p>\n","protected":false},"excerpt":{"rendered":"<p>(Ne foto: Kisha Ljare\u00a0 FOTO TE TJERA) Monumentet e trash\u00ebgimis\u00eb ton\u00eb kulturore e historike n\u00eb Mal t\u00eb Zi n\u00eb rrezik zhdukje Nga Simon Shkreli \u201cThon\u00eb se gur\u00ebt e m\u00ebdhenj atje posht\u00eb n\u00eb \u201cSh\u00ebn M\u00ebri\u201d, jan\u00eb burrat q\u00eb jan\u00eb kthyer dhe kan\u00eb vdekur n\u00eb vend. Po t\u00eb jesh trim dhe z\u00ebm\u00ebrbardh\u00eb e po t\u00eb shkosh andej [&hellip;]<\/p>\n","protected":false},"author":1,"featured_media":0,"comment_status":"closed","ping_status":"closed","sticky":false,"template":"","format":"standard","meta":{"spay_email":"","jetpack_publicize_message":"","jetpack_is_tweetstorm":false,"jetpack_publicize_feature_enabled":true},"categories":[4,1],"tags":[],"jetpack_publicize_connections":[],"yoast_head":"<!-- This site is optimized with the Yoast SEO plugin v19.1 - https:\/\/yoast.com\/wordpress\/plugins\/seo\/ -->\n<title>Monumentet shqiptare n\u00eb Mal t\u00eb Zi n\u00eb rrezik zhdukje - Lajme nga Ulqini<\/title>\n<meta name=\"description\" content=\"(Ne foto: Kisha Ljare\u00a0 FOTO TE TJERA) Monumentet e trash\u00ebgimis\u00eb ton\u00eb kulturore e historike n\u00eb Mal t\u00eb Zi n\u00eb rrezik zhdukje Nga Simon Shkreli \u201cThon\u00eb se\" \/>\n<meta name=\"robots\" content=\"index, follow, max-snippet:-1, max-image-preview:large, max-video-preview:-1\" \/>\n<link rel=\"canonical\" href=\"https:\/\/www.visit-ulcinj.com\/blog\/2013\/10\/25\/monumentet-shqiptare-ne-mal-te-zi-ne-rrezik-zhdukje\/\" \/>\n<meta property=\"og:locale\" content=\"en_US\" \/>\n<meta property=\"og:type\" content=\"article\" \/>\n<meta property=\"og:title\" content=\"Monumentet shqiptare n\u00eb Mal t\u00eb Zi n\u00eb rrezik zhdukje - Lajme nga Ulqini\" \/>\n<meta property=\"og:description\" content=\"(Ne foto: Kisha Ljare\u00a0 FOTO TE TJERA) Monumentet e trash\u00ebgimis\u00eb ton\u00eb kulturore e historike n\u00eb Mal t\u00eb Zi n\u00eb rrezik zhdukje Nga Simon Shkreli \u201cThon\u00eb se\" \/>\n<meta property=\"og:url\" content=\"https:\/\/www.visit-ulcinj.com\/blog\/2013\/10\/25\/monumentet-shqiptare-ne-mal-te-zi-ne-rrezik-zhdukje\/\" \/>\n<meta property=\"og:site_name\" content=\"Lajme nga Ulqini\" \/>\n<meta property=\"article:published_time\" content=\"2013-10-25T14:03:35+00:00\" \/>\n<meta property=\"article:modified_time\" content=\"2013-10-27T16:05:29+00:00\" \/>\n<meta property=\"og:image\" content=\"http:\/\/www.visit-ulcinj.com\/blog\/wp-content\/uploads\/2013\/10\/Kisha-Ljare.jpg\" \/>\n<meta name=\"twitter:label1\" content=\"Written by\" \/>\n\t<meta name=\"twitter:data1\" content=\"ulqini\" \/>\n\t<meta name=\"twitter:label2\" content=\"Est. reading time\" \/>\n\t<meta name=\"twitter:data2\" content=\"11 minutes\" \/>\n<script type=\"application\/ld+json\" class=\"yoast-schema-graph\">{\"@context\":\"https:\/\/schema.org\",\"@graph\":[{\"@type\":\"WebSite\",\"@id\":\"https:\/\/www.visit-ulcinj.com\/blog\/#website\",\"url\":\"https:\/\/www.visit-ulcinj.com\/blog\/\",\"name\":\"Lajme nga Ulqini\",\"description\":\"Lajme,Vijesti,Ulqini,Ulqin,Crna Gora,Mali i Zi\",\"potentialAction\":[{\"@type\":\"SearchAction\",\"target\":{\"@type\":\"EntryPoint\",\"urlTemplate\":\"https:\/\/www.visit-ulcinj.com\/blog\/?s={search_term_string}\"},\"query-input\":\"required name=search_term_string\"}],\"inLanguage\":\"en-US\"},{\"@type\":\"ImageObject\",\"inLanguage\":\"en-US\",\"@id\":\"https:\/\/www.visit-ulcinj.com\/blog\/2013\/10\/25\/monumentet-shqiptare-ne-mal-te-zi-ne-rrezik-zhdukje\/#primaryimage\",\"url\":\"https:\/\/www.visit-ulcinj.com\/blog\/wp-content\/uploads\/2013\/10\/Kisha-Ljare.jpg\",\"contentUrl\":\"https:\/\/www.visit-ulcinj.com\/blog\/wp-content\/uploads\/2013\/10\/Kisha-Ljare.jpg\",\"width\":960,\"height\":638},{\"@type\":\"WebPage\",\"@id\":\"https:\/\/www.visit-ulcinj.com\/blog\/2013\/10\/25\/monumentet-shqiptare-ne-mal-te-zi-ne-rrezik-zhdukje\/#webpage\",\"url\":\"https:\/\/www.visit-ulcinj.com\/blog\/2013\/10\/25\/monumentet-shqiptare-ne-mal-te-zi-ne-rrezik-zhdukje\/\",\"name\":\"Monumentet shqiptare n\u00eb Mal t\u00eb Zi n\u00eb rrezik zhdukje - Lajme nga Ulqini\",\"isPartOf\":{\"@id\":\"https:\/\/www.visit-ulcinj.com\/blog\/#website\"},\"primaryImageOfPage\":{\"@id\":\"https:\/\/www.visit-ulcinj.com\/blog\/2013\/10\/25\/monumentet-shqiptare-ne-mal-te-zi-ne-rrezik-zhdukje\/#primaryimage\"},\"datePublished\":\"2013-10-25T14:03:35+00:00\",\"dateModified\":\"2013-10-27T16:05:29+00:00\",\"author\":{\"@id\":\"https:\/\/www.visit-ulcinj.com\/blog\/#\/schema\/person\/dcab619c614d3038751c63bc2aadc06d\"},\"description\":\"(Ne foto: Kisha Ljare\u00a0 FOTO TE TJERA) Monumentet e trash\u00ebgimis\u00eb ton\u00eb kulturore e historike n\u00eb Mal t\u00eb Zi n\u00eb rrezik zhdukje Nga Simon Shkreli \u201cThon\u00eb se\",\"breadcrumb\":{\"@id\":\"https:\/\/www.visit-ulcinj.com\/blog\/2013\/10\/25\/monumentet-shqiptare-ne-mal-te-zi-ne-rrezik-zhdukje\/#breadcrumb\"},\"inLanguage\":\"en-US\",\"potentialAction\":[{\"@type\":\"ReadAction\",\"target\":[\"https:\/\/www.visit-ulcinj.com\/blog\/2013\/10\/25\/monumentet-shqiptare-ne-mal-te-zi-ne-rrezik-zhdukje\/\"]}]},{\"@type\":\"BreadcrumbList\",\"@id\":\"https:\/\/www.visit-ulcinj.com\/blog\/2013\/10\/25\/monumentet-shqiptare-ne-mal-te-zi-ne-rrezik-zhdukje\/#breadcrumb\",\"itemListElement\":[{\"@type\":\"ListItem\",\"position\":1,\"name\":\"Monumentet shqiptare n\u00eb Mal t\u00eb Zi n\u00eb rrezik zhdukje\"}]},{\"@type\":\"Person\",\"@id\":\"https:\/\/www.visit-ulcinj.com\/blog\/#\/schema\/person\/dcab619c614d3038751c63bc2aadc06d\",\"name\":\"ulqini\",\"sameAs\":[\"http:\/\/www.visit-ulcinj.com\"],\"url\":\"https:\/\/www.visit-ulcinj.com\/blog\/author\/admin\/\"}]}<\/script>\n<!-- \/ Yoast SEO plugin. -->","yoast_head_json":{"title":"Monumentet shqiptare n\u00eb Mal t\u00eb Zi n\u00eb rrezik zhdukje - Lajme nga Ulqini","description":"(Ne foto: Kisha Ljare\u00a0 FOTO TE TJERA) Monumentet e trash\u00ebgimis\u00eb ton\u00eb kulturore e historike n\u00eb Mal t\u00eb Zi n\u00eb rrezik zhdukje Nga Simon Shkreli \u201cThon\u00eb se","robots":{"index":"index","follow":"follow","max-snippet":"max-snippet:-1","max-image-preview":"max-image-preview:large","max-video-preview":"max-video-preview:-1"},"canonical":"https:\/\/www.visit-ulcinj.com\/blog\/2013\/10\/25\/monumentet-shqiptare-ne-mal-te-zi-ne-rrezik-zhdukje\/","og_locale":"en_US","og_type":"article","og_title":"Monumentet shqiptare n\u00eb Mal t\u00eb Zi n\u00eb rrezik zhdukje - Lajme nga Ulqini","og_description":"(Ne foto: Kisha Ljare\u00a0 FOTO TE TJERA) Monumentet e trash\u00ebgimis\u00eb ton\u00eb kulturore e historike n\u00eb Mal t\u00eb Zi n\u00eb rrezik zhdukje Nga Simon Shkreli \u201cThon\u00eb se","og_url":"https:\/\/www.visit-ulcinj.com\/blog\/2013\/10\/25\/monumentet-shqiptare-ne-mal-te-zi-ne-rrezik-zhdukje\/","og_site_name":"Lajme nga Ulqini","article_published_time":"2013-10-25T14:03:35+00:00","article_modified_time":"2013-10-27T16:05:29+00:00","og_image":[{"url":"http:\/\/www.visit-ulcinj.com\/blog\/wp-content\/uploads\/2013\/10\/Kisha-Ljare.jpg"}],"twitter_misc":{"Written by":"ulqini","Est. reading time":"11 minutes"},"schema":{"@context":"https:\/\/schema.org","@graph":[{"@type":"WebSite","@id":"https:\/\/www.visit-ulcinj.com\/blog\/#website","url":"https:\/\/www.visit-ulcinj.com\/blog\/","name":"Lajme nga Ulqini","description":"Lajme,Vijesti,Ulqini,Ulqin,Crna Gora,Mali i Zi","potentialAction":[{"@type":"SearchAction","target":{"@type":"EntryPoint","urlTemplate":"https:\/\/www.visit-ulcinj.com\/blog\/?s={search_term_string}"},"query-input":"required name=search_term_string"}],"inLanguage":"en-US"},{"@type":"ImageObject","inLanguage":"en-US","@id":"https:\/\/www.visit-ulcinj.com\/blog\/2013\/10\/25\/monumentet-shqiptare-ne-mal-te-zi-ne-rrezik-zhdukje\/#primaryimage","url":"https:\/\/www.visit-ulcinj.com\/blog\/wp-content\/uploads\/2013\/10\/Kisha-Ljare.jpg","contentUrl":"https:\/\/www.visit-ulcinj.com\/blog\/wp-content\/uploads\/2013\/10\/Kisha-Ljare.jpg","width":960,"height":638},{"@type":"WebPage","@id":"https:\/\/www.visit-ulcinj.com\/blog\/2013\/10\/25\/monumentet-shqiptare-ne-mal-te-zi-ne-rrezik-zhdukje\/#webpage","url":"https:\/\/www.visit-ulcinj.com\/blog\/2013\/10\/25\/monumentet-shqiptare-ne-mal-te-zi-ne-rrezik-zhdukje\/","name":"Monumentet shqiptare n\u00eb Mal t\u00eb Zi n\u00eb rrezik zhdukje - Lajme nga Ulqini","isPartOf":{"@id":"https:\/\/www.visit-ulcinj.com\/blog\/#website"},"primaryImageOfPage":{"@id":"https:\/\/www.visit-ulcinj.com\/blog\/2013\/10\/25\/monumentet-shqiptare-ne-mal-te-zi-ne-rrezik-zhdukje\/#primaryimage"},"datePublished":"2013-10-25T14:03:35+00:00","dateModified":"2013-10-27T16:05:29+00:00","author":{"@id":"https:\/\/www.visit-ulcinj.com\/blog\/#\/schema\/person\/dcab619c614d3038751c63bc2aadc06d"},"description":"(Ne foto: Kisha Ljare\u00a0 FOTO TE TJERA) Monumentet e trash\u00ebgimis\u00eb ton\u00eb kulturore e historike n\u00eb Mal t\u00eb Zi n\u00eb rrezik zhdukje Nga Simon Shkreli \u201cThon\u00eb se","breadcrumb":{"@id":"https:\/\/www.visit-ulcinj.com\/blog\/2013\/10\/25\/monumentet-shqiptare-ne-mal-te-zi-ne-rrezik-zhdukje\/#breadcrumb"},"inLanguage":"en-US","potentialAction":[{"@type":"ReadAction","target":["https:\/\/www.visit-ulcinj.com\/blog\/2013\/10\/25\/monumentet-shqiptare-ne-mal-te-zi-ne-rrezik-zhdukje\/"]}]},{"@type":"BreadcrumbList","@id":"https:\/\/www.visit-ulcinj.com\/blog\/2013\/10\/25\/monumentet-shqiptare-ne-mal-te-zi-ne-rrezik-zhdukje\/#breadcrumb","itemListElement":[{"@type":"ListItem","position":1,"name":"Monumentet shqiptare n\u00eb Mal t\u00eb Zi n\u00eb rrezik zhdukje"}]},{"@type":"Person","@id":"https:\/\/www.visit-ulcinj.com\/blog\/#\/schema\/person\/dcab619c614d3038751c63bc2aadc06d","name":"ulqini","sameAs":["http:\/\/www.visit-ulcinj.com"],"url":"https:\/\/www.visit-ulcinj.com\/blog\/author\/admin\/"}]}},"jetpack_featured_media_url":"","jetpack_sharing_enabled":true,"jetpack_shortlink":"https:\/\/wp.me\/pe6lTn-jEB","_links":{"self":[{"href":"https:\/\/www.visit-ulcinj.com\/blog\/wp-json\/wp\/v2\/posts\/75553"}],"collection":[{"href":"https:\/\/www.visit-ulcinj.com\/blog\/wp-json\/wp\/v2\/posts"}],"about":[{"href":"https:\/\/www.visit-ulcinj.com\/blog\/wp-json\/wp\/v2\/types\/post"}],"author":[{"embeddable":true,"href":"https:\/\/www.visit-ulcinj.com\/blog\/wp-json\/wp\/v2\/users\/1"}],"replies":[{"embeddable":true,"href":"https:\/\/www.visit-ulcinj.com\/blog\/wp-json\/wp\/v2\/comments?post=75553"}],"version-history":[{"count":4,"href":"https:\/\/www.visit-ulcinj.com\/blog\/wp-json\/wp\/v2\/posts\/75553\/revisions"}],"predecessor-version":[{"id":75599,"href":"https:\/\/www.visit-ulcinj.com\/blog\/wp-json\/wp\/v2\/posts\/75553\/revisions\/75599"}],"wp:attachment":[{"href":"https:\/\/www.visit-ulcinj.com\/blog\/wp-json\/wp\/v2\/media?parent=75553"}],"wp:term":[{"taxonomy":"category","embeddable":true,"href":"https:\/\/www.visit-ulcinj.com\/blog\/wp-json\/wp\/v2\/categories?post=75553"},{"taxonomy":"post_tag","embeddable":true,"href":"https:\/\/www.visit-ulcinj.com\/blog\/wp-json\/wp\/v2\/tags?post=75553"}],"curies":[{"name":"wp","href":"https:\/\/api.w.org\/{rel}","templated":true}]}}