{"id":75570,"date":"2013-10-27T06:35:29","date_gmt":"2013-10-27T05:35:29","guid":{"rendered":"http:\/\/www.visit-ulcinj.com\/blog\/?p=75570"},"modified":"2013-10-27T15:28:56","modified_gmt":"2013-10-27T14:28:56","slug":"lamtumire-arsimtar-yni-daut-lika","status":"publish","type":"post","link":"https:\/\/www.visit-ulcinj.com\/blog\/2013\/10\/27\/lamtumire-arsimtar-yni-daut-lika\/","title":{"rendered":"Lamtumir\u00eb arsimtar i yni Daut Lika"},"content":{"rendered":"<p><strong><a href=\"http:\/\/www.visit-ulcinj.com\/blog\/wp-content\/uploads\/2013\/10\/Daut-Lika.jpg\"><img loading=\"lazy\" class=\"alignleft  wp-image-75571\" alt=\"Daut Lika\" src=\"http:\/\/www.visit-ulcinj.com\/blog\/wp-content\/uploads\/2013\/10\/Daut-Lika.jpg\" width=\"508\" height=\"360\" \/><\/a>U nda nga jeta arsimtari yn Daut Lika <\/strong><br \/>\n<strong> 13.10.1949 &#8211; 25.10.2013<\/strong><\/p>\n<p>Dit\u00ebn e premte, nga vendlindja vjen lajm i keq p\u00ebr t\u00eb gjith\u00eb neve.<br \/>\nPas nj\u00eb s\u00ebmundjeje t\u00eb r\u00ebnd\u00eb, nd\u00ebrroi jet\u00eb arsimtari Yn\u00eb i dashur Daut Lika. V\u00ebrtet\u00eb kishim p\u00ebrshtypjet m\u00eb t\u00eb mira t\u00eb gjith\u00eb p\u00ebr k\u00ebt\u00eb pishtar t\u00eb arsimit n\u00eb vendin ton\u00eb: ishte i dashur dhe i ngroht\u00eb p\u00ebr nx\u00ebn\u00ebsin.<br \/>\nFamiljes Lika i shprehim ngush\u00ebllimet m\u00eb t\u00eb thella p\u00ebr humbjen e t\u00eb dashurit t\u00eb tyre, kurse trev\u00ebs s\u00eb An\u00ebs s\u00eb Malit p\u00ebr humbjen e nj\u00eb njeriu dinjitoz dhe t\u00eb sjellsh\u00ebm me virtyte t\u00eb larta njer\u00ebzore. Poashtu, shprehim ngush\u00ebllime edhe kolektivit dhe nx\u00ebn\u00ebsve t\u00eb Shkoll\u00ebs Fillore \u201cBedri Elezaga \u201c p\u00ebr humbjen e pun\u00ebtorit dhe arsimtarit t\u00eb tyre t\u00eb devotsh\u00ebm.<br \/>\nI p\u00ebrjetsh\u00ebm qoft\u00eb kujtimi p\u00ebr Ty m\u00ebsues i dashur!<br \/>\nMe respekt t\u00eb ve\u00e7ant\u00eb,<br \/>\n<strong>Shoqata Shqiptaro-Amerikane \u201cAna e Malit \u201c New York.<\/strong><\/p>\n<p>I dashur arsimtar i yni Daut Lika ti b\u00ebr\u00eb shum\u00eb p\u00ebr neve.<\/p>\n<p>Jemi krenar q\u00eb t\u00eb pat\u00ebm.<\/p>\n<p>Vepra Juaj do t\u00eb vazhdoj\u00eb \u00a0gjenerat\u00eb pas gjenerate.<\/p>\n<p>Lamtumir\u00eb\u00a0arsimtar i dashur,<\/p>\n<p>Lamtumir\u00eb\u2026<\/p>\n<p><strong>Lajme nga Ulqini<\/strong><\/p>\n","protected":false},"excerpt":{"rendered":"<p>U nda nga jeta arsimtari yn Daut Lika 13.10.1949 &#8211; 25.10.2013 Dit\u00ebn e premte, nga vendlindja vjen lajm i keq p\u00ebr t\u00eb gjith\u00eb neve. Pas nj\u00eb s\u00ebmundjeje t\u00eb r\u00ebnd\u00eb, nd\u00ebrroi jet\u00eb arsimtari Yn\u00eb i dashur Daut Lika. V\u00ebrtet\u00eb kishim p\u00ebrshtypjet m\u00eb t\u00eb mira t\u00eb gjith\u00eb p\u00ebr k\u00ebt\u00eb pishtar t\u00eb arsimit n\u00eb vendin ton\u00eb: ishte i [&hellip;]<\/p>\n","protected":false},"author":1,"featured_media":0,"comment_status":"closed","ping_status":"closed","sticky":false,"template":"","format":"standard","meta":{"spay_email":"","jetpack_publicize_message":"","jetpack_is_tweetstorm":false,"jetpack_publicize_feature_enabled":true},"categories":[11],"tags":[],"jetpack_publicize_connections":[],"yoast_head":"<!-- This site is optimized with the Yoast SEO plugin v19.1 - https:\/\/yoast.com\/wordpress\/plugins\/seo\/ -->\n<title>Lamtumir\u00eb arsimtar i yni Daut Lika - Lajme nga Ulqini<\/title>\n<meta name=\"description\" content=\"U nda nga jeta arsimtari yn Daut Lika 13.10.1949 - 25.10.2013 Dit\u00ebn e premte, nga vendlindja vjen lajm i keq p\u00ebr t\u00eb gjith\u00eb neve. Pas nj\u00eb s\u00ebmundjeje t\u00eb\" \/>\n<meta name=\"robots\" content=\"index, follow, max-snippet:-1, max-image-preview:large, max-video-preview:-1\" \/>\n<link rel=\"canonical\" href=\"https:\/\/www.visit-ulcinj.com\/blog\/2013\/10\/27\/lamtumire-arsimtar-yni-daut-lika\/\" \/>\n<meta property=\"og:locale\" content=\"en_US\" \/>\n<meta property=\"og:type\" content=\"article\" \/>\n<meta property=\"og:title\" content=\"Lamtumir\u00eb arsimtar i yni Daut Lika - Lajme nga Ulqini\" \/>\n<meta property=\"og:description\" content=\"U nda nga jeta arsimtari yn Daut Lika 13.10.1949 - 25.10.2013 Dit\u00ebn e premte, nga vendlindja vjen lajm i keq p\u00ebr t\u00eb gjith\u00eb neve. Pas nj\u00eb s\u00ebmundjeje t\u00eb\" \/>\n<meta property=\"og:url\" content=\"https:\/\/www.visit-ulcinj.com\/blog\/2013\/10\/27\/lamtumire-arsimtar-yni-daut-lika\/\" \/>\n<meta property=\"og:site_name\" content=\"Lajme nga Ulqini\" \/>\n<meta property=\"article:published_time\" content=\"2013-10-27T05:35:29+00:00\" \/>\n<meta property=\"article:modified_time\" content=\"2013-10-27T14:28:56+00:00\" \/>\n<meta property=\"og:image\" content=\"http:\/\/www.visit-ulcinj.com\/blog\/wp-content\/uploads\/2013\/10\/Daut-Lika.jpg\" \/>\n<meta name=\"twitter:label1\" content=\"Written by\" \/>\n\t<meta name=\"twitter:data1\" content=\"ulqini\" \/>\n\t<meta name=\"twitter:label2\" content=\"Est. reading time\" \/>\n\t<meta name=\"twitter:data2\" content=\"1 minute\" \/>\n<script type=\"application\/ld+json\" class=\"yoast-schema-graph\">{\"@context\":\"https:\/\/schema.org\",\"@graph\":[{\"@type\":\"WebSite\",\"@id\":\"https:\/\/www.visit-ulcinj.com\/blog\/#website\",\"url\":\"https:\/\/www.visit-ulcinj.com\/blog\/\",\"name\":\"Lajme nga Ulqini\",\"description\":\"Lajme,Vijesti,Ulqini,Ulqin,Crna Gora,Mali i Zi\",\"potentialAction\":[{\"@type\":\"SearchAction\",\"target\":{\"@type\":\"EntryPoint\",\"urlTemplate\":\"https:\/\/www.visit-ulcinj.com\/blog\/?s={search_term_string}\"},\"query-input\":\"required name=search_term_string\"}],\"inLanguage\":\"en-US\"},{\"@type\":\"ImageObject\",\"inLanguage\":\"en-US\",\"@id\":\"https:\/\/www.visit-ulcinj.com\/blog\/2013\/10\/27\/lamtumire-arsimtar-yni-daut-lika\/#primaryimage\",\"url\":\"https:\/\/www.visit-ulcinj.com\/blog\/wp-content\/uploads\/2013\/10\/Daut-Lika.jpg\",\"contentUrl\":\"https:\/\/www.visit-ulcinj.com\/blog\/wp-content\/uploads\/2013\/10\/Daut-Lika.jpg\",\"width\":960,\"height\":720},{\"@type\":\"WebPage\",\"@id\":\"https:\/\/www.visit-ulcinj.com\/blog\/2013\/10\/27\/lamtumire-arsimtar-yni-daut-lika\/#webpage\",\"url\":\"https:\/\/www.visit-ulcinj.com\/blog\/2013\/10\/27\/lamtumire-arsimtar-yni-daut-lika\/\",\"name\":\"Lamtumir\u00eb arsimtar i yni Daut Lika - Lajme nga Ulqini\",\"isPartOf\":{\"@id\":\"https:\/\/www.visit-ulcinj.com\/blog\/#website\"},\"primaryImageOfPage\":{\"@id\":\"https:\/\/www.visit-ulcinj.com\/blog\/2013\/10\/27\/lamtumire-arsimtar-yni-daut-lika\/#primaryimage\"},\"datePublished\":\"2013-10-27T05:35:29+00:00\",\"dateModified\":\"2013-10-27T14:28:56+00:00\",\"author\":{\"@id\":\"https:\/\/www.visit-ulcinj.com\/blog\/#\/schema\/person\/dcab619c614d3038751c63bc2aadc06d\"},\"description\":\"U nda nga jeta arsimtari yn Daut Lika 13.10.1949 - 25.10.2013 Dit\u00ebn e premte, nga vendlindja vjen lajm i keq p\u00ebr t\u00eb gjith\u00eb neve. Pas nj\u00eb s\u00ebmundjeje t\u00eb\",\"breadcrumb\":{\"@id\":\"https:\/\/www.visit-ulcinj.com\/blog\/2013\/10\/27\/lamtumire-arsimtar-yni-daut-lika\/#breadcrumb\"},\"inLanguage\":\"en-US\",\"potentialAction\":[{\"@type\":\"ReadAction\",\"target\":[\"https:\/\/www.visit-ulcinj.com\/blog\/2013\/10\/27\/lamtumire-arsimtar-yni-daut-lika\/\"]}]},{\"@type\":\"BreadcrumbList\",\"@id\":\"https:\/\/www.visit-ulcinj.com\/blog\/2013\/10\/27\/lamtumire-arsimtar-yni-daut-lika\/#breadcrumb\",\"itemListElement\":[{\"@type\":\"ListItem\",\"position\":1,\"name\":\"Lamtumir\u00eb arsimtar i yni Daut Lika\"}]},{\"@type\":\"Person\",\"@id\":\"https:\/\/www.visit-ulcinj.com\/blog\/#\/schema\/person\/dcab619c614d3038751c63bc2aadc06d\",\"name\":\"ulqini\",\"sameAs\":[\"http:\/\/www.visit-ulcinj.com\"],\"url\":\"https:\/\/www.visit-ulcinj.com\/blog\/author\/admin\/\"}]}<\/script>\n<!-- \/ Yoast SEO plugin. -->","yoast_head_json":{"title":"Lamtumir\u00eb arsimtar i yni Daut Lika - Lajme nga Ulqini","description":"U nda nga jeta arsimtari yn Daut Lika 13.10.1949 - 25.10.2013 Dit\u00ebn e premte, nga vendlindja vjen lajm i keq p\u00ebr t\u00eb gjith\u00eb neve. Pas nj\u00eb s\u00ebmundjeje t\u00eb","robots":{"index":"index","follow":"follow","max-snippet":"max-snippet:-1","max-image-preview":"max-image-preview:large","max-video-preview":"max-video-preview:-1"},"canonical":"https:\/\/www.visit-ulcinj.com\/blog\/2013\/10\/27\/lamtumire-arsimtar-yni-daut-lika\/","og_locale":"en_US","og_type":"article","og_title":"Lamtumir\u00eb arsimtar i yni Daut Lika - Lajme nga Ulqini","og_description":"U nda nga jeta arsimtari yn Daut Lika 13.10.1949 - 25.10.2013 Dit\u00ebn e premte, nga vendlindja vjen lajm i keq p\u00ebr t\u00eb gjith\u00eb neve. Pas nj\u00eb s\u00ebmundjeje t\u00eb","og_url":"https:\/\/www.visit-ulcinj.com\/blog\/2013\/10\/27\/lamtumire-arsimtar-yni-daut-lika\/","og_site_name":"Lajme nga Ulqini","article_published_time":"2013-10-27T05:35:29+00:00","article_modified_time":"2013-10-27T14:28:56+00:00","og_image":[{"url":"http:\/\/www.visit-ulcinj.com\/blog\/wp-content\/uploads\/2013\/10\/Daut-Lika.jpg"}],"twitter_misc":{"Written by":"ulqini","Est. reading time":"1 minute"},"schema":{"@context":"https:\/\/schema.org","@graph":[{"@type":"WebSite","@id":"https:\/\/www.visit-ulcinj.com\/blog\/#website","url":"https:\/\/www.visit-ulcinj.com\/blog\/","name":"Lajme nga Ulqini","description":"Lajme,Vijesti,Ulqini,Ulqin,Crna Gora,Mali i Zi","potentialAction":[{"@type":"SearchAction","target":{"@type":"EntryPoint","urlTemplate":"https:\/\/www.visit-ulcinj.com\/blog\/?s={search_term_string}"},"query-input":"required name=search_term_string"}],"inLanguage":"en-US"},{"@type":"ImageObject","inLanguage":"en-US","@id":"https:\/\/www.visit-ulcinj.com\/blog\/2013\/10\/27\/lamtumire-arsimtar-yni-daut-lika\/#primaryimage","url":"https:\/\/www.visit-ulcinj.com\/blog\/wp-content\/uploads\/2013\/10\/Daut-Lika.jpg","contentUrl":"https:\/\/www.visit-ulcinj.com\/blog\/wp-content\/uploads\/2013\/10\/Daut-Lika.jpg","width":960,"height":720},{"@type":"WebPage","@id":"https:\/\/www.visit-ulcinj.com\/blog\/2013\/10\/27\/lamtumire-arsimtar-yni-daut-lika\/#webpage","url":"https:\/\/www.visit-ulcinj.com\/blog\/2013\/10\/27\/lamtumire-arsimtar-yni-daut-lika\/","name":"Lamtumir\u00eb arsimtar i yni Daut Lika - Lajme nga Ulqini","isPartOf":{"@id":"https:\/\/www.visit-ulcinj.com\/blog\/#website"},"primaryImageOfPage":{"@id":"https:\/\/www.visit-ulcinj.com\/blog\/2013\/10\/27\/lamtumire-arsimtar-yni-daut-lika\/#primaryimage"},"datePublished":"2013-10-27T05:35:29+00:00","dateModified":"2013-10-27T14:28:56+00:00","author":{"@id":"https:\/\/www.visit-ulcinj.com\/blog\/#\/schema\/person\/dcab619c614d3038751c63bc2aadc06d"},"description":"U nda nga jeta arsimtari yn Daut Lika 13.10.1949 - 25.10.2013 Dit\u00ebn e premte, nga vendlindja vjen lajm i keq p\u00ebr t\u00eb gjith\u00eb neve. Pas nj\u00eb s\u00ebmundjeje t\u00eb","breadcrumb":{"@id":"https:\/\/www.visit-ulcinj.com\/blog\/2013\/10\/27\/lamtumire-arsimtar-yni-daut-lika\/#breadcrumb"},"inLanguage":"en-US","potentialAction":[{"@type":"ReadAction","target":["https:\/\/www.visit-ulcinj.com\/blog\/2013\/10\/27\/lamtumire-arsimtar-yni-daut-lika\/"]}]},{"@type":"BreadcrumbList","@id":"https:\/\/www.visit-ulcinj.com\/blog\/2013\/10\/27\/lamtumire-arsimtar-yni-daut-lika\/#breadcrumb","itemListElement":[{"@type":"ListItem","position":1,"name":"Lamtumir\u00eb arsimtar i yni Daut Lika"}]},{"@type":"Person","@id":"https:\/\/www.visit-ulcinj.com\/blog\/#\/schema\/person\/dcab619c614d3038751c63bc2aadc06d","name":"ulqini","sameAs":["http:\/\/www.visit-ulcinj.com"],"url":"https:\/\/www.visit-ulcinj.com\/blog\/author\/admin\/"}]}},"jetpack_featured_media_url":"","jetpack_sharing_enabled":true,"jetpack_shortlink":"https:\/\/wp.me\/pe6lTn-jES","_links":{"self":[{"href":"https:\/\/www.visit-ulcinj.com\/blog\/wp-json\/wp\/v2\/posts\/75570"}],"collection":[{"href":"https:\/\/www.visit-ulcinj.com\/blog\/wp-json\/wp\/v2\/posts"}],"about":[{"href":"https:\/\/www.visit-ulcinj.com\/blog\/wp-json\/wp\/v2\/types\/post"}],"author":[{"embeddable":true,"href":"https:\/\/www.visit-ulcinj.com\/blog\/wp-json\/wp\/v2\/users\/1"}],"replies":[{"embeddable":true,"href":"https:\/\/www.visit-ulcinj.com\/blog\/wp-json\/wp\/v2\/comments?post=75570"}],"version-history":[{"count":2,"href":"https:\/\/www.visit-ulcinj.com\/blog\/wp-json\/wp\/v2\/posts\/75570\/revisions"}],"predecessor-version":[{"id":75573,"href":"https:\/\/www.visit-ulcinj.com\/blog\/wp-json\/wp\/v2\/posts\/75570\/revisions\/75573"}],"wp:attachment":[{"href":"https:\/\/www.visit-ulcinj.com\/blog\/wp-json\/wp\/v2\/media?parent=75570"}],"wp:term":[{"taxonomy":"category","embeddable":true,"href":"https:\/\/www.visit-ulcinj.com\/blog\/wp-json\/wp\/v2\/categories?post=75570"},{"taxonomy":"post_tag","embeddable":true,"href":"https:\/\/www.visit-ulcinj.com\/blog\/wp-json\/wp\/v2\/tags?post=75570"}],"curies":[{"name":"wp","href":"https:\/\/api.w.org\/{rel}","templated":true}]}}