{"id":75574,"date":"2013-10-27T06:43:18","date_gmt":"2013-10-27T05:43:18","guid":{"rendered":"http:\/\/www.visit-ulcinj.com\/blog\/?p=75574"},"modified":"2013-10-27T06:43:18","modified_gmt":"2013-10-27T05:43:18","slug":"izbori-u-ulcinju-pocetkom-godine","status":"publish","type":"post","link":"https:\/\/www.visit-ulcinj.com\/blog\/2013\/10\/27\/izbori-u-ulcinju-pocetkom-godine\/","title":{"rendered":"Izbori u Ulcinju po\u010detkom godine"},"content":{"rendered":"<p><a href=\"http:\/\/www.visit-ulcinj.com\/blog\/wp-content\/uploads\/2013\/03\/Sazivanje-skupstine-Opstine-Ulcinj.jpg\"><img loading=\"lazy\" class=\"alignleft  wp-image-70094\" alt=\"Sazivanje-skupstine-Opstine-Ulcinj\" src=\"http:\/\/www.visit-ulcinj.com\/blog\/wp-content\/uploads\/2013\/03\/Sazivanje-skupstine-Opstine-Ulcinj.jpg\" width=\"508\" height=\"360\" \/><\/a>\u0160efovi odborni\u010dkih klubova u Ulcinju potpisali inicijativu o skra\u0107enju mandata, neizvjestan dnevni red sjednice<\/p>\n<div id=\"article_text\">\n<p>Svi \u0161efovi odborni\u010dkih klubova ju\u010de su na kolegijumu kod predsjednika Skup\u0161tine op\u0161tine Ulcinj Milazima Mustafe potpisali inicijativu za skra\u0107enje mandata i tako otvorili put za raspisivanje vanrednih parlamentarnih izbora po\u010detkom naredne godine.<\/p>\n<p>Ostalo je otvoreno pitanje da li \u0107e se na redovnoj sjednici zakazanoj za 12. novembar pred odbornicima skra\u0107enje mandata na\u0107i kao jedina ta\u010dka dnevnog reda, \u0161to zagovaraju Forca i DPS ili \u0107e to biti nastavak julskog zasjedanja prekinutog usred rasprave o izvje\u0161taju o radu predsjednika Op\u0161tine Nazifa Cungua.<\/p>\n<p>Mustafa je ju\u010de za \u201cVijesti\u201d kazao da o\u010dekuje da \u0107e na sjednici, ipak, biti rasprave o izvje\u0161taju o radu Cungua.<\/p>\n<p>On je za ponedjeljak ve\u010de zakazao novi kolegijum na kome bi \u0161efovi trebalo da utana\u010de dnevni red zasjedanja.<\/p>\n<p>\u201cNe znam da li \u0107e biti dogovora u ponedjeljak. Vidje\u0107emo jo\u0161, ali sjednica je zakazana. Mo\u017eda ne\u0107e biti odr\u017eana zbog kvoruma ili u slu\u010daju da Cungu povu\u010de sve ta\u010dke dnevnog reda koje je predlo\u017eio na usvajanje, ali ja \u0107u dvanaestog u 11 \u010dasova biti na mjestu predsjedavaju\u0107eg\u201d, kazao je Mustafa.<\/p>\n<p>Upitan \u0161ta bi se dogodilo u tom slu\u010daju, on je rekao da bi odmah sazvao drugu sjednicu za dan, dva ili tri na kojoj bi se kao jedina ta\u010dka dnevnog reda na\u0161lo skra\u0107enje mandata odbornicima.<\/p>\n<p>\u201cMoj stav je da bi na sjednici 12. novembra trebalo otvoriti raspravu o izvje\u0161taju o radu Cungua i drugim ta\u010dkama koje su bile na dnevnom redu. Nakon toga, veoma brzo, zakazao bih novu sjednicu za skra\u0107enje mandata\u201d, kazao je Mustafa, ina\u010de visoki funkcioner DP Fatmira \u0110eke.<\/p>\n<p>Sada je jasno da je sve u rukama Force, odnosno Cungua jer mo\u017ee da bira &#8211; nastavak julskog zasjedanja ili skra\u0107enje mandata.<\/p>\n<p>Na kolegijumu nije bilo iznena\u0111enja kada su u pitanju stavovi partija, osim \u0161to se Forca sada eksplicitno zala\u017ee za skra\u0107enje mandata iako su do ju\u010de u stavovima najja\u010de albanske partije u Ulcinju otvoreno zagovarali odr\u017eavanje vanredne sjednice na kojoj bi se usvojile neke ta\u010dke dnevnog reda bitne za funkcionisanje Op\u0161tine i grada.<\/p>\n<p>\u0160ef odborni\u010dkog kluba te partije Fuad Had\u017eibeti kazao je da nakon svega Forca nema dilemu.<\/p>\n<p>\u201cUbije\u0111eni smo da bi se eventualna rasprava o ta\u010dkama dnevnog reda sa julskog zasjedanja, mogu\u0107e dopunjena nekim novim, pretvorila u predizbornu kampanju kojoj ne bi bilo kraja. Zato idemo na skra\u0107enje mandata jer su izbori, ipak, najbolje rje\u0161enje za izlazak iz trenutne situacije\u201d, kazao je Had\u017eibeti za \u201cVijesti\u201d.<\/p>\n<p>On je ustvrdio da sjednica nije zakazana ve\u0107 samo kolegijum za ponedjeljak.<\/p>\n<p>\u201cSada bi neki da odugovla\u010de i to oni koji su bili prvi za izbore. Mislim da se sada vidi ko se u stvari pla\u0161i provjere povjerenja kod gra\u0111ana\u201d, kazao je Had\u017eibeti.<\/p>\n<p>On izbore o\u010dekuje krajem januara i, kako je naglasio, ponovo dvocifreni broj odbornika.<\/p>\n<p>Forca sada u lokalnom parlamentu ima 11 odbornika.<\/p>\n<p><strong>S.ADROVI\u0106<\/strong><\/p>\n<p>Na kolegijumu nije bilo iznena\u0111enja kada su u pitanju stavovi partija, osim \u0161to se Forca sada eksplicitno zala\u017ee za skra\u0107enje mandata iako su do ju\u010de u stavovima najja\u010de albanske partije u Ulcinju otvoreno zagovarali odr\u017eavanje vanredne sjednice na kojoj bi se usvojile neke ta\u010dke dnevnog reda bitne za funkcionisanje Op\u0161tine i grada<\/p>\n<p>DA se zna za\u0161to su se posva\u0111ali Predsjednica OK DUA Hatid\u017ea \u0110oni kazala je da je stav njene partije jasan- izbori, ali prvo rasprava o izvje\u0161taju o radu Cungua. \u201cGotovo svi klubovi saglasni su sa tim, osim Force. O\u010dekujem da \u0107e sa njihove strane biti opstrukcija jer im to ne ide u prilog\u201d, kazala je ona. I \u0161ef OK \u201eBolji Ulcinj- Bolja Crna Gora\u201c Andrija \u0106etkovi\u0107 iz SNP-a o\u010dekuje raspravu o izvje\u0161taju o radu Cungua. \u201cTo je potpuno logi\u010dno jer mi iz opozicije ho\u0107emo da znamo \u0161ta su radili i zbog \u010dega su se posva\u0111ali\u201d, kazao je on za \u201cVijesti\u201d. \u0106etkovi\u0107 je naveo da \u0107e i njegov klub, osim DUA, tra\u017eiti da parlament glasa o povjerenju Cunguu. \u201cMislim da dosta toga zavisi i od DPS-a jer ako bi imali kvorum na sjednici, mogli bi glasati o povjerenju Cunguu \u010dak iako Forca napusti salu, a predsjednik Op\u0161tine povu\u010de sve ta\u010dke dnevnog reda koje je predlo\u017eio\u201d, kazao je \u0106etkovi\u0107. \u0160ef ulcinjskog DPS-a Ljoro Nreki\u0107, koji je podnio inicijativu za skra\u0107enje mandata a ostali prihvatili, ostao je dosljedan svom ranijem stavu. \u201cIzbori i to \u0161to prije, nikakve sjednice osim one o skra\u0107enju mandata\u201d, ponovio je on. Ukoliko, kako je naveo, ve\u0107ina bude za to da odbornici raspravljaju o izvje\u0161taju o radu Cungua, DPS ne\u0107e bje\u017eati od sjednice, ali \u0107e se dr\u017eati po strani. \u201cTo \u0161to oni imaju izme\u0111u sebe neka i rije\u0161e izme\u0111u sebe. Mi \u0107emo biti uzdr\u017eani\u201d, kazao je on. U svakom slu\u010daju, izbori u Ulcinju sve su bli\u017ei i kako su \u201cVijesti\u201d ranije najavile &#8211; izvjesni, najkasnije do marta naredne godine.<\/p>\n<p><strong>Izvor: Vijesti Online<\/strong><\/p>\n<\/div>\n","protected":false},"excerpt":{"rendered":"<p>\u0160efovi odborni\u010dkih klubova u Ulcinju potpisali inicijativu o skra\u0107enju mandata, neizvjestan dnevni red sjednice Svi \u0161efovi odborni\u010dkih klubova ju\u010de su na kolegijumu kod predsjednika Skup\u0161tine op\u0161tine Ulcinj Milazima Mustafe potpisali inicijativu za skra\u0107enje mandata i tako otvorili put za raspisivanje vanrednih parlamentarnih izbora po\u010detkom naredne godine. Ostalo je otvoreno pitanje da li \u0107e se na [&hellip;]<\/p>\n","protected":false},"author":1,"featured_media":0,"comment_status":"closed","ping_status":"closed","sticky":false,"template":"","format":"standard","meta":{"spay_email":"","jetpack_publicize_message":"","jetpack_is_tweetstorm":false,"jetpack_publicize_feature_enabled":true},"categories":[8337],"tags":[],"jetpack_publicize_connections":[],"yoast_head":"<!-- This site is optimized with the Yoast SEO plugin v19.1 - https:\/\/yoast.com\/wordpress\/plugins\/seo\/ -->\n<title>Izbori u Ulcinju po\u010detkom godine - Lajme nga Ulqini<\/title>\n<meta name=\"description\" content=\"\u0160efovi odborni\u010dkih klubova u Ulcinju potpisali inicijativu o skra\u0107enju mandata, neizvjestan dnevni red sjednice Svi \u0161efovi odborni\u010dkih klubova ju\u010de su na\" \/>\n<meta name=\"robots\" content=\"index, follow, max-snippet:-1, max-image-preview:large, max-video-preview:-1\" \/>\n<link rel=\"canonical\" href=\"https:\/\/www.visit-ulcinj.com\/blog\/2013\/10\/27\/izbori-u-ulcinju-pocetkom-godine\/\" \/>\n<meta property=\"og:locale\" content=\"en_US\" \/>\n<meta property=\"og:type\" content=\"article\" \/>\n<meta property=\"og:title\" content=\"Izbori u Ulcinju po\u010detkom godine - Lajme nga Ulqini\" \/>\n<meta property=\"og:description\" content=\"\u0160efovi odborni\u010dkih klubova u Ulcinju potpisali inicijativu o skra\u0107enju mandata, neizvjestan dnevni red sjednice Svi \u0161efovi odborni\u010dkih klubova ju\u010de su na\" \/>\n<meta property=\"og:url\" content=\"https:\/\/www.visit-ulcinj.com\/blog\/2013\/10\/27\/izbori-u-ulcinju-pocetkom-godine\/\" \/>\n<meta property=\"og:site_name\" content=\"Lajme nga Ulqini\" \/>\n<meta property=\"article:published_time\" content=\"2013-10-27T05:43:18+00:00\" \/>\n<meta property=\"og:image\" content=\"http:\/\/www.visit-ulcinj.com\/blog\/wp-content\/uploads\/2013\/03\/Sazivanje-skupstine-Opstine-Ulcinj.jpg\" \/>\n<meta name=\"twitter:label1\" content=\"Written by\" \/>\n\t<meta name=\"twitter:data1\" content=\"ulqini\" \/>\n\t<meta name=\"twitter:label2\" content=\"Est. reading time\" \/>\n\t<meta name=\"twitter:data2\" content=\"4 minutes\" \/>\n<script type=\"application\/ld+json\" class=\"yoast-schema-graph\">{\"@context\":\"https:\/\/schema.org\",\"@graph\":[{\"@type\":\"WebSite\",\"@id\":\"https:\/\/www.visit-ulcinj.com\/blog\/#website\",\"url\":\"https:\/\/www.visit-ulcinj.com\/blog\/\",\"name\":\"Lajme nga Ulqini\",\"description\":\"Lajme,Vijesti,Ulqini,Ulqin,Crna Gora,Mali i Zi\",\"potentialAction\":[{\"@type\":\"SearchAction\",\"target\":{\"@type\":\"EntryPoint\",\"urlTemplate\":\"https:\/\/www.visit-ulcinj.com\/blog\/?s={search_term_string}\"},\"query-input\":\"required name=search_term_string\"}],\"inLanguage\":\"en-US\"},{\"@type\":\"ImageObject\",\"inLanguage\":\"en-US\",\"@id\":\"https:\/\/www.visit-ulcinj.com\/blog\/2013\/10\/27\/izbori-u-ulcinju-pocetkom-godine\/#primaryimage\",\"url\":\"https:\/\/www.visit-ulcinj.com\/blog\/wp-content\/uploads\/2013\/03\/Sazivanje-skupstine-Opstine-Ulcinj.jpg\",\"contentUrl\":\"https:\/\/www.visit-ulcinj.com\/blog\/wp-content\/uploads\/2013\/03\/Sazivanje-skupstine-Opstine-Ulcinj.jpg\",\"width\":640,\"height\":450},{\"@type\":\"WebPage\",\"@id\":\"https:\/\/www.visit-ulcinj.com\/blog\/2013\/10\/27\/izbori-u-ulcinju-pocetkom-godine\/#webpage\",\"url\":\"https:\/\/www.visit-ulcinj.com\/blog\/2013\/10\/27\/izbori-u-ulcinju-pocetkom-godine\/\",\"name\":\"Izbori u Ulcinju po\u010detkom godine - Lajme nga Ulqini\",\"isPartOf\":{\"@id\":\"https:\/\/www.visit-ulcinj.com\/blog\/#website\"},\"primaryImageOfPage\":{\"@id\":\"https:\/\/www.visit-ulcinj.com\/blog\/2013\/10\/27\/izbori-u-ulcinju-pocetkom-godine\/#primaryimage\"},\"datePublished\":\"2013-10-27T05:43:18+00:00\",\"dateModified\":\"2013-10-27T05:43:18+00:00\",\"author\":{\"@id\":\"https:\/\/www.visit-ulcinj.com\/blog\/#\/schema\/person\/dcab619c614d3038751c63bc2aadc06d\"},\"description\":\"\u0160efovi odborni\u010dkih klubova u Ulcinju potpisali inicijativu o skra\u0107enju mandata, neizvjestan dnevni red sjednice Svi \u0161efovi odborni\u010dkih klubova ju\u010de su na\",\"breadcrumb\":{\"@id\":\"https:\/\/www.visit-ulcinj.com\/blog\/2013\/10\/27\/izbori-u-ulcinju-pocetkom-godine\/#breadcrumb\"},\"inLanguage\":\"en-US\",\"potentialAction\":[{\"@type\":\"ReadAction\",\"target\":[\"https:\/\/www.visit-ulcinj.com\/blog\/2013\/10\/27\/izbori-u-ulcinju-pocetkom-godine\/\"]}]},{\"@type\":\"BreadcrumbList\",\"@id\":\"https:\/\/www.visit-ulcinj.com\/blog\/2013\/10\/27\/izbori-u-ulcinju-pocetkom-godine\/#breadcrumb\",\"itemListElement\":[{\"@type\":\"ListItem\",\"position\":1,\"name\":\"Izbori u Ulcinju po\u010detkom godine\"}]},{\"@type\":\"Person\",\"@id\":\"https:\/\/www.visit-ulcinj.com\/blog\/#\/schema\/person\/dcab619c614d3038751c63bc2aadc06d\",\"name\":\"ulqini\",\"sameAs\":[\"http:\/\/www.visit-ulcinj.com\"],\"url\":\"https:\/\/www.visit-ulcinj.com\/blog\/author\/admin\/\"}]}<\/script>\n<!-- \/ Yoast SEO plugin. -->","yoast_head_json":{"title":"Izbori u Ulcinju po\u010detkom godine - Lajme nga Ulqini","description":"\u0160efovi odborni\u010dkih klubova u Ulcinju potpisali inicijativu o skra\u0107enju mandata, neizvjestan dnevni red sjednice Svi \u0161efovi odborni\u010dkih klubova ju\u010de su na","robots":{"index":"index","follow":"follow","max-snippet":"max-snippet:-1","max-image-preview":"max-image-preview:large","max-video-preview":"max-video-preview:-1"},"canonical":"https:\/\/www.visit-ulcinj.com\/blog\/2013\/10\/27\/izbori-u-ulcinju-pocetkom-godine\/","og_locale":"en_US","og_type":"article","og_title":"Izbori u Ulcinju po\u010detkom godine - Lajme nga Ulqini","og_description":"\u0160efovi odborni\u010dkih klubova u Ulcinju potpisali inicijativu o skra\u0107enju mandata, neizvjestan dnevni red sjednice Svi \u0161efovi odborni\u010dkih klubova ju\u010de su na","og_url":"https:\/\/www.visit-ulcinj.com\/blog\/2013\/10\/27\/izbori-u-ulcinju-pocetkom-godine\/","og_site_name":"Lajme nga Ulqini","article_published_time":"2013-10-27T05:43:18+00:00","og_image":[{"url":"http:\/\/www.visit-ulcinj.com\/blog\/wp-content\/uploads\/2013\/03\/Sazivanje-skupstine-Opstine-Ulcinj.jpg"}],"twitter_misc":{"Written by":"ulqini","Est. reading time":"4 minutes"},"schema":{"@context":"https:\/\/schema.org","@graph":[{"@type":"WebSite","@id":"https:\/\/www.visit-ulcinj.com\/blog\/#website","url":"https:\/\/www.visit-ulcinj.com\/blog\/","name":"Lajme nga Ulqini","description":"Lajme,Vijesti,Ulqini,Ulqin,Crna Gora,Mali i Zi","potentialAction":[{"@type":"SearchAction","target":{"@type":"EntryPoint","urlTemplate":"https:\/\/www.visit-ulcinj.com\/blog\/?s={search_term_string}"},"query-input":"required name=search_term_string"}],"inLanguage":"en-US"},{"@type":"ImageObject","inLanguage":"en-US","@id":"https:\/\/www.visit-ulcinj.com\/blog\/2013\/10\/27\/izbori-u-ulcinju-pocetkom-godine\/#primaryimage","url":"https:\/\/www.visit-ulcinj.com\/blog\/wp-content\/uploads\/2013\/03\/Sazivanje-skupstine-Opstine-Ulcinj.jpg","contentUrl":"https:\/\/www.visit-ulcinj.com\/blog\/wp-content\/uploads\/2013\/03\/Sazivanje-skupstine-Opstine-Ulcinj.jpg","width":640,"height":450},{"@type":"WebPage","@id":"https:\/\/www.visit-ulcinj.com\/blog\/2013\/10\/27\/izbori-u-ulcinju-pocetkom-godine\/#webpage","url":"https:\/\/www.visit-ulcinj.com\/blog\/2013\/10\/27\/izbori-u-ulcinju-pocetkom-godine\/","name":"Izbori u Ulcinju po\u010detkom godine - Lajme nga Ulqini","isPartOf":{"@id":"https:\/\/www.visit-ulcinj.com\/blog\/#website"},"primaryImageOfPage":{"@id":"https:\/\/www.visit-ulcinj.com\/blog\/2013\/10\/27\/izbori-u-ulcinju-pocetkom-godine\/#primaryimage"},"datePublished":"2013-10-27T05:43:18+00:00","dateModified":"2013-10-27T05:43:18+00:00","author":{"@id":"https:\/\/www.visit-ulcinj.com\/blog\/#\/schema\/person\/dcab619c614d3038751c63bc2aadc06d"},"description":"\u0160efovi odborni\u010dkih klubova u Ulcinju potpisali inicijativu o skra\u0107enju mandata, neizvjestan dnevni red sjednice Svi \u0161efovi odborni\u010dkih klubova ju\u010de su na","breadcrumb":{"@id":"https:\/\/www.visit-ulcinj.com\/blog\/2013\/10\/27\/izbori-u-ulcinju-pocetkom-godine\/#breadcrumb"},"inLanguage":"en-US","potentialAction":[{"@type":"ReadAction","target":["https:\/\/www.visit-ulcinj.com\/blog\/2013\/10\/27\/izbori-u-ulcinju-pocetkom-godine\/"]}]},{"@type":"BreadcrumbList","@id":"https:\/\/www.visit-ulcinj.com\/blog\/2013\/10\/27\/izbori-u-ulcinju-pocetkom-godine\/#breadcrumb","itemListElement":[{"@type":"ListItem","position":1,"name":"Izbori u Ulcinju po\u010detkom godine"}]},{"@type":"Person","@id":"https:\/\/www.visit-ulcinj.com\/blog\/#\/schema\/person\/dcab619c614d3038751c63bc2aadc06d","name":"ulqini","sameAs":["http:\/\/www.visit-ulcinj.com"],"url":"https:\/\/www.visit-ulcinj.com\/blog\/author\/admin\/"}]}},"jetpack_featured_media_url":"","jetpack_sharing_enabled":true,"jetpack_shortlink":"https:\/\/wp.me\/pe6lTn-jEW","_links":{"self":[{"href":"https:\/\/www.visit-ulcinj.com\/blog\/wp-json\/wp\/v2\/posts\/75574"}],"collection":[{"href":"https:\/\/www.visit-ulcinj.com\/blog\/wp-json\/wp\/v2\/posts"}],"about":[{"href":"https:\/\/www.visit-ulcinj.com\/blog\/wp-json\/wp\/v2\/types\/post"}],"author":[{"embeddable":true,"href":"https:\/\/www.visit-ulcinj.com\/blog\/wp-json\/wp\/v2\/users\/1"}],"replies":[{"embeddable":true,"href":"https:\/\/www.visit-ulcinj.com\/blog\/wp-json\/wp\/v2\/comments?post=75574"}],"version-history":[{"count":1,"href":"https:\/\/www.visit-ulcinj.com\/blog\/wp-json\/wp\/v2\/posts\/75574\/revisions"}],"predecessor-version":[{"id":75575,"href":"https:\/\/www.visit-ulcinj.com\/blog\/wp-json\/wp\/v2\/posts\/75574\/revisions\/75575"}],"wp:attachment":[{"href":"https:\/\/www.visit-ulcinj.com\/blog\/wp-json\/wp\/v2\/media?parent=75574"}],"wp:term":[{"taxonomy":"category","embeddable":true,"href":"https:\/\/www.visit-ulcinj.com\/blog\/wp-json\/wp\/v2\/categories?post=75574"},{"taxonomy":"post_tag","embeddable":true,"href":"https:\/\/www.visit-ulcinj.com\/blog\/wp-json\/wp\/v2\/tags?post=75574"}],"curies":[{"name":"wp","href":"https:\/\/api.w.org\/{rel}","templated":true}]}}