{"id":75576,"date":"2013-10-27T13:49:50","date_gmt":"2013-10-27T12:49:50","guid":{"rendered":"http:\/\/www.visit-ulcinj.com\/blog\/?p=75576"},"modified":"2013-10-27T13:50:04","modified_gmt":"2013-10-27T12:50:04","slug":"adrovic-vjeciti-investitori","status":"publish","type":"post","link":"https:\/\/www.visit-ulcinj.com\/blog\/2013\/10\/27\/adrovic-vjeciti-investitori\/","title":{"rendered":"Adrovi\u0107: Vje\u010diti investitori"},"content":{"rendered":"<p><strong><a href=\"http:\/\/www.visit-ulcinj.com\/blog\/wp-content\/uploads\/2013\/10\/Ulcinj-Investitori.jpg\"><img loading=\"lazy\" class=\"alignleft  wp-image-75516\" alt=\"Ulcinj-Investitori\" src=\"http:\/\/www.visit-ulcinj.com\/blog\/wp-content\/uploads\/2013\/10\/Ulcinj-Investitori.jpg\" width=\"508\" height=\"360\" \/><\/a>Pi\u0161e: <a href=\"http:\/\/www.vijesti.me\/tema\/Samir+Adrovi%C4%87\/\">Samir Adrovi\u0107<\/a><\/strong><\/p>\n<p>&nbsp;<\/p>\n<p>Do\u0111ite do Ulcinja v.d. vrhovni tu\u017eio\u010de, da vidite \u0161ta je u\u010dinjeno od Primorja i Solane, a nije trebalo. Potom obi\u0111ite ledine na polusortvu Suka i iznad njega i na Velikoj pla\u017ei da vidite \u0161ta nije u\u010dinjeno &#8211; a moralo je.<\/p>\n<div id=\"article_text\">\n<p>Delegacija Ulcinja nedavno je boravila u Minhenu na sajmu investicija i nekretnina i otuda nam donijela lijepe vijesti &#8211; za ulaganja u Ulcinj ima interesovanja od Amerike, preko Njema\u010dke i Austrije do Arabije. Promociji ulcinjske fascinantne ljepote, drugog dana sajma, prisustvovao je i ministar Gvozdenovi\u0107. On je i razgovarao sa investitorima i govorio im \u0161ta, kako i gdje mogu da grade i rade u Ulcinju, a \u0161ta ne.<\/p>\n<p>Vlada najbolje zna kako ugnijezditi strate\u0161ke partnere u Ulcinj i od njih napraviti vje\u010dite investitore. Za neupu\u0107ene, vje\u010diti investitor je neobi\u010dno zanimanje koje postoji isklju\u010divo u Ulcinju &#8211; on gradi, ali niko ne vidi ni temelje, a kamoli gra\u0111evinu i ula\u017eu, a ne tro\u0161e ni centa.<\/p>\n<p>\u0160teta \u0161to na \u0161tandu, na kome je predstavljen Ulcinj, kao po\u010dasni gosti nijesu bili i biv\u0161i direktor Ulcinjske rivijere Jak\u0161i\u0107 te ministri Vujovi\u0107 i Nenezi\u0107. Oni bi po ubrzanoj proceduri izbodovali ponude, procijenili kupovnu i plate\u017enu mo\u0107 potencijalnog investitora i cijeli posao zavr\u0161ili ve\u0107 u Bavarskoj.<\/p>\n<p>Ovako, investitore moramo tra\u017eiti i dogodine. Mada, Ulcinjani ne znaju ni \u0161ta \u0107e sa ovim ovdje koje im je poslala i dovela Vlada. Gvozdenovi\u0107 i Cungu o na\u0161im vje\u010ditim investitorima, vjerovatno nijesu govorili pred novim, mogu\u0107e budu\u0107im ulaga\u010dima. Neke od njih poveli su sa sobom da bi im pomogli da oni sebi sami na\u0111u strate\u0161ke partnere kao \u0161to je Vlada njih na\u0161la, ali su pogrije\u0161ili \u0161to ih nijesu uzeli sve sa sobom. Tako bi se budu\u0107i investitori u mirnoj atmosferi i opu\u0161tenoj konverzaciji, uz sve vrijeme ovog svijeta koje na raspolaganju imaju na\u0161i vje\u010diti investitori, mogli bolje upoznati sa uslovima ulaganja u biseru Jadrana.<\/p>\n<p>Od biv\u0161eg i sada\u0161njeg vlasnika Gra\u0111evinskog preduze\u0107a Primorje, recimo, mogli bi nau\u010diti kako kupiti, a ne ulagati, kako odnositi a ne donositi, kako od upravnih zgrada napraviti stra\u0107are za besku\u0107nike i kako sigurnim putem i\u0107i ka likvidaciji firme koja je imala i do 500 zaposlenih. Vlasnici Solane mogli bi ih podu\u010diti kako proizvoditi so na 44 bazena a onda je pokupiti sa 22, kako kinjiti radnike, kako krpiti ma\u0161ine stare decenijama sa ambicijom da u funkciji budu jo\u0161 toliko, kako skladi\u0161titi so u hangaru bez pola krova ili kako iz kruga fabrike iznijeti traktor, poklon jedne renomirane evropske organizacije, dati ga prijatelju iz Budve da se on malo bavi stani\u0161tima za ptice, a da niko od radnika pa ni policija ne zna ko je, za\u0161to i radi koga nezakonito otu\u0111io osnovno sredstvo.<\/p>\n<p>Od vlasnika hotela Lido, mogli bi nau\u010diti kako da se sprdaju sa dr\u017eavom, kako Port Milena miri\u0161e kad se kupuju nekretnine a kako po\u010dinje da smrdi, kad treba da se gradi, kako godinama dr\u017eati zatvoren i sablasno prazan hotel bez prozora i vrata i to pred turistima iz zemalja budu\u0107ih investitora, kako ga na kraju poru\u0161iti i tako ispuniti najva\u017eniju stavku iz ugovora. Ili kako umjesto u Ulcinju, za \u0161ta su se imperativno obavezali rokovima, mogu graditi u Budvi jer je percepcija menad\u017ementa bila da je tako isplatrivije.<\/p>\n<p>Vlasnici Jadrana i Galeba, koji su bili na sajmu, mogli su im re\u0107i kako prona\u0107i rupe u ugovorima i tako ismijavati institucije preko grba\u010de osiroma\u0161enih mje\u0161tana, pa onda preko tih istih institucija do\u0107i u Minhen da bi razgovarali o izgradnji svojih hotela. Od vlasnika Jadrana mogu nau\u010diti kako uzeti atraktivno zemlji\u0161te pa 15 godina ne graditi ili kako preko desetak nedu\u017enih familija koje \u017eive na polusotrvu, izroditi vje\u010diti alibi za pustu ledinu.<\/p>\n<p>Tome bi ih mogao podu\u010diti i vlasnik ledine na kojoj se decenijama ponosno ko\u010doperio Galeb, mo\u017eda najve\u0107i poslijertani simbol grada. On bih nau\u010dio kako ra\u0161\u010derupati takav simbol, potom ga sru\u0161iti, a \u017eeljezo prodati i kako elitne kuvare i konobare primorati da prodaju cigarete po trafikama.<\/p>\n<p>Vlada bi, kako bi mje\u0161tani znali ko su im vje\u010diti investitori, mogla napraviti dobro djelo i organizovati paradu u Ulcinju, budu\u0107i da je to sada u trendu. Samo \u0161to bi ovdje \u0161etali na\u0161i vje\u010diti investitori. U koloni bi obavezno bili Jak\u0161i\u0107, Vujovi\u0107 i Nenezi\u0107, Gvozdenovi\u0107, jo\u0161 neki ministri i \u010dinovnici Vlade i Morskog dobra i obavezno ministar Numanovi\u0107 koji je u obavezi da \u0161titi ljudska i manjinska prava i od neodgovornih investitora, \u0161to je svojevrsrni ekskluzivitet kada je Ulcinj u pitanju. U povorci bi mogli biti i odbornici lokalnog parlamenta, \u010dast izuzecima, koji nikako da se sjete da progovore o proma\u0161enim a duboko ukotvljenim investitorima svugdje okolo. Takvu paradu bilo bi lako organizovati.<\/p>\n<p>Ulcinjani su mirni ljudi a i vi\u0161e im je dosta svega da bi nekog tukli i riskirali nov\u010dane i zatvorske kazne. Stoga bi, za obezbje\u0111enje povorke, bilo dovoljno jedno slu\u017ebeno policijsko auto koje bi i\u0161lo ispred povorke zbog regulacije saobra\u0107aja. Navija\u010dke grupe mogle bi da odahnu jer u povorci ne bi bilo duginih boja pa ni potrebe da u\u010desnicima prijete preko interneta, kupuju crne kape ili spremaju Molotovljeve koktele. Vjerujem da ni vjerski poglavari ne bi imali ni\u0161ta protiv takve otu\u017ene parade. U\u010desnici bi, kao simbole, nosili grumenje soli, slike nekada\u0161njih hotela Jadran, Galeb i Lido i po neki kamen iz Primorja.<\/p>\n<p>Mar\u0161ruta povorke mogla bi po\u010deti od Op\u0161tine i tu i zavr\u0161iti nakon \u0161etnje oko kru\u017enog toka kod d\u017eamije gdje bi bili odr\u017eani sve\u010dani govori, predstavljeni investitori i njihovi novi, svje\u017ei planovi. Nakon toga bi se razi\u0161li u miru i veselju i novo okupljanje zakazali za pet ili \u0161est godina kako bi mje\u0161tani bili upoznati sa novim rokovima planovima vje\u010ditih investitora.<\/p>\n<p>Zbog svega toga treba se saglasiti sa ocjenom v.d. vrhovnog dr\u017eavnog tu\u017eioca Veselina Vu\u010dkovi\u0107a da smo klevetu kao krivi\u010dno djelo ukinuli prerano. Ako je mislio, a vjerujem da jeste, i na ulcinjske Vje\u010dite, alal mu vjera. Kad im ve\u0107 ne mo\u017ee ni\u0161ta vi\u0161e neka ih bar tu\u017ei za klevetu. Lako je dokazivo, a svjedoka mu ne bi falilo &#8211; mogao bi zvati cijeli Ulcinj. To \u0161to su Vje\u010diti svojim djelima ili nedjelima u\u010dinili gradu, poru\u010dili turistima i Evropi ali i dr\u017eavi, mnogo je vi\u0161e od klevete i ru\u017enih rije\u010di. Tu\u017ene i klevetni\u010dke pri\u010de i i poruke iznjedrio je sumorni period privatizacije u Ulcinju, koji je ismijao i obesmislio tu\u017eila\u010dku funkciju.<\/p>\n<p>Zato do\u0111ite do Ulcinja v.d. vrhovni tu\u017eio\u010de, da vidite \u0161ta je u\u010dinjeno od Primorja i Solane, a nije trebalo. Potom obi\u0111ite ledine na polusortvu Suka i iznad njega i na Velikoj pla\u017ei da vidite \u0161ta nije u\u010dinjeno &#8211; a moralo je. Prethodno se nagledajte ulcinjske ljepote jer \u0107e vam za ovo prvo trebati jak \u017eeludac. A onda stisnite petlju, vratite klevetu kao krivi\u010dno djelo, pa tu\u017eite neodgovorne \u0161to su oklevetali grad, dr\u017eavu i funkciju koju pokrivate. Njih, a ne mene ili kolege zato \u0161to \u0107emo re\u0107i ili napisati da nekoga treba da je sram \u0161to radi ili ne radi svoj posao.<\/p>\n<p><strong><a href=\"http:\/\/www.vijesti.me\/\">Vijesti online<\/a> \u203a <a href=\"http:\/\/www.vijesti.me\/kolumne\/\">Kolumne<\/a> \u203a<\/strong><\/p>\n<\/div>\n","protected":false},"excerpt":{"rendered":"<p>Pi\u0161e: Samir Adrovi\u0107 &nbsp; Do\u0111ite do Ulcinja v.d. vrhovni tu\u017eio\u010de, da vidite \u0161ta je u\u010dinjeno od Primorja i Solane, a nije trebalo. Potom obi\u0111ite ledine na polusortvu Suka i iznad njega i na Velikoj pla\u017ei da vidite \u0161ta nije u\u010dinjeno &#8211; a moralo je. Delegacija Ulcinja nedavno je boravila u Minhenu na sajmu investicija i [&hellip;]<\/p>\n","protected":false},"author":1,"featured_media":0,"comment_status":"closed","ping_status":"closed","sticky":false,"template":"","format":"standard","meta":{"spay_email":"","jetpack_publicize_message":"","jetpack_is_tweetstorm":false,"jetpack_publicize_feature_enabled":true},"categories":[6950],"tags":[],"jetpack_publicize_connections":[],"yoast_head":"<!-- This site is optimized with the Yoast SEO plugin v19.1 - https:\/\/yoast.com\/wordpress\/plugins\/seo\/ -->\n<title>Adrovi\u0107: Vje\u010diti investitori - Lajme nga Ulqini<\/title>\n<meta name=\"description\" content=\"Pi\u0161e: Samir Adrovi\u0107 &nbsp; Do\u0111ite do Ulcinja v.d. vrhovni tu\u017eio\u010de, da vidite \u0161ta je u\u010dinjeno od Primorja i Solane, a nije trebalo. Potom obi\u0111ite ledine na\" \/>\n<meta name=\"robots\" content=\"index, follow, max-snippet:-1, max-image-preview:large, max-video-preview:-1\" \/>\n<link rel=\"canonical\" href=\"https:\/\/www.visit-ulcinj.com\/blog\/2013\/10\/27\/adrovic-vjeciti-investitori\/\" \/>\n<meta property=\"og:locale\" content=\"en_US\" \/>\n<meta property=\"og:type\" content=\"article\" \/>\n<meta property=\"og:title\" content=\"Adrovi\u0107: Vje\u010diti investitori - Lajme nga Ulqini\" \/>\n<meta property=\"og:description\" content=\"Pi\u0161e: Samir Adrovi\u0107 &nbsp; Do\u0111ite do Ulcinja v.d. vrhovni tu\u017eio\u010de, da vidite \u0161ta je u\u010dinjeno od Primorja i Solane, a nije trebalo. Potom obi\u0111ite ledine na\" \/>\n<meta property=\"og:url\" content=\"https:\/\/www.visit-ulcinj.com\/blog\/2013\/10\/27\/adrovic-vjeciti-investitori\/\" \/>\n<meta property=\"og:site_name\" content=\"Lajme nga Ulqini\" \/>\n<meta property=\"article:published_time\" content=\"2013-10-27T12:49:50+00:00\" \/>\n<meta property=\"article:modified_time\" content=\"2013-10-27T12:50:04+00:00\" \/>\n<meta property=\"og:image\" content=\"http:\/\/www.visit-ulcinj.com\/blog\/wp-content\/uploads\/2013\/10\/Ulcinj-Investitori.jpg\" \/>\n<meta name=\"twitter:label1\" content=\"Written by\" \/>\n\t<meta name=\"twitter:data1\" content=\"ulqini\" \/>\n\t<meta name=\"twitter:label2\" content=\"Est. reading time\" \/>\n\t<meta name=\"twitter:data2\" content=\"6 minutes\" \/>\n<script type=\"application\/ld+json\" class=\"yoast-schema-graph\">{\"@context\":\"https:\/\/schema.org\",\"@graph\":[{\"@type\":\"WebSite\",\"@id\":\"https:\/\/www.visit-ulcinj.com\/blog\/#website\",\"url\":\"https:\/\/www.visit-ulcinj.com\/blog\/\",\"name\":\"Lajme nga Ulqini\",\"description\":\"Lajme,Vijesti,Ulqini,Ulqin,Crna Gora,Mali i Zi\",\"potentialAction\":[{\"@type\":\"SearchAction\",\"target\":{\"@type\":\"EntryPoint\",\"urlTemplate\":\"https:\/\/www.visit-ulcinj.com\/blog\/?s={search_term_string}\"},\"query-input\":\"required name=search_term_string\"}],\"inLanguage\":\"en-US\"},{\"@type\":\"ImageObject\",\"inLanguage\":\"en-US\",\"@id\":\"https:\/\/www.visit-ulcinj.com\/blog\/2013\/10\/27\/adrovic-vjeciti-investitori\/#primaryimage\",\"url\":\"https:\/\/www.visit-ulcinj.com\/blog\/wp-content\/uploads\/2013\/10\/Ulcinj-Investitori.jpg\",\"contentUrl\":\"https:\/\/www.visit-ulcinj.com\/blog\/wp-content\/uploads\/2013\/10\/Ulcinj-Investitori.jpg\",\"width\":960,\"height\":413},{\"@type\":\"WebPage\",\"@id\":\"https:\/\/www.visit-ulcinj.com\/blog\/2013\/10\/27\/adrovic-vjeciti-investitori\/#webpage\",\"url\":\"https:\/\/www.visit-ulcinj.com\/blog\/2013\/10\/27\/adrovic-vjeciti-investitori\/\",\"name\":\"Adrovi\u0107: Vje\u010diti investitori - Lajme nga Ulqini\",\"isPartOf\":{\"@id\":\"https:\/\/www.visit-ulcinj.com\/blog\/#website\"},\"primaryImageOfPage\":{\"@id\":\"https:\/\/www.visit-ulcinj.com\/blog\/2013\/10\/27\/adrovic-vjeciti-investitori\/#primaryimage\"},\"datePublished\":\"2013-10-27T12:49:50+00:00\",\"dateModified\":\"2013-10-27T12:50:04+00:00\",\"author\":{\"@id\":\"https:\/\/www.visit-ulcinj.com\/blog\/#\/schema\/person\/dcab619c614d3038751c63bc2aadc06d\"},\"description\":\"Pi\u0161e: Samir Adrovi\u0107 &nbsp; Do\u0111ite do Ulcinja v.d. vrhovni tu\u017eio\u010de, da vidite \u0161ta je u\u010dinjeno od Primorja i Solane, a nije trebalo. Potom obi\u0111ite ledine na\",\"breadcrumb\":{\"@id\":\"https:\/\/www.visit-ulcinj.com\/blog\/2013\/10\/27\/adrovic-vjeciti-investitori\/#breadcrumb\"},\"inLanguage\":\"en-US\",\"potentialAction\":[{\"@type\":\"ReadAction\",\"target\":[\"https:\/\/www.visit-ulcinj.com\/blog\/2013\/10\/27\/adrovic-vjeciti-investitori\/\"]}]},{\"@type\":\"BreadcrumbList\",\"@id\":\"https:\/\/www.visit-ulcinj.com\/blog\/2013\/10\/27\/adrovic-vjeciti-investitori\/#breadcrumb\",\"itemListElement\":[{\"@type\":\"ListItem\",\"position\":1,\"name\":\"Adrovi\u0107: Vje\u010diti investitori\"}]},{\"@type\":\"Person\",\"@id\":\"https:\/\/www.visit-ulcinj.com\/blog\/#\/schema\/person\/dcab619c614d3038751c63bc2aadc06d\",\"name\":\"ulqini\",\"sameAs\":[\"http:\/\/www.visit-ulcinj.com\"],\"url\":\"https:\/\/www.visit-ulcinj.com\/blog\/author\/admin\/\"}]}<\/script>\n<!-- \/ Yoast SEO plugin. -->","yoast_head_json":{"title":"Adrovi\u0107: Vje\u010diti investitori - Lajme nga Ulqini","description":"Pi\u0161e: Samir Adrovi\u0107 &nbsp; Do\u0111ite do Ulcinja v.d. vrhovni tu\u017eio\u010de, da vidite \u0161ta je u\u010dinjeno od Primorja i Solane, a nije trebalo. Potom obi\u0111ite ledine na","robots":{"index":"index","follow":"follow","max-snippet":"max-snippet:-1","max-image-preview":"max-image-preview:large","max-video-preview":"max-video-preview:-1"},"canonical":"https:\/\/www.visit-ulcinj.com\/blog\/2013\/10\/27\/adrovic-vjeciti-investitori\/","og_locale":"en_US","og_type":"article","og_title":"Adrovi\u0107: Vje\u010diti investitori - Lajme nga Ulqini","og_description":"Pi\u0161e: Samir Adrovi\u0107 &nbsp; Do\u0111ite do Ulcinja v.d. vrhovni tu\u017eio\u010de, da vidite \u0161ta je u\u010dinjeno od Primorja i Solane, a nije trebalo. Potom obi\u0111ite ledine na","og_url":"https:\/\/www.visit-ulcinj.com\/blog\/2013\/10\/27\/adrovic-vjeciti-investitori\/","og_site_name":"Lajme nga Ulqini","article_published_time":"2013-10-27T12:49:50+00:00","article_modified_time":"2013-10-27T12:50:04+00:00","og_image":[{"url":"http:\/\/www.visit-ulcinj.com\/blog\/wp-content\/uploads\/2013\/10\/Ulcinj-Investitori.jpg"}],"twitter_misc":{"Written by":"ulqini","Est. reading time":"6 minutes"},"schema":{"@context":"https:\/\/schema.org","@graph":[{"@type":"WebSite","@id":"https:\/\/www.visit-ulcinj.com\/blog\/#website","url":"https:\/\/www.visit-ulcinj.com\/blog\/","name":"Lajme nga Ulqini","description":"Lajme,Vijesti,Ulqini,Ulqin,Crna Gora,Mali i Zi","potentialAction":[{"@type":"SearchAction","target":{"@type":"EntryPoint","urlTemplate":"https:\/\/www.visit-ulcinj.com\/blog\/?s={search_term_string}"},"query-input":"required name=search_term_string"}],"inLanguage":"en-US"},{"@type":"ImageObject","inLanguage":"en-US","@id":"https:\/\/www.visit-ulcinj.com\/blog\/2013\/10\/27\/adrovic-vjeciti-investitori\/#primaryimage","url":"https:\/\/www.visit-ulcinj.com\/blog\/wp-content\/uploads\/2013\/10\/Ulcinj-Investitori.jpg","contentUrl":"https:\/\/www.visit-ulcinj.com\/blog\/wp-content\/uploads\/2013\/10\/Ulcinj-Investitori.jpg","width":960,"height":413},{"@type":"WebPage","@id":"https:\/\/www.visit-ulcinj.com\/blog\/2013\/10\/27\/adrovic-vjeciti-investitori\/#webpage","url":"https:\/\/www.visit-ulcinj.com\/blog\/2013\/10\/27\/adrovic-vjeciti-investitori\/","name":"Adrovi\u0107: Vje\u010diti investitori - Lajme nga Ulqini","isPartOf":{"@id":"https:\/\/www.visit-ulcinj.com\/blog\/#website"},"primaryImageOfPage":{"@id":"https:\/\/www.visit-ulcinj.com\/blog\/2013\/10\/27\/adrovic-vjeciti-investitori\/#primaryimage"},"datePublished":"2013-10-27T12:49:50+00:00","dateModified":"2013-10-27T12:50:04+00:00","author":{"@id":"https:\/\/www.visit-ulcinj.com\/blog\/#\/schema\/person\/dcab619c614d3038751c63bc2aadc06d"},"description":"Pi\u0161e: Samir Adrovi\u0107 &nbsp; Do\u0111ite do Ulcinja v.d. vrhovni tu\u017eio\u010de, da vidite \u0161ta je u\u010dinjeno od Primorja i Solane, a nije trebalo. Potom obi\u0111ite ledine na","breadcrumb":{"@id":"https:\/\/www.visit-ulcinj.com\/blog\/2013\/10\/27\/adrovic-vjeciti-investitori\/#breadcrumb"},"inLanguage":"en-US","potentialAction":[{"@type":"ReadAction","target":["https:\/\/www.visit-ulcinj.com\/blog\/2013\/10\/27\/adrovic-vjeciti-investitori\/"]}]},{"@type":"BreadcrumbList","@id":"https:\/\/www.visit-ulcinj.com\/blog\/2013\/10\/27\/adrovic-vjeciti-investitori\/#breadcrumb","itemListElement":[{"@type":"ListItem","position":1,"name":"Adrovi\u0107: Vje\u010diti investitori"}]},{"@type":"Person","@id":"https:\/\/www.visit-ulcinj.com\/blog\/#\/schema\/person\/dcab619c614d3038751c63bc2aadc06d","name":"ulqini","sameAs":["http:\/\/www.visit-ulcinj.com"],"url":"https:\/\/www.visit-ulcinj.com\/blog\/author\/admin\/"}]}},"jetpack_featured_media_url":"","jetpack_sharing_enabled":true,"jetpack_shortlink":"https:\/\/wp.me\/pe6lTn-jEY","_links":{"self":[{"href":"https:\/\/www.visit-ulcinj.com\/blog\/wp-json\/wp\/v2\/posts\/75576"}],"collection":[{"href":"https:\/\/www.visit-ulcinj.com\/blog\/wp-json\/wp\/v2\/posts"}],"about":[{"href":"https:\/\/www.visit-ulcinj.com\/blog\/wp-json\/wp\/v2\/types\/post"}],"author":[{"embeddable":true,"href":"https:\/\/www.visit-ulcinj.com\/blog\/wp-json\/wp\/v2\/users\/1"}],"replies":[{"embeddable":true,"href":"https:\/\/www.visit-ulcinj.com\/blog\/wp-json\/wp\/v2\/comments?post=75576"}],"version-history":[{"count":2,"href":"https:\/\/www.visit-ulcinj.com\/blog\/wp-json\/wp\/v2\/posts\/75576\/revisions"}],"predecessor-version":[{"id":75578,"href":"https:\/\/www.visit-ulcinj.com\/blog\/wp-json\/wp\/v2\/posts\/75576\/revisions\/75578"}],"wp:attachment":[{"href":"https:\/\/www.visit-ulcinj.com\/blog\/wp-json\/wp\/v2\/media?parent=75576"}],"wp:term":[{"taxonomy":"category","embeddable":true,"href":"https:\/\/www.visit-ulcinj.com\/blog\/wp-json\/wp\/v2\/categories?post=75576"},{"taxonomy":"post_tag","embeddable":true,"href":"https:\/\/www.visit-ulcinj.com\/blog\/wp-json\/wp\/v2\/tags?post=75576"}],"curies":[{"name":"wp","href":"https:\/\/api.w.org\/{rel}","templated":true}]}}