{"id":75579,"date":"2013-10-27T14:04:13","date_gmt":"2013-10-27T13:04:13","guid":{"rendered":"http:\/\/www.visit-ulcinj.com\/blog\/?p=75579"},"modified":"2013-10-27T14:04:13","modified_gmt":"2013-10-27T13:04:13","slug":"ash-shpreh-ankesa-ndaj-planit-urbanistik-per-tuzin","status":"publish","type":"post","link":"https:\/\/www.visit-ulcinj.com\/blog\/2013\/10\/27\/ash-shpreh-ankesa-ndaj-planit-urbanistik-per-tuzin\/","title":{"rendered":"ASH shpreh ankesa ndaj planit urbanistik p\u00ebr Tuzin"},"content":{"rendered":"<p><a href=\"http:\/\/www.visit-ulcinj.com\/blog\/wp-content\/uploads\/2013\/10\/Alternativa-Shqiptare-Mali-i-Zi-1.jpg\"><img loading=\"lazy\" class=\"alignleft  wp-image-75582\" alt=\"Alternativa Shqiptare - Mali i Zi-1\" src=\"http:\/\/www.visit-ulcinj.com\/blog\/wp-content\/uploads\/2013\/10\/Alternativa-Shqiptare-Mali-i-Zi-1.jpg\" width=\"508\" height=\"360\" \/><\/a>Ndoshta \u00ebsht\u00eb nj\u00eb tekst i gjat\u00eb, por \u00ebsht\u00eb i domosdosh\u00ebm p\u00ebr tu lexuar nga t\u00eb gjith\u00eb qytetar\u00ebt e Mal\u00ebsis\u00eb, p\u00ebr arsye se kjo n\u00eb nj\u00eb m\u00ebnyr\u00eb apo n\u00eb nj\u00eb tjet\u00ebr na prek t\u00eb gjith\u00eb neve. Alternativa Shqiptare para disa dit\u00ebsh ka formuar nje grup specialist\u00ebsh t\u00eb cil\u00ebt kan\u00eb analizuar me p\u00ebrpikm\u00ebri t\u00eb gjith\u00eb planin me t\u00eb cilin shumica e qytetar\u00ebve t\u00eb Mal\u00ebsis\u00eb ndoshta edhe nuk jan\u00eb t\u00eb njohur, jo p\u00ebr fajin e tyre, por p\u00ebr mosinformimin e mir\u00eb t\u00eb publikut nga ana e atyre q\u00eb kan\u00eb detyr\u00eb ta b\u00ebjn\u00eb k\u00ebt\u00eb pun\u00eb. Sot \u00ebsht\u00eb koha t\u00eb fillojm\u00eb t\u00eb planifikojm, por t\u00eb planifikojm sparit e jo mbrapsh. T\u00eb planifikosh teritorin do t\u00eb thot\u00eb ta shfrytezosh at\u00eb n\u00eb menyr\u00eb m\u00eb t\u00eb mir\u00eb t\u00eb mundshme n\u00eb interes t\u00eb qytetar\u00ebve. N\u00eb interes t\u00eb atyre q\u00eb aty kan\u00eb jetuar, jetojn\u00eb dhe planifikojn\u00eb t\u00eb jetojn\u00eb n\u00eb t\u00eb ardhmen.<\/p>\n<p>Baza p\u00ebr fillimin e nj\u00eb studimi \u00ebsht\u00eb anketimi i qytetar\u00ebve. Ata pyeten se p\u00ebr \u00e7far\u00eb deshirojn ta shfryt\u00ebzojn tok\u00ebn e tyre, cilat jan\u00eb pikpamjet e tyre p\u00ebr zhvillimin e vendit, si do t\u00eb donin ta shihnin vendin neser dhe \u00e7far\u00eb hap\u00ebsirash dhe ambientesh publike do ti k\u00ebnaqnin nevojat e tyre. Ne baz\u00eb t\u00eb k\u00ebtyre t\u00eb dh\u00ebnave t\u00eb domosdoshme ekspert\u00ebt e fushave t\u00eb ndryshme n\u00eb rradh\u00eb t\u00eb par\u00eb urbanistet, arkitekt\u00ebt, ekonomist\u00ebt dhe sociolog\u00ebt fillojn\u00eb ta p\u00ebrpilojn planin zhvillimor t\u00eb vendit. Ai p\u00ebrpunohet nga njoh\u00ebs t\u00eb mir\u00eb t\u00eb teritorit, mentalitetit t\u00eb popullat\u00ebs ekzistuese, resurseve ekonomike q\u00eb ka ky teritor dhe shembujve t\u00eb ngjajsh\u00ebm bashkohor\u00eb t\u00eb vendbanimeve model.<br \/>\nNe si subjekt politik q\u00eb me veprimtarin ton\u00eb mundohemi t\u00eb punojm\u00eb n\u00eb p\u00ebrmirsimin e mirq\u00ebnjes s\u00eb qytetar\u00ebve ton\u00eb jemi t\u00eb kenaqur q\u00eb m\u00eb n\u00eb fund ka filluar t\u00eb flitet p\u00ebr planifikim t\u00eb teritorit ku jetojm\u00eb. Por n\u00eb t\u00eb nj\u00ebjt\u00ebn koh\u00eb jemi t\u00eb pak\u00ebnaqur me m\u00ebnyr\u00ebn e p\u00ebrpunimit dhe p\u00ebrbajtj\u00ebn e flet\u00ebve t\u00eb ofruara qytetar\u00ebve si plan urbanistik. Mosp\u00eblqimin ton\u00eb nuk kemi d\u00ebshir\u00eb q\u00eb dikush ta shoh\u00eb si refuzim t\u00eb planit urbanistik, por si v\u00ebrejtje dashamir\u00ebse n\u00eb m\u00ebnyr\u00eb q\u00eb ai t\u00eb punohet me mir\u00eb dhe me m\u00eb shum\u00eb kujdes sesa ky i ofruari. Mosp\u00ebrkrahja e tij nuk vjen nga fakti se kush \u00ebsht\u00eb propozuesi, por se \u00e7far\u00eb p\u00ebrmban ai. Mes shum\u00eb v\u00ebrejtjesh q\u00eb e b\u00ebjn\u00eb k\u00ebt\u00eb plan t\u00eb papranuesh\u00ebm n\u00eb k\u00ebt\u00eb form\u00eb do t\u00eb ndanim:<br \/>\n1. Zona e Dushiqit \u00ebsht\u00eb parapar\u00eb t\u00eb jet\u00eb zon\u00eb bujq\u00ebsore edhe pse ky vendbanim \u00e7do dit\u00eb e m\u00eb shum\u00eb \u00ebsht\u00eb duke u populluar me banor autokton. N\u00ebse aprovohet q\u00eb kjo pjes\u00eb t\u00eb jet\u00eb zon\u00eb bujq\u00ebsore at\u00ebher\u00eb asnj\u00ebri q\u00eb ka bler\u00eb sip\u00ebrfaq\u00ebn e tok\u00ebs n\u00ebn 1200 m2 (sipas informacioneve qe kemi ka mjaft raste t\u00eb tilla) nuk mund t\u00eb ndertoj\u00eb nj\u00eb shtepi n\u00eb tok\u00ebn e vet, kurse ata q\u00eb kan\u00eb mbi 1200 m2 do t\u00eb mund t\u00eb ndertojn\u00eb vet\u00ebm nj\u00eb objekt jo m\u00eb t\u00eb madh se 120 m2. (fq.404). Kjo zon\u00eb me \u00e7do kusht duhet t\u00eb caktohet si zon\u00eb banimi.<br \/>\n2. Zona nga Dheu i Zi e deri tek Ura e Zharnic\u00ebs \u00ebsht\u00eb parapar\u00eb si zon\u00eb me qellime t\u00eb p\u00ebrziera. Zonat me qellim\u00eb t\u00eb p\u00ebrziera zakonisht n\u00ebnkuptojn\u00eb zona me densitet t\u00eb lart\u00eb t\u00eb nd\u00ebrtimit. \u00cbsht\u00eb e paarsyeshme q\u00eb nj\u00eb zon\u00eb e pabanuar fare me pronsi toke ende t\u00eb pap\u00ebrcaktuar mir\u00eb t\u00eb caktohet si zon\u00eb e till\u00eb.<\/p>\n<p>3. Zona e gjelb\u00ebruar q\u00eb \u00ebsht\u00eb parapar\u00eb n\u00eb qend\u00ebr t\u00eb Tuzit \u00ebsht\u00eb tok\u00eb me pronsi private dhe si e till\u00eb \u00ebsht\u00eb e paarsyeshme q\u00eb tu uzurpohet qytetar\u00ebve p\u00ebr qellime publike, duke ditur q\u00eb kemi tok\u00eb publike (apo t\u00eb papercaktuar sakt\u00ebsisht) t\u00eb mjaftueshme t\u00eb cilat mund t\u00eb shfryt\u00ebzohen si zona t\u00eb gjelb\u00ebruara.<br \/>\n4. N\u00eb planin e propozuar jan\u00eb parapar\u00eb tri vendvorrime. Kjo do t\u00eb ishte pozitive sikur t\u00eb tri k\u00ebto vendvorrime mos t\u00eb ishin nj\u00ebkonfesionale t\u00eb t\u00eb nj\u00ebrit konfesion. Me qen\u00eb se jan\u00eb, \u00ebsht\u00eb e arsyeshme q\u00eb t\u00eb gjendet nj\u00eb tok\u00eb p\u00ebr nj\u00eb vendvorrim t\u00eb kat\u00ebrt ku do t\u00eb mund t\u00eb vorrohen qytetar\u00ebt e konfesionit katolik. Jemi t\u00eb bidur se nj\u00eb gj\u00eb e till\u00eb \u00ebsht\u00eb m\u00eb se e arsyeshme. Kjo nevoj madje perm\u00ebndet n\u00eb pjes\u00ebn tekstuale t\u00eb planpropozimit, por nuk parashikohet askund toka p\u00ebr nd\u00ebrtimin e tyre.<\/p>\n<p>5. Rrethrrotullimi i parapar\u00eb n\u00eb kryq\u00ebzimin e Rrug\u00ebs Kryesore, Rrug\u00ebs s\u00eb Hotit dhe Rrug\u00ebs s\u00eb Dushiqit nuk \u00ebsht\u00eb i p\u00ebrshtatsh\u00ebm p\u00ebr vendin e paracaktuar sepse nd\u00ebrtimi i tij do t\u00eb n\u00ebnkuptonte sipas planit prishj\u00ebn e nd\u00ebrts\u00ebs s\u00eb Restoranit Teuta dhe uzurpimin e oborrit t\u00eb Kish\u00ebs Katolike \u00e7ka nuk justifikon nd\u00ebrtimin e tij. Kjo problematik duhet t\u00eb zgjidhet n\u00eb nj\u00eb forme tjet\u00ebr pa d\u00ebmtuar oborrin e nj\u00eb institucioni fetar dhe prishj\u00ebn e objektit t\u00eb nj\u00eb afaristi t\u00eb rrespektuar.<\/p>\n<p>6. Pika e karburantit Alba Petrol n\u00eb projektin e propozuar \u00ebsht\u00eb parapar\u00eb t\u00eb zhv\u00ebndoset n\u00eb oborrin e firm\u00ebs Golden Gate. Besojm\u00eb q\u00eb ky \u00ebsht\u00eb vet\u00ebm nj\u00eb lapsus i ekspert\u00ebve q\u00eb e kan\u00eb punuar k\u00ebt\u00eb planpropozim dhe jo nism\u00eb serioze e tyre. Sidoqoft\u00eb ajo duhet t\u00eb mbetet aty ku \u00ebsht\u00eb.<\/p>\n<p>7. N\u00eb fund. Sipas planprojektit zonat bujq\u00ebsore q\u00eb nuk p\u00ebrfshih\u00ebn mbr\u00ebnda kufinj\u00ebve t\u00eb p\u00ebrcaktar prej tyre si zona urbane trajtoh\u00ebn sipas nj\u00eb rregullor\u00ebje q\u00eb parashes mosnd\u00ebrtim t\u00eb asnj\u00eb objeti p\u00ebr toka n\u00ebn 2500 m2 dhe procedura t\u00eb kompliuara p\u00ebr nisj\u00ebn e nd\u00ebrtimit n\u00eb ato me siperfaqe m\u00eb t\u00eb madhe se kaq (fq. 365). Kjo do t\u00eb thot\u00eb q\u00eb n\u00eb Milesh, Dinosh, Sukruq, Lekaj, Vrane, Vllan\u00eb, Dreshaj, Nenhelm, etj. kush nuk posedon nj\u00eb sip\u00ebrfaqe toke m\u00eb t\u00eb madhe se 2500m2 nuk mund t\u00eb nd\u00ebrtoj\u00eb. Kjo \u00ebsht\u00eb e papranueshme dhe k\u00ebrkon zgjidhje tjet\u00ebr.<br \/>\nDuke mos u thedhuar me tej\u00eb n\u00eb k\u00ebt\u00eb planpropozim besojm\u00eb q\u00eb problematikat e lartp\u00ebrmendura jan\u00eb t\u00eb mjaftueshme q\u00eb ky plan mos t\u00eb p\u00ebrkrahet nga subjekti yne n\u00eb k\u00ebt format. N\u00eb t\u00eb nj\u00ebjt\u00ebn koh\u00eb jemi t\u00eb gatsh\u00ebm ti ofrojm\u00eb ndihm\u00ebn ton\u00eb profesionale firm\u00ebs punuese t\u00eb k\u00ebti planpropozimit t\u00eb paguar nga taksat e qytetar\u00ebve n\u00eb perpilimin e nj\u00eb plani urbanistik t\u00eb ri t\u00eb p\u00ebrshtatsh\u00ebm p\u00ebr gjith\u00eb qytetar\u00ebt. \u00cbsht\u00eb koha t\u00eb fillojm\u00eb t\u00eb mendojm pozitivisht, t\u00eb punojm t\u00eb gjith\u00eb s\u00ebbashku p\u00ebr t\u00eb mir\u00ebn e p\u00ebrbashk\u00ebt. N\u00ebse punojm\u00eb ndryshe, nuk do t\u00eb jet\u00eb mir\u00eb p\u00ebr askend. Bashkangjitur mund t\u00eb gjeni edhe linqet e faqeve ku mund ta shikoni planin e propozuar.<br \/>\n<a href=\"http:\/\/www.podgorica.me\/sites\/podgorica.me\/files\/Urbanizam\/PUPnacrt\/pup_glavnog_grada_podgorice_-_nacrt.pdf\" target=\"_blank\"><img loading=\"lazy\" class=\"alignleft  wp-image-75580\" alt=\"PLANI URBANISTIK-PODGORICE-TUZI\" src=\"http:\/\/www.visit-ulcinj.com\/blog\/wp-content\/uploads\/2013\/10\/PLANI-URBANISTIK-PODGORICE-TUZI.jpg\" width=\"508\" height=\"475\" \/><\/a><\/p>\n<p><strong><a href=\"http:\/\/www.podgorica.me\/sites\/podgorica.me\/files\/Urbanizam\/PUPnacrt\/pup_glavnog_grada_podgorice_-_nacrt.pdf\" target=\"_blank\" rel=\"nofollow nofollow\">http:\/\/www.podgorica.me\/sites\/podgorica.me\/files\/Urbanizam\/PUPnacrt\/pup_glavnog_grada_podgorice_-_nacrt.pdf<\/a><\/strong><\/p>\n<p><strong> <a href=\"http:\/\/www.podgorica.me\/graficki-dio\" target=\"_blank\" rel=\"nofollow nofollow\">http:\/\/www.podgorica.me\/graficki-dio<\/a><\/strong><\/p>\n<p><strong> Alternativa Shqiptare<\/strong><\/p>\n","protected":false},"excerpt":{"rendered":"<p>Ndoshta \u00ebsht\u00eb nj\u00eb tekst i gjat\u00eb, por \u00ebsht\u00eb i domosdosh\u00ebm p\u00ebr tu lexuar nga t\u00eb gjith\u00eb qytetar\u00ebt e Mal\u00ebsis\u00eb, p\u00ebr arsye se kjo n\u00eb nj\u00eb m\u00ebnyr\u00eb apo n\u00eb nj\u00eb tjet\u00ebr na prek t\u00eb gjith\u00eb neve. Alternativa Shqiptare para disa dit\u00ebsh ka formuar nje grup specialist\u00ebsh t\u00eb cil\u00ebt kan\u00eb analizuar me p\u00ebrpikm\u00ebri t\u00eb gjith\u00eb planin me [&hellip;]<\/p>\n","protected":false},"author":1,"featured_media":0,"comment_status":"closed","ping_status":"closed","sticky":false,"template":"","format":"standard","meta":{"spay_email":"","jetpack_publicize_message":"","jetpack_is_tweetstorm":false,"jetpack_publicize_feature_enabled":true},"categories":[14],"tags":[],"jetpack_publicize_connections":[],"yoast_head":"<!-- This site is optimized with the Yoast SEO plugin v19.1 - https:\/\/yoast.com\/wordpress\/plugins\/seo\/ -->\n<title>ASH shpreh ankesa ndaj planit urbanistik p\u00ebr Tuzin - Lajme nga Ulqini<\/title>\n<meta name=\"description\" content=\"Ndoshta \u00ebsht\u00eb nj\u00eb tekst i gjat\u00eb, por \u00ebsht\u00eb i domosdosh\u00ebm p\u00ebr tu lexuar nga t\u00eb gjith\u00eb qytetar\u00ebt e Mal\u00ebsis\u00eb, p\u00ebr arsye se kjo n\u00eb nj\u00eb m\u00ebnyr\u00eb apo n\u00eb nj\u00eb\" \/>\n<meta name=\"robots\" content=\"index, follow, max-snippet:-1, max-image-preview:large, max-video-preview:-1\" \/>\n<link rel=\"canonical\" href=\"https:\/\/www.visit-ulcinj.com\/blog\/2013\/10\/27\/ash-shpreh-ankesa-ndaj-planit-urbanistik-per-tuzin\/\" \/>\n<meta property=\"og:locale\" content=\"en_US\" \/>\n<meta property=\"og:type\" content=\"article\" \/>\n<meta property=\"og:title\" content=\"ASH shpreh ankesa ndaj planit urbanistik p\u00ebr Tuzin - Lajme nga Ulqini\" \/>\n<meta property=\"og:description\" content=\"Ndoshta \u00ebsht\u00eb nj\u00eb tekst i gjat\u00eb, por \u00ebsht\u00eb i domosdosh\u00ebm p\u00ebr tu lexuar nga t\u00eb gjith\u00eb qytetar\u00ebt e Mal\u00ebsis\u00eb, p\u00ebr arsye se kjo n\u00eb nj\u00eb m\u00ebnyr\u00eb apo n\u00eb nj\u00eb\" \/>\n<meta property=\"og:url\" content=\"https:\/\/www.visit-ulcinj.com\/blog\/2013\/10\/27\/ash-shpreh-ankesa-ndaj-planit-urbanistik-per-tuzin\/\" \/>\n<meta property=\"og:site_name\" content=\"Lajme nga Ulqini\" \/>\n<meta property=\"article:published_time\" content=\"2013-10-27T13:04:13+00:00\" \/>\n<meta property=\"og:image\" content=\"http:\/\/www.visit-ulcinj.com\/blog\/wp-content\/uploads\/2013\/10\/Alternativa-Shqiptare-Mali-i-Zi-1.jpg\" \/>\n<meta name=\"twitter:label1\" content=\"Written by\" \/>\n\t<meta name=\"twitter:data1\" content=\"ulqini\" \/>\n\t<meta name=\"twitter:label2\" content=\"Est. reading time\" \/>\n\t<meta name=\"twitter:data2\" content=\"6 minutes\" \/>\n<script type=\"application\/ld+json\" class=\"yoast-schema-graph\">{\"@context\":\"https:\/\/schema.org\",\"@graph\":[{\"@type\":\"WebSite\",\"@id\":\"https:\/\/www.visit-ulcinj.com\/blog\/#website\",\"url\":\"https:\/\/www.visit-ulcinj.com\/blog\/\",\"name\":\"Lajme nga Ulqini\",\"description\":\"Lajme,Vijesti,Ulqini,Ulqin,Crna Gora,Mali i Zi\",\"potentialAction\":[{\"@type\":\"SearchAction\",\"target\":{\"@type\":\"EntryPoint\",\"urlTemplate\":\"https:\/\/www.visit-ulcinj.com\/blog\/?s={search_term_string}\"},\"query-input\":\"required name=search_term_string\"}],\"inLanguage\":\"en-US\"},{\"@type\":\"ImageObject\",\"inLanguage\":\"en-US\",\"@id\":\"https:\/\/www.visit-ulcinj.com\/blog\/2013\/10\/27\/ash-shpreh-ankesa-ndaj-planit-urbanistik-per-tuzin\/#primaryimage\",\"url\":\"https:\/\/www.visit-ulcinj.com\/blog\/wp-content\/uploads\/2013\/10\/Alternativa-Shqiptare-Mali-i-Zi-1.jpg\",\"contentUrl\":\"https:\/\/www.visit-ulcinj.com\/blog\/wp-content\/uploads\/2013\/10\/Alternativa-Shqiptare-Mali-i-Zi-1.jpg\",\"width\":900,\"height\":675},{\"@type\":\"WebPage\",\"@id\":\"https:\/\/www.visit-ulcinj.com\/blog\/2013\/10\/27\/ash-shpreh-ankesa-ndaj-planit-urbanistik-per-tuzin\/#webpage\",\"url\":\"https:\/\/www.visit-ulcinj.com\/blog\/2013\/10\/27\/ash-shpreh-ankesa-ndaj-planit-urbanistik-per-tuzin\/\",\"name\":\"ASH shpreh ankesa ndaj planit urbanistik p\u00ebr Tuzin - Lajme nga Ulqini\",\"isPartOf\":{\"@id\":\"https:\/\/www.visit-ulcinj.com\/blog\/#website\"},\"primaryImageOfPage\":{\"@id\":\"https:\/\/www.visit-ulcinj.com\/blog\/2013\/10\/27\/ash-shpreh-ankesa-ndaj-planit-urbanistik-per-tuzin\/#primaryimage\"},\"datePublished\":\"2013-10-27T13:04:13+00:00\",\"dateModified\":\"2013-10-27T13:04:13+00:00\",\"author\":{\"@id\":\"https:\/\/www.visit-ulcinj.com\/blog\/#\/schema\/person\/dcab619c614d3038751c63bc2aadc06d\"},\"description\":\"Ndoshta \u00ebsht\u00eb nj\u00eb tekst i gjat\u00eb, por \u00ebsht\u00eb i domosdosh\u00ebm p\u00ebr tu lexuar nga t\u00eb gjith\u00eb qytetar\u00ebt e Mal\u00ebsis\u00eb, p\u00ebr arsye se kjo n\u00eb nj\u00eb m\u00ebnyr\u00eb apo n\u00eb nj\u00eb\",\"breadcrumb\":{\"@id\":\"https:\/\/www.visit-ulcinj.com\/blog\/2013\/10\/27\/ash-shpreh-ankesa-ndaj-planit-urbanistik-per-tuzin\/#breadcrumb\"},\"inLanguage\":\"en-US\",\"potentialAction\":[{\"@type\":\"ReadAction\",\"target\":[\"https:\/\/www.visit-ulcinj.com\/blog\/2013\/10\/27\/ash-shpreh-ankesa-ndaj-planit-urbanistik-per-tuzin\/\"]}]},{\"@type\":\"BreadcrumbList\",\"@id\":\"https:\/\/www.visit-ulcinj.com\/blog\/2013\/10\/27\/ash-shpreh-ankesa-ndaj-planit-urbanistik-per-tuzin\/#breadcrumb\",\"itemListElement\":[{\"@type\":\"ListItem\",\"position\":1,\"name\":\"ASH shpreh ankesa ndaj planit urbanistik p\u00ebr Tuzin\"}]},{\"@type\":\"Person\",\"@id\":\"https:\/\/www.visit-ulcinj.com\/blog\/#\/schema\/person\/dcab619c614d3038751c63bc2aadc06d\",\"name\":\"ulqini\",\"sameAs\":[\"http:\/\/www.visit-ulcinj.com\"],\"url\":\"https:\/\/www.visit-ulcinj.com\/blog\/author\/admin\/\"}]}<\/script>\n<!-- \/ Yoast SEO plugin. -->","yoast_head_json":{"title":"ASH shpreh ankesa ndaj planit urbanistik p\u00ebr Tuzin - Lajme nga Ulqini","description":"Ndoshta \u00ebsht\u00eb nj\u00eb tekst i gjat\u00eb, por \u00ebsht\u00eb i domosdosh\u00ebm p\u00ebr tu lexuar nga t\u00eb gjith\u00eb qytetar\u00ebt e Mal\u00ebsis\u00eb, p\u00ebr arsye se kjo n\u00eb nj\u00eb m\u00ebnyr\u00eb apo n\u00eb nj\u00eb","robots":{"index":"index","follow":"follow","max-snippet":"max-snippet:-1","max-image-preview":"max-image-preview:large","max-video-preview":"max-video-preview:-1"},"canonical":"https:\/\/www.visit-ulcinj.com\/blog\/2013\/10\/27\/ash-shpreh-ankesa-ndaj-planit-urbanistik-per-tuzin\/","og_locale":"en_US","og_type":"article","og_title":"ASH shpreh ankesa ndaj planit urbanistik p\u00ebr Tuzin - Lajme nga Ulqini","og_description":"Ndoshta \u00ebsht\u00eb nj\u00eb tekst i gjat\u00eb, por \u00ebsht\u00eb i domosdosh\u00ebm p\u00ebr tu lexuar nga t\u00eb gjith\u00eb qytetar\u00ebt e Mal\u00ebsis\u00eb, p\u00ebr arsye se kjo n\u00eb nj\u00eb m\u00ebnyr\u00eb apo n\u00eb nj\u00eb","og_url":"https:\/\/www.visit-ulcinj.com\/blog\/2013\/10\/27\/ash-shpreh-ankesa-ndaj-planit-urbanistik-per-tuzin\/","og_site_name":"Lajme nga Ulqini","article_published_time":"2013-10-27T13:04:13+00:00","og_image":[{"url":"http:\/\/www.visit-ulcinj.com\/blog\/wp-content\/uploads\/2013\/10\/Alternativa-Shqiptare-Mali-i-Zi-1.jpg"}],"twitter_misc":{"Written by":"ulqini","Est. reading time":"6 minutes"},"schema":{"@context":"https:\/\/schema.org","@graph":[{"@type":"WebSite","@id":"https:\/\/www.visit-ulcinj.com\/blog\/#website","url":"https:\/\/www.visit-ulcinj.com\/blog\/","name":"Lajme nga Ulqini","description":"Lajme,Vijesti,Ulqini,Ulqin,Crna Gora,Mali i Zi","potentialAction":[{"@type":"SearchAction","target":{"@type":"EntryPoint","urlTemplate":"https:\/\/www.visit-ulcinj.com\/blog\/?s={search_term_string}"},"query-input":"required name=search_term_string"}],"inLanguage":"en-US"},{"@type":"ImageObject","inLanguage":"en-US","@id":"https:\/\/www.visit-ulcinj.com\/blog\/2013\/10\/27\/ash-shpreh-ankesa-ndaj-planit-urbanistik-per-tuzin\/#primaryimage","url":"https:\/\/www.visit-ulcinj.com\/blog\/wp-content\/uploads\/2013\/10\/Alternativa-Shqiptare-Mali-i-Zi-1.jpg","contentUrl":"https:\/\/www.visit-ulcinj.com\/blog\/wp-content\/uploads\/2013\/10\/Alternativa-Shqiptare-Mali-i-Zi-1.jpg","width":900,"height":675},{"@type":"WebPage","@id":"https:\/\/www.visit-ulcinj.com\/blog\/2013\/10\/27\/ash-shpreh-ankesa-ndaj-planit-urbanistik-per-tuzin\/#webpage","url":"https:\/\/www.visit-ulcinj.com\/blog\/2013\/10\/27\/ash-shpreh-ankesa-ndaj-planit-urbanistik-per-tuzin\/","name":"ASH shpreh ankesa ndaj planit urbanistik p\u00ebr Tuzin - Lajme nga Ulqini","isPartOf":{"@id":"https:\/\/www.visit-ulcinj.com\/blog\/#website"},"primaryImageOfPage":{"@id":"https:\/\/www.visit-ulcinj.com\/blog\/2013\/10\/27\/ash-shpreh-ankesa-ndaj-planit-urbanistik-per-tuzin\/#primaryimage"},"datePublished":"2013-10-27T13:04:13+00:00","dateModified":"2013-10-27T13:04:13+00:00","author":{"@id":"https:\/\/www.visit-ulcinj.com\/blog\/#\/schema\/person\/dcab619c614d3038751c63bc2aadc06d"},"description":"Ndoshta \u00ebsht\u00eb nj\u00eb tekst i gjat\u00eb, por \u00ebsht\u00eb i domosdosh\u00ebm p\u00ebr tu lexuar nga t\u00eb gjith\u00eb qytetar\u00ebt e Mal\u00ebsis\u00eb, p\u00ebr arsye se kjo n\u00eb nj\u00eb m\u00ebnyr\u00eb apo n\u00eb nj\u00eb","breadcrumb":{"@id":"https:\/\/www.visit-ulcinj.com\/blog\/2013\/10\/27\/ash-shpreh-ankesa-ndaj-planit-urbanistik-per-tuzin\/#breadcrumb"},"inLanguage":"en-US","potentialAction":[{"@type":"ReadAction","target":["https:\/\/www.visit-ulcinj.com\/blog\/2013\/10\/27\/ash-shpreh-ankesa-ndaj-planit-urbanistik-per-tuzin\/"]}]},{"@type":"BreadcrumbList","@id":"https:\/\/www.visit-ulcinj.com\/blog\/2013\/10\/27\/ash-shpreh-ankesa-ndaj-planit-urbanistik-per-tuzin\/#breadcrumb","itemListElement":[{"@type":"ListItem","position":1,"name":"ASH shpreh ankesa ndaj planit urbanistik p\u00ebr Tuzin"}]},{"@type":"Person","@id":"https:\/\/www.visit-ulcinj.com\/blog\/#\/schema\/person\/dcab619c614d3038751c63bc2aadc06d","name":"ulqini","sameAs":["http:\/\/www.visit-ulcinj.com"],"url":"https:\/\/www.visit-ulcinj.com\/blog\/author\/admin\/"}]}},"jetpack_featured_media_url":"","jetpack_sharing_enabled":true,"jetpack_shortlink":"https:\/\/wp.me\/pe6lTn-jF1","_links":{"self":[{"href":"https:\/\/www.visit-ulcinj.com\/blog\/wp-json\/wp\/v2\/posts\/75579"}],"collection":[{"href":"https:\/\/www.visit-ulcinj.com\/blog\/wp-json\/wp\/v2\/posts"}],"about":[{"href":"https:\/\/www.visit-ulcinj.com\/blog\/wp-json\/wp\/v2\/types\/post"}],"author":[{"embeddable":true,"href":"https:\/\/www.visit-ulcinj.com\/blog\/wp-json\/wp\/v2\/users\/1"}],"replies":[{"embeddable":true,"href":"https:\/\/www.visit-ulcinj.com\/blog\/wp-json\/wp\/v2\/comments?post=75579"}],"version-history":[{"count":1,"href":"https:\/\/www.visit-ulcinj.com\/blog\/wp-json\/wp\/v2\/posts\/75579\/revisions"}],"predecessor-version":[{"id":75583,"href":"https:\/\/www.visit-ulcinj.com\/blog\/wp-json\/wp\/v2\/posts\/75579\/revisions\/75583"}],"wp:attachment":[{"href":"https:\/\/www.visit-ulcinj.com\/blog\/wp-json\/wp\/v2\/media?parent=75579"}],"wp:term":[{"taxonomy":"category","embeddable":true,"href":"https:\/\/www.visit-ulcinj.com\/blog\/wp-json\/wp\/v2\/categories?post=75579"},{"taxonomy":"post_tag","embeddable":true,"href":"https:\/\/www.visit-ulcinj.com\/blog\/wp-json\/wp\/v2\/tags?post=75579"}],"curies":[{"name":"wp","href":"https:\/\/api.w.org\/{rel}","templated":true}]}}