{"id":75584,"date":"2013-10-27T15:14:28","date_gmt":"2013-10-27T14:14:28","guid":{"rendered":"http:\/\/www.visit-ulcinj.com\/blog\/?p=75584"},"modified":"2013-10-29T18:21:53","modified_gmt":"2013-10-29T17:21:53","slug":"top-modeli-ne-veshje-tradicionale-shqiptare","status":"publish","type":"post","link":"https:\/\/www.visit-ulcinj.com\/blog\/2013\/10\/27\/top-modeli-ne-veshje-tradicionale-shqiptare\/","title":{"rendered":"Top modeli n\u00eb Veshje tradicionale shqiptare + Foto"},"content":{"rendered":"<p><a href=\"http:\/\/www.visit-ulcinj.com\/blog\/wp-content\/uploads\/2013\/10\/gjini-Arbenita-Nikezic.jpg\"><img loading=\"lazy\" class=\"alignleft  wp-image-75585\" alt=\"gjini-Arbenita-Nikeziq\" src=\"http:\/\/www.visit-ulcinj.com\/blog\/wp-content\/uploads\/2013\/10\/gjini-Arbenita-Nikezic.jpg\" width=\"508\" height=\"360\" \/><\/a>Shum\u00eb personalitete nga moda nuk i shp\u00ebtuan dot tundimit p\u00ebr t\u00eb pozuar me veshje popullore shqiptare, ku fotografi \u00a0ka v\u00ebn\u00eb n\u00eb fokus t\u00eb aparatit t\u00eb tij personalitetet e fush\u00ebs se artit dhe mod\u00ebs.<\/p>\n<p>P\u00ebr t\u00eb pozuar me veshje komb\u00ebtare shqiptare nuk u la t\u00eb shp\u00ebtonte pa fotografuar edhe Top Modeli nga Ulqini q\u00eb jeton n\u00eb Paris t\u00eb Franc\u00ebs, Adnan Gjinaj \u00a0i cili vizitoi \u00c7ikagon gjat\u00eb muajit prill 2013, i ftuar n\u00eb ceremonin\u00eb e fejes\u00ebs me Arbenita Nikeziqin.<\/p>\n<p>Fotografi e fotografoi at\u00eb me Arbenita Nikezin me veshje popullore shqiptare n\u00eb mjediset e hotelit ku u mbajt ceremonia.<\/p>\n<p>T\u00eb dy personazhet si Adnan Gjinaj \u00a0dhe Arbenita Nikezi jan fotografuar tregojn\u00eb respekt dhe e vler\u00ebsojn\u00eb kostumografin\u00eb dhe traditat tona popullore.<\/p>\n<p>Ato kan t\u00ebrhequr v\u00ebmendjen e bot\u00ebs s\u00eb mod\u00ebs p\u00ebr origjinalitetin q\u00eb e ka burimin n\u00eb shfryt\u00ebzimin e tradit\u00ebs shqiptare popullore t\u00eb veshjeve.<\/p>\n<p><a href=\"http:\/\/www.visit-ulcinj.com\/blog\/wp-content\/uploads\/2013\/10\/gjini-Arbenita-Nikezic-1.jpg\"><img loading=\"lazy\" class=\"alignleft  wp-image-75586\" alt=\"gjini-Arbenita-Nikeziq-1\" src=\"http:\/\/www.visit-ulcinj.com\/blog\/wp-content\/uploads\/2013\/10\/gjini-Arbenita-Nikezic-1.jpg\" width=\"508\" height=\"360\" \/><\/a><\/p>\n<p>N\u00eb k\u00ebt\u00eb rast, kostumeve popullore shqiptare nga Mali i Zi, q\u00eb jan\u00eb nj\u00eb univers m\u00eb vete n\u00eb thesarin bot\u00ebror, ku ulqinaku me ulqinaken u ka shtuar kreativitetin dhe estetik\u00ebn ekstravagante.<\/p>\n<p>Adnani s\u00eb fundmi ka qen\u00eb pjes\u00ebmarr\u00ebs n\u00eb jav\u00ebn e mod\u00ebs n\u00eb Milano, ku ka sfiluar p\u00ebr markat si Burberry, Misioni, Canali, Prada e shum\u00eb tjera.<\/p>\n<p><a href=\"http:\/\/www.visit-ulcinj.com\/blog\/wp-content\/uploads\/2013\/10\/gjini-Arbenita-Nikeziq-1.jpg\"><img loading=\"lazy\" class=\"alignleft  wp-image-75590\" alt=\"gjini-Arbenita-Nikeziq-1\" src=\"http:\/\/www.visit-ulcinj.com\/blog\/wp-content\/uploads\/2013\/10\/gjini-Arbenita-Nikeziq-1.jpg\" width=\"508\" height=\"600\" \/><\/a><\/p>\n<p>P\u00ebrve\u00e7 k\u00ebtyre paraqitjeve, Adnani ka sfiluar edhe p\u00ebr firmat m\u00eb t\u00eb m\u00ebdha n\u00eb bot\u00eb si Lanvin, YSL, Marc Jacobs, Kenzo, Moschino, DKNY, Cerruti etj, dhe ka qen\u00eb n\u00eb kopertinat e shum\u00eb revistave bot\u00ebrore si Vogue, Bazar, GQ, Dazed and Confused, Hero.<br \/>\n<a href=\"http:\/\/www.visit-ulcinj.com\/blog\/wp-content\/uploads\/2013\/10\/adnangjini.jpg\"><img loading=\"lazy\" class=\"alignleft  wp-image-75592\" alt=\"adnangjini\" src=\"http:\/\/www.visit-ulcinj.com\/blog\/wp-content\/uploads\/2013\/10\/adnangjini.jpg\" width=\"508\" height=\"360\" \/><\/a><\/p>\n<p>N\u00ebp\u00ebrmjet rrjeteve sociale, Adnani ka b\u00ebr\u00eb t\u00eb ditur se ky ka qen\u00eb \u201cmomenti m\u00eb i lumtur n\u00eb jet\u00eb\u2019, nd\u00ebrsa Arbenita p\u00ebr t\u00eb dashurin e saj e ka vler\u00ebsuar si \u201cnjeriun m\u00eb special n\u00eb t\u00eb gjith\u00eb universin\u201d.\/Lajme nga Ulqini\/<\/p>\n<p><iframe loading=\"lazy\" src=\"\/\/www.youtube.com\/embed\/uTZTy5GgBAA\" height=\"360\" width=\"508\" allowfullscreen=\"\" frameborder=\"0\"><\/iframe><\/p>\n","protected":false},"excerpt":{"rendered":"<p>Shum\u00eb personalitete nga moda nuk i shp\u00ebtuan dot tundimit p\u00ebr t\u00eb pozuar me veshje popullore shqiptare, ku fotografi \u00a0ka v\u00ebn\u00eb n\u00eb fokus t\u00eb aparatit t\u00eb tij personalitetet e fush\u00ebs se artit dhe mod\u00ebs. P\u00ebr t\u00eb pozuar me veshje komb\u00ebtare shqiptare nuk u la t\u00eb shp\u00ebtonte pa fotografuar edhe Top Modeli nga Ulqini q\u00eb jeton n\u00eb [&hellip;]<\/p>\n","protected":false},"author":1,"featured_media":0,"comment_status":"closed","ping_status":"closed","sticky":false,"template":"","format":"standard","meta":{"spay_email":"","jetpack_publicize_message":"","jetpack_is_tweetstorm":false,"jetpack_publicize_feature_enabled":true},"categories":[1],"tags":[],"jetpack_publicize_connections":[],"yoast_head":"<!-- This site is optimized with the Yoast SEO plugin v19.1 - https:\/\/yoast.com\/wordpress\/plugins\/seo\/ -->\n<title>Top modeli n\u00eb Veshje tradicionale shqiptare + Foto - Lajme nga Ulqini<\/title>\n<meta name=\"description\" content=\"Shum\u00eb personalitete nga moda nuk i shp\u00ebtuan dot tundimit p\u00ebr t\u00eb pozuar me veshje popullore shqiptare, ku fotografi \u00a0ka v\u00ebn\u00eb n\u00eb fokus t\u00eb aparatit t\u00eb tij\" \/>\n<meta name=\"robots\" content=\"index, follow, max-snippet:-1, max-image-preview:large, max-video-preview:-1\" \/>\n<link rel=\"canonical\" href=\"https:\/\/www.visit-ulcinj.com\/blog\/2013\/10\/27\/top-modeli-ne-veshje-tradicionale-shqiptare\/\" \/>\n<meta property=\"og:locale\" content=\"en_US\" \/>\n<meta property=\"og:type\" content=\"article\" \/>\n<meta property=\"og:title\" content=\"Top modeli n\u00eb Veshje tradicionale shqiptare + Foto - Lajme nga Ulqini\" \/>\n<meta property=\"og:description\" content=\"Shum\u00eb personalitete nga moda nuk i shp\u00ebtuan dot tundimit p\u00ebr t\u00eb pozuar me veshje popullore shqiptare, ku fotografi \u00a0ka v\u00ebn\u00eb n\u00eb fokus t\u00eb aparatit t\u00eb tij\" \/>\n<meta property=\"og:url\" content=\"https:\/\/www.visit-ulcinj.com\/blog\/2013\/10\/27\/top-modeli-ne-veshje-tradicionale-shqiptare\/\" \/>\n<meta property=\"og:site_name\" content=\"Lajme nga Ulqini\" \/>\n<meta property=\"article:published_time\" content=\"2013-10-27T14:14:28+00:00\" \/>\n<meta property=\"article:modified_time\" content=\"2013-10-29T17:21:53+00:00\" \/>\n<meta property=\"og:image\" content=\"http:\/\/www.visit-ulcinj.com\/blog\/wp-content\/uploads\/2013\/10\/gjini-Arbenita-Nikezic.jpg\" \/>\n<meta name=\"twitter:label1\" content=\"Written by\" \/>\n\t<meta name=\"twitter:data1\" content=\"ulqini\" \/>\n\t<meta name=\"twitter:label2\" content=\"Est. reading time\" \/>\n\t<meta name=\"twitter:data2\" content=\"2 minutes\" \/>\n<script type=\"application\/ld+json\" class=\"yoast-schema-graph\">{\"@context\":\"https:\/\/schema.org\",\"@graph\":[{\"@type\":\"WebSite\",\"@id\":\"https:\/\/www.visit-ulcinj.com\/blog\/#website\",\"url\":\"https:\/\/www.visit-ulcinj.com\/blog\/\",\"name\":\"Lajme nga Ulqini\",\"description\":\"Lajme,Vijesti,Ulqini,Ulqin,Crna Gora,Mali i Zi\",\"potentialAction\":[{\"@type\":\"SearchAction\",\"target\":{\"@type\":\"EntryPoint\",\"urlTemplate\":\"https:\/\/www.visit-ulcinj.com\/blog\/?s={search_term_string}\"},\"query-input\":\"required name=search_term_string\"}],\"inLanguage\":\"en-US\"},{\"@type\":\"ImageObject\",\"inLanguage\":\"en-US\",\"@id\":\"https:\/\/www.visit-ulcinj.com\/blog\/2013\/10\/27\/top-modeli-ne-veshje-tradicionale-shqiptare\/#primaryimage\",\"url\":\"https:\/\/www.visit-ulcinj.com\/blog\/wp-content\/uploads\/2013\/10\/gjini-Arbenita-Nikezic.jpg\",\"contentUrl\":\"https:\/\/www.visit-ulcinj.com\/blog\/wp-content\/uploads\/2013\/10\/gjini-Arbenita-Nikezic.jpg\",\"width\":960,\"height\":673},{\"@type\":\"WebPage\",\"@id\":\"https:\/\/www.visit-ulcinj.com\/blog\/2013\/10\/27\/top-modeli-ne-veshje-tradicionale-shqiptare\/#webpage\",\"url\":\"https:\/\/www.visit-ulcinj.com\/blog\/2013\/10\/27\/top-modeli-ne-veshje-tradicionale-shqiptare\/\",\"name\":\"Top modeli n\u00eb Veshje tradicionale shqiptare + Foto - Lajme nga Ulqini\",\"isPartOf\":{\"@id\":\"https:\/\/www.visit-ulcinj.com\/blog\/#website\"},\"primaryImageOfPage\":{\"@id\":\"https:\/\/www.visit-ulcinj.com\/blog\/2013\/10\/27\/top-modeli-ne-veshje-tradicionale-shqiptare\/#primaryimage\"},\"datePublished\":\"2013-10-27T14:14:28+00:00\",\"dateModified\":\"2013-10-29T17:21:53+00:00\",\"author\":{\"@id\":\"https:\/\/www.visit-ulcinj.com\/blog\/#\/schema\/person\/dcab619c614d3038751c63bc2aadc06d\"},\"description\":\"Shum\u00eb personalitete nga moda nuk i shp\u00ebtuan dot tundimit p\u00ebr t\u00eb pozuar me veshje popullore shqiptare, ku fotografi \u00a0ka v\u00ebn\u00eb n\u00eb fokus t\u00eb aparatit t\u00eb tij\",\"breadcrumb\":{\"@id\":\"https:\/\/www.visit-ulcinj.com\/blog\/2013\/10\/27\/top-modeli-ne-veshje-tradicionale-shqiptare\/#breadcrumb\"},\"inLanguage\":\"en-US\",\"potentialAction\":[{\"@type\":\"ReadAction\",\"target\":[\"https:\/\/www.visit-ulcinj.com\/blog\/2013\/10\/27\/top-modeli-ne-veshje-tradicionale-shqiptare\/\"]}]},{\"@type\":\"BreadcrumbList\",\"@id\":\"https:\/\/www.visit-ulcinj.com\/blog\/2013\/10\/27\/top-modeli-ne-veshje-tradicionale-shqiptare\/#breadcrumb\",\"itemListElement\":[{\"@type\":\"ListItem\",\"position\":1,\"name\":\"Top modeli n\u00eb Veshje tradicionale shqiptare + Foto\"}]},{\"@type\":\"Person\",\"@id\":\"https:\/\/www.visit-ulcinj.com\/blog\/#\/schema\/person\/dcab619c614d3038751c63bc2aadc06d\",\"name\":\"ulqini\",\"sameAs\":[\"http:\/\/www.visit-ulcinj.com\"],\"url\":\"https:\/\/www.visit-ulcinj.com\/blog\/author\/admin\/\"}]}<\/script>\n<!-- \/ Yoast SEO plugin. -->","yoast_head_json":{"title":"Top modeli n\u00eb Veshje tradicionale shqiptare + Foto - Lajme nga Ulqini","description":"Shum\u00eb personalitete nga moda nuk i shp\u00ebtuan dot tundimit p\u00ebr t\u00eb pozuar me veshje popullore shqiptare, ku fotografi \u00a0ka v\u00ebn\u00eb n\u00eb fokus t\u00eb aparatit t\u00eb tij","robots":{"index":"index","follow":"follow","max-snippet":"max-snippet:-1","max-image-preview":"max-image-preview:large","max-video-preview":"max-video-preview:-1"},"canonical":"https:\/\/www.visit-ulcinj.com\/blog\/2013\/10\/27\/top-modeli-ne-veshje-tradicionale-shqiptare\/","og_locale":"en_US","og_type":"article","og_title":"Top modeli n\u00eb Veshje tradicionale shqiptare + Foto - Lajme nga Ulqini","og_description":"Shum\u00eb personalitete nga moda nuk i shp\u00ebtuan dot tundimit p\u00ebr t\u00eb pozuar me veshje popullore shqiptare, ku fotografi \u00a0ka v\u00ebn\u00eb n\u00eb fokus t\u00eb aparatit t\u00eb tij","og_url":"https:\/\/www.visit-ulcinj.com\/blog\/2013\/10\/27\/top-modeli-ne-veshje-tradicionale-shqiptare\/","og_site_name":"Lajme nga Ulqini","article_published_time":"2013-10-27T14:14:28+00:00","article_modified_time":"2013-10-29T17:21:53+00:00","og_image":[{"url":"http:\/\/www.visit-ulcinj.com\/blog\/wp-content\/uploads\/2013\/10\/gjini-Arbenita-Nikezic.jpg"}],"twitter_misc":{"Written by":"ulqini","Est. reading time":"2 minutes"},"schema":{"@context":"https:\/\/schema.org","@graph":[{"@type":"WebSite","@id":"https:\/\/www.visit-ulcinj.com\/blog\/#website","url":"https:\/\/www.visit-ulcinj.com\/blog\/","name":"Lajme nga Ulqini","description":"Lajme,Vijesti,Ulqini,Ulqin,Crna Gora,Mali i Zi","potentialAction":[{"@type":"SearchAction","target":{"@type":"EntryPoint","urlTemplate":"https:\/\/www.visit-ulcinj.com\/blog\/?s={search_term_string}"},"query-input":"required name=search_term_string"}],"inLanguage":"en-US"},{"@type":"ImageObject","inLanguage":"en-US","@id":"https:\/\/www.visit-ulcinj.com\/blog\/2013\/10\/27\/top-modeli-ne-veshje-tradicionale-shqiptare\/#primaryimage","url":"https:\/\/www.visit-ulcinj.com\/blog\/wp-content\/uploads\/2013\/10\/gjini-Arbenita-Nikezic.jpg","contentUrl":"https:\/\/www.visit-ulcinj.com\/blog\/wp-content\/uploads\/2013\/10\/gjini-Arbenita-Nikezic.jpg","width":960,"height":673},{"@type":"WebPage","@id":"https:\/\/www.visit-ulcinj.com\/blog\/2013\/10\/27\/top-modeli-ne-veshje-tradicionale-shqiptare\/#webpage","url":"https:\/\/www.visit-ulcinj.com\/blog\/2013\/10\/27\/top-modeli-ne-veshje-tradicionale-shqiptare\/","name":"Top modeli n\u00eb Veshje tradicionale shqiptare + Foto - Lajme nga Ulqini","isPartOf":{"@id":"https:\/\/www.visit-ulcinj.com\/blog\/#website"},"primaryImageOfPage":{"@id":"https:\/\/www.visit-ulcinj.com\/blog\/2013\/10\/27\/top-modeli-ne-veshje-tradicionale-shqiptare\/#primaryimage"},"datePublished":"2013-10-27T14:14:28+00:00","dateModified":"2013-10-29T17:21:53+00:00","author":{"@id":"https:\/\/www.visit-ulcinj.com\/blog\/#\/schema\/person\/dcab619c614d3038751c63bc2aadc06d"},"description":"Shum\u00eb personalitete nga moda nuk i shp\u00ebtuan dot tundimit p\u00ebr t\u00eb pozuar me veshje popullore shqiptare, ku fotografi \u00a0ka v\u00ebn\u00eb n\u00eb fokus t\u00eb aparatit t\u00eb tij","breadcrumb":{"@id":"https:\/\/www.visit-ulcinj.com\/blog\/2013\/10\/27\/top-modeli-ne-veshje-tradicionale-shqiptare\/#breadcrumb"},"inLanguage":"en-US","potentialAction":[{"@type":"ReadAction","target":["https:\/\/www.visit-ulcinj.com\/blog\/2013\/10\/27\/top-modeli-ne-veshje-tradicionale-shqiptare\/"]}]},{"@type":"BreadcrumbList","@id":"https:\/\/www.visit-ulcinj.com\/blog\/2013\/10\/27\/top-modeli-ne-veshje-tradicionale-shqiptare\/#breadcrumb","itemListElement":[{"@type":"ListItem","position":1,"name":"Top modeli n\u00eb Veshje tradicionale shqiptare + Foto"}]},{"@type":"Person","@id":"https:\/\/www.visit-ulcinj.com\/blog\/#\/schema\/person\/dcab619c614d3038751c63bc2aadc06d","name":"ulqini","sameAs":["http:\/\/www.visit-ulcinj.com"],"url":"https:\/\/www.visit-ulcinj.com\/blog\/author\/admin\/"}]}},"jetpack_featured_media_url":"","jetpack_sharing_enabled":true,"jetpack_shortlink":"https:\/\/wp.me\/pe6lTn-jF6","_links":{"self":[{"href":"https:\/\/www.visit-ulcinj.com\/blog\/wp-json\/wp\/v2\/posts\/75584"}],"collection":[{"href":"https:\/\/www.visit-ulcinj.com\/blog\/wp-json\/wp\/v2\/posts"}],"about":[{"href":"https:\/\/www.visit-ulcinj.com\/blog\/wp-json\/wp\/v2\/types\/post"}],"author":[{"embeddable":true,"href":"https:\/\/www.visit-ulcinj.com\/blog\/wp-json\/wp\/v2\/users\/1"}],"replies":[{"embeddable":true,"href":"https:\/\/www.visit-ulcinj.com\/blog\/wp-json\/wp\/v2\/comments?post=75584"}],"version-history":[{"count":6,"href":"https:\/\/www.visit-ulcinj.com\/blog\/wp-json\/wp\/v2\/posts\/75584\/revisions"}],"predecessor-version":[{"id":75594,"href":"https:\/\/www.visit-ulcinj.com\/blog\/wp-json\/wp\/v2\/posts\/75584\/revisions\/75594"}],"wp:attachment":[{"href":"https:\/\/www.visit-ulcinj.com\/blog\/wp-json\/wp\/v2\/media?parent=75584"}],"wp:term":[{"taxonomy":"category","embeddable":true,"href":"https:\/\/www.visit-ulcinj.com\/blog\/wp-json\/wp\/v2\/categories?post=75584"},{"taxonomy":"post_tag","embeddable":true,"href":"https:\/\/www.visit-ulcinj.com\/blog\/wp-json\/wp\/v2\/tags?post=75584"}],"curies":[{"name":"wp","href":"https:\/\/api.w.org\/{rel}","templated":true}]}}