{"id":75595,"date":"2013-10-27T16:53:35","date_gmt":"2013-10-27T15:53:35","guid":{"rendered":"http:\/\/www.visit-ulcinj.com\/blog\/?p=75595"},"modified":"2013-10-28T21:02:43","modified_gmt":"2013-10-28T20:02:43","slug":"artizanet-nga-ulqini-ne-ruajtjen-e-trashegimise-ne-tetove","status":"publish","type":"post","link":"https:\/\/www.visit-ulcinj.com\/blog\/2013\/10\/27\/artizanet-nga-ulqini-ne-ruajtjen-e-trashegimise-ne-tetove\/","title":{"rendered":"Artizan\u00ebt nga Ulqini n\u00eb ruajtjen e trash\u00ebgimis\u00eb n\u00eb Tetov\u00eb &#8211; Video"},"content":{"rendered":"<p><a href=\"http:\/\/www.visit-ulcinj.com\/blog\/wp-content\/uploads\/2013\/10\/panairi-i-veshjes-ne-tetove.jpg\"><img loading=\"lazy\" class=\"alignleft  wp-image-75596\" alt=\"panairi i veshjes ne tetove\" src=\"http:\/\/www.visit-ulcinj.com\/blog\/wp-content\/uploads\/2013\/10\/panairi-i-veshjes-ne-tetove.jpg\" width=\"508\" height=\"360\" \/><\/a>Panairi i sot\u00ebm \u00ebsht\u00eb organizuar nga shoqata e artist\u00ebve dhe artizan\u00ebve Globusart nga Ulqini n\u00eb bashk\u00ebpunim me komun\u00ebn e Tetov\u00ebs. Ai do t\u00eb jet\u00eb i hapur n\u00eb qend\u00ebr, edhe dit\u00ebn e sotme, nd\u00ebrsa dy dit\u00ebt e tjera, do mbahet n\u00eb Galerin\u00eb e Arteve Pamore n\u00eb Tetov\u00eb.<\/p>\n<p>N\u00eb organizim t\u00eb shoqat\u00ebs s\u00eb artist\u00ebve dhe artizan\u00ebve Globusart nga Ulqini dhe me mb\u00ebshtetje t\u00eb komun\u00ebs s\u00eb Tetov\u00ebs n\u00eb hap\u00ebsir\u00ebn e jashtme t\u00eb Pallatit t\u00eb kultur\u00ebs u hap n\u00eb m\u00ebnyr\u00eb solemne Panairi i artist\u00ebve dhe artizan\u00ebve nga vendi dhe rajoni. N\u00eb k\u00ebt\u00eb panair me punimet e tyre mor\u00ebn pjes\u00eb artist\u00eb dhe artizan nga Maqedonia, Shqip\u00ebria, Kosova dhe Mali i Zi.<\/p>\n<p>N\u00eb fjal\u00ebn e saj ndaj t\u00eb pranishm\u00ebve kryetarja e komun\u00ebs s\u00eb Tetov\u00ebs Teuta Arifi tha q\u00eb komuna e Tetov\u00ebs konsideron artin dhe kultur\u00ebn si pjes\u00eb e pandashme t\u00eb zhvillimit t\u00eb qytetit, prandaj nj\u00eb \u00a0p\u00ebrzgjedhje e gjer\u00eb e aktiviteteve kulturore dhe angazhimi ne ruajtjen dhe promovimin e trash\u00ebgimis\u00eb \u00a0kulturore, rrit pesh\u00ebn dhe vler\u00ebn e \u00e7do qyteti.<\/p>\n<p>\u201cAktivitetet e k\u00ebtij panairi \u00a0jan\u00eb shum\u00eb t\u00eb r\u00ebnd\u00ebsishme n\u00eb rritjen e shum\u00ebllojshm\u00ebris\u00eb s\u00eb ngjarjeve kulturore p\u00ebr qytetar\u00ebt e Tetov\u00ebs . Artizan\u00ebt p\u00ebrve\u00e7 demonstrimit t\u00eb punimeve t\u00eb tyre, n\u00eb t\u00eb nj\u00ebjt\u00ebn koh\u00eb promovojn\u00eb edhe vlerat e trash\u00ebgimis\u00eb s\u00eb pasur \u00a0kulturore. Promovimi i artit, kultur\u00ebs dhe \u00a0ruajtja e trash\u00ebgimis\u00eb kulturore \u00ebsht\u00eb nj\u00eb nga prioritetet e komun\u00ebs son\u00eb prandaj ne k\u00ebto evenimente do ti mb\u00ebshtesim n\u00eb vazhdim\u00ebsi. Arti dhe kultura nuk njohin kufi dhe ne gjithmon\u00eb do t\u00eb jemi n\u00eb sh\u00ebrbim t\u00eb stimulimit, motivimit dhe rritjes s\u00eb potencialit krijues si dhe rruajtjen dhe kultivimin e vlerave tona \u00a0kulturore dhe historike.\u201d theksoi kryetarja Teuta Arifi.<\/p>\n<p>Ky panair do t\u00eb jet\u00eb vazhdoj\u00eb t\u00eb mbahet n\u00eb hap\u00ebsir\u00ebn para Pallatit t\u00eb kultur\u00ebs \u00a0edhe dit\u00ebn e diel nd\u00ebrsa dit\u00ebn e h\u00ebn\u00eb dhe t\u00eb mart\u00eb do t\u00eb zhvillohet n\u00eb objektin e Galeris\u00eb s\u00eb \u00a0arteve pamore n\u00eb Tetov\u00eb.<\/p>\n<p><strong>Bashkim Sulejmani<br \/>\nAlsatmtv<\/strong><\/p>\n<p><iframe loading=\"lazy\" width=\"508\" height=\"360\" src=\"\/\/www.youtube.com\/embed\/Hboe_26MFPc\" frameborder=\"0\" allowfullscreen><\/iframe><\/p>\n","protected":false},"excerpt":{"rendered":"<p>Panairi i sot\u00ebm \u00ebsht\u00eb organizuar nga shoqata e artist\u00ebve dhe artizan\u00ebve Globusart nga Ulqini n\u00eb bashk\u00ebpunim me komun\u00ebn e Tetov\u00ebs. Ai do t\u00eb jet\u00eb i hapur n\u00eb qend\u00ebr, edhe dit\u00ebn e sotme, nd\u00ebrsa dy dit\u00ebt e tjera, do mbahet n\u00eb Galerin\u00eb e Arteve Pamore n\u00eb Tetov\u00eb. N\u00eb organizim t\u00eb shoqat\u00ebs s\u00eb artist\u00ebve dhe artizan\u00ebve Globusart [&hellip;]<\/p>\n","protected":false},"author":1,"featured_media":0,"comment_status":"closed","ping_status":"closed","sticky":false,"template":"","format":"standard","meta":{"spay_email":"","jetpack_publicize_message":"","jetpack_is_tweetstorm":false,"jetpack_publicize_feature_enabled":true},"categories":[12],"tags":[],"jetpack_publicize_connections":[],"yoast_head":"<!-- This site is optimized with the Yoast SEO plugin v19.1 - https:\/\/yoast.com\/wordpress\/plugins\/seo\/ -->\n<title>Artizan\u00ebt nga Ulqini n\u00eb ruajtjen e trash\u00ebgimis\u00eb n\u00eb Tetov\u00eb - Video - Lajme nga Ulqini<\/title>\n<meta name=\"description\" content=\"Panairi i sot\u00ebm \u00ebsht\u00eb organizuar nga shoqata e artist\u00ebve dhe artizan\u00ebve Globusart nga Ulqini n\u00eb bashk\u00ebpunim me komun\u00ebn e Tetov\u00ebs. Ai do t\u00eb jet\u00eb i hapur n\u00eb\" \/>\n<meta name=\"robots\" content=\"index, follow, max-snippet:-1, max-image-preview:large, max-video-preview:-1\" \/>\n<link rel=\"canonical\" href=\"https:\/\/www.visit-ulcinj.com\/blog\/2013\/10\/27\/artizanet-nga-ulqini-ne-ruajtjen-e-trashegimise-ne-tetove\/\" \/>\n<meta property=\"og:locale\" content=\"en_US\" \/>\n<meta property=\"og:type\" content=\"article\" \/>\n<meta property=\"og:title\" content=\"Artizan\u00ebt nga Ulqini n\u00eb ruajtjen e trash\u00ebgimis\u00eb n\u00eb Tetov\u00eb - Video - Lajme nga Ulqini\" \/>\n<meta property=\"og:description\" content=\"Panairi i sot\u00ebm \u00ebsht\u00eb organizuar nga shoqata e artist\u00ebve dhe artizan\u00ebve Globusart nga Ulqini n\u00eb bashk\u00ebpunim me komun\u00ebn e Tetov\u00ebs. Ai do t\u00eb jet\u00eb i hapur n\u00eb\" \/>\n<meta property=\"og:url\" content=\"https:\/\/www.visit-ulcinj.com\/blog\/2013\/10\/27\/artizanet-nga-ulqini-ne-ruajtjen-e-trashegimise-ne-tetove\/\" \/>\n<meta property=\"og:site_name\" content=\"Lajme nga Ulqini\" \/>\n<meta property=\"article:published_time\" content=\"2013-10-27T15:53:35+00:00\" \/>\n<meta property=\"article:modified_time\" content=\"2013-10-28T20:02:43+00:00\" \/>\n<meta property=\"og:image\" content=\"http:\/\/www.visit-ulcinj.com\/blog\/wp-content\/uploads\/2013\/10\/panairi-i-veshjes-ne-tetove.jpg\" \/>\n<meta name=\"twitter:label1\" content=\"Written by\" \/>\n\t<meta name=\"twitter:data1\" content=\"ulqini\" \/>\n\t<meta name=\"twitter:label2\" content=\"Est. reading time\" \/>\n\t<meta name=\"twitter:data2\" content=\"2 minutes\" \/>\n<script type=\"application\/ld+json\" class=\"yoast-schema-graph\">{\"@context\":\"https:\/\/schema.org\",\"@graph\":[{\"@type\":\"WebSite\",\"@id\":\"https:\/\/www.visit-ulcinj.com\/blog\/#website\",\"url\":\"https:\/\/www.visit-ulcinj.com\/blog\/\",\"name\":\"Lajme nga Ulqini\",\"description\":\"Lajme,Vijesti,Ulqini,Ulqin,Crna Gora,Mali i Zi\",\"potentialAction\":[{\"@type\":\"SearchAction\",\"target\":{\"@type\":\"EntryPoint\",\"urlTemplate\":\"https:\/\/www.visit-ulcinj.com\/blog\/?s={search_term_string}\"},\"query-input\":\"required name=search_term_string\"}],\"inLanguage\":\"en-US\"},{\"@type\":\"ImageObject\",\"inLanguage\":\"en-US\",\"@id\":\"https:\/\/www.visit-ulcinj.com\/blog\/2013\/10\/27\/artizanet-nga-ulqini-ne-ruajtjen-e-trashegimise-ne-tetove\/#primaryimage\",\"url\":\"https:\/\/www.visit-ulcinj.com\/blog\/wp-content\/uploads\/2013\/10\/panairi-i-veshjes-ne-tetove.jpg\",\"contentUrl\":\"https:\/\/www.visit-ulcinj.com\/blog\/wp-content\/uploads\/2013\/10\/panairi-i-veshjes-ne-tetove.jpg\",\"width\":640,\"height\":427},{\"@type\":\"WebPage\",\"@id\":\"https:\/\/www.visit-ulcinj.com\/blog\/2013\/10\/27\/artizanet-nga-ulqini-ne-ruajtjen-e-trashegimise-ne-tetove\/#webpage\",\"url\":\"https:\/\/www.visit-ulcinj.com\/blog\/2013\/10\/27\/artizanet-nga-ulqini-ne-ruajtjen-e-trashegimise-ne-tetove\/\",\"name\":\"Artizan\u00ebt nga Ulqini n\u00eb ruajtjen e trash\u00ebgimis\u00eb n\u00eb Tetov\u00eb - Video - Lajme nga Ulqini\",\"isPartOf\":{\"@id\":\"https:\/\/www.visit-ulcinj.com\/blog\/#website\"},\"primaryImageOfPage\":{\"@id\":\"https:\/\/www.visit-ulcinj.com\/blog\/2013\/10\/27\/artizanet-nga-ulqini-ne-ruajtjen-e-trashegimise-ne-tetove\/#primaryimage\"},\"datePublished\":\"2013-10-27T15:53:35+00:00\",\"dateModified\":\"2013-10-28T20:02:43+00:00\",\"author\":{\"@id\":\"https:\/\/www.visit-ulcinj.com\/blog\/#\/schema\/person\/dcab619c614d3038751c63bc2aadc06d\"},\"description\":\"Panairi i sot\u00ebm \u00ebsht\u00eb organizuar nga shoqata e artist\u00ebve dhe artizan\u00ebve Globusart nga Ulqini n\u00eb bashk\u00ebpunim me komun\u00ebn e Tetov\u00ebs. Ai do t\u00eb jet\u00eb i hapur n\u00eb\",\"breadcrumb\":{\"@id\":\"https:\/\/www.visit-ulcinj.com\/blog\/2013\/10\/27\/artizanet-nga-ulqini-ne-ruajtjen-e-trashegimise-ne-tetove\/#breadcrumb\"},\"inLanguage\":\"en-US\",\"potentialAction\":[{\"@type\":\"ReadAction\",\"target\":[\"https:\/\/www.visit-ulcinj.com\/blog\/2013\/10\/27\/artizanet-nga-ulqini-ne-ruajtjen-e-trashegimise-ne-tetove\/\"]}]},{\"@type\":\"BreadcrumbList\",\"@id\":\"https:\/\/www.visit-ulcinj.com\/blog\/2013\/10\/27\/artizanet-nga-ulqini-ne-ruajtjen-e-trashegimise-ne-tetove\/#breadcrumb\",\"itemListElement\":[{\"@type\":\"ListItem\",\"position\":1,\"name\":\"Artizan\u00ebt nga Ulqini n\u00eb ruajtjen e trash\u00ebgimis\u00eb n\u00eb Tetov\u00eb &#8211; Video\"}]},{\"@type\":\"Person\",\"@id\":\"https:\/\/www.visit-ulcinj.com\/blog\/#\/schema\/person\/dcab619c614d3038751c63bc2aadc06d\",\"name\":\"ulqini\",\"sameAs\":[\"http:\/\/www.visit-ulcinj.com\"],\"url\":\"https:\/\/www.visit-ulcinj.com\/blog\/author\/admin\/\"}]}<\/script>\n<!-- \/ Yoast SEO plugin. -->","yoast_head_json":{"title":"Artizan\u00ebt nga Ulqini n\u00eb ruajtjen e trash\u00ebgimis\u00eb n\u00eb Tetov\u00eb - Video - Lajme nga Ulqini","description":"Panairi i sot\u00ebm \u00ebsht\u00eb organizuar nga shoqata e artist\u00ebve dhe artizan\u00ebve Globusart nga Ulqini n\u00eb bashk\u00ebpunim me komun\u00ebn e Tetov\u00ebs. Ai do t\u00eb jet\u00eb i hapur n\u00eb","robots":{"index":"index","follow":"follow","max-snippet":"max-snippet:-1","max-image-preview":"max-image-preview:large","max-video-preview":"max-video-preview:-1"},"canonical":"https:\/\/www.visit-ulcinj.com\/blog\/2013\/10\/27\/artizanet-nga-ulqini-ne-ruajtjen-e-trashegimise-ne-tetove\/","og_locale":"en_US","og_type":"article","og_title":"Artizan\u00ebt nga Ulqini n\u00eb ruajtjen e trash\u00ebgimis\u00eb n\u00eb Tetov\u00eb - Video - Lajme nga Ulqini","og_description":"Panairi i sot\u00ebm \u00ebsht\u00eb organizuar nga shoqata e artist\u00ebve dhe artizan\u00ebve Globusart nga Ulqini n\u00eb bashk\u00ebpunim me komun\u00ebn e Tetov\u00ebs. Ai do t\u00eb jet\u00eb i hapur n\u00eb","og_url":"https:\/\/www.visit-ulcinj.com\/blog\/2013\/10\/27\/artizanet-nga-ulqini-ne-ruajtjen-e-trashegimise-ne-tetove\/","og_site_name":"Lajme nga Ulqini","article_published_time":"2013-10-27T15:53:35+00:00","article_modified_time":"2013-10-28T20:02:43+00:00","og_image":[{"url":"http:\/\/www.visit-ulcinj.com\/blog\/wp-content\/uploads\/2013\/10\/panairi-i-veshjes-ne-tetove.jpg"}],"twitter_misc":{"Written by":"ulqini","Est. reading time":"2 minutes"},"schema":{"@context":"https:\/\/schema.org","@graph":[{"@type":"WebSite","@id":"https:\/\/www.visit-ulcinj.com\/blog\/#website","url":"https:\/\/www.visit-ulcinj.com\/blog\/","name":"Lajme nga Ulqini","description":"Lajme,Vijesti,Ulqini,Ulqin,Crna Gora,Mali i Zi","potentialAction":[{"@type":"SearchAction","target":{"@type":"EntryPoint","urlTemplate":"https:\/\/www.visit-ulcinj.com\/blog\/?s={search_term_string}"},"query-input":"required name=search_term_string"}],"inLanguage":"en-US"},{"@type":"ImageObject","inLanguage":"en-US","@id":"https:\/\/www.visit-ulcinj.com\/blog\/2013\/10\/27\/artizanet-nga-ulqini-ne-ruajtjen-e-trashegimise-ne-tetove\/#primaryimage","url":"https:\/\/www.visit-ulcinj.com\/blog\/wp-content\/uploads\/2013\/10\/panairi-i-veshjes-ne-tetove.jpg","contentUrl":"https:\/\/www.visit-ulcinj.com\/blog\/wp-content\/uploads\/2013\/10\/panairi-i-veshjes-ne-tetove.jpg","width":640,"height":427},{"@type":"WebPage","@id":"https:\/\/www.visit-ulcinj.com\/blog\/2013\/10\/27\/artizanet-nga-ulqini-ne-ruajtjen-e-trashegimise-ne-tetove\/#webpage","url":"https:\/\/www.visit-ulcinj.com\/blog\/2013\/10\/27\/artizanet-nga-ulqini-ne-ruajtjen-e-trashegimise-ne-tetove\/","name":"Artizan\u00ebt nga Ulqini n\u00eb ruajtjen e trash\u00ebgimis\u00eb n\u00eb Tetov\u00eb - Video - Lajme nga Ulqini","isPartOf":{"@id":"https:\/\/www.visit-ulcinj.com\/blog\/#website"},"primaryImageOfPage":{"@id":"https:\/\/www.visit-ulcinj.com\/blog\/2013\/10\/27\/artizanet-nga-ulqini-ne-ruajtjen-e-trashegimise-ne-tetove\/#primaryimage"},"datePublished":"2013-10-27T15:53:35+00:00","dateModified":"2013-10-28T20:02:43+00:00","author":{"@id":"https:\/\/www.visit-ulcinj.com\/blog\/#\/schema\/person\/dcab619c614d3038751c63bc2aadc06d"},"description":"Panairi i sot\u00ebm \u00ebsht\u00eb organizuar nga shoqata e artist\u00ebve dhe artizan\u00ebve Globusart nga Ulqini n\u00eb bashk\u00ebpunim me komun\u00ebn e Tetov\u00ebs. Ai do t\u00eb jet\u00eb i hapur n\u00eb","breadcrumb":{"@id":"https:\/\/www.visit-ulcinj.com\/blog\/2013\/10\/27\/artizanet-nga-ulqini-ne-ruajtjen-e-trashegimise-ne-tetove\/#breadcrumb"},"inLanguage":"en-US","potentialAction":[{"@type":"ReadAction","target":["https:\/\/www.visit-ulcinj.com\/blog\/2013\/10\/27\/artizanet-nga-ulqini-ne-ruajtjen-e-trashegimise-ne-tetove\/"]}]},{"@type":"BreadcrumbList","@id":"https:\/\/www.visit-ulcinj.com\/blog\/2013\/10\/27\/artizanet-nga-ulqini-ne-ruajtjen-e-trashegimise-ne-tetove\/#breadcrumb","itemListElement":[{"@type":"ListItem","position":1,"name":"Artizan\u00ebt nga Ulqini n\u00eb ruajtjen e trash\u00ebgimis\u00eb n\u00eb Tetov\u00eb &#8211; Video"}]},{"@type":"Person","@id":"https:\/\/www.visit-ulcinj.com\/blog\/#\/schema\/person\/dcab619c614d3038751c63bc2aadc06d","name":"ulqini","sameAs":["http:\/\/www.visit-ulcinj.com"],"url":"https:\/\/www.visit-ulcinj.com\/blog\/author\/admin\/"}]}},"jetpack_featured_media_url":"","jetpack_sharing_enabled":true,"jetpack_shortlink":"https:\/\/wp.me\/pe6lTn-jFh","_links":{"self":[{"href":"https:\/\/www.visit-ulcinj.com\/blog\/wp-json\/wp\/v2\/posts\/75595"}],"collection":[{"href":"https:\/\/www.visit-ulcinj.com\/blog\/wp-json\/wp\/v2\/posts"}],"about":[{"href":"https:\/\/www.visit-ulcinj.com\/blog\/wp-json\/wp\/v2\/types\/post"}],"author":[{"embeddable":true,"href":"https:\/\/www.visit-ulcinj.com\/blog\/wp-json\/wp\/v2\/users\/1"}],"replies":[{"embeddable":true,"href":"https:\/\/www.visit-ulcinj.com\/blog\/wp-json\/wp\/v2\/comments?post=75595"}],"version-history":[{"count":3,"href":"https:\/\/www.visit-ulcinj.com\/blog\/wp-json\/wp\/v2\/posts\/75595\/revisions"}],"predecessor-version":[{"id":75651,"href":"https:\/\/www.visit-ulcinj.com\/blog\/wp-json\/wp\/v2\/posts\/75595\/revisions\/75651"}],"wp:attachment":[{"href":"https:\/\/www.visit-ulcinj.com\/blog\/wp-json\/wp\/v2\/media?parent=75595"}],"wp:term":[{"taxonomy":"category","embeddable":true,"href":"https:\/\/www.visit-ulcinj.com\/blog\/wp-json\/wp\/v2\/categories?post=75595"},{"taxonomy":"post_tag","embeddable":true,"href":"https:\/\/www.visit-ulcinj.com\/blog\/wp-json\/wp\/v2\/tags?post=75595"}],"curies":[{"name":"wp","href":"https:\/\/api.w.org\/{rel}","templated":true}]}}