{"id":75600,"date":"2013-10-27T18:20:39","date_gmt":"2013-10-27T17:20:39","guid":{"rendered":"http:\/\/www.visit-ulcinj.com\/blog\/?p=75600"},"modified":"2013-10-27T18:54:16","modified_gmt":"2013-10-27T17:54:16","slug":"karamanaga-shetitorja-e-ulqinit-e-papaster","status":"publish","type":"post","link":"https:\/\/www.visit-ulcinj.com\/blog\/2013\/10\/27\/karamanaga-shetitorja-e-ulqinit-e-papaster\/","title":{"rendered":"Karamanaga: Shetitorja e Ulqinit e papast\u00ebr &#8211; Video"},"content":{"rendered":"<p><a href=\"http:\/\/www.visit-ulcinj.com\/blog\/wp-content\/uploads\/2013\/10\/Shetitorja-e-Ulqinit-e-papast\u00ebr.jpg\"><img loading=\"lazy\" class=\"alignleft  wp-image-75601\" alt=\"Shetitorja e Ulqinit e papast\u00ebr\" src=\"http:\/\/www.visit-ulcinj.com\/blog\/wp-content\/uploads\/2013\/10\/Shetitorja-e-Ulqinit-e-papast\u00ebr.jpg\" width=\"508\" height=\"360\" \/><\/a><strong>&#8221; SOT-Si e gjejm ne mengjes dhe si e pastrojn punetoret e pastrimit. Ju gjykoni kush \u00ebsht\u00eb fajtor&#8230;&#8221; n\u00eb ket Fotografi&#8230;&#8230; Zana Sarvan<br \/>\n<\/strong><\/p>\n<p>P\u00ebrmes k\u00ebtij aktiviteti u b\u00eb e dukshme se Ulqini \u00ebsht\u00eb kthyer nj\u00eb qytet t\u00eb papast\u00ebr. K\u00ebt\u00eb e d\u00ebshmojn\u00eb m\u00eb s\u00eb miri pamjet ee p\u00ebrditshme t\u00eb grumbullimit t\u00eb mbeturinave kudo n\u00ebp\u00ebr shetitoren e Ulqinit.<\/p>\n<p>Kjo pamje e shetitores\u00a0 \u00ebsht\u00eb treguesi i urgjenc\u00ebs q\u00eb nevojitet p\u00ebr ndryshimin rr\u00ebnj\u00ebsor t\u00eb m\u00ebnyr\u00ebs s\u00eb administrimit e qeverisjes s\u00eb nj\u00eb qyteti.<\/p>\n<p>\u00cbsht\u00eb jasht\u00eb \u00e7do standardi katandisja e jet\u00ebs s\u00eb qytetar\u00ebve k\u00ebsisoj, qoft\u00eb nga pik\u00ebpamja e sh\u00ebndetit publik, ambientit dhe mbi t\u00eb gjitha dinjitetit t\u00eb \u00e7do qytetari q\u00eb jeton e punon n\u00eb Ulqin.<\/p>\n<p>P\u00ebr pastrimin dhe kujdesin p\u00ebr ambientin n\u00eb p\u00ebrgjith\u00ebsi\u00a0 shprehet\u00a0 Zana Sarvan duke cekur n\u00eb faqe t\u00eb Facebokut &#8221; SOT-Si e gjejm ne mengjes dhe si e pastrojn punetoret e pastrimit. Ju gjykoni kush \u00ebsht\u00eb fajtor&#8230;&#8221; n\u00eb ket Fotografi&#8230;&#8230;<\/p>\n<p><a href=\"http:\/\/www.visit-ulcinj.com\/blog\/wp-content\/uploads\/2013\/10\/Shetitorja-e-Ulqinit-e-papast\u00ebr-1.jpg\"><img loading=\"lazy\" class=\"alignleft  wp-image-75602\" alt=\"Shetitorja e Ulqinit e papast\u00ebr-1\" src=\"http:\/\/www.visit-ulcinj.com\/blog\/wp-content\/uploads\/2013\/10\/Shetitorja-e-Ulqinit-e-papast\u00ebr-1.jpg\" width=\"508\" height=\"360\" \/><\/a><\/p>\n<p>Karamanaga shprehet se duhet t\u00eb riorganizojm\u00eb inspektoratin p\u00ebrkat\u00ebs dhe do t\u00eb krijojm\u00eb kushte q\u00eb Policia dhe Gjykata t\u00eb nd\u00ebrmarr\u00eb masa dhe t\u00eb ndjek\u00eb p\u00ebrgjegj\u00ebsit.<\/p>\n<p><a href=\"http:\/\/www.visit-ulcinj.com\/blog\/wp-content\/uploads\/2013\/10\/Shetitorja-e-Ulqinit-e-papast\u00ebr-2.jpg\"><img loading=\"lazy\" class=\"alignleft  wp-image-75603\" alt=\"Shetitorja e Ulqinit e papast\u00ebr-2\" src=\"http:\/\/www.visit-ulcinj.com\/blog\/wp-content\/uploads\/2013\/10\/Shetitorja-e-Ulqinit-e-papast\u00ebr-2.jpg\" width=\"508\" height=\"360\" \/><\/a><\/p>\n<p>Vet\u00ebm n\u00eb k\u00ebt\u00eb m\u00ebnyr\u00eb konsiderojm\u00eb t\u00eb krijojm\u00eb nj\u00eb standard p\u00ebr mbrojtjen e ambientit, nj\u00ebkoh\u00ebsisht t\u00eb sigurojm\u00eb dinjitetin e nevojsh\u00ebm p\u00ebr \u00e7do qytetar t\u00eb Ulqinit.<\/p>\n<p data-ft=\"{&quot;tn&quot;:&quot;C&quot;}\"><strong><a id=\"js_258\" href=\"https:\/\/www.facebook.com\/ismet.karamanaga?hc_location=timeline\" data-ft=\"{&quot;tn&quot;:&quot;;&quot;}\" data-hovercard=\"\/ajax\/hovercard\/user.php?id=1359492972&amp;extragetparams=%7B%22hc_location%22%3A%22timeline%22%7D\">Ismet Karamanaga Facebook<\/a><\/strong><\/p>\n<p data-ft=\"{&quot;tn&quot;:&quot;C&quot;}\"><!--YouTube Error: bad URL entered--><\/p>\n","protected":false},"excerpt":{"rendered":"<p>&#8221; SOT-Si e gjejm ne mengjes dhe si e pastrojn punetoret e pastrimit. Ju gjykoni kush \u00ebsht\u00eb fajtor&#8230;&#8221; n\u00eb ket Fotografi&#8230;&#8230; Zana Sarvan P\u00ebrmes k\u00ebtij aktiviteti u b\u00eb e dukshme se Ulqini \u00ebsht\u00eb kthyer nj\u00eb qytet t\u00eb papast\u00ebr. K\u00ebt\u00eb e d\u00ebshmojn\u00eb m\u00eb s\u00eb miri pamjet ee p\u00ebrditshme t\u00eb grumbullimit t\u00eb mbeturinave kudo n\u00ebp\u00ebr shetitoren e [&hellip;]<\/p>\n","protected":false},"author":1,"featured_media":0,"comment_status":"closed","ping_status":"closed","sticky":false,"template":"","format":"standard","meta":{"spay_email":"","jetpack_publicize_message":"","jetpack_is_tweetstorm":false,"jetpack_publicize_feature_enabled":true},"categories":[13],"tags":[],"jetpack_publicize_connections":[],"yoast_head":"<!-- This site is optimized with the Yoast SEO plugin v19.1 - https:\/\/yoast.com\/wordpress\/plugins\/seo\/ -->\n<title>Karamanaga: Shetitorja e Ulqinit e papast\u00ebr - Video - Lajme nga Ulqini<\/title>\n<meta name=\"description\" content=\"&quot; SOT-Si e gjejm ne mengjes dhe si e pastrojn punetoret e pastrimit. Ju gjykoni kush \u00ebsht\u00eb fajtor...&quot; n\u00eb ket Fotografi...... Zana Sarvan P\u00ebrmes k\u00ebtij\" \/>\n<meta name=\"robots\" content=\"index, follow, max-snippet:-1, max-image-preview:large, max-video-preview:-1\" \/>\n<link rel=\"canonical\" href=\"https:\/\/www.visit-ulcinj.com\/blog\/2013\/10\/27\/karamanaga-shetitorja-e-ulqinit-e-papaster\/\" \/>\n<meta property=\"og:locale\" content=\"en_US\" \/>\n<meta property=\"og:type\" content=\"article\" \/>\n<meta property=\"og:title\" content=\"Karamanaga: Shetitorja e Ulqinit e papast\u00ebr - Video - Lajme nga Ulqini\" \/>\n<meta property=\"og:description\" content=\"&quot; SOT-Si e gjejm ne mengjes dhe si e pastrojn punetoret e pastrimit. Ju gjykoni kush \u00ebsht\u00eb fajtor...&quot; n\u00eb ket Fotografi...... Zana Sarvan P\u00ebrmes k\u00ebtij\" \/>\n<meta property=\"og:url\" content=\"https:\/\/www.visit-ulcinj.com\/blog\/2013\/10\/27\/karamanaga-shetitorja-e-ulqinit-e-papaster\/\" \/>\n<meta property=\"og:site_name\" content=\"Lajme nga Ulqini\" \/>\n<meta property=\"article:published_time\" content=\"2013-10-27T17:20:39+00:00\" \/>\n<meta property=\"article:modified_time\" content=\"2013-10-27T17:54:16+00:00\" \/>\n<meta name=\"twitter:label1\" content=\"Written by\" \/>\n\t<meta name=\"twitter:data1\" content=\"ulqini\" \/>\n\t<meta name=\"twitter:label2\" content=\"Est. reading time\" \/>\n\t<meta name=\"twitter:data2\" content=\"1 minute\" \/>\n<script type=\"application\/ld+json\" class=\"yoast-schema-graph\">{\"@context\":\"https:\/\/schema.org\",\"@graph\":[{\"@type\":\"WebSite\",\"@id\":\"https:\/\/www.visit-ulcinj.com\/blog\/#website\",\"url\":\"https:\/\/www.visit-ulcinj.com\/blog\/\",\"name\":\"Lajme nga Ulqini\",\"description\":\"Lajme,Vijesti,Ulqini,Ulqin,Crna Gora,Mali i Zi\",\"potentialAction\":[{\"@type\":\"SearchAction\",\"target\":{\"@type\":\"EntryPoint\",\"urlTemplate\":\"https:\/\/www.visit-ulcinj.com\/blog\/?s={search_term_string}\"},\"query-input\":\"required name=search_term_string\"}],\"inLanguage\":\"en-US\"},{\"@type\":\"WebPage\",\"@id\":\"https:\/\/www.visit-ulcinj.com\/blog\/2013\/10\/27\/karamanaga-shetitorja-e-ulqinit-e-papaster\/#webpage\",\"url\":\"https:\/\/www.visit-ulcinj.com\/blog\/2013\/10\/27\/karamanaga-shetitorja-e-ulqinit-e-papaster\/\",\"name\":\"Karamanaga: Shetitorja e Ulqinit e papast\u00ebr - Video - Lajme nga Ulqini\",\"isPartOf\":{\"@id\":\"https:\/\/www.visit-ulcinj.com\/blog\/#website\"},\"datePublished\":\"2013-10-27T17:20:39+00:00\",\"dateModified\":\"2013-10-27T17:54:16+00:00\",\"author\":{\"@id\":\"https:\/\/www.visit-ulcinj.com\/blog\/#\/schema\/person\/dcab619c614d3038751c63bc2aadc06d\"},\"description\":\"\\\" SOT-Si e gjejm ne mengjes dhe si e pastrojn punetoret e pastrimit. Ju gjykoni kush \u00ebsht\u00eb fajtor...\\\" n\u00eb ket Fotografi...... Zana Sarvan P\u00ebrmes k\u00ebtij\",\"breadcrumb\":{\"@id\":\"https:\/\/www.visit-ulcinj.com\/blog\/2013\/10\/27\/karamanaga-shetitorja-e-ulqinit-e-papaster\/#breadcrumb\"},\"inLanguage\":\"en-US\",\"potentialAction\":[{\"@type\":\"ReadAction\",\"target\":[\"https:\/\/www.visit-ulcinj.com\/blog\/2013\/10\/27\/karamanaga-shetitorja-e-ulqinit-e-papaster\/\"]}]},{\"@type\":\"BreadcrumbList\",\"@id\":\"https:\/\/www.visit-ulcinj.com\/blog\/2013\/10\/27\/karamanaga-shetitorja-e-ulqinit-e-papaster\/#breadcrumb\",\"itemListElement\":[{\"@type\":\"ListItem\",\"position\":1,\"name\":\"Karamanaga: Shetitorja e Ulqinit e papast\u00ebr &#8211; Video\"}]},{\"@type\":\"Person\",\"@id\":\"https:\/\/www.visit-ulcinj.com\/blog\/#\/schema\/person\/dcab619c614d3038751c63bc2aadc06d\",\"name\":\"ulqini\",\"sameAs\":[\"http:\/\/www.visit-ulcinj.com\"],\"url\":\"https:\/\/www.visit-ulcinj.com\/blog\/author\/admin\/\"}]}<\/script>\n<!-- \/ Yoast SEO plugin. -->","yoast_head_json":{"title":"Karamanaga: Shetitorja e Ulqinit e papast\u00ebr - Video - Lajme nga Ulqini","description":"\" SOT-Si e gjejm ne mengjes dhe si e pastrojn punetoret e pastrimit. Ju gjykoni kush \u00ebsht\u00eb fajtor...\" n\u00eb ket Fotografi...... Zana Sarvan P\u00ebrmes k\u00ebtij","robots":{"index":"index","follow":"follow","max-snippet":"max-snippet:-1","max-image-preview":"max-image-preview:large","max-video-preview":"max-video-preview:-1"},"canonical":"https:\/\/www.visit-ulcinj.com\/blog\/2013\/10\/27\/karamanaga-shetitorja-e-ulqinit-e-papaster\/","og_locale":"en_US","og_type":"article","og_title":"Karamanaga: Shetitorja e Ulqinit e papast\u00ebr - Video - Lajme nga Ulqini","og_description":"\" SOT-Si e gjejm ne mengjes dhe si e pastrojn punetoret e pastrimit. Ju gjykoni kush \u00ebsht\u00eb fajtor...\" n\u00eb ket Fotografi...... Zana Sarvan P\u00ebrmes k\u00ebtij","og_url":"https:\/\/www.visit-ulcinj.com\/blog\/2013\/10\/27\/karamanaga-shetitorja-e-ulqinit-e-papaster\/","og_site_name":"Lajme nga Ulqini","article_published_time":"2013-10-27T17:20:39+00:00","article_modified_time":"2013-10-27T17:54:16+00:00","twitter_misc":{"Written by":"ulqini","Est. reading time":"1 minute"},"schema":{"@context":"https:\/\/schema.org","@graph":[{"@type":"WebSite","@id":"https:\/\/www.visit-ulcinj.com\/blog\/#website","url":"https:\/\/www.visit-ulcinj.com\/blog\/","name":"Lajme nga Ulqini","description":"Lajme,Vijesti,Ulqini,Ulqin,Crna Gora,Mali i Zi","potentialAction":[{"@type":"SearchAction","target":{"@type":"EntryPoint","urlTemplate":"https:\/\/www.visit-ulcinj.com\/blog\/?s={search_term_string}"},"query-input":"required name=search_term_string"}],"inLanguage":"en-US"},{"@type":"WebPage","@id":"https:\/\/www.visit-ulcinj.com\/blog\/2013\/10\/27\/karamanaga-shetitorja-e-ulqinit-e-papaster\/#webpage","url":"https:\/\/www.visit-ulcinj.com\/blog\/2013\/10\/27\/karamanaga-shetitorja-e-ulqinit-e-papaster\/","name":"Karamanaga: Shetitorja e Ulqinit e papast\u00ebr - Video - Lajme nga Ulqini","isPartOf":{"@id":"https:\/\/www.visit-ulcinj.com\/blog\/#website"},"datePublished":"2013-10-27T17:20:39+00:00","dateModified":"2013-10-27T17:54:16+00:00","author":{"@id":"https:\/\/www.visit-ulcinj.com\/blog\/#\/schema\/person\/dcab619c614d3038751c63bc2aadc06d"},"description":"\" SOT-Si e gjejm ne mengjes dhe si e pastrojn punetoret e pastrimit. Ju gjykoni kush \u00ebsht\u00eb fajtor...\" n\u00eb ket Fotografi...... Zana Sarvan P\u00ebrmes k\u00ebtij","breadcrumb":{"@id":"https:\/\/www.visit-ulcinj.com\/blog\/2013\/10\/27\/karamanaga-shetitorja-e-ulqinit-e-papaster\/#breadcrumb"},"inLanguage":"en-US","potentialAction":[{"@type":"ReadAction","target":["https:\/\/www.visit-ulcinj.com\/blog\/2013\/10\/27\/karamanaga-shetitorja-e-ulqinit-e-papaster\/"]}]},{"@type":"BreadcrumbList","@id":"https:\/\/www.visit-ulcinj.com\/blog\/2013\/10\/27\/karamanaga-shetitorja-e-ulqinit-e-papaster\/#breadcrumb","itemListElement":[{"@type":"ListItem","position":1,"name":"Karamanaga: Shetitorja e Ulqinit e papast\u00ebr &#8211; Video"}]},{"@type":"Person","@id":"https:\/\/www.visit-ulcinj.com\/blog\/#\/schema\/person\/dcab619c614d3038751c63bc2aadc06d","name":"ulqini","sameAs":["http:\/\/www.visit-ulcinj.com"],"url":"https:\/\/www.visit-ulcinj.com\/blog\/author\/admin\/"}]}},"jetpack_featured_media_url":"","jetpack_sharing_enabled":true,"jetpack_shortlink":"https:\/\/wp.me\/pe6lTn-jFm","_links":{"self":[{"href":"https:\/\/www.visit-ulcinj.com\/blog\/wp-json\/wp\/v2\/posts\/75600"}],"collection":[{"href":"https:\/\/www.visit-ulcinj.com\/blog\/wp-json\/wp\/v2\/posts"}],"about":[{"href":"https:\/\/www.visit-ulcinj.com\/blog\/wp-json\/wp\/v2\/types\/post"}],"author":[{"embeddable":true,"href":"https:\/\/www.visit-ulcinj.com\/blog\/wp-json\/wp\/v2\/users\/1"}],"replies":[{"embeddable":true,"href":"https:\/\/www.visit-ulcinj.com\/blog\/wp-json\/wp\/v2\/comments?post=75600"}],"version-history":[{"count":4,"href":"https:\/\/www.visit-ulcinj.com\/blog\/wp-json\/wp\/v2\/posts\/75600\/revisions"}],"predecessor-version":[{"id":75607,"href":"https:\/\/www.visit-ulcinj.com\/blog\/wp-json\/wp\/v2\/posts\/75600\/revisions\/75607"}],"wp:attachment":[{"href":"https:\/\/www.visit-ulcinj.com\/blog\/wp-json\/wp\/v2\/media?parent=75600"}],"wp:term":[{"taxonomy":"category","embeddable":true,"href":"https:\/\/www.visit-ulcinj.com\/blog\/wp-json\/wp\/v2\/categories?post=75600"},{"taxonomy":"post_tag","embeddable":true,"href":"https:\/\/www.visit-ulcinj.com\/blog\/wp-json\/wp\/v2\/tags?post=75600"}],"curies":[{"name":"wp","href":"https:\/\/api.w.org\/{rel}","templated":true}]}}