{"id":75611,"date":"2013-10-27T23:12:42","date_gmt":"2013-10-27T22:12:42","guid":{"rendered":"http:\/\/www.visit-ulcinj.com\/blog\/?p=75611"},"modified":"2013-10-27T23:12:42","modified_gmt":"2013-10-27T22:12:42","slug":"delfini-shfaqen-ne-plazhin-e-vogel-te-ulqinit","status":"publish","type":"post","link":"https:\/\/www.visit-ulcinj.com\/blog\/2013\/10\/27\/delfini-shfaqen-ne-plazhin-e-vogel-te-ulqinit\/","title":{"rendered":"Delfini shfaqen n\u00eb plazhin e vogel t\u00eb Ulqinit"},"content":{"rendered":"<p><a href=\"http:\/\/www.visit-ulcinj.com\/blog\/wp-content\/uploads\/2013\/10\/Delfini-shfaqen-n\u00eb-plazhin-e-vogel-t\u00eb-Ulqinit.jpg\"><img loading=\"lazy\" class=\"alignleft  wp-image-75612\" alt=\"Delfini shfaqen n\u00eb plazhin e vogel t\u00eb Ulqinit\" src=\"http:\/\/www.visit-ulcinj.com\/blog\/wp-content\/uploads\/2013\/10\/Delfini-shfaqen-n\u00eb-plazhin-e-vogel-t\u00eb-Ulqinit.jpg\" width=\"508\" height=\"360\" \/><\/a>Sot\u00eb nj\u00eb delfin\u00eb i p\u00ebrmasave t\u00eb konsiderueshme esht\u00eb shfaqur sot n\u00eb gjirin detar t\u00eb plazhit vog\u00ebl t\u00eb \u00a0Ulqinit. Nj\u00eb speciemen i rrall\u00eb dhe i pazakont shfaqet n\u00eb mjedisin detar t\u00eb k\u00ebtij gjiri, prej150-200 metra nga bregu.<\/p>\n<p>Delfini esht\u00eb ndjekur n\u00eb daljet e tyre mbi uj\u00eb, nga disa qytetar\u00eb dhe pushues. Shfaqja e rrall\u00eb ka zgjatur p\u00ebr rreth 10-15 minuta,duke l\u00ebvizur fillimisht nga lindja n\u00eb per\u00ebndim dhe anasjelltas, nd\u00ebrkoh\u00eb q\u00eb m\u00eb pas esht\u00eb zhvendosur n\u00eb thell\u00ebsi t\u00eb gjirit, p\u00ebr t\u00eb mos u par\u00eb m\u00eb nga syri i njeriut.<\/p>\n<p>Megjithat\u00eb, prania e delfin\u00ebve nuk \u00ebsht\u00eb ngjarje pa precedent n\u00eb ujrat detare t\u00eb bregdetit t\u00eb Ulqinit.<\/p>\n<p><a href=\"https:\/\/www.facebook.com\/photo.php?fbid=748946791788273&amp;set=a.725746704108282.1073741828.725527130796906&amp;type=1&amp;theater\" target=\"_blank\"><strong>Foto: Ulcinjska posla Facebook<\/strong><\/a><\/p>\n","protected":false},"excerpt":{"rendered":"<p>Sot\u00eb nj\u00eb delfin\u00eb i p\u00ebrmasave t\u00eb konsiderueshme esht\u00eb shfaqur sot n\u00eb gjirin detar t\u00eb plazhit vog\u00ebl t\u00eb \u00a0Ulqinit. Nj\u00eb speciemen i rrall\u00eb dhe i pazakont shfaqet n\u00eb mjedisin detar t\u00eb k\u00ebtij gjiri, prej150-200 metra nga bregu. Delfini esht\u00eb ndjekur n\u00eb daljet e tyre mbi uj\u00eb, nga disa qytetar\u00eb dhe pushues. Shfaqja e rrall\u00eb ka zgjatur [&hellip;]<\/p>\n","protected":false},"author":1,"featured_media":0,"comment_status":"closed","ping_status":"closed","sticky":false,"template":"","format":"standard","meta":{"spay_email":"","jetpack_publicize_message":"","jetpack_is_tweetstorm":false,"jetpack_publicize_feature_enabled":true},"categories":[6950],"tags":[],"jetpack_publicize_connections":[],"yoast_head":"<!-- This site is optimized with the Yoast SEO plugin v19.1 - https:\/\/yoast.com\/wordpress\/plugins\/seo\/ -->\n<title>Delfini shfaqen n\u00eb plazhin e vogel t\u00eb Ulqinit - Lajme nga Ulqini<\/title>\n<meta name=\"description\" content=\"Sot\u00eb nj\u00eb delfin\u00eb i p\u00ebrmasave t\u00eb konsiderueshme esht\u00eb shfaqur sot n\u00eb gjirin detar t\u00eb plazhit vog\u00ebl t\u00eb \u00a0Ulqinit. Nj\u00eb speciemen i rrall\u00eb dhe i pazakont\" \/>\n<meta name=\"robots\" content=\"index, follow, max-snippet:-1, max-image-preview:large, max-video-preview:-1\" \/>\n<link rel=\"canonical\" href=\"https:\/\/www.visit-ulcinj.com\/blog\/2013\/10\/27\/delfini-shfaqen-ne-plazhin-e-vogel-te-ulqinit\/\" \/>\n<meta property=\"og:locale\" content=\"en_US\" \/>\n<meta property=\"og:type\" content=\"article\" \/>\n<meta property=\"og:title\" content=\"Delfini shfaqen n\u00eb plazhin e vogel t\u00eb Ulqinit - Lajme nga Ulqini\" \/>\n<meta property=\"og:description\" content=\"Sot\u00eb nj\u00eb delfin\u00eb i p\u00ebrmasave t\u00eb konsiderueshme esht\u00eb shfaqur sot n\u00eb gjirin detar t\u00eb plazhit vog\u00ebl t\u00eb \u00a0Ulqinit. Nj\u00eb speciemen i rrall\u00eb dhe i pazakont\" \/>\n<meta property=\"og:url\" content=\"https:\/\/www.visit-ulcinj.com\/blog\/2013\/10\/27\/delfini-shfaqen-ne-plazhin-e-vogel-te-ulqinit\/\" \/>\n<meta property=\"og:site_name\" content=\"Lajme nga Ulqini\" \/>\n<meta property=\"article:published_time\" content=\"2013-10-27T22:12:42+00:00\" \/>\n<meta name=\"twitter:label1\" content=\"Written by\" \/>\n\t<meta name=\"twitter:data1\" content=\"ulqini\" \/>\n\t<meta name=\"twitter:label2\" content=\"Est. reading time\" \/>\n\t<meta name=\"twitter:data2\" content=\"1 minute\" \/>\n<script type=\"application\/ld+json\" class=\"yoast-schema-graph\">{\"@context\":\"https:\/\/schema.org\",\"@graph\":[{\"@type\":\"WebSite\",\"@id\":\"https:\/\/www.visit-ulcinj.com\/blog\/#website\",\"url\":\"https:\/\/www.visit-ulcinj.com\/blog\/\",\"name\":\"Lajme nga Ulqini\",\"description\":\"Lajme,Vijesti,Ulqini,Ulqin,Crna Gora,Mali i Zi\",\"potentialAction\":[{\"@type\":\"SearchAction\",\"target\":{\"@type\":\"EntryPoint\",\"urlTemplate\":\"https:\/\/www.visit-ulcinj.com\/blog\/?s={search_term_string}\"},\"query-input\":\"required name=search_term_string\"}],\"inLanguage\":\"en-US\"},{\"@type\":\"WebPage\",\"@id\":\"https:\/\/www.visit-ulcinj.com\/blog\/2013\/10\/27\/delfini-shfaqen-ne-plazhin-e-vogel-te-ulqinit\/#webpage\",\"url\":\"https:\/\/www.visit-ulcinj.com\/blog\/2013\/10\/27\/delfini-shfaqen-ne-plazhin-e-vogel-te-ulqinit\/\",\"name\":\"Delfini shfaqen n\u00eb plazhin e vogel t\u00eb Ulqinit - Lajme nga Ulqini\",\"isPartOf\":{\"@id\":\"https:\/\/www.visit-ulcinj.com\/blog\/#website\"},\"datePublished\":\"2013-10-27T22:12:42+00:00\",\"dateModified\":\"2013-10-27T22:12:42+00:00\",\"author\":{\"@id\":\"https:\/\/www.visit-ulcinj.com\/blog\/#\/schema\/person\/dcab619c614d3038751c63bc2aadc06d\"},\"description\":\"Sot\u00eb nj\u00eb delfin\u00eb i p\u00ebrmasave t\u00eb konsiderueshme esht\u00eb shfaqur sot n\u00eb gjirin detar t\u00eb plazhit vog\u00ebl t\u00eb \u00a0Ulqinit. Nj\u00eb speciemen i rrall\u00eb dhe i pazakont\",\"breadcrumb\":{\"@id\":\"https:\/\/www.visit-ulcinj.com\/blog\/2013\/10\/27\/delfini-shfaqen-ne-plazhin-e-vogel-te-ulqinit\/#breadcrumb\"},\"inLanguage\":\"en-US\",\"potentialAction\":[{\"@type\":\"ReadAction\",\"target\":[\"https:\/\/www.visit-ulcinj.com\/blog\/2013\/10\/27\/delfini-shfaqen-ne-plazhin-e-vogel-te-ulqinit\/\"]}]},{\"@type\":\"BreadcrumbList\",\"@id\":\"https:\/\/www.visit-ulcinj.com\/blog\/2013\/10\/27\/delfini-shfaqen-ne-plazhin-e-vogel-te-ulqinit\/#breadcrumb\",\"itemListElement\":[{\"@type\":\"ListItem\",\"position\":1,\"name\":\"Delfini shfaqen n\u00eb plazhin e vogel t\u00eb Ulqinit\"}]},{\"@type\":\"Person\",\"@id\":\"https:\/\/www.visit-ulcinj.com\/blog\/#\/schema\/person\/dcab619c614d3038751c63bc2aadc06d\",\"name\":\"ulqini\",\"sameAs\":[\"http:\/\/www.visit-ulcinj.com\"],\"url\":\"https:\/\/www.visit-ulcinj.com\/blog\/author\/admin\/\"}]}<\/script>\n<!-- \/ Yoast SEO plugin. -->","yoast_head_json":{"title":"Delfini shfaqen n\u00eb plazhin e vogel t\u00eb Ulqinit - Lajme nga Ulqini","description":"Sot\u00eb nj\u00eb delfin\u00eb i p\u00ebrmasave t\u00eb konsiderueshme esht\u00eb shfaqur sot n\u00eb gjirin detar t\u00eb plazhit vog\u00ebl t\u00eb \u00a0Ulqinit. Nj\u00eb speciemen i rrall\u00eb dhe i pazakont","robots":{"index":"index","follow":"follow","max-snippet":"max-snippet:-1","max-image-preview":"max-image-preview:large","max-video-preview":"max-video-preview:-1"},"canonical":"https:\/\/www.visit-ulcinj.com\/blog\/2013\/10\/27\/delfini-shfaqen-ne-plazhin-e-vogel-te-ulqinit\/","og_locale":"en_US","og_type":"article","og_title":"Delfini shfaqen n\u00eb plazhin e vogel t\u00eb Ulqinit - Lajme nga Ulqini","og_description":"Sot\u00eb nj\u00eb delfin\u00eb i p\u00ebrmasave t\u00eb konsiderueshme esht\u00eb shfaqur sot n\u00eb gjirin detar t\u00eb plazhit vog\u00ebl t\u00eb \u00a0Ulqinit. Nj\u00eb speciemen i rrall\u00eb dhe i pazakont","og_url":"https:\/\/www.visit-ulcinj.com\/blog\/2013\/10\/27\/delfini-shfaqen-ne-plazhin-e-vogel-te-ulqinit\/","og_site_name":"Lajme nga Ulqini","article_published_time":"2013-10-27T22:12:42+00:00","twitter_misc":{"Written by":"ulqini","Est. reading time":"1 minute"},"schema":{"@context":"https:\/\/schema.org","@graph":[{"@type":"WebSite","@id":"https:\/\/www.visit-ulcinj.com\/blog\/#website","url":"https:\/\/www.visit-ulcinj.com\/blog\/","name":"Lajme nga Ulqini","description":"Lajme,Vijesti,Ulqini,Ulqin,Crna Gora,Mali i Zi","potentialAction":[{"@type":"SearchAction","target":{"@type":"EntryPoint","urlTemplate":"https:\/\/www.visit-ulcinj.com\/blog\/?s={search_term_string}"},"query-input":"required name=search_term_string"}],"inLanguage":"en-US"},{"@type":"WebPage","@id":"https:\/\/www.visit-ulcinj.com\/blog\/2013\/10\/27\/delfini-shfaqen-ne-plazhin-e-vogel-te-ulqinit\/#webpage","url":"https:\/\/www.visit-ulcinj.com\/blog\/2013\/10\/27\/delfini-shfaqen-ne-plazhin-e-vogel-te-ulqinit\/","name":"Delfini shfaqen n\u00eb plazhin e vogel t\u00eb Ulqinit - Lajme nga Ulqini","isPartOf":{"@id":"https:\/\/www.visit-ulcinj.com\/blog\/#website"},"datePublished":"2013-10-27T22:12:42+00:00","dateModified":"2013-10-27T22:12:42+00:00","author":{"@id":"https:\/\/www.visit-ulcinj.com\/blog\/#\/schema\/person\/dcab619c614d3038751c63bc2aadc06d"},"description":"Sot\u00eb nj\u00eb delfin\u00eb i p\u00ebrmasave t\u00eb konsiderueshme esht\u00eb shfaqur sot n\u00eb gjirin detar t\u00eb plazhit vog\u00ebl t\u00eb \u00a0Ulqinit. Nj\u00eb speciemen i rrall\u00eb dhe i pazakont","breadcrumb":{"@id":"https:\/\/www.visit-ulcinj.com\/blog\/2013\/10\/27\/delfini-shfaqen-ne-plazhin-e-vogel-te-ulqinit\/#breadcrumb"},"inLanguage":"en-US","potentialAction":[{"@type":"ReadAction","target":["https:\/\/www.visit-ulcinj.com\/blog\/2013\/10\/27\/delfini-shfaqen-ne-plazhin-e-vogel-te-ulqinit\/"]}]},{"@type":"BreadcrumbList","@id":"https:\/\/www.visit-ulcinj.com\/blog\/2013\/10\/27\/delfini-shfaqen-ne-plazhin-e-vogel-te-ulqinit\/#breadcrumb","itemListElement":[{"@type":"ListItem","position":1,"name":"Delfini shfaqen n\u00eb plazhin e vogel t\u00eb Ulqinit"}]},{"@type":"Person","@id":"https:\/\/www.visit-ulcinj.com\/blog\/#\/schema\/person\/dcab619c614d3038751c63bc2aadc06d","name":"ulqini","sameAs":["http:\/\/www.visit-ulcinj.com"],"url":"https:\/\/www.visit-ulcinj.com\/blog\/author\/admin\/"}]}},"jetpack_featured_media_url":"","jetpack_sharing_enabled":true,"jetpack_shortlink":"https:\/\/wp.me\/pe6lTn-jFx","_links":{"self":[{"href":"https:\/\/www.visit-ulcinj.com\/blog\/wp-json\/wp\/v2\/posts\/75611"}],"collection":[{"href":"https:\/\/www.visit-ulcinj.com\/blog\/wp-json\/wp\/v2\/posts"}],"about":[{"href":"https:\/\/www.visit-ulcinj.com\/blog\/wp-json\/wp\/v2\/types\/post"}],"author":[{"embeddable":true,"href":"https:\/\/www.visit-ulcinj.com\/blog\/wp-json\/wp\/v2\/users\/1"}],"replies":[{"embeddable":true,"href":"https:\/\/www.visit-ulcinj.com\/blog\/wp-json\/wp\/v2\/comments?post=75611"}],"version-history":[{"count":1,"href":"https:\/\/www.visit-ulcinj.com\/blog\/wp-json\/wp\/v2\/posts\/75611\/revisions"}],"predecessor-version":[{"id":75613,"href":"https:\/\/www.visit-ulcinj.com\/blog\/wp-json\/wp\/v2\/posts\/75611\/revisions\/75613"}],"wp:attachment":[{"href":"https:\/\/www.visit-ulcinj.com\/blog\/wp-json\/wp\/v2\/media?parent=75611"}],"wp:term":[{"taxonomy":"category","embeddable":true,"href":"https:\/\/www.visit-ulcinj.com\/blog\/wp-json\/wp\/v2\/categories?post=75611"},{"taxonomy":"post_tag","embeddable":true,"href":"https:\/\/www.visit-ulcinj.com\/blog\/wp-json\/wp\/v2\/tags?post=75611"}],"curies":[{"name":"wp","href":"https:\/\/api.w.org\/{rel}","templated":true}]}}