{"id":75617,"date":"2013-10-27T23:33:23","date_gmt":"2013-10-27T22:33:23","guid":{"rendered":"http:\/\/www.visit-ulcinj.com\/blog\/?p=75617"},"modified":"2013-10-27T23:33:23","modified_gmt":"2013-10-27T22:33:23","slug":"akt-ri-vandalizmi-ne-ulqin","status":"publish","type":"post","link":"https:\/\/www.visit-ulcinj.com\/blog\/2013\/10\/27\/akt-ri-vandalizmi-ne-ulqin\/","title":{"rendered":"Akt i ri vandalizmi n\u00eb Ulqin"},"content":{"rendered":"<p><strong><a href=\"http:\/\/www.visit-ulcinj.com\/blog\/wp-content\/uploads\/2013\/10\/Akt-i-ri-vandalizmi-n\u00eb-Ulqin.jpg\"><img loading=\"lazy\" class=\"alignleft  wp-image-75618\" alt=\"Akt i ri vandalizmi n\u00eb Ulqin\" src=\"http:\/\/www.visit-ulcinj.com\/blog\/wp-content\/uploads\/2013\/10\/Akt-i-ri-vandalizmi-n\u00eb-Ulqin.jpg\" width=\"508\" height=\"360\" \/><\/a>Si duket ne Ulqin veprojn\u00eb Vandal\u00eb t\u00eb cil\u00ebt ose nuk jan\u00eb Ulqinak\u00eb, ose thjesht nuk e duan vendin e vet.. Shpresojm\u00eb q\u00eb organet kompetente t\u00eb nd\u00ebrhyjn\u00eb dhe ti d\u00ebnojn\u00eb k\u00ebto krime .. Ja edhe nj\u00eb shembull. ..!\/Qemal Hidri\/<\/strong><\/p>\n<p>Pas denoncimeve t\u00eb shumta nga qytetar\u00eb t\u00eb cil\u00ebt ia don\u00eb t\u00eb mir\u00ebn qytetit dhe pas ndjekjes s\u00eb situat\u00ebs sidomos n\u00eb dy jav\u00ebt e fundit, Komuna e Ulqinit vendosi t\u00eb b\u00ebj\u00eb publike tentativat e vandalist\u00ebve t\u00eb cil\u00ebt nuk dihen motivet q\u00eb d\u00ebmtojn\u00eb rrug\u00ebt e qytetit.<\/p>\n<p>B\u00ebjm\u00eb apel deri te t\u00eb gjith\u00eb qytetar\u00ebt q\u00eb n\u00ebse v\u00ebrejn\u00eb se dikush shkakton \u00e7far\u00ebdo d\u00ebmi n\u00eb rrug\u00ebt publike apo t\u00eb mirat tjera materiale, menj\u00ebher\u00eb t\u00eb lajm\u00ebroj\u00eb organet e rendit dhe personat kompetent n\u00eb Komun\u00ebn e Ulqinit q\u00eb sa m\u00eb shpejt\u00eb t\u00eb kapen keqb\u00ebr\u00ebsit dhe t\u00eb marrin d\u00ebnimin e merituar.<\/p>\n<p>Gjithashtu, u b\u00ebjm\u00eb apel autor\u00ebve t\u00eb k\u00ebtyre akteve vandale dhe porosit\u00ebsve t\u00eb tyre, q\u00eb t\u00eb vet\u00ebdijesohen, duke i paralajm\u00ebruar se kurdo qoft\u00eb do t\u2019ju vij\u00eb d\u00ebnimi edhe nga shteti edhe nga populli.<\/p>\n<p><strong>N\u00eb faqen e Facebookut jan dhe reagimet e para q\u00eb vijn\u00eb nga qytetar\u00ebt e Ulqinit.<\/strong><\/p>\n","protected":false},"excerpt":{"rendered":"<p>Si duket ne Ulqin veprojn\u00eb Vandal\u00eb t\u00eb cil\u00ebt ose nuk jan\u00eb Ulqinak\u00eb, ose thjesht nuk e duan vendin e vet.. Shpresojm\u00eb q\u00eb organet kompetente t\u00eb nd\u00ebrhyjn\u00eb dhe ti d\u00ebnojn\u00eb k\u00ebto krime .. Ja edhe nj\u00eb shembull. ..!\/Qemal Hidri\/ Pas denoncimeve t\u00eb shumta nga qytetar\u00eb t\u00eb cil\u00ebt ia don\u00eb t\u00eb mir\u00ebn qytetit dhe pas ndjekjes s\u00eb [&hellip;]<\/p>\n","protected":false},"author":1,"featured_media":0,"comment_status":"closed","ping_status":"closed","sticky":false,"template":"","format":"standard","meta":{"spay_email":"","jetpack_publicize_message":"","jetpack_is_tweetstorm":false,"jetpack_publicize_feature_enabled":true},"categories":[7],"tags":[],"jetpack_publicize_connections":[],"yoast_head":"<!-- This site is optimized with the Yoast SEO plugin v19.1 - https:\/\/yoast.com\/wordpress\/plugins\/seo\/ -->\n<title>Akt i ri vandalizmi n\u00eb Ulqin - Lajme nga Ulqini<\/title>\n<meta name=\"description\" content=\"Si duket ne Ulqin veprojn\u00eb Vandal\u00eb t\u00eb cil\u00ebt ose nuk jan\u00eb Ulqinak\u00eb, ose thjesht nuk e duan vendin e vet.. Shpresojm\u00eb q\u00eb organet kompetente t\u00eb nd\u00ebrhyjn\u00eb dhe\" \/>\n<meta name=\"robots\" content=\"index, follow, max-snippet:-1, max-image-preview:large, max-video-preview:-1\" \/>\n<link rel=\"canonical\" href=\"https:\/\/www.visit-ulcinj.com\/blog\/2013\/10\/27\/akt-ri-vandalizmi-ne-ulqin\/\" \/>\n<meta property=\"og:locale\" content=\"en_US\" \/>\n<meta property=\"og:type\" content=\"article\" \/>\n<meta property=\"og:title\" content=\"Akt i ri vandalizmi n\u00eb Ulqin - Lajme nga Ulqini\" \/>\n<meta property=\"og:description\" content=\"Si duket ne Ulqin veprojn\u00eb Vandal\u00eb t\u00eb cil\u00ebt ose nuk jan\u00eb Ulqinak\u00eb, ose thjesht nuk e duan vendin e vet.. Shpresojm\u00eb q\u00eb organet kompetente t\u00eb nd\u00ebrhyjn\u00eb dhe\" \/>\n<meta property=\"og:url\" content=\"https:\/\/www.visit-ulcinj.com\/blog\/2013\/10\/27\/akt-ri-vandalizmi-ne-ulqin\/\" \/>\n<meta property=\"og:site_name\" content=\"Lajme nga Ulqini\" \/>\n<meta property=\"article:published_time\" content=\"2013-10-27T22:33:23+00:00\" \/>\n<meta name=\"twitter:label1\" content=\"Written by\" \/>\n\t<meta name=\"twitter:data1\" content=\"ulqini\" \/>\n\t<meta name=\"twitter:label2\" content=\"Est. reading time\" \/>\n\t<meta name=\"twitter:data2\" content=\"1 minute\" \/>\n<script type=\"application\/ld+json\" class=\"yoast-schema-graph\">{\"@context\":\"https:\/\/schema.org\",\"@graph\":[{\"@type\":\"WebSite\",\"@id\":\"https:\/\/www.visit-ulcinj.com\/blog\/#website\",\"url\":\"https:\/\/www.visit-ulcinj.com\/blog\/\",\"name\":\"Lajme nga Ulqini\",\"description\":\"Lajme,Vijesti,Ulqini,Ulqin,Crna Gora,Mali i Zi\",\"potentialAction\":[{\"@type\":\"SearchAction\",\"target\":{\"@type\":\"EntryPoint\",\"urlTemplate\":\"https:\/\/www.visit-ulcinj.com\/blog\/?s={search_term_string}\"},\"query-input\":\"required name=search_term_string\"}],\"inLanguage\":\"en-US\"},{\"@type\":\"WebPage\",\"@id\":\"https:\/\/www.visit-ulcinj.com\/blog\/2013\/10\/27\/akt-ri-vandalizmi-ne-ulqin\/#webpage\",\"url\":\"https:\/\/www.visit-ulcinj.com\/blog\/2013\/10\/27\/akt-ri-vandalizmi-ne-ulqin\/\",\"name\":\"Akt i ri vandalizmi n\u00eb Ulqin - Lajme nga Ulqini\",\"isPartOf\":{\"@id\":\"https:\/\/www.visit-ulcinj.com\/blog\/#website\"},\"datePublished\":\"2013-10-27T22:33:23+00:00\",\"dateModified\":\"2013-10-27T22:33:23+00:00\",\"author\":{\"@id\":\"https:\/\/www.visit-ulcinj.com\/blog\/#\/schema\/person\/dcab619c614d3038751c63bc2aadc06d\"},\"description\":\"Si duket ne Ulqin veprojn\u00eb Vandal\u00eb t\u00eb cil\u00ebt ose nuk jan\u00eb Ulqinak\u00eb, ose thjesht nuk e duan vendin e vet.. Shpresojm\u00eb q\u00eb organet kompetente t\u00eb nd\u00ebrhyjn\u00eb dhe\",\"breadcrumb\":{\"@id\":\"https:\/\/www.visit-ulcinj.com\/blog\/2013\/10\/27\/akt-ri-vandalizmi-ne-ulqin\/#breadcrumb\"},\"inLanguage\":\"en-US\",\"potentialAction\":[{\"@type\":\"ReadAction\",\"target\":[\"https:\/\/www.visit-ulcinj.com\/blog\/2013\/10\/27\/akt-ri-vandalizmi-ne-ulqin\/\"]}]},{\"@type\":\"BreadcrumbList\",\"@id\":\"https:\/\/www.visit-ulcinj.com\/blog\/2013\/10\/27\/akt-ri-vandalizmi-ne-ulqin\/#breadcrumb\",\"itemListElement\":[{\"@type\":\"ListItem\",\"position\":1,\"name\":\"Akt i ri vandalizmi n\u00eb Ulqin\"}]},{\"@type\":\"Person\",\"@id\":\"https:\/\/www.visit-ulcinj.com\/blog\/#\/schema\/person\/dcab619c614d3038751c63bc2aadc06d\",\"name\":\"ulqini\",\"sameAs\":[\"http:\/\/www.visit-ulcinj.com\"],\"url\":\"https:\/\/www.visit-ulcinj.com\/blog\/author\/admin\/\"}]}<\/script>\n<!-- \/ Yoast SEO plugin. -->","yoast_head_json":{"title":"Akt i ri vandalizmi n\u00eb Ulqin - Lajme nga Ulqini","description":"Si duket ne Ulqin veprojn\u00eb Vandal\u00eb t\u00eb cil\u00ebt ose nuk jan\u00eb Ulqinak\u00eb, ose thjesht nuk e duan vendin e vet.. Shpresojm\u00eb q\u00eb organet kompetente t\u00eb nd\u00ebrhyjn\u00eb dhe","robots":{"index":"index","follow":"follow","max-snippet":"max-snippet:-1","max-image-preview":"max-image-preview:large","max-video-preview":"max-video-preview:-1"},"canonical":"https:\/\/www.visit-ulcinj.com\/blog\/2013\/10\/27\/akt-ri-vandalizmi-ne-ulqin\/","og_locale":"en_US","og_type":"article","og_title":"Akt i ri vandalizmi n\u00eb Ulqin - Lajme nga Ulqini","og_description":"Si duket ne Ulqin veprojn\u00eb Vandal\u00eb t\u00eb cil\u00ebt ose nuk jan\u00eb Ulqinak\u00eb, ose thjesht nuk e duan vendin e vet.. Shpresojm\u00eb q\u00eb organet kompetente t\u00eb nd\u00ebrhyjn\u00eb dhe","og_url":"https:\/\/www.visit-ulcinj.com\/blog\/2013\/10\/27\/akt-ri-vandalizmi-ne-ulqin\/","og_site_name":"Lajme nga Ulqini","article_published_time":"2013-10-27T22:33:23+00:00","twitter_misc":{"Written by":"ulqini","Est. reading time":"1 minute"},"schema":{"@context":"https:\/\/schema.org","@graph":[{"@type":"WebSite","@id":"https:\/\/www.visit-ulcinj.com\/blog\/#website","url":"https:\/\/www.visit-ulcinj.com\/blog\/","name":"Lajme nga Ulqini","description":"Lajme,Vijesti,Ulqini,Ulqin,Crna Gora,Mali i Zi","potentialAction":[{"@type":"SearchAction","target":{"@type":"EntryPoint","urlTemplate":"https:\/\/www.visit-ulcinj.com\/blog\/?s={search_term_string}"},"query-input":"required name=search_term_string"}],"inLanguage":"en-US"},{"@type":"WebPage","@id":"https:\/\/www.visit-ulcinj.com\/blog\/2013\/10\/27\/akt-ri-vandalizmi-ne-ulqin\/#webpage","url":"https:\/\/www.visit-ulcinj.com\/blog\/2013\/10\/27\/akt-ri-vandalizmi-ne-ulqin\/","name":"Akt i ri vandalizmi n\u00eb Ulqin - Lajme nga Ulqini","isPartOf":{"@id":"https:\/\/www.visit-ulcinj.com\/blog\/#website"},"datePublished":"2013-10-27T22:33:23+00:00","dateModified":"2013-10-27T22:33:23+00:00","author":{"@id":"https:\/\/www.visit-ulcinj.com\/blog\/#\/schema\/person\/dcab619c614d3038751c63bc2aadc06d"},"description":"Si duket ne Ulqin veprojn\u00eb Vandal\u00eb t\u00eb cil\u00ebt ose nuk jan\u00eb Ulqinak\u00eb, ose thjesht nuk e duan vendin e vet.. Shpresojm\u00eb q\u00eb organet kompetente t\u00eb nd\u00ebrhyjn\u00eb dhe","breadcrumb":{"@id":"https:\/\/www.visit-ulcinj.com\/blog\/2013\/10\/27\/akt-ri-vandalizmi-ne-ulqin\/#breadcrumb"},"inLanguage":"en-US","potentialAction":[{"@type":"ReadAction","target":["https:\/\/www.visit-ulcinj.com\/blog\/2013\/10\/27\/akt-ri-vandalizmi-ne-ulqin\/"]}]},{"@type":"BreadcrumbList","@id":"https:\/\/www.visit-ulcinj.com\/blog\/2013\/10\/27\/akt-ri-vandalizmi-ne-ulqin\/#breadcrumb","itemListElement":[{"@type":"ListItem","position":1,"name":"Akt i ri vandalizmi n\u00eb Ulqin"}]},{"@type":"Person","@id":"https:\/\/www.visit-ulcinj.com\/blog\/#\/schema\/person\/dcab619c614d3038751c63bc2aadc06d","name":"ulqini","sameAs":["http:\/\/www.visit-ulcinj.com"],"url":"https:\/\/www.visit-ulcinj.com\/blog\/author\/admin\/"}]}},"jetpack_featured_media_url":"","jetpack_sharing_enabled":true,"jetpack_shortlink":"https:\/\/wp.me\/pe6lTn-jFD","_links":{"self":[{"href":"https:\/\/www.visit-ulcinj.com\/blog\/wp-json\/wp\/v2\/posts\/75617"}],"collection":[{"href":"https:\/\/www.visit-ulcinj.com\/blog\/wp-json\/wp\/v2\/posts"}],"about":[{"href":"https:\/\/www.visit-ulcinj.com\/blog\/wp-json\/wp\/v2\/types\/post"}],"author":[{"embeddable":true,"href":"https:\/\/www.visit-ulcinj.com\/blog\/wp-json\/wp\/v2\/users\/1"}],"replies":[{"embeddable":true,"href":"https:\/\/www.visit-ulcinj.com\/blog\/wp-json\/wp\/v2\/comments?post=75617"}],"version-history":[{"count":1,"href":"https:\/\/www.visit-ulcinj.com\/blog\/wp-json\/wp\/v2\/posts\/75617\/revisions"}],"predecessor-version":[{"id":75619,"href":"https:\/\/www.visit-ulcinj.com\/blog\/wp-json\/wp\/v2\/posts\/75617\/revisions\/75619"}],"wp:attachment":[{"href":"https:\/\/www.visit-ulcinj.com\/blog\/wp-json\/wp\/v2\/media?parent=75617"}],"wp:term":[{"taxonomy":"category","embeddable":true,"href":"https:\/\/www.visit-ulcinj.com\/blog\/wp-json\/wp\/v2\/categories?post=75617"},{"taxonomy":"post_tag","embeddable":true,"href":"https:\/\/www.visit-ulcinj.com\/blog\/wp-json\/wp\/v2\/tags?post=75617"}],"curies":[{"name":"wp","href":"https:\/\/api.w.org\/{rel}","templated":true}]}}