{"id":75627,"date":"2013-10-28T16:12:05","date_gmt":"2013-10-28T15:12:05","guid":{"rendered":"http:\/\/www.visit-ulcinj.com\/blog\/?p=75627"},"modified":"2013-10-28T16:12:05","modified_gmt":"2013-10-28T15:12:05","slug":"abazovic-ko-ne-bije-policajac-nije","status":"publish","type":"post","link":"https:\/\/www.visit-ulcinj.com\/blog\/2013\/10\/28\/abazovic-ko-ne-bije-policajac-nije\/","title":{"rendered":"Abazovic: Ko ne bije, policajac nije"},"content":{"rendered":"<p><a href=\"http:\/\/www.visit-ulcinj.com\/blog\/wp-content\/uploads\/2013\/07\/dritanabazovic.jpg\"><img loading=\"lazy\" class=\"alignleft  wp-image-73777\" alt=\"dritanabazovic\" src=\"http:\/\/www.visit-ulcinj.com\/blog\/wp-content\/uploads\/2013\/07\/dritanabazovic.jpg\" width=\"508\" height=\"360\" \/><\/a>Mo\u017eda bi svakome trebalo dati pravo da nosi palicu: sudijama, poslanicima, gra\u0111evinskim inspektorima, po\u0161tarima, taksistima&#8230; pa i da tu\u010du uvedemo u legalni okvir. Mo\u017eda je to najbolje rje\u0161enje?<\/p>\n<div id=\"article_text\">\n<p>Vrlo \u010desto se mo\u017ee \u010duti da je Crna Gora policijska dr\u017eava. Ne zbog toga \u0161to je ovdje policija institucija kojoj se najvi\u0161e vjeruje, kao \u0161to je to u nekim zemljama na primjer vojska, ve\u0107 naprotiv, zato \u0161to vlada osje\u0107aj od paralelnog straha i nevjerice koja ona izaziva. Ne \u017eelim da ovim tesktom uvrijedim bilo kojeg \u010dasnog policajca, naro\u010dito ne one koji mukotrpno rade za svoje bijedne plate i koji s pravom tra\u017ee bolje uslove i prijevremeno penzionisanje, ali \u0107u se osvrnuti na neke pojave koje jesu iritantne i same po sebi veoma diskutabilne.<\/p>\n<p>Prva je dono\u0161enje novog zakona o komunalnoj policiji. Komunalni policijac je, da banalizujemo, terminator koji nosi palicu i ima pravo da ve\u017ee ljude, a ukoliko mu neko pravi probleme prilikom vr\u0161enja svoje du\u017enosti mo\u017ee i da ga udari, ali samo po odre\u0111enim djelovima tijela. To zna\u010di da \u0107e komunalni policijaci morati da uvje\u017ebavaju tekvondo tehnike, ali i druge borila\u010dke vje\u0161tine ako se budu \u017eeljeli dr\u017eati zakona. Prosto je nevjerovatno da u zemlji koja jo\u0161 nije ni zavr\u0161ila tranziciju, batina postane simbol dostizanja pravde. Vjerovatno u Vladi smatraju da je za vladavinu prava potrebno izvesti svojevrsnu \u2013 \u201ependrek revoluciju\u201c.<\/p>\n<p>Mo\u017eda mi i nijesmo ba\u0161 najrazumniji narod, mo\u017eda i ne znamo druga\u010dije da se dovedemo u red, ali ipak nismo valjda tako olako zaboravili brojna batinjanja koju su se desila na ovim prostorima od strane vojne i regularne policije. \u0160ta sada o\u010dekivati kada se pridru\u017ei i komunalna?! Ta\u010dno je da je i onaj koji obavlja tu du\u017enost \u010dovjek od krvi i mesa, koji \u010desto biva doveden u veoma neprijatnu situaciju od strane bahatih gra\u0111ana. Ali, sve to mora da se rje\u0161ava na druga\u010diji na\u010din, ne kroz represiju, koja u praksi \u010desto zna\u010di politi\u010dku prisilu i dodatno su\u017eavanje intelektualne slobode. Sama pomisao da neko ima ovla\u0161\u0107enja da vas bije ili ve\u017ee, stvara iracionalni strah od autoriteta kojem je na\u0161 narod jako podlo\u017ean. Stoga i ne \u010dudi \u0161to su mnogi ovakav zakon doveli u vezu sa partijskom policijom poznatih \u0161erif-gradona\u010delnika, koji brane svoj uskopartijski i li\u010dni interes, pa makar i primjenom i hladnog i toplog oru\u017eja. Sada \u0107e sve to, po svemu sude\u0107i, biti uvedeno u legalne tokove.<\/p>\n<p>Drugi primjer je demonstracija policijske mo\u0107i kroz prijave protiv NVO aktivista koje se de\u0161ava u Ulcinju. Nakon MANS-a i Beransela, na red je stigao i Mogul protiv kojeg su policajci podnijeli prijave jer je sredinom juna organizovao protestno okupljanje zbog nelegalne naplatne rampe na Adi Bojani. Iako je skup bio tek performans sa \u010detrdesetak u\u010desnika, kao i uvijek dostojanstven i miran, u lokalnoj stanici toga dana nije ostalo ni gluhog uha. Svi su se pore\u0111ali pred rampom po nare\u0111enju starje\u0161ina. Ne sje\u0107am se da sam ikada u Ulcinju vidio vi\u0161e policije na jednom mjestu. I umjesto da brane zakon i \u0161tite dr\u017eavni interes zajedno sa okupljenim gra\u0111anima, oni su pristali na poni\u017eenje dr\u017eave, stali su jasno na stranu uzurpatora i dodatno u\u010dvrstili barijeru sa koje se novac posjetilaca godinama nelegalno prelivao u privatne d\u017eepove.<\/p>\n<p>Ministar Konjevi\u0107 se odgovaraju\u0107i na poslani\u010dko pitanje u vezi ovog doga\u0111aja, pozvao na sudsko rje\u0161enje (KV 89\/11, KI 27\/11) kojim se sud odbacio kao neosnovanu i nejasnu, tu\u017ebu u slu\u010daju izme\u0111u jednog privatnog lica i Hotelsko-turisti\u010dkog preduze\u0107a \u201eUlcinjska rivijera\u201c koja je postavila rampu. Za pravnu slu\u017ebu MUP-a to je bio dovoljan razlog da se stane na stranu tog preduze\u0107a, iako i zdrava logika a i pravna tuma\u010denja govore da sud nije rekao niti da se put smije blokirati niti ne. Fakti\u010dki se proglasio neutralnim, kada ve\u0107 nije smio da presudi pravedno protiv lokalnog mo\u0107nika koga se svi ovdje bez razloga pla\u0161e, jer je blizak prijatelj aktuelnom premijeru. Me\u0111utim, da su htjeli raditi po zakonu, a problem datira ve\u0107 du\u017ei niz godina, mogli su konsultovati vje\u0161taka i katastar, i uvidjeti da je to javni put R17 (ozna\u010den kao katastarska parcela broj 1405 Javni putevi, upisana u LN. Br. 110 Gornj \u0160toj, kao dr\u017eavna svojina- morsko dobro, Ulcinj &#8211; Ada Bojana), a kroz sve javne puteve prolaz je, zna se, slobodan i nesmetan.<\/p>\n<p>No, da ne du\u017eim, gra\u0111ani su policijace i one koju su postavili rampu tada kolektivno poslali na sud, a policija je uzvratila istom mjerom. Ovoga puta nije tukla nikoga, ali je \u201eudarila\u201c na organizatore. Razlog \u2013 redarima koji su se raspoznavali jer su nosili majice Mogula, nisu nosili traku sa natpisom \u201eredar\u201c, \u0161to je po njima veliki faul. Iako je Ulcinj grad u kome svako svakog poznaje, kao i \u010dinjenica da je na skupu bilo podjednaki broj policajaca i demonstranata i naravno nije bilo ni najmanjeg incidenta, za policiju je to bio razlog za prek\u0161ajnu prijavu. Prvi ovakve vrste u Crnoj Gori i to, gle, protiv koga?! Protiv onih koji stoje na strani pravde, koji su organizovali na desetine ovakvih i mnogo ve\u0107ih skupova i koji \u010duvaju su\u0161tinu aktivnog gra\u0111anstva i dalje \u017eivom. To je ta odgovorna policija, protiv \u010dijih \u0161efova su se nedavno podigle krivi\u010dne prijave od strane tu\u017eila\u0161tva, i po drugim osnovama. Ako ve\u0107 nije, sigurno je da \u0107e sti\u0107i maca i na njihova vratanca.<\/p>\n<p>Sve ovo ne bi trebalo da \u010dudi makar nas koji \u017eivimo ovdje. Na putu od Ulcinja do Amsterdama i nazad, grupa mladi\u0107a nedavno je srela 9 policijskih patrola, od kojih 7 u malenoj Crnoj Gori. I to ne\u0161to govori. Ljudi se prakti\u010dno pla\u0161e da krenu u Bar, jer hara \u201epresreta\u010d\u201c, a \u010dim neko poku\u0161a pokrenuti i najmanji dijalog oko mogu\u0107eg spornog prekora\u010denja brzine, odmah dobije prijetnju od strane policajaca da \u0107e pozvati interventni vod. Sada i komunalna policija ima palice. Ko zna, mo\u017eda tako treba?! Mo\u017eda bi svakome trebalo dati pravo da nosi palicu: sudijama, poslanicima, gra\u0111evinskim inspektorima, po\u0161tarima, taksistima&#8230;, pa i da tu\u010du uvedemo u legalni okvir. Mo\u017eda je to najbolje rje\u0161enje? Ne znam, pita\u0107emo ministra. Ili bolje da \u0107utimo kao i do sada. Ne valja se zamjerat\u2019, ipak su oni vlast, a i valjali su ovom narodu.<\/p>\n<p>Autor je magistar politi\u010dkih nauka i poslanik Pozitivne Crne Gore u Skup\u0161tini CG<\/p>\n<p><strong><a href=\"mailto: katakomba@hotmail.com\" target=\"_blank\">katakomba@hotmail.com<\/a><\/strong><\/p>\n<\/div>\n","protected":false},"excerpt":{"rendered":"<p>Mo\u017eda bi svakome trebalo dati pravo da nosi palicu: sudijama, poslanicima, gra\u0111evinskim inspektorima, po\u0161tarima, taksistima&#8230; pa i da tu\u010du uvedemo u legalni okvir. Mo\u017eda je to najbolje rje\u0161enje? Vrlo \u010desto se mo\u017ee \u010duti da je Crna Gora policijska dr\u017eava. Ne zbog toga \u0161to je ovdje policija institucija kojoj se najvi\u0161e vjeruje, kao \u0161to je to [&hellip;]<\/p>\n","protected":false},"author":1,"featured_media":0,"comment_status":"closed","ping_status":"closed","sticky":false,"template":"","format":"standard","meta":{"spay_email":"","jetpack_publicize_message":"","jetpack_is_tweetstorm":false,"jetpack_publicize_feature_enabled":true},"categories":[8337],"tags":[],"jetpack_publicize_connections":[],"yoast_head":"<!-- This site is optimized with the Yoast SEO plugin v19.1 - https:\/\/yoast.com\/wordpress\/plugins\/seo\/ -->\n<title>Abazovic: Ko ne bije, policajac nije - Lajme nga Ulqini<\/title>\n<meta name=\"description\" content=\"Mo\u017eda bi svakome trebalo dati pravo da nosi palicu: sudijama, poslanicima, gra\u0111evinskim inspektorima, po\u0161tarima, taksistima... pa i da tu\u010du uvedemo u\" \/>\n<meta name=\"robots\" content=\"index, follow, max-snippet:-1, max-image-preview:large, max-video-preview:-1\" \/>\n<link rel=\"canonical\" href=\"https:\/\/www.visit-ulcinj.com\/blog\/2013\/10\/28\/abazovic-ko-ne-bije-policajac-nije\/\" \/>\n<meta property=\"og:locale\" content=\"en_US\" \/>\n<meta property=\"og:type\" content=\"article\" \/>\n<meta property=\"og:title\" content=\"Abazovic: Ko ne bije, policajac nije - Lajme nga Ulqini\" \/>\n<meta property=\"og:description\" content=\"Mo\u017eda bi svakome trebalo dati pravo da nosi palicu: sudijama, poslanicima, gra\u0111evinskim inspektorima, po\u0161tarima, taksistima... pa i da tu\u010du uvedemo u\" \/>\n<meta property=\"og:url\" content=\"https:\/\/www.visit-ulcinj.com\/blog\/2013\/10\/28\/abazovic-ko-ne-bije-policajac-nije\/\" \/>\n<meta property=\"og:site_name\" content=\"Lajme nga Ulqini\" \/>\n<meta property=\"article:published_time\" content=\"2013-10-28T15:12:05+00:00\" \/>\n<meta property=\"og:image\" content=\"http:\/\/www.visit-ulcinj.com\/blog\/wp-content\/uploads\/2013\/07\/dritanabazovic.jpg\" \/>\n<meta name=\"twitter:label1\" content=\"Written by\" \/>\n\t<meta name=\"twitter:data1\" content=\"ulqini\" \/>\n\t<meta name=\"twitter:label2\" content=\"Est. reading time\" \/>\n\t<meta name=\"twitter:data2\" content=\"6 minutes\" \/>\n<script type=\"application\/ld+json\" class=\"yoast-schema-graph\">{\"@context\":\"https:\/\/schema.org\",\"@graph\":[{\"@type\":\"WebSite\",\"@id\":\"https:\/\/www.visit-ulcinj.com\/blog\/#website\",\"url\":\"https:\/\/www.visit-ulcinj.com\/blog\/\",\"name\":\"Lajme nga Ulqini\",\"description\":\"Lajme,Vijesti,Ulqini,Ulqin,Crna Gora,Mali i Zi\",\"potentialAction\":[{\"@type\":\"SearchAction\",\"target\":{\"@type\":\"EntryPoint\",\"urlTemplate\":\"https:\/\/www.visit-ulcinj.com\/blog\/?s={search_term_string}\"},\"query-input\":\"required name=search_term_string\"}],\"inLanguage\":\"en-US\"},{\"@type\":\"ImageObject\",\"inLanguage\":\"en-US\",\"@id\":\"https:\/\/www.visit-ulcinj.com\/blog\/2013\/10\/28\/abazovic-ko-ne-bije-policajac-nije\/#primaryimage\",\"url\":\"https:\/\/www.visit-ulcinj.com\/blog\/wp-content\/uploads\/2013\/07\/dritanabazovic.jpg\",\"contentUrl\":\"https:\/\/www.visit-ulcinj.com\/blog\/wp-content\/uploads\/2013\/07\/dritanabazovic.jpg\",\"width\":556,\"height\":413},{\"@type\":\"WebPage\",\"@id\":\"https:\/\/www.visit-ulcinj.com\/blog\/2013\/10\/28\/abazovic-ko-ne-bije-policajac-nije\/#webpage\",\"url\":\"https:\/\/www.visit-ulcinj.com\/blog\/2013\/10\/28\/abazovic-ko-ne-bije-policajac-nije\/\",\"name\":\"Abazovic: Ko ne bije, policajac nije - Lajme nga Ulqini\",\"isPartOf\":{\"@id\":\"https:\/\/www.visit-ulcinj.com\/blog\/#website\"},\"primaryImageOfPage\":{\"@id\":\"https:\/\/www.visit-ulcinj.com\/blog\/2013\/10\/28\/abazovic-ko-ne-bije-policajac-nije\/#primaryimage\"},\"datePublished\":\"2013-10-28T15:12:05+00:00\",\"dateModified\":\"2013-10-28T15:12:05+00:00\",\"author\":{\"@id\":\"https:\/\/www.visit-ulcinj.com\/blog\/#\/schema\/person\/dcab619c614d3038751c63bc2aadc06d\"},\"description\":\"Mo\u017eda bi svakome trebalo dati pravo da nosi palicu: sudijama, poslanicima, gra\u0111evinskim inspektorima, po\u0161tarima, taksistima... pa i da tu\u010du uvedemo u\",\"breadcrumb\":{\"@id\":\"https:\/\/www.visit-ulcinj.com\/blog\/2013\/10\/28\/abazovic-ko-ne-bije-policajac-nije\/#breadcrumb\"},\"inLanguage\":\"en-US\",\"potentialAction\":[{\"@type\":\"ReadAction\",\"target\":[\"https:\/\/www.visit-ulcinj.com\/blog\/2013\/10\/28\/abazovic-ko-ne-bije-policajac-nije\/\"]}]},{\"@type\":\"BreadcrumbList\",\"@id\":\"https:\/\/www.visit-ulcinj.com\/blog\/2013\/10\/28\/abazovic-ko-ne-bije-policajac-nije\/#breadcrumb\",\"itemListElement\":[{\"@type\":\"ListItem\",\"position\":1,\"name\":\"Abazovic: Ko ne bije, policajac nije\"}]},{\"@type\":\"Person\",\"@id\":\"https:\/\/www.visit-ulcinj.com\/blog\/#\/schema\/person\/dcab619c614d3038751c63bc2aadc06d\",\"name\":\"ulqini\",\"sameAs\":[\"http:\/\/www.visit-ulcinj.com\"],\"url\":\"https:\/\/www.visit-ulcinj.com\/blog\/author\/admin\/\"}]}<\/script>\n<!-- \/ Yoast SEO plugin. -->","yoast_head_json":{"title":"Abazovic: Ko ne bije, policajac nije - Lajme nga Ulqini","description":"Mo\u017eda bi svakome trebalo dati pravo da nosi palicu: sudijama, poslanicima, gra\u0111evinskim inspektorima, po\u0161tarima, taksistima... pa i da tu\u010du uvedemo u","robots":{"index":"index","follow":"follow","max-snippet":"max-snippet:-1","max-image-preview":"max-image-preview:large","max-video-preview":"max-video-preview:-1"},"canonical":"https:\/\/www.visit-ulcinj.com\/blog\/2013\/10\/28\/abazovic-ko-ne-bije-policajac-nije\/","og_locale":"en_US","og_type":"article","og_title":"Abazovic: Ko ne bije, policajac nije - Lajme nga Ulqini","og_description":"Mo\u017eda bi svakome trebalo dati pravo da nosi palicu: sudijama, poslanicima, gra\u0111evinskim inspektorima, po\u0161tarima, taksistima... pa i da tu\u010du uvedemo u","og_url":"https:\/\/www.visit-ulcinj.com\/blog\/2013\/10\/28\/abazovic-ko-ne-bije-policajac-nije\/","og_site_name":"Lajme nga Ulqini","article_published_time":"2013-10-28T15:12:05+00:00","og_image":[{"url":"http:\/\/www.visit-ulcinj.com\/blog\/wp-content\/uploads\/2013\/07\/dritanabazovic.jpg"}],"twitter_misc":{"Written by":"ulqini","Est. reading time":"6 minutes"},"schema":{"@context":"https:\/\/schema.org","@graph":[{"@type":"WebSite","@id":"https:\/\/www.visit-ulcinj.com\/blog\/#website","url":"https:\/\/www.visit-ulcinj.com\/blog\/","name":"Lajme nga Ulqini","description":"Lajme,Vijesti,Ulqini,Ulqin,Crna Gora,Mali i Zi","potentialAction":[{"@type":"SearchAction","target":{"@type":"EntryPoint","urlTemplate":"https:\/\/www.visit-ulcinj.com\/blog\/?s={search_term_string}"},"query-input":"required name=search_term_string"}],"inLanguage":"en-US"},{"@type":"ImageObject","inLanguage":"en-US","@id":"https:\/\/www.visit-ulcinj.com\/blog\/2013\/10\/28\/abazovic-ko-ne-bije-policajac-nije\/#primaryimage","url":"https:\/\/www.visit-ulcinj.com\/blog\/wp-content\/uploads\/2013\/07\/dritanabazovic.jpg","contentUrl":"https:\/\/www.visit-ulcinj.com\/blog\/wp-content\/uploads\/2013\/07\/dritanabazovic.jpg","width":556,"height":413},{"@type":"WebPage","@id":"https:\/\/www.visit-ulcinj.com\/blog\/2013\/10\/28\/abazovic-ko-ne-bije-policajac-nije\/#webpage","url":"https:\/\/www.visit-ulcinj.com\/blog\/2013\/10\/28\/abazovic-ko-ne-bije-policajac-nije\/","name":"Abazovic: Ko ne bije, policajac nije - Lajme nga Ulqini","isPartOf":{"@id":"https:\/\/www.visit-ulcinj.com\/blog\/#website"},"primaryImageOfPage":{"@id":"https:\/\/www.visit-ulcinj.com\/blog\/2013\/10\/28\/abazovic-ko-ne-bije-policajac-nije\/#primaryimage"},"datePublished":"2013-10-28T15:12:05+00:00","dateModified":"2013-10-28T15:12:05+00:00","author":{"@id":"https:\/\/www.visit-ulcinj.com\/blog\/#\/schema\/person\/dcab619c614d3038751c63bc2aadc06d"},"description":"Mo\u017eda bi svakome trebalo dati pravo da nosi palicu: sudijama, poslanicima, gra\u0111evinskim inspektorima, po\u0161tarima, taksistima... pa i da tu\u010du uvedemo u","breadcrumb":{"@id":"https:\/\/www.visit-ulcinj.com\/blog\/2013\/10\/28\/abazovic-ko-ne-bije-policajac-nije\/#breadcrumb"},"inLanguage":"en-US","potentialAction":[{"@type":"ReadAction","target":["https:\/\/www.visit-ulcinj.com\/blog\/2013\/10\/28\/abazovic-ko-ne-bije-policajac-nije\/"]}]},{"@type":"BreadcrumbList","@id":"https:\/\/www.visit-ulcinj.com\/blog\/2013\/10\/28\/abazovic-ko-ne-bije-policajac-nije\/#breadcrumb","itemListElement":[{"@type":"ListItem","position":1,"name":"Abazovic: Ko ne bije, policajac nije"}]},{"@type":"Person","@id":"https:\/\/www.visit-ulcinj.com\/blog\/#\/schema\/person\/dcab619c614d3038751c63bc2aadc06d","name":"ulqini","sameAs":["http:\/\/www.visit-ulcinj.com"],"url":"https:\/\/www.visit-ulcinj.com\/blog\/author\/admin\/"}]}},"jetpack_featured_media_url":"","jetpack_sharing_enabled":true,"jetpack_shortlink":"https:\/\/wp.me\/pe6lTn-jFN","_links":{"self":[{"href":"https:\/\/www.visit-ulcinj.com\/blog\/wp-json\/wp\/v2\/posts\/75627"}],"collection":[{"href":"https:\/\/www.visit-ulcinj.com\/blog\/wp-json\/wp\/v2\/posts"}],"about":[{"href":"https:\/\/www.visit-ulcinj.com\/blog\/wp-json\/wp\/v2\/types\/post"}],"author":[{"embeddable":true,"href":"https:\/\/www.visit-ulcinj.com\/blog\/wp-json\/wp\/v2\/users\/1"}],"replies":[{"embeddable":true,"href":"https:\/\/www.visit-ulcinj.com\/blog\/wp-json\/wp\/v2\/comments?post=75627"}],"version-history":[{"count":1,"href":"https:\/\/www.visit-ulcinj.com\/blog\/wp-json\/wp\/v2\/posts\/75627\/revisions"}],"predecessor-version":[{"id":75628,"href":"https:\/\/www.visit-ulcinj.com\/blog\/wp-json\/wp\/v2\/posts\/75627\/revisions\/75628"}],"wp:attachment":[{"href":"https:\/\/www.visit-ulcinj.com\/blog\/wp-json\/wp\/v2\/media?parent=75627"}],"wp:term":[{"taxonomy":"category","embeddable":true,"href":"https:\/\/www.visit-ulcinj.com\/blog\/wp-json\/wp\/v2\/categories?post=75627"},{"taxonomy":"post_tag","embeddable":true,"href":"https:\/\/www.visit-ulcinj.com\/blog\/wp-json\/wp\/v2\/tags?post=75627"}],"curies":[{"name":"wp","href":"https:\/\/api.w.org\/{rel}","templated":true}]}}