{"id":7563,"date":"2008-12-23T17:21:25","date_gmt":"2008-12-23T16:21:25","guid":{"rendered":"http:\/\/www.visit-ulcinj.com\/blog\/?p=7563"},"modified":"2008-12-23T17:21:25","modified_gmt":"2008-12-23T16:21:25","slug":"zasjedanje-skupstine-opstine-ulcinj-obiljezilo-izlaganje-gradonacelnika-gzima-hajdinage","status":"publish","type":"post","link":"https:\/\/www.visit-ulcinj.com\/blog\/2008\/12\/23\/zasjedanje-skupstine-opstine-ulcinj-obiljezilo-izlaganje-gradonacelnika-gzima-hajdinage\/","title":{"rendered":"Zasjedanje Skup\u0161tine Op\u0161tine Ulcinj obilje\u017eilo izlaganje gradona?elnika Gzima Hajdinage"},"content":{"rendered":"<p><strong><a title=\"nazif cungu\" href=\"http:\/\/www.visit-ulcinj.com\/blog\/wp-content\/uploads\/2008\/11\/nazif_cungu_forca_ulqin.jpg\"><img loading=\"lazy\" class=\"alignleft size-full wp-image-6200\" title=\"nazif_cungu_forca_ulqin\" src=\"http:\/\/www.visit-ulcinj.com\/blog\/wp-content\/uploads\/2008\/11\/nazif_cungu_forca_ulqin.jpg\" alt=\"nazif_cungu_forca_ulqin\" width=\"360\" height=\"270\" srcset=\"https:\/\/www.visit-ulcinj.com\/blog\/wp-content\/uploads\/2008\/11\/nazif_cungu_forca_ulqin.jpg 600w, https:\/\/www.visit-ulcinj.com\/blog\/wp-content\/uploads\/2008\/11\/nazif_cungu_forca_ulqin-300x225.jpg 300w\" sizes=\"(max-width: 360px) 100vw, 360px\" \/><\/a>Zbog mene neki imaju kompleks <\/strong><br \/>\nUlcinj &#8211; Na osnovu revizorskog izvje\u0161taja koji je obavila podgori?ka firma \u201eReviko\u201c, odbornici ulcinjske Skup\u0161tine ju?e su, ve?inom glasova, usvojili predlog zavr\u0161nog ra?una za 2007.<br \/>\nU izvje\u0161taju revizora isti?e se generalno pozitivna ocjena o planu prihoda i rashoda za pro\u0161lu godinu, ali se navode i neke manjkavosti, \u0161to je motivisalo opozicione odbornike da se obru\u0161e na taj dokument.<br \/>\nOdbornik Force Nazif Cungu kazao je da postoje evidentne razlike u izvje\u0161tajima revizora i Sekretarijata za bud\u017eet i finansije.<br \/>\n&#8211; Mislili smo da biv\u0161i predsjednik Fuad Nimani tro\u0161i puno, ali je to sitnica u odnosu na ono \u0161to vidimo ovdje &#8211; kazao je Cungu, ocijeniv\u0161i da su stavke slu\u017ebenih putovanja i reprezentacije enormno visoke.<br \/>\nOn je kritikovao vlast \u0161to su investicije za tu godinu iznosile \u201etek 13 odsto od ukupnog bud\u017eeta\u201c.<br \/>\n&#8211; U izvje\u0161taju se konstatuje da Ulcinj nema evidenciju o svojoj imovini, te da program nije dovoljno jasno prezentiran &#8211; istakao je Cungu.<img loading=\"lazy\" class=\"alignright size-thumbnail wp-image-1910\" title=\"luigj shkreli\" src=\"http:\/\/www.visit-ulcinj.com\/blog\/wp-content\/uploads\/2008\/06\/luigj-shkreli.thumbnail.jpg\" alt=\"luigj shkreli\" width=\"136\" height=\"150\" \/><br \/>\nLjui? \u0160krelja (DPS) upozorio je Cungua da izvje\u0161taj ?ita onako kako je napisan.<br \/>\n&#8211; Ne izvla?ite iz konteksta jer u izvje\u0161taju pi\u0161e da tu evidenciju nemaju ni ostale op\u0161tine u Crnoj Gori &#8211; kazao je \u0160krelja.<br \/>\nOdbornik Force D\u017eaudet Cakuli rekao je da je izvje\u0161taj ura?en na osnovu promjena u trezoru, a ne na osnovu dokumentacije Op\u0161tine.<br \/>\nOn se opet osvrnuo na problem u vezi sa zonom morskog dobra u Ulcinju i objavljenog tendera za valorizaciju Valdanosa, \u201ekojim se taj lokalitet sada daje u zakup nekom drugom, a ne vlasnicima maslina\u201c.<br \/>\nGradona?elnik\u00a0 Gzim Hajdinaga odbacio je optu\u017ebe odbornika opozcije, iako \u201ezbog korektnosti nije htio da navodi imena budu?i da nemaju pravo na repliku na njegovo izlaganje\u201c.<br \/>\n<img loading=\"lazy\" class=\"alignleft size-thumbnail wp-image-4127\" title=\"gezim-hajdinaga\" src=\"http:\/\/www.visit-ulcinj.com\/blog\/wp-content\/uploads\/2008\/10\/gezim-hajdinaga-150x150.jpg\" alt=\"gezim-hajdinaga\" width=\"150\" height=\"150\" srcset=\"https:\/\/www.visit-ulcinj.com\/blog\/wp-content\/uploads\/2008\/10\/gezim-hajdinaga-150x150.jpg 150w, https:\/\/www.visit-ulcinj.com\/blog\/wp-content\/uploads\/2008\/10\/gezim-hajdinaga.jpg 297w\" sizes=\"(max-width: 150px) 100vw, 150px\" \/>&#8211; Ne mogu da shvatim da neko i poslije dvije godine jo\u0161 ima kompleks pod nazivom \u201eGzim Hajdinaga\u201c &#8211; kazao je Hajdinaga.<br \/>\nOn je rekao da je radostan zbog na?ina na koji ?e biti valorizovan lokalitet Valdanosa.<br \/>\n&#8211; Nijedna grana masline ne?e biti posje?ena, a investitori ?e mo?i da grade samo u za to predvi?enoj zoni. Kada je rije? o morskom dobru, u dogovoru sa premijerom Milom ?ukanovi?em, po?etkom naredne godine po?e?emo rad na pravednom vra?anju pojasa morskog dobra u zakonske okvire &#8211; istakao je Hajdinaga.<br \/>\nSekretar za bud\u017eet i finansije Fatmir ?eka kazao je da je bud\u017eet za 2007. prema\u0161en dva puta, \u0161to je jedinstven slu?aj u vi\u0161edecenijskom postojanju najju\u017enije op\u0161tine.<img loading=\"lazy\" class=\"alignright size-thumbnail wp-image-193\" title=\"Fatmir Gjeka Ulqin\" src=\"http:\/\/www.visit-ulcinj.com\/blog\/wp-content\/uploads\/2008\/01\/fatmir-gjeka-2.thumbnail.jpg\" alt=\"Fatmir Gjeka Ulqin\" width=\"115\" height=\"128\" \/><br \/>\n&#8211; Prihodi i rashodi planirani su u iznosu od oko ?etiri miliona eura, a rebalans je glasio na 400 hiljada vi\u0161e. Na kraju godine prema\u0161ili smo i rebalans &#8211; kazao je ?eka.<br \/>\nPredsjednik skup\u0161tinske komisije za bud\u017eet, finansije i privredu Red\u017eep Taganovi? predlo\u017eio je da SO usvoji taj dokument.<br \/>\nSkup\u0161tina je po?ela raspravu o rebalansu bud\u017eeta za 2008, koju ?e nastaviti danas.<br \/>\n<img loading=\"lazy\" class=\"alignleft size-thumbnail wp-image-7564\" title=\"Red\u017eep Taganovi?\" src=\"http:\/\/www.visit-ulcinj.com\/blog\/wp-content\/uploads\/2008\/12\/dps-149x150.jpg\" alt=\"Red\u017eep Taganovi?\" width=\"149\" height=\"150\" \/><br \/>\n<strong>Tiv?ani i o p?elarstvu<\/strong><br \/>\n&#8211; Naredna redovna sjednica Skup\u0161tine op\u0161tine Tivat bi?e odr\u017eana u utorak \u2013 dogovoreno je ju?e na me?ustrana?kom sastanku u kabinetu predsjednika tivatskog parlamenta Krsta Petrovi?a (DPS).<br \/>\n\u0160efovi odborni?kih klubova na?elno su usaglasili da se na dnevnom redu predstoje?eg zasjedanja na?e rebalans bud\u017eeta op\u0161tine za ovu i predlog bud\u017eeta za narednu godinu, predlozi planova rada lokalnih javnih preduze?a i ustanova za 2009, odluka o p?elarstvu, te vi\u0161e odluka iz imovinsko-pravne oblasti.<br \/>\nS.L.<\/p>\n<p><strong>Aplikacija i ?estitka<\/strong><img loading=\"lazy\" class=\"alignright size-thumbnail wp-image-341\" title=\"Xhaudet Cakuli-Forca\" src=\"http:\/\/www.visit-ulcinj.com\/blog\/wp-content\/uploads\/2008\/01\/xhaudet-cakuli.thumbnail.jpg\" alt=\"Xhaudet Cakuli-Forca\" width=\"97\" height=\"128\" \/><br \/>\n\u0160krelja je poru?io odbornicima Force da ne pri?aju jedno sa ministrom Branimirom Gvozdenovi?em i na TV Teuti, a u Skup\u0161tini drugo, \u201cpominju?i i hvalospjeve te partije Vladi povodom aplikacije za ?lanstvo u EU\u201d.<br \/>\n&#8211; ?estitka, koju je Forca uputila Vladi povodom podno\u0161enja aplikacije za ?lanstvo u EU bila je od srca i motivisana ?injenicom da ?e u procesu pribli\u017eavanja Evropi dr\u017eava morati da vrati Ulcinju ingerencije koje je izgubio na Adi, Velikoj pla\u017ei, Valdanosu i drugim mjestima &#8211; kazao je Cakuli.<br \/>\n<strong>S.A<br \/>\nIzvor \/ Vijesti<\/strong><\/p>\n","protected":false},"excerpt":{"rendered":"<p>Zbog mene neki imaju kompleks Ulcinj &#8211; Na osnovu revizorskog izvje\u0161taja koji je obavila podgori?ka firma \u201eReviko\u201c, odbornici ulcinjske Skup\u0161tine ju?e su, ve?inom glasova, usvojili predlog zavr\u0161nog ra?una za 2007. U izvje\u0161taju revizora isti?e se generalno pozitivna ocjena o planu prihoda i rashoda za pro\u0161lu godinu, ali se navode i neke manjkavosti, \u0161to je motivisalo [&hellip;]<\/p>\n","protected":false},"author":1,"featured_media":0,"comment_status":"open","ping_status":"closed","sticky":false,"template":"","format":"standard","meta":{"spay_email":"","jetpack_publicize_message":"","jetpack_is_tweetstorm":false,"jetpack_publicize_feature_enabled":true},"categories":[1],"tags":[940,106,2775,5337,5333,5334,5336,5335],"jetpack_publicize_connections":[],"yoast_head":"<!-- This site is optimized with the Yoast SEO plugin v19.1 - https:\/\/yoast.com\/wordpress\/plugins\/seo\/ -->\n<title>Zasjedanje Skup\u0161tine Op\u0161tine Ulcinj obilje\u017eilo izlaganje gradona?elnika Gzima Hajdinage - Lajme nga Ulqini<\/title>\n<meta name=\"description\" content=\"Zbog mene neki imaju kompleks Ulcinj - Na osnovu revizorskog izvje\u0161taja koji je obavila podgori?ka firma \u201eReviko\u201c, odbornici ulcinjske Skup\u0161tine ju?e su,\" \/>\n<meta name=\"robots\" content=\"index, follow, max-snippet:-1, max-image-preview:large, max-video-preview:-1\" \/>\n<link rel=\"canonical\" href=\"https:\/\/www.visit-ulcinj.com\/blog\/2008\/12\/23\/zasjedanje-skupstine-opstine-ulcinj-obiljezilo-izlaganje-gradonacelnika-gzima-hajdinage\/\" \/>\n<meta property=\"og:locale\" content=\"en_US\" \/>\n<meta property=\"og:type\" content=\"article\" \/>\n<meta property=\"og:title\" content=\"Zasjedanje Skup\u0161tine Op\u0161tine Ulcinj obilje\u017eilo izlaganje gradona?elnika Gzima Hajdinage - Lajme nga Ulqini\" \/>\n<meta property=\"og:description\" content=\"Zbog mene neki imaju kompleks Ulcinj - Na osnovu revizorskog izvje\u0161taja koji je obavila podgori?ka firma \u201eReviko\u201c, odbornici ulcinjske Skup\u0161tine ju?e su,\" \/>\n<meta property=\"og:url\" content=\"https:\/\/www.visit-ulcinj.com\/blog\/2008\/12\/23\/zasjedanje-skupstine-opstine-ulcinj-obiljezilo-izlaganje-gradonacelnika-gzima-hajdinage\/\" \/>\n<meta property=\"og:site_name\" content=\"Lajme nga Ulqini\" \/>\n<meta property=\"article:published_time\" content=\"2008-12-23T16:21:25+00:00\" \/>\n<meta property=\"og:image\" content=\"http:\/\/www.visit-ulcinj.com\/blog\/wp-content\/uploads\/2008\/11\/nazif_cungu_forca_ulqin.jpg\" \/>\n<meta name=\"twitter:label1\" content=\"Written by\" \/>\n\t<meta name=\"twitter:data1\" content=\"ulqini\" \/>\n\t<meta name=\"twitter:label2\" content=\"Est. reading time\" \/>\n\t<meta name=\"twitter:data2\" content=\"3 minutes\" \/>\n<script type=\"application\/ld+json\" class=\"yoast-schema-graph\">{\"@context\":\"https:\/\/schema.org\",\"@graph\":[{\"@type\":\"WebSite\",\"@id\":\"https:\/\/www.visit-ulcinj.com\/blog\/#website\",\"url\":\"https:\/\/www.visit-ulcinj.com\/blog\/\",\"name\":\"Lajme nga Ulqini\",\"description\":\"Lajme,Vijesti,Ulqini,Ulqin,Crna Gora,Mali i Zi\",\"potentialAction\":[{\"@type\":\"SearchAction\",\"target\":{\"@type\":\"EntryPoint\",\"urlTemplate\":\"https:\/\/www.visit-ulcinj.com\/blog\/?s={search_term_string}\"},\"query-input\":\"required name=search_term_string\"}],\"inLanguage\":\"en-US\"},{\"@type\":\"ImageObject\",\"inLanguage\":\"en-US\",\"@id\":\"https:\/\/www.visit-ulcinj.com\/blog\/2008\/12\/23\/zasjedanje-skupstine-opstine-ulcinj-obiljezilo-izlaganje-gradonacelnika-gzima-hajdinage\/#primaryimage\",\"url\":\"http:\/\/www.visit-ulcinj.com\/blog\/wp-content\/uploads\/2008\/11\/nazif_cungu_forca_ulqin.jpg\",\"contentUrl\":\"http:\/\/www.visit-ulcinj.com\/blog\/wp-content\/uploads\/2008\/11\/nazif_cungu_forca_ulqin.jpg\"},{\"@type\":\"WebPage\",\"@id\":\"https:\/\/www.visit-ulcinj.com\/blog\/2008\/12\/23\/zasjedanje-skupstine-opstine-ulcinj-obiljezilo-izlaganje-gradonacelnika-gzima-hajdinage\/#webpage\",\"url\":\"https:\/\/www.visit-ulcinj.com\/blog\/2008\/12\/23\/zasjedanje-skupstine-opstine-ulcinj-obiljezilo-izlaganje-gradonacelnika-gzima-hajdinage\/\",\"name\":\"Zasjedanje Skup\u0161tine Op\u0161tine Ulcinj obilje\u017eilo izlaganje gradona?elnika Gzima Hajdinage - Lajme nga Ulqini\",\"isPartOf\":{\"@id\":\"https:\/\/www.visit-ulcinj.com\/blog\/#website\"},\"primaryImageOfPage\":{\"@id\":\"https:\/\/www.visit-ulcinj.com\/blog\/2008\/12\/23\/zasjedanje-skupstine-opstine-ulcinj-obiljezilo-izlaganje-gradonacelnika-gzima-hajdinage\/#primaryimage\"},\"datePublished\":\"2008-12-23T16:21:25+00:00\",\"dateModified\":\"2008-12-23T16:21:25+00:00\",\"author\":{\"@id\":\"https:\/\/www.visit-ulcinj.com\/blog\/#\/schema\/person\/dcab619c614d3038751c63bc2aadc06d\"},\"description\":\"Zbog mene neki imaju kompleks Ulcinj - Na osnovu revizorskog izvje\u0161taja koji je obavila podgori?ka firma \u201eReviko\u201c, odbornici ulcinjske Skup\u0161tine ju?e su,\",\"breadcrumb\":{\"@id\":\"https:\/\/www.visit-ulcinj.com\/blog\/2008\/12\/23\/zasjedanje-skupstine-opstine-ulcinj-obiljezilo-izlaganje-gradonacelnika-gzima-hajdinage\/#breadcrumb\"},\"inLanguage\":\"en-US\",\"potentialAction\":[{\"@type\":\"ReadAction\",\"target\":[\"https:\/\/www.visit-ulcinj.com\/blog\/2008\/12\/23\/zasjedanje-skupstine-opstine-ulcinj-obiljezilo-izlaganje-gradonacelnika-gzima-hajdinage\/\"]}]},{\"@type\":\"BreadcrumbList\",\"@id\":\"https:\/\/www.visit-ulcinj.com\/blog\/2008\/12\/23\/zasjedanje-skupstine-opstine-ulcinj-obiljezilo-izlaganje-gradonacelnika-gzima-hajdinage\/#breadcrumb\",\"itemListElement\":[{\"@type\":\"ListItem\",\"position\":1,\"name\":\"Zasjedanje Skup\u0161tine Op\u0161tine Ulcinj obilje\u017eilo izlaganje gradona?elnika Gzima Hajdinage\"}]},{\"@type\":\"Person\",\"@id\":\"https:\/\/www.visit-ulcinj.com\/blog\/#\/schema\/person\/dcab619c614d3038751c63bc2aadc06d\",\"name\":\"ulqini\",\"sameAs\":[\"http:\/\/www.visit-ulcinj.com\"],\"url\":\"https:\/\/www.visit-ulcinj.com\/blog\/author\/admin\/\"}]}<\/script>\n<!-- \/ Yoast SEO plugin. -->","yoast_head_json":{"title":"Zasjedanje Skup\u0161tine Op\u0161tine Ulcinj obilje\u017eilo izlaganje gradona?elnika Gzima Hajdinage - Lajme nga Ulqini","description":"Zbog mene neki imaju kompleks Ulcinj - Na osnovu revizorskog izvje\u0161taja koji je obavila podgori?ka firma \u201eReviko\u201c, odbornici ulcinjske Skup\u0161tine ju?e su,","robots":{"index":"index","follow":"follow","max-snippet":"max-snippet:-1","max-image-preview":"max-image-preview:large","max-video-preview":"max-video-preview:-1"},"canonical":"https:\/\/www.visit-ulcinj.com\/blog\/2008\/12\/23\/zasjedanje-skupstine-opstine-ulcinj-obiljezilo-izlaganje-gradonacelnika-gzima-hajdinage\/","og_locale":"en_US","og_type":"article","og_title":"Zasjedanje Skup\u0161tine Op\u0161tine Ulcinj obilje\u017eilo izlaganje gradona?elnika Gzima Hajdinage - Lajme nga Ulqini","og_description":"Zbog mene neki imaju kompleks Ulcinj - Na osnovu revizorskog izvje\u0161taja koji je obavila podgori?ka firma \u201eReviko\u201c, odbornici ulcinjske Skup\u0161tine ju?e su,","og_url":"https:\/\/www.visit-ulcinj.com\/blog\/2008\/12\/23\/zasjedanje-skupstine-opstine-ulcinj-obiljezilo-izlaganje-gradonacelnika-gzima-hajdinage\/","og_site_name":"Lajme nga Ulqini","article_published_time":"2008-12-23T16:21:25+00:00","og_image":[{"url":"http:\/\/www.visit-ulcinj.com\/blog\/wp-content\/uploads\/2008\/11\/nazif_cungu_forca_ulqin.jpg"}],"twitter_misc":{"Written by":"ulqini","Est. reading time":"3 minutes"},"schema":{"@context":"https:\/\/schema.org","@graph":[{"@type":"WebSite","@id":"https:\/\/www.visit-ulcinj.com\/blog\/#website","url":"https:\/\/www.visit-ulcinj.com\/blog\/","name":"Lajme nga Ulqini","description":"Lajme,Vijesti,Ulqini,Ulqin,Crna Gora,Mali i Zi","potentialAction":[{"@type":"SearchAction","target":{"@type":"EntryPoint","urlTemplate":"https:\/\/www.visit-ulcinj.com\/blog\/?s={search_term_string}"},"query-input":"required name=search_term_string"}],"inLanguage":"en-US"},{"@type":"ImageObject","inLanguage":"en-US","@id":"https:\/\/www.visit-ulcinj.com\/blog\/2008\/12\/23\/zasjedanje-skupstine-opstine-ulcinj-obiljezilo-izlaganje-gradonacelnika-gzima-hajdinage\/#primaryimage","url":"http:\/\/www.visit-ulcinj.com\/blog\/wp-content\/uploads\/2008\/11\/nazif_cungu_forca_ulqin.jpg","contentUrl":"http:\/\/www.visit-ulcinj.com\/blog\/wp-content\/uploads\/2008\/11\/nazif_cungu_forca_ulqin.jpg"},{"@type":"WebPage","@id":"https:\/\/www.visit-ulcinj.com\/blog\/2008\/12\/23\/zasjedanje-skupstine-opstine-ulcinj-obiljezilo-izlaganje-gradonacelnika-gzima-hajdinage\/#webpage","url":"https:\/\/www.visit-ulcinj.com\/blog\/2008\/12\/23\/zasjedanje-skupstine-opstine-ulcinj-obiljezilo-izlaganje-gradonacelnika-gzima-hajdinage\/","name":"Zasjedanje Skup\u0161tine Op\u0161tine Ulcinj obilje\u017eilo izlaganje gradona?elnika Gzima Hajdinage - Lajme nga Ulqini","isPartOf":{"@id":"https:\/\/www.visit-ulcinj.com\/blog\/#website"},"primaryImageOfPage":{"@id":"https:\/\/www.visit-ulcinj.com\/blog\/2008\/12\/23\/zasjedanje-skupstine-opstine-ulcinj-obiljezilo-izlaganje-gradonacelnika-gzima-hajdinage\/#primaryimage"},"datePublished":"2008-12-23T16:21:25+00:00","dateModified":"2008-12-23T16:21:25+00:00","author":{"@id":"https:\/\/www.visit-ulcinj.com\/blog\/#\/schema\/person\/dcab619c614d3038751c63bc2aadc06d"},"description":"Zbog mene neki imaju kompleks Ulcinj - Na osnovu revizorskog izvje\u0161taja koji je obavila podgori?ka firma \u201eReviko\u201c, odbornici ulcinjske Skup\u0161tine ju?e su,","breadcrumb":{"@id":"https:\/\/www.visit-ulcinj.com\/blog\/2008\/12\/23\/zasjedanje-skupstine-opstine-ulcinj-obiljezilo-izlaganje-gradonacelnika-gzima-hajdinage\/#breadcrumb"},"inLanguage":"en-US","potentialAction":[{"@type":"ReadAction","target":["https:\/\/www.visit-ulcinj.com\/blog\/2008\/12\/23\/zasjedanje-skupstine-opstine-ulcinj-obiljezilo-izlaganje-gradonacelnika-gzima-hajdinage\/"]}]},{"@type":"BreadcrumbList","@id":"https:\/\/www.visit-ulcinj.com\/blog\/2008\/12\/23\/zasjedanje-skupstine-opstine-ulcinj-obiljezilo-izlaganje-gradonacelnika-gzima-hajdinage\/#breadcrumb","itemListElement":[{"@type":"ListItem","position":1,"name":"Zasjedanje Skup\u0161tine Op\u0161tine Ulcinj obilje\u017eilo izlaganje gradona?elnika Gzima Hajdinage"}]},{"@type":"Person","@id":"https:\/\/www.visit-ulcinj.com\/blog\/#\/schema\/person\/dcab619c614d3038751c63bc2aadc06d","name":"ulqini","sameAs":["http:\/\/www.visit-ulcinj.com"],"url":"https:\/\/www.visit-ulcinj.com\/blog\/author\/admin\/"}]}},"jetpack_featured_media_url":"","jetpack_sharing_enabled":true,"jetpack_shortlink":"https:\/\/wp.me\/pe6lTn-1XZ","_links":{"self":[{"href":"https:\/\/www.visit-ulcinj.com\/blog\/wp-json\/wp\/v2\/posts\/7563"}],"collection":[{"href":"https:\/\/www.visit-ulcinj.com\/blog\/wp-json\/wp\/v2\/posts"}],"about":[{"href":"https:\/\/www.visit-ulcinj.com\/blog\/wp-json\/wp\/v2\/types\/post"}],"author":[{"embeddable":true,"href":"https:\/\/www.visit-ulcinj.com\/blog\/wp-json\/wp\/v2\/users\/1"}],"replies":[{"embeddable":true,"href":"https:\/\/www.visit-ulcinj.com\/blog\/wp-json\/wp\/v2\/comments?post=7563"}],"version-history":[{"count":0,"href":"https:\/\/www.visit-ulcinj.com\/blog\/wp-json\/wp\/v2\/posts\/7563\/revisions"}],"wp:attachment":[{"href":"https:\/\/www.visit-ulcinj.com\/blog\/wp-json\/wp\/v2\/media?parent=7563"}],"wp:term":[{"taxonomy":"category","embeddable":true,"href":"https:\/\/www.visit-ulcinj.com\/blog\/wp-json\/wp\/v2\/categories?post=7563"},{"taxonomy":"post_tag","embeddable":true,"href":"https:\/\/www.visit-ulcinj.com\/blog\/wp-json\/wp\/v2\/tags?post=7563"}],"curies":[{"name":"wp","href":"https:\/\/api.w.org\/{rel}","templated":true}]}}