{"id":7566,"date":"2008-12-23T17:59:57","date_gmt":"2008-12-23T16:59:57","guid":{"rendered":"http:\/\/www.visit-ulcinj.com\/blog\/?p=7566"},"modified":"2008-12-23T17:59:57","modified_gmt":"2008-12-23T16:59:57","slug":"zhulalit-i-shpaguhet-borxhi","status":"publish","type":"post","link":"https:\/\/www.visit-ulcinj.com\/blog\/2008\/12\/23\/zhulalit-i-shpaguhet-borxhi\/","title":{"rendered":"Zhulalit i shpaguhet borxhi"},"content":{"rendered":"<p><a title=\"Kejsi Tola\" href=\"http:\/\/www.visit-ulcinj.com\/blog\/wp-content\/uploads\/2008\/12\/fituesja-e-festivalit-te-rtsh-se-kejsi-tola.jpg\" target=\"_self\"><img loading=\"lazy\" class=\"alignleft size-full wp-image-7567\" title=\"fituesja-e-festivalit-te-rtsh-se-kejsi-tola\" src=\"http:\/\/www.visit-ulcinj.com\/blog\/wp-content\/uploads\/2008\/12\/fituesja-e-festivalit-te-rtsh-se-kejsi-tola.jpg\" alt=\"fituesja-e-festivalit-te-rtsh-se-kejsi-tola\" width=\"326\" height=\"196\" \/><\/a>K\u00ebnga e Kejsi Tola \u201cM\u00eb merr n\u00eb \u00ebnd\u00ebrr\u201d nuk ishte asgj\u00eb m\u00eb shum\u00eb se p\u00ebrs\u00ebritje e t\u00eb nj\u00ebjtit zhan\u00ebr q\u00eb dy kosovaret Doruntina Disha dhe Flaka Krelani kishin k\u00ebnduar vitin e kaluar. Madje k\u00ebnga kishte t\u00eb nj\u00ebjtin autor, Agim Do\u00e7in dhe Edmond Zhulalin si kompozitor.<br \/>\nFestivali i 46-t\u00eb i K\u00ebng\u00ebs n\u00eb Radio Televizionin Shqiptar (RTSH) nuk ka ndryshuar shum\u00eb n\u00eb pik\u00ebpamje skenike, por edhe t\u00eb prurjeve t\u00eb ndryshme artistike. Edhe n\u00eb k\u00ebt\u00eb vit kemi pasur t\u00eb nj\u00ebjtin zhan\u00ebr q\u00eb e kan\u00eb p\u00ebrdorur t\u00eb k\u00ebng\u00ebtar\u00ebve t\u00eb Shqip\u00ebris\u00eb, i cili zhan\u00ebr m\u00eb shum\u00eb shkon drejt muzik\u00ebs se leht\u00eb, por edhe t\u00eb muzik\u00ebs pop. K\u00ebt\u00eb vit fitues doli ish-etheistja Kejsi Tola me k\u00ebng\u00ebn \u201cM\u00eb merr n\u00eb \u00ebnd\u00ebrr\u201d, e cila p\u00ebr autor mban Edmond Zhulalin, kurse tekstshkrues ka poetin Agim Do\u00e7i, i cili para nj\u00eb jave kishte fituar 3000 euro n\u00eb emisionin \u201cKush do t\u00eb b\u00ebhet Milioner\u201d. Ndoshta k\u00ebnga fituese do t\u00eb jet\u00eb nj\u00eb shpagim p\u00ebr vitin e kaluar kur t\u00eb nj\u00ebjtit autor\u00eb besonin se an\u00ebtar\u00ebt e juris\u00eb i kishin shantazhuar. Ata kishin aranzhuar k\u00ebng\u00ebn \u201cJeta k\u00ebrkon dashuri\u201d t\u00eb Flaka Krelanit dhe Doruntina Dish\u00ebs, por kishin hasur n\u00eb gozhd\u00eb t\u00eb fort\u00eb t\u00eb Alban Skenderajt, i cili kishte votuar kund\u00ebr dy kosovar\u00ebve duke ua dh\u00ebn\u00eb atyre vet\u00ebm nga nj\u00eb pik\u00eb.<\/p>\n<p><strong>Dominon muzika pop dhe ajo e leht\u00eb<\/strong><\/p>\n<p>Pas Kejsi Tol\u00ebs n\u00eb vendin e tret\u00eb t\u00eb festivalit \u00ebsht\u00eb renditur k\u00ebnga e West Side Family, k\u00ebng\u00eb kjo q\u00eb ka qen\u00eb n\u00eb mes t\u00eb zhanrit rep dhe pop, por e p\u00ebrzier edhe me elemente folklorike. Kjo k\u00ebng\u00eb deri n\u00eb momentin e fundit ishte n\u00eb vendin e dyt\u00eb, por d\u00ebshtoi tek an\u00ebtari i fundit i juris\u00eb, gj\u00eb q\u00eb ndikoi q\u00eb n\u00eb vendin e par\u00eb t\u00eb ngjitet etheistja Kejsi Tola. Vendi i dyt\u00eb i takoi duetit Juliana Pasha-Luiz Ejlli.<\/p>\n<p>Nd\u00ebrkaq, k\u00ebng\u00ebtari i njohur italian, Enrico Ruggeri p\u00ebr festivalin tha. \u201cM\u00eb p\u00eblqeu shum\u00eb festivali. skenografia, dritat, audioja edhe salla ishin t\u00eb bukura. Disa k\u00ebng\u00eb m\u00eb p\u00eblqyen m\u00eb shum\u00eb, disa m\u00eb pak. M\u00eb p\u00eblqyen m\u00eb shum\u00eb ato q\u00eb ishin m\u00eb personale, ku ndjehet kultura shqiptare\u201d. Po ashtu k\u00ebng\u00ebtari italian ka th\u00ebn\u00eb se ka pasur k\u00ebng\u00eb t\u00eb cilat jan\u00eb p\u00ebrpjekur q\u00eb t\u00eb imitojn\u00eb pop-kulturat e ndryshme per\u00ebndimore. \u201cK\u00ebng\u00ebt q\u00eb p\u00ebrpiqen t\u00eb imitojn\u00eb popin gjerman, italian evropian, m\u2019u duk\u00ebn t\u00eb dob\u00ebta. P\u00ebr sa i p\u00ebrket muzik\u00ebs ajo duhet t\u2019i tregoj\u00eb bot\u00ebs se \u00e7far\u00eb \u00ebsht\u00eb Shqip\u00ebria. M\u00eb p\u00eblqeu k\u00ebnga e West Side Family, kishte shum\u00eb Shqip\u00ebri brenda saj\u201d, ka th\u00ebn\u00eb Roggeri.<\/p>\n<p><strong>P\u00ebrqeshje p\u00ebr Shpat Kasapin e parafundit<\/strong><\/p>\n<p>Nuk ka pasur moment kur Shpat Kasapi nuk \u00ebsht\u00eb p\u00ebrqeshur nga publiku tiranas. Me p\u00ebrformimin e k\u00ebng\u00ebs \u201c\u00cbnd\u00ebrr mesdhetare\u201d, Shpat Kasapi \u00ebsht\u00eb renditur n\u00eb pozit\u00ebn e parafundit, nd\u00ebrkaq juria nuk ka ditur ta shp\u00ebrblej\u00eb at\u00eb me dhjet\u00eb pik\u00eb. I vetmi shp\u00ebtimtar i Shpat Kasapit k\u00ebsaj radhe mund t\u00eb konsiderohet kompozitori shqiptar Florent Boshnjaku, pasi q\u00eb i dha atij 9 pik\u00eb. T\u00eb tjer\u00ebt nuk i dhan\u00eb Shpatit m\u00eb shum\u00eb se kat\u00ebr pik\u00eb, nd\u00ebrsa tre prej an\u00ebtareve t\u00eb juris\u00eb e shp\u00ebrblyen at\u00eb me not\u00ebn 1-sh. Shpati ishte kritikuar p\u00ebr k\u00ebng\u00ebn e tij q\u00eb nga shumica e kritik\u00ebve u konsiderua si k\u00ebng\u00eb me motive turke. K\u00ebshtu q\u00eb Shpati b\u00ebn mir\u00eb q\u00eb her\u00ebve tjera t\u00eb k\u00ebndoj\u00eb shqip, n\u00eb m\u00ebnyr\u00eb q\u00eb t\u00eb shp\u00ebtoj\u00eb nga p\u00ebrqeshjet e publikut shqiptar.<\/p>\n<p>Befasia \u2013 Elsa dhe Toni<\/p>\n<p>Befasia m\u00eb e k\u00ebndshme e k\u00ebtij festivali ishte padyshim valltari i njohur amerikano-shqiptar Toni Doverlani, i cili para shikuesve shqiptar\u00eb ka sjell\u00eb momente t\u00eb vall\u00ebzimit \u201cCha-Cha-Cha\u201d amerikan. Kjo ka sjell\u00eb edhe frym\u00ebn e nj\u00eb show televiziv amerikan. Nd\u00ebrkaq, Elsa ka k\u00ebnduar bashk\u00eb me Enrico Ruggeri-in kolon\u00ebn zanore t\u00eb filmit Lindje \u2013 Per\u00ebndim \u2013 Lindje\u201d. K\u00ebng\u00ebn \u201cFluturimi i fundit\u201d, Ruggeri e ka interpretuar n\u00eb duet me Elsa Lil\u00ebn. T\u00eb dy kan\u00eb paralajm\u00ebruar se filmi i Xhuvanit \u00ebsht\u00eb n\u00eb faz\u00ebn e post-produksionit. Titulli origjinal i k\u00ebsaj k\u00ebng\u00eb \u00ebsht\u00eb \u201cVolata Finale\u201d dhe kjo k\u00ebng\u00eb do t\u00eb jet\u00eb pjes\u00eb e albumit t\u00eb Roggeri, q\u00eb do hidhet s\u00eb shpejti n\u00eb treg.<br \/>\n<strong>Ardian Jasiqi<br \/>\nGazeta Express<\/strong><\/p>\n<!--YouTube Error: bad URL entered-->\n","protected":false},"excerpt":{"rendered":"<p>K\u00ebnga e Kejsi Tola \u201cM\u00eb merr n\u00eb \u00ebnd\u00ebrr\u201d nuk ishte asgj\u00eb m\u00eb shum\u00eb se p\u00ebrs\u00ebritje e t\u00eb nj\u00ebjtit zhan\u00ebr q\u00eb dy kosovaret Doruntina Disha dhe Flaka Krelani kishin k\u00ebnduar vitin e kaluar. Madje k\u00ebnga kishte t\u00eb nj\u00ebjtin autor, Agim Do\u00e7in dhe Edmond Zhulalin si kompozitor. Festivali i 46-t\u00eb i K\u00ebng\u00ebs n\u00eb Radio Televizionin Shqiptar (RTSH) [&hellip;]<\/p>\n","protected":false},"author":1,"featured_media":0,"comment_status":"open","ping_status":"closed","sticky":false,"template":"","format":"standard","meta":{"spay_email":"","jetpack_publicize_message":"","jetpack_is_tweetstorm":false,"jetpack_publicize_feature_enabled":true},"categories":[1],"tags":[5339,5338],"jetpack_publicize_connections":[],"yoast_head":"<!-- This site is optimized with the Yoast SEO plugin v19.1 - https:\/\/yoast.com\/wordpress\/plugins\/seo\/ -->\n<title>Zhulalit i shpaguhet borxhi - Lajme nga Ulqini<\/title>\n<meta name=\"description\" content=\"K\u00ebnga e Kejsi Tola \u201cM\u00eb merr n\u00eb \u00ebnd\u00ebrr\u201d nuk ishte asgj\u00eb m\u00eb shum\u00eb se p\u00ebrs\u00ebritje e t\u00eb nj\u00ebjtit zhan\u00ebr q\u00eb dy kosovaret Doruntina Disha dhe Flaka Krelani kishin\" \/>\n<meta name=\"robots\" content=\"index, follow, max-snippet:-1, max-image-preview:large, max-video-preview:-1\" \/>\n<link rel=\"canonical\" href=\"https:\/\/www.visit-ulcinj.com\/blog\/2008\/12\/23\/zhulalit-i-shpaguhet-borxhi\/\" \/>\n<meta property=\"og:locale\" content=\"en_US\" \/>\n<meta property=\"og:type\" content=\"article\" \/>\n<meta property=\"og:title\" content=\"Zhulalit i shpaguhet borxhi - Lajme nga Ulqini\" \/>\n<meta property=\"og:description\" content=\"K\u00ebnga e Kejsi Tola \u201cM\u00eb merr n\u00eb \u00ebnd\u00ebrr\u201d nuk ishte asgj\u00eb m\u00eb shum\u00eb se p\u00ebrs\u00ebritje e t\u00eb nj\u00ebjtit zhan\u00ebr q\u00eb dy kosovaret Doruntina Disha dhe Flaka Krelani kishin\" \/>\n<meta property=\"og:url\" content=\"https:\/\/www.visit-ulcinj.com\/blog\/2008\/12\/23\/zhulalit-i-shpaguhet-borxhi\/\" \/>\n<meta property=\"og:site_name\" content=\"Lajme nga Ulqini\" \/>\n<meta property=\"article:published_time\" content=\"2008-12-23T16:59:57+00:00\" \/>\n<meta property=\"og:image\" content=\"http:\/\/www.visit-ulcinj.com\/blog\/wp-content\/uploads\/2008\/12\/fituesja-e-festivalit-te-rtsh-se-kejsi-tola.jpg\" \/>\n<meta name=\"twitter:label1\" content=\"Written by\" \/>\n\t<meta name=\"twitter:data1\" content=\"ulqini\" \/>\n\t<meta name=\"twitter:label2\" content=\"Est. reading time\" \/>\n\t<meta name=\"twitter:data2\" content=\"4 minutes\" \/>\n<script type=\"application\/ld+json\" class=\"yoast-schema-graph\">{\"@context\":\"https:\/\/schema.org\",\"@graph\":[{\"@type\":\"WebSite\",\"@id\":\"https:\/\/www.visit-ulcinj.com\/blog\/#website\",\"url\":\"https:\/\/www.visit-ulcinj.com\/blog\/\",\"name\":\"Lajme nga Ulqini\",\"description\":\"Lajme,Vijesti,Ulqini,Ulqin,Crna Gora,Mali i Zi\",\"potentialAction\":[{\"@type\":\"SearchAction\",\"target\":{\"@type\":\"EntryPoint\",\"urlTemplate\":\"https:\/\/www.visit-ulcinj.com\/blog\/?s={search_term_string}\"},\"query-input\":\"required name=search_term_string\"}],\"inLanguage\":\"en-US\"},{\"@type\":\"ImageObject\",\"inLanguage\":\"en-US\",\"@id\":\"https:\/\/www.visit-ulcinj.com\/blog\/2008\/12\/23\/zhulalit-i-shpaguhet-borxhi\/#primaryimage\",\"url\":\"http:\/\/www.visit-ulcinj.com\/blog\/wp-content\/uploads\/2008\/12\/fituesja-e-festivalit-te-rtsh-se-kejsi-tola.jpg\",\"contentUrl\":\"http:\/\/www.visit-ulcinj.com\/blog\/wp-content\/uploads\/2008\/12\/fituesja-e-festivalit-te-rtsh-se-kejsi-tola.jpg\"},{\"@type\":\"WebPage\",\"@id\":\"https:\/\/www.visit-ulcinj.com\/blog\/2008\/12\/23\/zhulalit-i-shpaguhet-borxhi\/#webpage\",\"url\":\"https:\/\/www.visit-ulcinj.com\/blog\/2008\/12\/23\/zhulalit-i-shpaguhet-borxhi\/\",\"name\":\"Zhulalit i shpaguhet borxhi - Lajme nga Ulqini\",\"isPartOf\":{\"@id\":\"https:\/\/www.visit-ulcinj.com\/blog\/#website\"},\"primaryImageOfPage\":{\"@id\":\"https:\/\/www.visit-ulcinj.com\/blog\/2008\/12\/23\/zhulalit-i-shpaguhet-borxhi\/#primaryimage\"},\"datePublished\":\"2008-12-23T16:59:57+00:00\",\"dateModified\":\"2008-12-23T16:59:57+00:00\",\"author\":{\"@id\":\"https:\/\/www.visit-ulcinj.com\/blog\/#\/schema\/person\/dcab619c614d3038751c63bc2aadc06d\"},\"description\":\"K\u00ebnga e Kejsi Tola \u201cM\u00eb merr n\u00eb \u00ebnd\u00ebrr\u201d nuk ishte asgj\u00eb m\u00eb shum\u00eb se p\u00ebrs\u00ebritje e t\u00eb nj\u00ebjtit zhan\u00ebr q\u00eb dy kosovaret Doruntina Disha dhe Flaka Krelani kishin\",\"breadcrumb\":{\"@id\":\"https:\/\/www.visit-ulcinj.com\/blog\/2008\/12\/23\/zhulalit-i-shpaguhet-borxhi\/#breadcrumb\"},\"inLanguage\":\"en-US\",\"potentialAction\":[{\"@type\":\"ReadAction\",\"target\":[\"https:\/\/www.visit-ulcinj.com\/blog\/2008\/12\/23\/zhulalit-i-shpaguhet-borxhi\/\"]}]},{\"@type\":\"BreadcrumbList\",\"@id\":\"https:\/\/www.visit-ulcinj.com\/blog\/2008\/12\/23\/zhulalit-i-shpaguhet-borxhi\/#breadcrumb\",\"itemListElement\":[{\"@type\":\"ListItem\",\"position\":1,\"name\":\"Zhulalit i shpaguhet borxhi\"}]},{\"@type\":\"Person\",\"@id\":\"https:\/\/www.visit-ulcinj.com\/blog\/#\/schema\/person\/dcab619c614d3038751c63bc2aadc06d\",\"name\":\"ulqini\",\"sameAs\":[\"http:\/\/www.visit-ulcinj.com\"],\"url\":\"https:\/\/www.visit-ulcinj.com\/blog\/author\/admin\/\"}]}<\/script>\n<!-- \/ Yoast SEO plugin. -->","yoast_head_json":{"title":"Zhulalit i shpaguhet borxhi - Lajme nga Ulqini","description":"K\u00ebnga e Kejsi Tola \u201cM\u00eb merr n\u00eb \u00ebnd\u00ebrr\u201d nuk ishte asgj\u00eb m\u00eb shum\u00eb se p\u00ebrs\u00ebritje e t\u00eb nj\u00ebjtit zhan\u00ebr q\u00eb dy kosovaret Doruntina Disha dhe Flaka Krelani kishin","robots":{"index":"index","follow":"follow","max-snippet":"max-snippet:-1","max-image-preview":"max-image-preview:large","max-video-preview":"max-video-preview:-1"},"canonical":"https:\/\/www.visit-ulcinj.com\/blog\/2008\/12\/23\/zhulalit-i-shpaguhet-borxhi\/","og_locale":"en_US","og_type":"article","og_title":"Zhulalit i shpaguhet borxhi - Lajme nga Ulqini","og_description":"K\u00ebnga e Kejsi Tola \u201cM\u00eb merr n\u00eb \u00ebnd\u00ebrr\u201d nuk ishte asgj\u00eb m\u00eb shum\u00eb se p\u00ebrs\u00ebritje e t\u00eb nj\u00ebjtit zhan\u00ebr q\u00eb dy kosovaret Doruntina Disha dhe Flaka Krelani kishin","og_url":"https:\/\/www.visit-ulcinj.com\/blog\/2008\/12\/23\/zhulalit-i-shpaguhet-borxhi\/","og_site_name":"Lajme nga Ulqini","article_published_time":"2008-12-23T16:59:57+00:00","og_image":[{"url":"http:\/\/www.visit-ulcinj.com\/blog\/wp-content\/uploads\/2008\/12\/fituesja-e-festivalit-te-rtsh-se-kejsi-tola.jpg"}],"twitter_misc":{"Written by":"ulqini","Est. reading time":"4 minutes"},"schema":{"@context":"https:\/\/schema.org","@graph":[{"@type":"WebSite","@id":"https:\/\/www.visit-ulcinj.com\/blog\/#website","url":"https:\/\/www.visit-ulcinj.com\/blog\/","name":"Lajme nga Ulqini","description":"Lajme,Vijesti,Ulqini,Ulqin,Crna Gora,Mali i Zi","potentialAction":[{"@type":"SearchAction","target":{"@type":"EntryPoint","urlTemplate":"https:\/\/www.visit-ulcinj.com\/blog\/?s={search_term_string}"},"query-input":"required name=search_term_string"}],"inLanguage":"en-US"},{"@type":"ImageObject","inLanguage":"en-US","@id":"https:\/\/www.visit-ulcinj.com\/blog\/2008\/12\/23\/zhulalit-i-shpaguhet-borxhi\/#primaryimage","url":"http:\/\/www.visit-ulcinj.com\/blog\/wp-content\/uploads\/2008\/12\/fituesja-e-festivalit-te-rtsh-se-kejsi-tola.jpg","contentUrl":"http:\/\/www.visit-ulcinj.com\/blog\/wp-content\/uploads\/2008\/12\/fituesja-e-festivalit-te-rtsh-se-kejsi-tola.jpg"},{"@type":"WebPage","@id":"https:\/\/www.visit-ulcinj.com\/blog\/2008\/12\/23\/zhulalit-i-shpaguhet-borxhi\/#webpage","url":"https:\/\/www.visit-ulcinj.com\/blog\/2008\/12\/23\/zhulalit-i-shpaguhet-borxhi\/","name":"Zhulalit i shpaguhet borxhi - Lajme nga Ulqini","isPartOf":{"@id":"https:\/\/www.visit-ulcinj.com\/blog\/#website"},"primaryImageOfPage":{"@id":"https:\/\/www.visit-ulcinj.com\/blog\/2008\/12\/23\/zhulalit-i-shpaguhet-borxhi\/#primaryimage"},"datePublished":"2008-12-23T16:59:57+00:00","dateModified":"2008-12-23T16:59:57+00:00","author":{"@id":"https:\/\/www.visit-ulcinj.com\/blog\/#\/schema\/person\/dcab619c614d3038751c63bc2aadc06d"},"description":"K\u00ebnga e Kejsi Tola \u201cM\u00eb merr n\u00eb \u00ebnd\u00ebrr\u201d nuk ishte asgj\u00eb m\u00eb shum\u00eb se p\u00ebrs\u00ebritje e t\u00eb nj\u00ebjtit zhan\u00ebr q\u00eb dy kosovaret Doruntina Disha dhe Flaka Krelani kishin","breadcrumb":{"@id":"https:\/\/www.visit-ulcinj.com\/blog\/2008\/12\/23\/zhulalit-i-shpaguhet-borxhi\/#breadcrumb"},"inLanguage":"en-US","potentialAction":[{"@type":"ReadAction","target":["https:\/\/www.visit-ulcinj.com\/blog\/2008\/12\/23\/zhulalit-i-shpaguhet-borxhi\/"]}]},{"@type":"BreadcrumbList","@id":"https:\/\/www.visit-ulcinj.com\/blog\/2008\/12\/23\/zhulalit-i-shpaguhet-borxhi\/#breadcrumb","itemListElement":[{"@type":"ListItem","position":1,"name":"Zhulalit i shpaguhet borxhi"}]},{"@type":"Person","@id":"https:\/\/www.visit-ulcinj.com\/blog\/#\/schema\/person\/dcab619c614d3038751c63bc2aadc06d","name":"ulqini","sameAs":["http:\/\/www.visit-ulcinj.com"],"url":"https:\/\/www.visit-ulcinj.com\/blog\/author\/admin\/"}]}},"jetpack_featured_media_url":"","jetpack_sharing_enabled":true,"jetpack_shortlink":"https:\/\/wp.me\/pe6lTn-1Y2","_links":{"self":[{"href":"https:\/\/www.visit-ulcinj.com\/blog\/wp-json\/wp\/v2\/posts\/7566"}],"collection":[{"href":"https:\/\/www.visit-ulcinj.com\/blog\/wp-json\/wp\/v2\/posts"}],"about":[{"href":"https:\/\/www.visit-ulcinj.com\/blog\/wp-json\/wp\/v2\/types\/post"}],"author":[{"embeddable":true,"href":"https:\/\/www.visit-ulcinj.com\/blog\/wp-json\/wp\/v2\/users\/1"}],"replies":[{"embeddable":true,"href":"https:\/\/www.visit-ulcinj.com\/blog\/wp-json\/wp\/v2\/comments?post=7566"}],"version-history":[{"count":0,"href":"https:\/\/www.visit-ulcinj.com\/blog\/wp-json\/wp\/v2\/posts\/7566\/revisions"}],"wp:attachment":[{"href":"https:\/\/www.visit-ulcinj.com\/blog\/wp-json\/wp\/v2\/media?parent=7566"}],"wp:term":[{"taxonomy":"category","embeddable":true,"href":"https:\/\/www.visit-ulcinj.com\/blog\/wp-json\/wp\/v2\/categories?post=7566"},{"taxonomy":"post_tag","embeddable":true,"href":"https:\/\/www.visit-ulcinj.com\/blog\/wp-json\/wp\/v2\/tags?post=7566"}],"curies":[{"name":"wp","href":"https:\/\/api.w.org\/{rel}","templated":true}]}}