{"id":75767,"date":"2013-10-29T14:23:38","date_gmt":"2013-10-29T13:23:38","guid":{"rendered":"http:\/\/www.visit-ulcinj.com\/blog\/?p=75767"},"modified":"2013-10-29T14:23:38","modified_gmt":"2013-10-29T13:23:38","slug":"nrekic-inicijativa-za-skracenje-mandata-12-novembra","status":"publish","type":"post","link":"https:\/\/www.visit-ulcinj.com\/blog\/2013\/10\/29\/nrekic-inicijativa-za-skracenje-mandata-12-novembra\/","title":{"rendered":"Nreki\u0107: Inicijativa za skra\u0107enje mandata 12 novembra"},"content":{"rendered":"<p><strong> <a href=\"http:\/\/www.visit-ulcinj.com\/blog\/wp-content\/uploads\/2013\/10\/Ljoro-Nrekic.jpg\"><img loading=\"lazy\" class=\"alignleft  wp-image-75769\" alt=\"Ljoro Nrekic\" src=\"http:\/\/www.visit-ulcinj.com\/blog\/wp-content\/uploads\/2013\/10\/Ljoro-Nrekic.jpg\" width=\"350\" height=\"274\" \/><\/a>Ulcinj: O skra\u0107enju mandata 12. novembra<\/strong><\/p>\n<p>Kako nezvani\u010dno saznaje Pobjeda, izbori \u0107e najvjerovatnije biti zakazani za 26. januar idu\u0107e godine<\/p>\n<p>ULCINJ \u2013 Vanredna sjednica ulcinjskog parlamenta na kojoj \u0107e jedina ta\u010dka dnevnog reda biti \u2013 inicijativa za skra\u0107enje mandata odbornicima i raspisivanje novih izbora zakazana je 12. novembar, odlu\u010deno je sino\u0107 na kolegijumu skup\u0161tine.<\/p>\n<p>\u0160ef ulcinjskog DPS-a Ljoro Nreki\u0107 u ponedjeljak ujutro je predao inicijativu za skra\u0107enje mandata odbornicima \u00a0predsjedniku skup\u0161tine Ulcinj. Inicijativu su potpisala 22 odbornika iz opozicije i pozicije.<\/p>\n<p>Odmah nakon podno\u0161enja ove inicijative, predsjednik op\u0161tine Ulcinj Nazif Cungu povukao je sve ta\u010dke dnevnog reda.<\/p>\n<p>&#8211; Neke od ta\u010daka sam podnio prije pet mjeseci uklju\u010duju\u0107i i izvje\u0161taj o radu predsjednika op\u0161tine. Potpuno je bespredmetno da sada raspravljamo o redovnim ta\u010dkama kada je kampanja maltene po\u010dela. Izbore treba raspisati \u0161to prije kako bi se nova vlast konstituisala prije po\u010detka priprema za novu ljetnu sezonu \u2013 rekao je Pobjedi predsjednik op\u0161tine Nazif Cungu.<\/p>\n<p>On je kazao da \u0107e nakon odr\u017eavanja sjednice na kojoj \u0107e biti skra\u0107eni mandati odbornicima, do odr\u017eavanja novih izbora biti odr\u017eana redovna sjednica Skup\u0161tine.<\/p>\n<p>Najverovatniji datum izbora je 26. januar, kako nezvani\u010dno saznaje Pobjeda.<\/p>\n<p>Podsje\u0107amo, ulcinjski parlament zasijedao je posljednji put prije 105 dana. Posljednja sjednica je prekinuta 5. jula kada je na dnevnom redu bio izvje\u0161taj o radu predsjednika op\u0161tine. Sjednica je zaklju\u010dena posljednjeg dana jula bez usvajanja pomenutog izvje\u0161taja, a kriza u vladaju\u0107oj koaliciji koju \u010dine partije Forca, SDP, Perspektiva i\u00a0 Demokratska partija postala je o\u010digledna kada je do\u0161lo do te\u0161kih optu\u017ebi izme\u0111u \u010delnika Force, Nazifa Cungua i \u010delnika ulcinjskog SDP-a Selima Resulbegovi\u0107a. Tokom posljednja dva mjeseca sve partije su se u javnosti izjasnile da su za raspisivanje novih izbora.<\/p>\n<p><em><strong> A.\u017d.<\/strong><\/em><\/p>\n<p><strong>Izvor: POBJEDA<\/strong><\/p>\n","protected":false},"excerpt":{"rendered":"<p>Ulcinj: O skra\u0107enju mandata 12. novembra Kako nezvani\u010dno saznaje Pobjeda, izbori \u0107e najvjerovatnije biti zakazani za 26. januar idu\u0107e godine ULCINJ \u2013 Vanredna sjednica ulcinjskog parlamenta na kojoj \u0107e jedina ta\u010dka dnevnog reda biti \u2013 inicijativa za skra\u0107enje mandata odbornicima i raspisivanje novih izbora zakazana je 12. novembar, odlu\u010deno je sino\u0107 na kolegijumu skup\u0161tine. \u0160ef [&hellip;]<\/p>\n","protected":false},"author":1,"featured_media":0,"comment_status":"closed","ping_status":"closed","sticky":false,"template":"","format":"standard","meta":{"spay_email":"","jetpack_publicize_message":"","jetpack_is_tweetstorm":false,"jetpack_publicize_feature_enabled":true},"categories":[8337],"tags":[],"jetpack_publicize_connections":[],"yoast_head":"<!-- This site is optimized with the Yoast SEO plugin v19.1 - https:\/\/yoast.com\/wordpress\/plugins\/seo\/ -->\n<title>Nreki\u0107: Inicijativa za skra\u0107enje mandata 12 novembra - Lajme nga Ulqini<\/title>\n<meta name=\"description\" content=\"Ulcinj: O skra\u0107enju mandata 12. novembra Kako nezvani\u010dno saznaje Pobjeda, izbori \u0107e najvjerovatnije biti zakazani za 26. januar idu\u0107e godine ULCINJ \u2013\" \/>\n<meta name=\"robots\" content=\"index, follow, max-snippet:-1, max-image-preview:large, max-video-preview:-1\" \/>\n<link rel=\"canonical\" href=\"https:\/\/www.visit-ulcinj.com\/blog\/2013\/10\/29\/nrekic-inicijativa-za-skracenje-mandata-12-novembra\/\" \/>\n<meta property=\"og:locale\" content=\"en_US\" \/>\n<meta property=\"og:type\" content=\"article\" \/>\n<meta property=\"og:title\" content=\"Nreki\u0107: Inicijativa za skra\u0107enje mandata 12 novembra - Lajme nga Ulqini\" \/>\n<meta property=\"og:description\" content=\"Ulcinj: O skra\u0107enju mandata 12. novembra Kako nezvani\u010dno saznaje Pobjeda, izbori \u0107e najvjerovatnije biti zakazani za 26. januar idu\u0107e godine ULCINJ \u2013\" \/>\n<meta property=\"og:url\" content=\"https:\/\/www.visit-ulcinj.com\/blog\/2013\/10\/29\/nrekic-inicijativa-za-skracenje-mandata-12-novembra\/\" \/>\n<meta property=\"og:site_name\" content=\"Lajme nga Ulqini\" \/>\n<meta property=\"article:published_time\" content=\"2013-10-29T13:23:38+00:00\" \/>\n<meta property=\"og:image\" content=\"http:\/\/www.visit-ulcinj.com\/blog\/wp-content\/uploads\/2013\/10\/Ljoro-Nrekic.jpg\" \/>\n<meta name=\"twitter:label1\" content=\"Written by\" \/>\n\t<meta name=\"twitter:data1\" content=\"ulqini\" \/>\n\t<meta name=\"twitter:label2\" content=\"Est. reading time\" \/>\n\t<meta name=\"twitter:data2\" content=\"2 minutes\" \/>\n<script type=\"application\/ld+json\" class=\"yoast-schema-graph\">{\"@context\":\"https:\/\/schema.org\",\"@graph\":[{\"@type\":\"WebSite\",\"@id\":\"https:\/\/www.visit-ulcinj.com\/blog\/#website\",\"url\":\"https:\/\/www.visit-ulcinj.com\/blog\/\",\"name\":\"Lajme nga Ulqini\",\"description\":\"Lajme,Vijesti,Ulqini,Ulqin,Crna Gora,Mali i Zi\",\"potentialAction\":[{\"@type\":\"SearchAction\",\"target\":{\"@type\":\"EntryPoint\",\"urlTemplate\":\"https:\/\/www.visit-ulcinj.com\/blog\/?s={search_term_string}\"},\"query-input\":\"required name=search_term_string\"}],\"inLanguage\":\"en-US\"},{\"@type\":\"ImageObject\",\"inLanguage\":\"en-US\",\"@id\":\"https:\/\/www.visit-ulcinj.com\/blog\/2013\/10\/29\/nrekic-inicijativa-za-skracenje-mandata-12-novembra\/#primaryimage\",\"url\":\"https:\/\/www.visit-ulcinj.com\/blog\/wp-content\/uploads\/2013\/10\/Ljoro-Nrekic.jpg\",\"contentUrl\":\"https:\/\/www.visit-ulcinj.com\/blog\/wp-content\/uploads\/2013\/10\/Ljoro-Nrekic.jpg\",\"width\":455,\"height\":274},{\"@type\":\"WebPage\",\"@id\":\"https:\/\/www.visit-ulcinj.com\/blog\/2013\/10\/29\/nrekic-inicijativa-za-skracenje-mandata-12-novembra\/#webpage\",\"url\":\"https:\/\/www.visit-ulcinj.com\/blog\/2013\/10\/29\/nrekic-inicijativa-za-skracenje-mandata-12-novembra\/\",\"name\":\"Nreki\u0107: Inicijativa za skra\u0107enje mandata 12 novembra - Lajme nga Ulqini\",\"isPartOf\":{\"@id\":\"https:\/\/www.visit-ulcinj.com\/blog\/#website\"},\"primaryImageOfPage\":{\"@id\":\"https:\/\/www.visit-ulcinj.com\/blog\/2013\/10\/29\/nrekic-inicijativa-za-skracenje-mandata-12-novembra\/#primaryimage\"},\"datePublished\":\"2013-10-29T13:23:38+00:00\",\"dateModified\":\"2013-10-29T13:23:38+00:00\",\"author\":{\"@id\":\"https:\/\/www.visit-ulcinj.com\/blog\/#\/schema\/person\/dcab619c614d3038751c63bc2aadc06d\"},\"description\":\"Ulcinj: O skra\u0107enju mandata 12. novembra Kako nezvani\u010dno saznaje Pobjeda, izbori \u0107e najvjerovatnije biti zakazani za 26. januar idu\u0107e godine ULCINJ \u2013\",\"breadcrumb\":{\"@id\":\"https:\/\/www.visit-ulcinj.com\/blog\/2013\/10\/29\/nrekic-inicijativa-za-skracenje-mandata-12-novembra\/#breadcrumb\"},\"inLanguage\":\"en-US\",\"potentialAction\":[{\"@type\":\"ReadAction\",\"target\":[\"https:\/\/www.visit-ulcinj.com\/blog\/2013\/10\/29\/nrekic-inicijativa-za-skracenje-mandata-12-novembra\/\"]}]},{\"@type\":\"BreadcrumbList\",\"@id\":\"https:\/\/www.visit-ulcinj.com\/blog\/2013\/10\/29\/nrekic-inicijativa-za-skracenje-mandata-12-novembra\/#breadcrumb\",\"itemListElement\":[{\"@type\":\"ListItem\",\"position\":1,\"name\":\"Nreki\u0107: Inicijativa za skra\u0107enje mandata 12 novembra\"}]},{\"@type\":\"Person\",\"@id\":\"https:\/\/www.visit-ulcinj.com\/blog\/#\/schema\/person\/dcab619c614d3038751c63bc2aadc06d\",\"name\":\"ulqini\",\"sameAs\":[\"http:\/\/www.visit-ulcinj.com\"],\"url\":\"https:\/\/www.visit-ulcinj.com\/blog\/author\/admin\/\"}]}<\/script>\n<!-- \/ Yoast SEO plugin. -->","yoast_head_json":{"title":"Nreki\u0107: Inicijativa za skra\u0107enje mandata 12 novembra - Lajme nga Ulqini","description":"Ulcinj: O skra\u0107enju mandata 12. novembra Kako nezvani\u010dno saznaje Pobjeda, izbori \u0107e najvjerovatnije biti zakazani za 26. januar idu\u0107e godine ULCINJ \u2013","robots":{"index":"index","follow":"follow","max-snippet":"max-snippet:-1","max-image-preview":"max-image-preview:large","max-video-preview":"max-video-preview:-1"},"canonical":"https:\/\/www.visit-ulcinj.com\/blog\/2013\/10\/29\/nrekic-inicijativa-za-skracenje-mandata-12-novembra\/","og_locale":"en_US","og_type":"article","og_title":"Nreki\u0107: Inicijativa za skra\u0107enje mandata 12 novembra - Lajme nga Ulqini","og_description":"Ulcinj: O skra\u0107enju mandata 12. novembra Kako nezvani\u010dno saznaje Pobjeda, izbori \u0107e najvjerovatnije biti zakazani za 26. januar idu\u0107e godine ULCINJ \u2013","og_url":"https:\/\/www.visit-ulcinj.com\/blog\/2013\/10\/29\/nrekic-inicijativa-za-skracenje-mandata-12-novembra\/","og_site_name":"Lajme nga Ulqini","article_published_time":"2013-10-29T13:23:38+00:00","og_image":[{"url":"http:\/\/www.visit-ulcinj.com\/blog\/wp-content\/uploads\/2013\/10\/Ljoro-Nrekic.jpg"}],"twitter_misc":{"Written by":"ulqini","Est. reading time":"2 minutes"},"schema":{"@context":"https:\/\/schema.org","@graph":[{"@type":"WebSite","@id":"https:\/\/www.visit-ulcinj.com\/blog\/#website","url":"https:\/\/www.visit-ulcinj.com\/blog\/","name":"Lajme nga Ulqini","description":"Lajme,Vijesti,Ulqini,Ulqin,Crna Gora,Mali i Zi","potentialAction":[{"@type":"SearchAction","target":{"@type":"EntryPoint","urlTemplate":"https:\/\/www.visit-ulcinj.com\/blog\/?s={search_term_string}"},"query-input":"required name=search_term_string"}],"inLanguage":"en-US"},{"@type":"ImageObject","inLanguage":"en-US","@id":"https:\/\/www.visit-ulcinj.com\/blog\/2013\/10\/29\/nrekic-inicijativa-za-skracenje-mandata-12-novembra\/#primaryimage","url":"https:\/\/www.visit-ulcinj.com\/blog\/wp-content\/uploads\/2013\/10\/Ljoro-Nrekic.jpg","contentUrl":"https:\/\/www.visit-ulcinj.com\/blog\/wp-content\/uploads\/2013\/10\/Ljoro-Nrekic.jpg","width":455,"height":274},{"@type":"WebPage","@id":"https:\/\/www.visit-ulcinj.com\/blog\/2013\/10\/29\/nrekic-inicijativa-za-skracenje-mandata-12-novembra\/#webpage","url":"https:\/\/www.visit-ulcinj.com\/blog\/2013\/10\/29\/nrekic-inicijativa-za-skracenje-mandata-12-novembra\/","name":"Nreki\u0107: Inicijativa za skra\u0107enje mandata 12 novembra - Lajme nga Ulqini","isPartOf":{"@id":"https:\/\/www.visit-ulcinj.com\/blog\/#website"},"primaryImageOfPage":{"@id":"https:\/\/www.visit-ulcinj.com\/blog\/2013\/10\/29\/nrekic-inicijativa-za-skracenje-mandata-12-novembra\/#primaryimage"},"datePublished":"2013-10-29T13:23:38+00:00","dateModified":"2013-10-29T13:23:38+00:00","author":{"@id":"https:\/\/www.visit-ulcinj.com\/blog\/#\/schema\/person\/dcab619c614d3038751c63bc2aadc06d"},"description":"Ulcinj: O skra\u0107enju mandata 12. novembra Kako nezvani\u010dno saznaje Pobjeda, izbori \u0107e najvjerovatnije biti zakazani za 26. januar idu\u0107e godine ULCINJ \u2013","breadcrumb":{"@id":"https:\/\/www.visit-ulcinj.com\/blog\/2013\/10\/29\/nrekic-inicijativa-za-skracenje-mandata-12-novembra\/#breadcrumb"},"inLanguage":"en-US","potentialAction":[{"@type":"ReadAction","target":["https:\/\/www.visit-ulcinj.com\/blog\/2013\/10\/29\/nrekic-inicijativa-za-skracenje-mandata-12-novembra\/"]}]},{"@type":"BreadcrumbList","@id":"https:\/\/www.visit-ulcinj.com\/blog\/2013\/10\/29\/nrekic-inicijativa-za-skracenje-mandata-12-novembra\/#breadcrumb","itemListElement":[{"@type":"ListItem","position":1,"name":"Nreki\u0107: Inicijativa za skra\u0107enje mandata 12 novembra"}]},{"@type":"Person","@id":"https:\/\/www.visit-ulcinj.com\/blog\/#\/schema\/person\/dcab619c614d3038751c63bc2aadc06d","name":"ulqini","sameAs":["http:\/\/www.visit-ulcinj.com"],"url":"https:\/\/www.visit-ulcinj.com\/blog\/author\/admin\/"}]}},"jetpack_featured_media_url":"","jetpack_sharing_enabled":true,"jetpack_shortlink":"https:\/\/wp.me\/pe6lTn-jI3","_links":{"self":[{"href":"https:\/\/www.visit-ulcinj.com\/blog\/wp-json\/wp\/v2\/posts\/75767"}],"collection":[{"href":"https:\/\/www.visit-ulcinj.com\/blog\/wp-json\/wp\/v2\/posts"}],"about":[{"href":"https:\/\/www.visit-ulcinj.com\/blog\/wp-json\/wp\/v2\/types\/post"}],"author":[{"embeddable":true,"href":"https:\/\/www.visit-ulcinj.com\/blog\/wp-json\/wp\/v2\/users\/1"}],"replies":[{"embeddable":true,"href":"https:\/\/www.visit-ulcinj.com\/blog\/wp-json\/wp\/v2\/comments?post=75767"}],"version-history":[{"count":1,"href":"https:\/\/www.visit-ulcinj.com\/blog\/wp-json\/wp\/v2\/posts\/75767\/revisions"}],"predecessor-version":[{"id":75770,"href":"https:\/\/www.visit-ulcinj.com\/blog\/wp-json\/wp\/v2\/posts\/75767\/revisions\/75770"}],"wp:attachment":[{"href":"https:\/\/www.visit-ulcinj.com\/blog\/wp-json\/wp\/v2\/media?parent=75767"}],"wp:term":[{"taxonomy":"category","embeddable":true,"href":"https:\/\/www.visit-ulcinj.com\/blog\/wp-json\/wp\/v2\/categories?post=75767"},{"taxonomy":"post_tag","embeddable":true,"href":"https:\/\/www.visit-ulcinj.com\/blog\/wp-json\/wp\/v2\/tags?post=75767"}],"curies":[{"name":"wp","href":"https:\/\/api.w.org\/{rel}","templated":true}]}}