{"id":75790,"date":"2013-10-30T16:25:44","date_gmt":"2013-10-30T15:25:44","guid":{"rendered":"http:\/\/www.visit-ulcinj.com\/blog\/?p=75790"},"modified":"2013-10-30T19:26:47","modified_gmt":"2013-10-30T18:26:47","slug":"nika-kerkesa-per-thirrjen-e-kuvendit-te-jashtezakonshem-te-komunes-se-ulqinit-mbi-shkurtimin-e-mandatit","status":"publish","type":"post","link":"https:\/\/www.visit-ulcinj.com\/blog\/2013\/10\/30\/nika-kerkesa-per-thirrjen-e-kuvendit-te-jashtezakonshem-te-komunes-se-ulqinit-mbi-shkurtimin-e-mandatit\/","title":{"rendered":"Nika: K\u00ebrkesa p\u00ebr thirrjen e kuvendit  t\u00eb jasht\u00ebzakonsh\u00ebm t\u00eb komun\u00ebs s\u00eb Ulqinit mbi shkurtimin e mandatit"},"content":{"rendered":"<p><b><a href=\"http:\/\/www.visit-ulcinj.com\/blog\/wp-content\/uploads\/2010\/03\/Muhamet-Nika_ULQIN.jpg\"><img loading=\"lazy\" class=\"alignleft  wp-image-30856\" alt=\"Muhamet Nika_ULQIN\" src=\"http:\/\/www.visit-ulcinj.com\/blog\/wp-content\/uploads\/2010\/03\/Muhamet-Nika_ULQIN.jpg\" width=\"350\" height=\"270\" \/><\/a>Shkruan Muhamet\u00a0 Nika<\/b><\/p>\n<p><b><i>K\u00ebrkesa p\u00ebr thirrjen e kuvendit\u00a0 t\u00eb jasht\u00ebzakonsh\u00ebm t\u00eb komun\u00ebs s\u00eb Ulqinit mbi shkurtimin e mandatit<\/i><\/b><\/p>\n<p>K\u00ebtyre dit\u00ebve 22 k\u00ebshilltar\u00ebt e Kuvendit t\u00eb Komun\u00ebs s\u00eb Ulqinit, votuan k\u00ebrkes\u00ebn p\u00ebr t\u2019i shkurtuar mandatin vet\u00eb vet\u00ebs, pas kriz\u00ebs e cila p\u00ebrfshiu partner\u00ebt e koalicionit qeveris\u00ebs\u00a0 q\u00eb ushtrohet nga Forca ,Partia Demokratike dhe Esdp-ja&#8230;<\/p>\n<p>N\u00eb k\u00ebrkes\u00ebn e\u00a0 hartuar dhe t\u00eb iniciuar nga kryetari i DPS-s\u00eb, s\u00eb Ulqinit \u00a0, zoti Loro Ndrekiq thuhet , p\u00ebrve\u00e7 tjerash edhe kjo, se : \u201cAdministrata lokale karakterizohet nga :javashll\u00ebku burokratik, bashk\u00ebpunimi jo i mjaftuesh\u00ebm, mos efikasiteti i zbatimit t\u00eb ligjit, mungesa e dokumentacionit p\u00ebr planifikim, shtimi i numrit t\u00eb pun\u00ebtor\u00ebve, r\u00ebnia e standardit jet\u00ebsor t\u00eb qytetar\u00ebve, shpenzimet tep\u00ebr t\u00eb larta bublike q\u00eb shqet\u00ebsojn\u00eb. Kurse ekonomia e zez\u00eb\u00a0 \u00ebsht\u00eb duke provokuar pun\u00ebn e qeveritar\u00ebve vendor\u00eb dhe shtet\u00ebror\u00eb&#8230;, pastaj proceset e m\u00ebdha\u00a0 t\u00eb l\u00ebnd\u00ebve gjyq\u00ebsore etj,&#8230;.?!!! Duke\u00a0 v\u00ebshtruar \u00e7\u00ebshtjen nga k\u00ebndi yn\u00eb, p\u00ebrmendim nj\u00eb mesele\u00a0\u00a0 e cila na\u00a0 m\u00ebson p\u00ebr at\u00eb q\u00eb n\u00eb popull njihet si \u201cvakia e evgjitit\u201d<\/p>\n<p><b><i>Kur i preu \u201cjevgjiti\u201d\u00a0 koqet&#8230;.?!!!<\/i><\/b><\/p>\n<p>N\u00eb k\u00ebt\u00eb situat\u00eb tep\u00ebr konfuze q\u00eb zot\u00ebron n\u00eb Komun\u00ebn e Ulqinit \u00a0\u00ebsht\u00eb krejt e kuptueshme se kuvendit i takon t\u00eb marr\u00eb hapat e daljes nga kriza. Por sipas praktik\u00ebs\u00a0 q\u00eb ngjan n\u00eb vendet tjera, e q\u00eb e rrok\u00eb edhe logjika, kuvendi, nuk do t\u00eb duhej t\u2019i shkurtonte mandatin vetes , por ekzekutivit.\u00a0 Nd\u00ebrsa, kjo q\u00eb ngjau, \u00a0me kuvend , i bie t\u00eb jet\u00eb si puna e atij jevgjiti, i cili \u00a0p\u00ebr inat t\u00eb shoqes, kur ajo \u00a0e \u00a0tradhtoi ,\u00a0 \u00a0vendosi t\u2019ia pres\u00eb koqet vet\u00ebs&#8230;?!!! Mendojm\u00eb se po t\u2019i pyes\u00ebsh t\u00eb gjith\u00eb votuesit, t\u00eb cil\u00ebt u rrin\u00eb pas k\u00ebshilltar\u00ebve, n\u00ebnshkrues t\u00eb k\u00ebrkes\u00ebs \u00a0p\u00ebr shkurtim\u00a0 t\u00eb mandatit, me siguri q\u00eb as nuk do ta k\u00ebrkonin e as arsyetonin k\u00ebt\u00eb veprim.<\/p>\n<p>Dihet se tre funksionet e kuvendit, kudo n\u00eb bot\u00eb,\u00a0 jan\u00eb\u00a0 p\u00ebrfaq\u00ebsimi i qytetar\u00ebve, nxjerrja e vendimeve dhe kontrolli i pushtetit, krijohet p\u00ebrshtypja se k\u00ebshilltar\u00ebt e k\u00ebtij mandati nuk pat\u00ebn aft\u00ebsi dhe kondicion\u00a0 t\u00eb merren me tre funksionet e parlamentit t\u00eb cilave u kan\u00eb dal\u00eb zot se do t\u2019i kryejn\u00eb. Dhe n\u00ebse atyre,u \u00a0ka ndodhur, sipas asaj q\u00eb njihet n\u00eb popull kur thuhet, se \u201cO n\u00ebne s\u2019jemi p\u00ebr k\u00ebt\u00eb pun\u00eb\u201d, p\u00ebr ta do t\u00eb ishte m\u00eb mir\u00eb q\u00eb t\u00eb gjith\u00eb pa p\u00ebrjashtim, t\u00eb\u00a0 t\u00ebrhiqen nga kandidimi p\u00ebr \u00a0listat e \u00a0ardhshme zgjedhore t\u00eb subjekteve t\u00eb veta.<\/p>\n<p>Tjet\u00ebr, vler\u00ebsimi,\u00a0 kur thuhet n\u00eb k\u00ebrkes\u00eb \u00a0se,\u201d administrata\u00a0 vuan nga\u00a0 burokraci\u201d, si konstatim edhe n\u00ebse \u00ebsht\u00eb k\u00ebshtu, nuk i takon t\u00eb thuhet nga k\u00ebshilltar\u00ebt-kuvendi, sepse ai ka mandat \u00a0p\u00ebr t\u00eb dh\u00ebn\u00eb \u00a0vet\u00ebm vler\u00ebsime politike, p\u00ebrndryshe n\u00ebse ai , \u00a0edhe e voton k\u00ebt\u00eb \u00a0, i bie q\u00eb\u00a0 vler\u00ebsimi t\u00eb anoj\u00eb nga diktatura e dikujt, ose thjesht\u00eb\u00a0 ngjan jet\u00eb shum\u00eb i manipuluar. \u00a0Nd\u00ebrsa,rreth \u00e7\u00ebshtjes\u00a0 s\u00eb burokracis\u00eb,\u00a0 t\u00eb shkeljeve ligjore etj., sipas\u00a0 skem\u00ebs s\u00eb ndarjeve t\u00eb pushteteve n\u00eb Mal t\u00eb Zi, me k\u00ebt\u00eb i takon t\u00eb merret \u00a0prokuroria dhe se \u00a0nuk \u00ebsht\u00eb fare pun\u00eb\u00a0 e kuvendit. Por n\u00ebse dyshohet se \u00a0administrata \u00a0b\u00ebn\u00eb shkelje ligjore&#8230;., kuvendi\u00a0 do t\u00eb duhej t\u00eb p\u00ebrgatis\u00eb\u00a0 raport t\u00eb ve\u00e7ant\u00eb t\u00eb deformimeve eventuale, t\u00eb rrij\u00eb pas tyre, me vot\u00eb,\u00a0 dhe\u00a0 t\u00eb njoftoj\u00eb prokurorin\u00eb p\u00ebr t\u00eb marr\u00eb masat e duhura. P\u00ebr ndryshe, n\u00ebnshkrimi i k\u00ebrkes\u00ebs s\u00eb till\u00eb dhe votimi i saj n\u00eb parlament nga t\u00eb gjith\u00eb k\u00ebshilltar\u00ebt, aktualisht ngjall\u00a0 dyshim&#8230;?!!!<\/p>\n<p><b><i>Cungu si Obama dhe ngjarja n\u00eb Pazar t\u00eb Shkodr\u00ebs&#8230;?!!!<\/i><\/b><\/p>\n<p>Para disa dit\u00ebve, pam\u00eb nj\u00eb\u00a0 ngjarje tep\u00ebr interesante, e cila ndodhi p\u00ebr her\u00eb t\u00eb par\u00eb n\u00eb Amerik\u00eb \u00a0dhe bot\u00eb. Kongresi Amerikan, duke mos pyetur fare p\u00ebr administrat\u00ebn e Obam\u00ebs, vendosi t\u00eb votoj\u00eb vendimin, q\u00eb t\u2019ia pushoj\u00eb nga puna 800 mij\u00eb zyrtar\u00eb federal\u00eb. Kush e hartoi k\u00ebt\u00eb vendim n\u00eb kongres , pak ose aspak \u00a0ka r\u00ebnd\u00ebsi. Por \u00ebsht\u00eb tep\u00ebr e r\u00ebnd\u00ebsishme\u00a0 t\u00eb dihet se kush e hartoi \u00a0k\u00ebrkes\u00ebn p\u00ebr shkurtim t\u00eb mandatit n\u00eb Ulqin&#8230; Athua se \u00a0autori i tekstit, diti ta mbasi\u00a0 si duhet dhe ta vler\u00ebsoj\u00eb \u00a0\u201c n\u00eb sy \u201d, si i thon\u00eb fjal\u00ebs, numrin e k\u00ebpuc\u00ebs (mendojm\u00eb n\u00eb \u00a0\u00a0k\u00ebrkes\u00ebn e nisur)e cila duhet t\u2019i bie partnerit\u00a0 t\u00eb ardhsh\u00ebm pa gabim&#8230;Prandaj, kur flitet p\u00ebr p\u00ebrplasjen \u00a0Cungu, Gjeka, t\u00eb pakt\u00ebn sipas procedur\u00ebs dhe p\u00ebrvoj\u00ebs, k\u00ebrkesa(masa \u00a0e numrit t\u00eb k\u00ebpuc\u00ebs),nuk\u00a0 i takonte t\u00eb dilte nga zyrat e DPS-it. Ajo do t\u00eb duhej t\u00eb dilte nga zyrat e dy partive shqiptare&#8230;, kujdes\u00a0 q\u00eb mos t\u00eb vritet k\u00ebmba pa mas\u00eb &#8230;?!!! Duke vazhduar , shpjegimin, me metafor\u00eb , kujtojm\u00eb opinionin , se vet\u00ebm \u00a0dikur n\u00eb Pazar t\u00eb Shkodr\u00ebs, i kish b\u00ebr\u00eb \u201cvaki\u201d nj\u00eb k\u00ebpucari, t\u00eb dashurohej marr\u00ebzisht n\u00eb nj\u00eb bukuroshe&#8230; dhe\u00a0 t\u00eb cil\u00ebs , momentin e shpalljes s\u00eb dashuris\u00eb , ia \u00a0b\u00ebri n\u00eb m\u00ebnyr\u00eb tep\u00ebr karakteristike&#8230;, thuhetn q\u00eb dit\u00ebn , kur bukuroshja po porosiste k\u00ebpuc\u00ebt te ai, k\u00ebpucari, i tha se, \u201c nuk ka nevoj\u00eb\u00a0 fare ,p\u00ebr matje\u00a0 t\u00eb k\u00ebmb\u00ebs, sepse at\u00eb ta kam matur\u00a0 \u00e7do dit\u00eb n\u00eb sy kur kalon rrug\u00ebs&#8230;\u201d \u00a0k\u00ebt\u00eb ngjarje reale t\u00eb k\u00ebpucarit \u00a0dhe bukuroshes flitet se populli e p\u00ebrjet\u00ebsoi n\u00eb k\u00ebng\u00eb&#8230;Nuk ka fare dyshim se\u00a0 Dps,\u00ebsht\u00eb\u00a0 tep\u00ebr\u00a0 dashuruar si \u201ck\u00ebpucari\u201d, ve\u00e7 q\u00eb \u00a0mbetet t\u00eb dihet se kujt ia ka matur n\u00eb sy &#8211;\u00a0 me \u201c dashuri \u201c k\u00ebmb\u00ebn&#8230;..?!!!.<\/p>\n<p>Edhe pse ndoshta nuk b\u00ebn t\u00eb krahasosh t\u00eb pakrahasueshmen, nuk \u00ebsht\u00eb e tep\u00ebrt p\u00ebr fund t\u00eb cek\u00ebt se fjala bie Kongresi Amerikan i ballafaquar me problem t\u00eb mosfunksionimit t\u00eb administrat\u00ebs federale, vendosi t\u00eb shkarkoj\u00eb nga puna rreth 800 mij\u00eb punonj\u00ebs t\u00eb administrat\u00ebs\u00a0 federale duke marr\u00eb ndoshta edhe ushtrimin e pun\u00ebve t\u00eb saj&#8230;?! P\u00ebr k\u00ebt\u00eb, mund t\u00eb nxirret p\u00ebrfundim, q\u00eb \u00a0\u201cKrijuesi , kudo n\u00eb bot\u00eb , gjithher\u00eb e v\u00eb ose e shkarkon krijes\u00ebn, e kjo gj\u00eb \u00ebsht\u00eb edhe rregull hyjnor&#8230;.\u201d, nd\u00ebrsa k\u00ebtu n\u00eb Ulqin, po duket \u00a0ndodh e .<\/p>\n<p>Ne po vazhdojm\u00eb t\u00eb merremi, n\u00eb mos gabohem , me at\u00eb psikologjin\u00eb , e nj\u00eb personazhi , n\u00eb romanin\u201d Njer\u00ebzit\u201d, t\u00eb Hivzi\u00a0 Sylejmanit, i cili pas shpjegimit q\u00eb b\u00ebn\u00eb komisari i partis\u00eb rreth\u00a0 bot\u00ebkuptimit materialist t\u00eb ekzistenc\u00ebs , kujtohet ta pyes at\u00eb , me q\u00ebllim provokimi, se \u201d kush na qenka m\u00eb\u00a0 e vjet\u00ebr veja apo pula\u201d duke v\u00ebn\u00eb n\u00eb hall komisarin&#8230;<\/p>\n<p>Ky v\u00ebshtrim , me siguri ,edhe pse \u00a0nuk e pati k\u00ebt\u00eb q\u00ebllim, l\u00eb t\u00eb krijohet bindja \u00a0se n\u00eb p\u00ebrplasjen Cungu Gjeka, plasjen po mundohet ta b\u00ebj\u00eb Ndrekiqi, kuptohet,n\u00ebse \u201cQendra\u201d nuk ka ndonj\u00eb plan tjet\u00ebr nga prapaskena e saj , pas kriz\u00ebs s\u00eb vazhdueshme parlamentare , q\u00eb n\u00eb Ulqin, zgjat\u00a0 nga viti 2006&#8230;?!!!<\/p>\n","protected":false},"excerpt":{"rendered":"<p>Shkruan Muhamet\u00a0 Nika K\u00ebrkesa p\u00ebr thirrjen e kuvendit\u00a0 t\u00eb jasht\u00ebzakonsh\u00ebm t\u00eb komun\u00ebs s\u00eb Ulqinit mbi shkurtimin e mandatit K\u00ebtyre dit\u00ebve 22 k\u00ebshilltar\u00ebt e Kuvendit t\u00eb Komun\u00ebs s\u00eb Ulqinit, votuan k\u00ebrkes\u00ebn p\u00ebr t\u2019i shkurtuar mandatin vet\u00eb vet\u00ebs, pas kriz\u00ebs e cila p\u00ebrfshiu partner\u00ebt e koalicionit qeveris\u00ebs\u00a0 q\u00eb ushtrohet nga Forca ,Partia Demokratike dhe Esdp-ja&#8230; N\u00eb k\u00ebrkes\u00ebn [&hellip;]<\/p>\n","protected":false},"author":1,"featured_media":0,"comment_status":"closed","ping_status":"closed","sticky":false,"template":"","format":"standard","meta":{"spay_email":"","jetpack_publicize_message":"","jetpack_is_tweetstorm":false,"jetpack_publicize_feature_enabled":true},"categories":[1,14249],"tags":[],"jetpack_publicize_connections":[],"yoast_head":"<!-- This site is optimized with the Yoast SEO plugin v19.1 - https:\/\/yoast.com\/wordpress\/plugins\/seo\/ -->\n<title>Nika: K\u00ebrkesa p\u00ebr thirrjen e kuvendit t\u00eb jasht\u00ebzakonsh\u00ebm t\u00eb komun\u00ebs s\u00eb Ulqinit mbi shkurtimin e mandatit - Lajme nga Ulqini<\/title>\n<meta name=\"description\" content=\"Shkruan Muhamet\u00a0 Nika K\u00ebrkesa p\u00ebr thirrjen e kuvendit\u00a0 t\u00eb jasht\u00ebzakonsh\u00ebm t\u00eb komun\u00ebs s\u00eb Ulqinit mbi shkurtimin e mandatit K\u00ebtyre dit\u00ebve 22 k\u00ebshilltar\u00ebt e\" \/>\n<meta name=\"robots\" content=\"index, follow, max-snippet:-1, max-image-preview:large, max-video-preview:-1\" \/>\n<link rel=\"canonical\" href=\"https:\/\/www.visit-ulcinj.com\/blog\/2013\/10\/30\/nika-kerkesa-per-thirrjen-e-kuvendit-te-jashtezakonshem-te-komunes-se-ulqinit-mbi-shkurtimin-e-mandatit\/\" \/>\n<meta property=\"og:locale\" content=\"en_US\" \/>\n<meta property=\"og:type\" content=\"article\" \/>\n<meta property=\"og:title\" content=\"Nika: K\u00ebrkesa p\u00ebr thirrjen e kuvendit t\u00eb jasht\u00ebzakonsh\u00ebm t\u00eb komun\u00ebs s\u00eb Ulqinit mbi shkurtimin e mandatit - Lajme nga Ulqini\" \/>\n<meta property=\"og:description\" content=\"Shkruan Muhamet\u00a0 Nika K\u00ebrkesa p\u00ebr thirrjen e kuvendit\u00a0 t\u00eb jasht\u00ebzakonsh\u00ebm t\u00eb komun\u00ebs s\u00eb Ulqinit mbi shkurtimin e mandatit K\u00ebtyre dit\u00ebve 22 k\u00ebshilltar\u00ebt e\" \/>\n<meta property=\"og:url\" content=\"https:\/\/www.visit-ulcinj.com\/blog\/2013\/10\/30\/nika-kerkesa-per-thirrjen-e-kuvendit-te-jashtezakonshem-te-komunes-se-ulqinit-mbi-shkurtimin-e-mandatit\/\" \/>\n<meta property=\"og:site_name\" content=\"Lajme nga Ulqini\" \/>\n<meta property=\"article:published_time\" content=\"2013-10-30T15:25:44+00:00\" \/>\n<meta property=\"article:modified_time\" content=\"2013-10-30T18:26:47+00:00\" \/>\n<meta property=\"og:image\" content=\"http:\/\/www.visit-ulcinj.com\/blog\/wp-content\/uploads\/2010\/03\/Muhamet-Nika_ULQIN.jpg\" \/>\n<meta name=\"twitter:label1\" content=\"Written by\" \/>\n\t<meta name=\"twitter:data1\" content=\"ulqini\" \/>\n\t<meta name=\"twitter:label2\" content=\"Est. reading time\" \/>\n\t<meta name=\"twitter:data2\" content=\"6 minutes\" \/>\n<script type=\"application\/ld+json\" class=\"yoast-schema-graph\">{\"@context\":\"https:\/\/schema.org\",\"@graph\":[{\"@type\":\"WebSite\",\"@id\":\"https:\/\/www.visit-ulcinj.com\/blog\/#website\",\"url\":\"https:\/\/www.visit-ulcinj.com\/blog\/\",\"name\":\"Lajme nga Ulqini\",\"description\":\"Lajme,Vijesti,Ulqini,Ulqin,Crna Gora,Mali i Zi\",\"potentialAction\":[{\"@type\":\"SearchAction\",\"target\":{\"@type\":\"EntryPoint\",\"urlTemplate\":\"https:\/\/www.visit-ulcinj.com\/blog\/?s={search_term_string}\"},\"query-input\":\"required name=search_term_string\"}],\"inLanguage\":\"en-US\"},{\"@type\":\"ImageObject\",\"inLanguage\":\"en-US\",\"@id\":\"https:\/\/www.visit-ulcinj.com\/blog\/2013\/10\/30\/nika-kerkesa-per-thirrjen-e-kuvendit-te-jashtezakonshem-te-komunes-se-ulqinit-mbi-shkurtimin-e-mandatit\/#primaryimage\",\"url\":\"https:\/\/www.visit-ulcinj.com\/blog\/wp-content\/uploads\/2010\/03\/Muhamet-Nika_ULQIN.jpg\",\"contentUrl\":\"https:\/\/www.visit-ulcinj.com\/blog\/wp-content\/uploads\/2010\/03\/Muhamet-Nika_ULQIN.jpg\",\"width\":\"435\",\"height\":\"327\"},{\"@type\":\"WebPage\",\"@id\":\"https:\/\/www.visit-ulcinj.com\/blog\/2013\/10\/30\/nika-kerkesa-per-thirrjen-e-kuvendit-te-jashtezakonshem-te-komunes-se-ulqinit-mbi-shkurtimin-e-mandatit\/#webpage\",\"url\":\"https:\/\/www.visit-ulcinj.com\/blog\/2013\/10\/30\/nika-kerkesa-per-thirrjen-e-kuvendit-te-jashtezakonshem-te-komunes-se-ulqinit-mbi-shkurtimin-e-mandatit\/\",\"name\":\"Nika: K\u00ebrkesa p\u00ebr thirrjen e kuvendit t\u00eb jasht\u00ebzakonsh\u00ebm t\u00eb komun\u00ebs s\u00eb Ulqinit mbi shkurtimin e mandatit - Lajme nga Ulqini\",\"isPartOf\":{\"@id\":\"https:\/\/www.visit-ulcinj.com\/blog\/#website\"},\"primaryImageOfPage\":{\"@id\":\"https:\/\/www.visit-ulcinj.com\/blog\/2013\/10\/30\/nika-kerkesa-per-thirrjen-e-kuvendit-te-jashtezakonshem-te-komunes-se-ulqinit-mbi-shkurtimin-e-mandatit\/#primaryimage\"},\"datePublished\":\"2013-10-30T15:25:44+00:00\",\"dateModified\":\"2013-10-30T18:26:47+00:00\",\"author\":{\"@id\":\"https:\/\/www.visit-ulcinj.com\/blog\/#\/schema\/person\/dcab619c614d3038751c63bc2aadc06d\"},\"description\":\"Shkruan Muhamet\u00a0 Nika K\u00ebrkesa p\u00ebr thirrjen e kuvendit\u00a0 t\u00eb jasht\u00ebzakonsh\u00ebm t\u00eb komun\u00ebs s\u00eb Ulqinit mbi shkurtimin e mandatit K\u00ebtyre dit\u00ebve 22 k\u00ebshilltar\u00ebt e\",\"breadcrumb\":{\"@id\":\"https:\/\/www.visit-ulcinj.com\/blog\/2013\/10\/30\/nika-kerkesa-per-thirrjen-e-kuvendit-te-jashtezakonshem-te-komunes-se-ulqinit-mbi-shkurtimin-e-mandatit\/#breadcrumb\"},\"inLanguage\":\"en-US\",\"potentialAction\":[{\"@type\":\"ReadAction\",\"target\":[\"https:\/\/www.visit-ulcinj.com\/blog\/2013\/10\/30\/nika-kerkesa-per-thirrjen-e-kuvendit-te-jashtezakonshem-te-komunes-se-ulqinit-mbi-shkurtimin-e-mandatit\/\"]}]},{\"@type\":\"BreadcrumbList\",\"@id\":\"https:\/\/www.visit-ulcinj.com\/blog\/2013\/10\/30\/nika-kerkesa-per-thirrjen-e-kuvendit-te-jashtezakonshem-te-komunes-se-ulqinit-mbi-shkurtimin-e-mandatit\/#breadcrumb\",\"itemListElement\":[{\"@type\":\"ListItem\",\"position\":1,\"name\":\"Nika: K\u00ebrkesa p\u00ebr thirrjen e kuvendit t\u00eb jasht\u00ebzakonsh\u00ebm t\u00eb komun\u00ebs s\u00eb Ulqinit mbi shkurtimin e mandatit\"}]},{\"@type\":\"Person\",\"@id\":\"https:\/\/www.visit-ulcinj.com\/blog\/#\/schema\/person\/dcab619c614d3038751c63bc2aadc06d\",\"name\":\"ulqini\",\"sameAs\":[\"http:\/\/www.visit-ulcinj.com\"],\"url\":\"https:\/\/www.visit-ulcinj.com\/blog\/author\/admin\/\"}]}<\/script>\n<!-- \/ Yoast SEO plugin. -->","yoast_head_json":{"title":"Nika: K\u00ebrkesa p\u00ebr thirrjen e kuvendit t\u00eb jasht\u00ebzakonsh\u00ebm t\u00eb komun\u00ebs s\u00eb Ulqinit mbi shkurtimin e mandatit - Lajme nga Ulqini","description":"Shkruan Muhamet\u00a0 Nika K\u00ebrkesa p\u00ebr thirrjen e kuvendit\u00a0 t\u00eb jasht\u00ebzakonsh\u00ebm t\u00eb komun\u00ebs s\u00eb Ulqinit mbi shkurtimin e mandatit K\u00ebtyre dit\u00ebve 22 k\u00ebshilltar\u00ebt e","robots":{"index":"index","follow":"follow","max-snippet":"max-snippet:-1","max-image-preview":"max-image-preview:large","max-video-preview":"max-video-preview:-1"},"canonical":"https:\/\/www.visit-ulcinj.com\/blog\/2013\/10\/30\/nika-kerkesa-per-thirrjen-e-kuvendit-te-jashtezakonshem-te-komunes-se-ulqinit-mbi-shkurtimin-e-mandatit\/","og_locale":"en_US","og_type":"article","og_title":"Nika: K\u00ebrkesa p\u00ebr thirrjen e kuvendit t\u00eb jasht\u00ebzakonsh\u00ebm t\u00eb komun\u00ebs s\u00eb Ulqinit mbi shkurtimin e mandatit - Lajme nga Ulqini","og_description":"Shkruan Muhamet\u00a0 Nika K\u00ebrkesa p\u00ebr thirrjen e kuvendit\u00a0 t\u00eb jasht\u00ebzakonsh\u00ebm t\u00eb komun\u00ebs s\u00eb Ulqinit mbi shkurtimin e mandatit K\u00ebtyre dit\u00ebve 22 k\u00ebshilltar\u00ebt e","og_url":"https:\/\/www.visit-ulcinj.com\/blog\/2013\/10\/30\/nika-kerkesa-per-thirrjen-e-kuvendit-te-jashtezakonshem-te-komunes-se-ulqinit-mbi-shkurtimin-e-mandatit\/","og_site_name":"Lajme nga Ulqini","article_published_time":"2013-10-30T15:25:44+00:00","article_modified_time":"2013-10-30T18:26:47+00:00","og_image":[{"url":"http:\/\/www.visit-ulcinj.com\/blog\/wp-content\/uploads\/2010\/03\/Muhamet-Nika_ULQIN.jpg"}],"twitter_misc":{"Written by":"ulqini","Est. reading time":"6 minutes"},"schema":{"@context":"https:\/\/schema.org","@graph":[{"@type":"WebSite","@id":"https:\/\/www.visit-ulcinj.com\/blog\/#website","url":"https:\/\/www.visit-ulcinj.com\/blog\/","name":"Lajme nga Ulqini","description":"Lajme,Vijesti,Ulqini,Ulqin,Crna Gora,Mali i Zi","potentialAction":[{"@type":"SearchAction","target":{"@type":"EntryPoint","urlTemplate":"https:\/\/www.visit-ulcinj.com\/blog\/?s={search_term_string}"},"query-input":"required name=search_term_string"}],"inLanguage":"en-US"},{"@type":"ImageObject","inLanguage":"en-US","@id":"https:\/\/www.visit-ulcinj.com\/blog\/2013\/10\/30\/nika-kerkesa-per-thirrjen-e-kuvendit-te-jashtezakonshem-te-komunes-se-ulqinit-mbi-shkurtimin-e-mandatit\/#primaryimage","url":"https:\/\/www.visit-ulcinj.com\/blog\/wp-content\/uploads\/2010\/03\/Muhamet-Nika_ULQIN.jpg","contentUrl":"https:\/\/www.visit-ulcinj.com\/blog\/wp-content\/uploads\/2010\/03\/Muhamet-Nika_ULQIN.jpg","width":"435","height":"327"},{"@type":"WebPage","@id":"https:\/\/www.visit-ulcinj.com\/blog\/2013\/10\/30\/nika-kerkesa-per-thirrjen-e-kuvendit-te-jashtezakonshem-te-komunes-se-ulqinit-mbi-shkurtimin-e-mandatit\/#webpage","url":"https:\/\/www.visit-ulcinj.com\/blog\/2013\/10\/30\/nika-kerkesa-per-thirrjen-e-kuvendit-te-jashtezakonshem-te-komunes-se-ulqinit-mbi-shkurtimin-e-mandatit\/","name":"Nika: K\u00ebrkesa p\u00ebr thirrjen e kuvendit t\u00eb jasht\u00ebzakonsh\u00ebm t\u00eb komun\u00ebs s\u00eb Ulqinit mbi shkurtimin e mandatit - Lajme nga Ulqini","isPartOf":{"@id":"https:\/\/www.visit-ulcinj.com\/blog\/#website"},"primaryImageOfPage":{"@id":"https:\/\/www.visit-ulcinj.com\/blog\/2013\/10\/30\/nika-kerkesa-per-thirrjen-e-kuvendit-te-jashtezakonshem-te-komunes-se-ulqinit-mbi-shkurtimin-e-mandatit\/#primaryimage"},"datePublished":"2013-10-30T15:25:44+00:00","dateModified":"2013-10-30T18:26:47+00:00","author":{"@id":"https:\/\/www.visit-ulcinj.com\/blog\/#\/schema\/person\/dcab619c614d3038751c63bc2aadc06d"},"description":"Shkruan Muhamet\u00a0 Nika K\u00ebrkesa p\u00ebr thirrjen e kuvendit\u00a0 t\u00eb jasht\u00ebzakonsh\u00ebm t\u00eb komun\u00ebs s\u00eb Ulqinit mbi shkurtimin e mandatit K\u00ebtyre dit\u00ebve 22 k\u00ebshilltar\u00ebt e","breadcrumb":{"@id":"https:\/\/www.visit-ulcinj.com\/blog\/2013\/10\/30\/nika-kerkesa-per-thirrjen-e-kuvendit-te-jashtezakonshem-te-komunes-se-ulqinit-mbi-shkurtimin-e-mandatit\/#breadcrumb"},"inLanguage":"en-US","potentialAction":[{"@type":"ReadAction","target":["https:\/\/www.visit-ulcinj.com\/blog\/2013\/10\/30\/nika-kerkesa-per-thirrjen-e-kuvendit-te-jashtezakonshem-te-komunes-se-ulqinit-mbi-shkurtimin-e-mandatit\/"]}]},{"@type":"BreadcrumbList","@id":"https:\/\/www.visit-ulcinj.com\/blog\/2013\/10\/30\/nika-kerkesa-per-thirrjen-e-kuvendit-te-jashtezakonshem-te-komunes-se-ulqinit-mbi-shkurtimin-e-mandatit\/#breadcrumb","itemListElement":[{"@type":"ListItem","position":1,"name":"Nika: K\u00ebrkesa p\u00ebr thirrjen e kuvendit t\u00eb jasht\u00ebzakonsh\u00ebm t\u00eb komun\u00ebs s\u00eb Ulqinit mbi shkurtimin e mandatit"}]},{"@type":"Person","@id":"https:\/\/www.visit-ulcinj.com\/blog\/#\/schema\/person\/dcab619c614d3038751c63bc2aadc06d","name":"ulqini","sameAs":["http:\/\/www.visit-ulcinj.com"],"url":"https:\/\/www.visit-ulcinj.com\/blog\/author\/admin\/"}]}},"jetpack_featured_media_url":"","jetpack_sharing_enabled":true,"jetpack_shortlink":"https:\/\/wp.me\/pe6lTn-jIq","_links":{"self":[{"href":"https:\/\/www.visit-ulcinj.com\/blog\/wp-json\/wp\/v2\/posts\/75790"}],"collection":[{"href":"https:\/\/www.visit-ulcinj.com\/blog\/wp-json\/wp\/v2\/posts"}],"about":[{"href":"https:\/\/www.visit-ulcinj.com\/blog\/wp-json\/wp\/v2\/types\/post"}],"author":[{"embeddable":true,"href":"https:\/\/www.visit-ulcinj.com\/blog\/wp-json\/wp\/v2\/users\/1"}],"replies":[{"embeddable":true,"href":"https:\/\/www.visit-ulcinj.com\/blog\/wp-json\/wp\/v2\/comments?post=75790"}],"version-history":[{"count":1,"href":"https:\/\/www.visit-ulcinj.com\/blog\/wp-json\/wp\/v2\/posts\/75790\/revisions"}],"predecessor-version":[{"id":75791,"href":"https:\/\/www.visit-ulcinj.com\/blog\/wp-json\/wp\/v2\/posts\/75790\/revisions\/75791"}],"wp:attachment":[{"href":"https:\/\/www.visit-ulcinj.com\/blog\/wp-json\/wp\/v2\/media?parent=75790"}],"wp:term":[{"taxonomy":"category","embeddable":true,"href":"https:\/\/www.visit-ulcinj.com\/blog\/wp-json\/wp\/v2\/categories?post=75790"},{"taxonomy":"post_tag","embeddable":true,"href":"https:\/\/www.visit-ulcinj.com\/blog\/wp-json\/wp\/v2\/tags?post=75790"}],"curies":[{"name":"wp","href":"https:\/\/api.w.org\/{rel}","templated":true}]}}