{"id":75792,"date":"2013-10-30T16:33:15","date_gmt":"2013-10-30T15:33:15","guid":{"rendered":"http:\/\/www.visit-ulcinj.com\/blog\/?p=75792"},"modified":"2013-10-30T16:33:15","modified_gmt":"2013-10-30T15:33:15","slug":"cungu-jep-dinamike-planit-per-ndertimit-e-hotel-jadranit","status":"publish","type":"post","link":"https:\/\/www.visit-ulcinj.com\/blog\/2013\/10\/30\/cungu-jep-dinamike-planit-per-ndertimit-e-hotel-jadranit\/","title":{"rendered":"Cungu i jep dinamik\u00eb planit per nd\u00ebrtimit e hotel Jadranit"},"content":{"rendered":"<p><strong><a href=\"http:\/\/www.visit-ulcinj.com\/blog\/wp-content\/uploads\/2013\/10\/Cungu-Popovic.jpg\"><img loading=\"lazy\" class=\"alignleft  wp-image-75793\" alt=\"Cungu-Popovic\" src=\"http:\/\/www.visit-ulcinj.com\/blog\/wp-content\/uploads\/2013\/10\/Cungu-Popovic.jpg\" width=\"508\" height=\"360\" \/><\/a>Takimi lidhur me nd\u00ebrtimin e hotelit Jadran<\/strong><\/p>\n<p>Sot n\u00eb kabinetin e Kryetarit t\u00eb Komun\u00ebs s\u00eb Ulqinit Nazif Cungu \u00ebsht\u00eb mbajtur nj\u00eb takim lidhur me projektin e hotelit Jadran. N\u00eb takim p\u00ebrve\u00e7 p\u00ebrfaq\u00ebsuesve t\u00eb Komun\u00ebs kan\u00eb marr\u00eb pjes\u00eb edhe Sekretari p\u00ebr projekte zhvillimore Nebojsha Popoviq, p\u00ebrfaq\u00ebsuesit e t\u00eb Mirave detare si dhe p\u00ebrfaq\u00ebsuesit e kompanis\u00eb Star of Montenegro.<br \/>\nObjektivat kryesor\u00eb t\u00eb k\u00ebtij takimi kan\u00eb qen\u00eb afatet e rinj t\u00eb fillimit t\u00eb nd\u00ebrtimit t\u00eb hotelit si dhe aktivitetet n\u00eb vijuese lidhur me fillimin e nd\u00ebrtimit t\u00eb nd\u00ebrtes\u00ebs s\u00eb banimit ku planifikohet zhvendosja e 13 familjeve nga lokacioni i Jadranit.<\/p>\n<p>Pas ndryshimit t\u00eb Planit t\u00eb prokurimeve publike NP e t\u00eb Mirave detare p\u00ebr sigurimin e t\u00eb gjitha mjeteve p\u00ebr nd\u00ebrtimin e nd\u00ebrtes\u00ebs s\u00eb banimit, tenderin p\u00ebr kontraktorin do t\u00eb shpallet n\u00eb dit\u00ebt e ardhshme nd\u00ebrsa zgjedhja e kontraktonit, p\u00ebr shkak t\u00eb afateve ligjore t\u00eb tenderit, pritet t\u00eb b\u00ebhet kah fillimi i janarit. N\u00eb nd\u00ebrkoh\u00eb qiraxhinjve do t&#8217;u jepet dokumenti p\u00ebr t\u00eb drejt\u00ebn e pron\u00ebsis\u00eb s\u00eb nj\u00ebsis\u00eb s\u00eb banimit n\u00eb nd\u00ebrtes\u00ebn e re.<\/p>\n<p>Kryetari Cungu theksoi q\u00eb Komuna e Ulqinit do t\u00eb vazhdoj t\u00eb mb\u00ebshtes\u00eb fillimin sa m\u00eb t\u00eb shpejt\u00eb t\u00eb k\u00ebtij projekti gj\u00eb q\u00eb ka d\u00ebshmuar n\u00eb t\u00eb gjitha aktivitetet deri m\u00eb tani duke marr\u00eb p\u00ebrsip\u00ebr p\u00ebrgatitjen e projektit, l\u00ebrimin nga pagesat komunale tok\u00ebn ku do t\u00eb nd\u00ebrohet nd\u00ebrtesa banimit si dhe gadishm\u00ebrin p\u00ebr pages\u00ebn e gjysm\u00ebs s\u00eb q\u00ebras p\u00ebr vendosjen e p\u00ebrkoh\u00ebshme t\u00eb familjeve gjat\u00eb nd\u00ebrtimit t\u00eb k\u00ebsaj nd\u00ebrtese.<br \/>\nP\u00ebrfaq\u00ebsuesit e kompanis\u00eb &#8220;Star of Montenegro&#8221; do t\u00eb dor\u00ebzojn\u00eb planin e dinamik\u00ebs s\u00eb nd\u00ebrtimit dhe n\u00eb afatin sa m\u00eb t\u00eb shkurt\u00ebr t\u00eb filloj\u00eb me pun\u00ebt p\u00ebrgatitore n\u00eb lokacion.<\/p>\n<!--YouTube Error: bad URL entered-->\n","protected":false},"excerpt":{"rendered":"<p>Takimi lidhur me nd\u00ebrtimin e hotelit Jadran Sot n\u00eb kabinetin e Kryetarit t\u00eb Komun\u00ebs s\u00eb Ulqinit Nazif Cungu \u00ebsht\u00eb mbajtur nj\u00eb takim lidhur me projektin e hotelit Jadran. N\u00eb takim p\u00ebrve\u00e7 p\u00ebrfaq\u00ebsuesve t\u00eb Komun\u00ebs kan\u00eb marr\u00eb pjes\u00eb edhe Sekretari p\u00ebr projekte zhvillimore Nebojsha Popoviq, p\u00ebrfaq\u00ebsuesit e t\u00eb Mirave detare si dhe p\u00ebrfaq\u00ebsuesit e kompanis\u00eb Star [&hellip;]<\/p>\n","protected":false},"author":1,"featured_media":0,"comment_status":"closed","ping_status":"closed","sticky":false,"template":"","format":"standard","meta":{"spay_email":"","jetpack_publicize_message":"","jetpack_is_tweetstorm":false,"jetpack_publicize_feature_enabled":true},"categories":[15],"tags":[],"jetpack_publicize_connections":[],"yoast_head":"<!-- This site is optimized with the Yoast SEO plugin v19.1 - https:\/\/yoast.com\/wordpress\/plugins\/seo\/ -->\n<title>Cungu i jep dinamik\u00eb planit per nd\u00ebrtimit e hotel Jadranit - Lajme nga Ulqini<\/title>\n<meta name=\"description\" content=\"Takimi lidhur me nd\u00ebrtimin e hotelit Jadran Sot n\u00eb kabinetin e Kryetarit t\u00eb Komun\u00ebs s\u00eb Ulqinit Nazif Cungu \u00ebsht\u00eb mbajtur nj\u00eb takim lidhur me projektin e\" \/>\n<meta name=\"robots\" content=\"index, follow, max-snippet:-1, max-image-preview:large, max-video-preview:-1\" \/>\n<link rel=\"canonical\" href=\"https:\/\/www.visit-ulcinj.com\/blog\/2013\/10\/30\/cungu-jep-dinamike-planit-per-ndertimit-e-hotel-jadranit\/\" \/>\n<meta property=\"og:locale\" content=\"en_US\" \/>\n<meta property=\"og:type\" content=\"article\" \/>\n<meta property=\"og:title\" content=\"Cungu i jep dinamik\u00eb planit per nd\u00ebrtimit e hotel Jadranit - Lajme nga Ulqini\" \/>\n<meta property=\"og:description\" content=\"Takimi lidhur me nd\u00ebrtimin e hotelit Jadran Sot n\u00eb kabinetin e Kryetarit t\u00eb Komun\u00ebs s\u00eb Ulqinit Nazif Cungu \u00ebsht\u00eb mbajtur nj\u00eb takim lidhur me projektin e\" \/>\n<meta property=\"og:url\" content=\"https:\/\/www.visit-ulcinj.com\/blog\/2013\/10\/30\/cungu-jep-dinamike-planit-per-ndertimit-e-hotel-jadranit\/\" \/>\n<meta property=\"og:site_name\" content=\"Lajme nga Ulqini\" \/>\n<meta property=\"article:published_time\" content=\"2013-10-30T15:33:15+00:00\" \/>\n<meta property=\"og:image\" content=\"http:\/\/www.visit-ulcinj.com\/blog\/wp-content\/uploads\/2013\/10\/Cungu-Popovic.jpg\" \/>\n<meta name=\"twitter:label1\" content=\"Written by\" \/>\n\t<meta name=\"twitter:data1\" content=\"ulqini\" \/>\n\t<meta name=\"twitter:label2\" content=\"Est. reading time\" \/>\n\t<meta name=\"twitter:data2\" content=\"2 minutes\" \/>\n<script type=\"application\/ld+json\" class=\"yoast-schema-graph\">{\"@context\":\"https:\/\/schema.org\",\"@graph\":[{\"@type\":\"WebSite\",\"@id\":\"https:\/\/www.visit-ulcinj.com\/blog\/#website\",\"url\":\"https:\/\/www.visit-ulcinj.com\/blog\/\",\"name\":\"Lajme nga Ulqini\",\"description\":\"Lajme,Vijesti,Ulqini,Ulqin,Crna Gora,Mali i Zi\",\"potentialAction\":[{\"@type\":\"SearchAction\",\"target\":{\"@type\":\"EntryPoint\",\"urlTemplate\":\"https:\/\/www.visit-ulcinj.com\/blog\/?s={search_term_string}\"},\"query-input\":\"required name=search_term_string\"}],\"inLanguage\":\"en-US\"},{\"@type\":\"ImageObject\",\"inLanguage\":\"en-US\",\"@id\":\"https:\/\/www.visit-ulcinj.com\/blog\/2013\/10\/30\/cungu-jep-dinamike-planit-per-ndertimit-e-hotel-jadranit\/#primaryimage\",\"url\":\"https:\/\/www.visit-ulcinj.com\/blog\/wp-content\/uploads\/2013\/10\/Cungu-Popovic.jpg\",\"contentUrl\":\"https:\/\/www.visit-ulcinj.com\/blog\/wp-content\/uploads\/2013\/10\/Cungu-Popovic.jpg\",\"width\":768,\"height\":509},{\"@type\":\"WebPage\",\"@id\":\"https:\/\/www.visit-ulcinj.com\/blog\/2013\/10\/30\/cungu-jep-dinamike-planit-per-ndertimit-e-hotel-jadranit\/#webpage\",\"url\":\"https:\/\/www.visit-ulcinj.com\/blog\/2013\/10\/30\/cungu-jep-dinamike-planit-per-ndertimit-e-hotel-jadranit\/\",\"name\":\"Cungu i jep dinamik\u00eb planit per nd\u00ebrtimit e hotel Jadranit - Lajme nga Ulqini\",\"isPartOf\":{\"@id\":\"https:\/\/www.visit-ulcinj.com\/blog\/#website\"},\"primaryImageOfPage\":{\"@id\":\"https:\/\/www.visit-ulcinj.com\/blog\/2013\/10\/30\/cungu-jep-dinamike-planit-per-ndertimit-e-hotel-jadranit\/#primaryimage\"},\"datePublished\":\"2013-10-30T15:33:15+00:00\",\"dateModified\":\"2013-10-30T15:33:15+00:00\",\"author\":{\"@id\":\"https:\/\/www.visit-ulcinj.com\/blog\/#\/schema\/person\/dcab619c614d3038751c63bc2aadc06d\"},\"description\":\"Takimi lidhur me nd\u00ebrtimin e hotelit Jadran Sot n\u00eb kabinetin e Kryetarit t\u00eb Komun\u00ebs s\u00eb Ulqinit Nazif Cungu \u00ebsht\u00eb mbajtur nj\u00eb takim lidhur me projektin e\",\"breadcrumb\":{\"@id\":\"https:\/\/www.visit-ulcinj.com\/blog\/2013\/10\/30\/cungu-jep-dinamike-planit-per-ndertimit-e-hotel-jadranit\/#breadcrumb\"},\"inLanguage\":\"en-US\",\"potentialAction\":[{\"@type\":\"ReadAction\",\"target\":[\"https:\/\/www.visit-ulcinj.com\/blog\/2013\/10\/30\/cungu-jep-dinamike-planit-per-ndertimit-e-hotel-jadranit\/\"]}]},{\"@type\":\"BreadcrumbList\",\"@id\":\"https:\/\/www.visit-ulcinj.com\/blog\/2013\/10\/30\/cungu-jep-dinamike-planit-per-ndertimit-e-hotel-jadranit\/#breadcrumb\",\"itemListElement\":[{\"@type\":\"ListItem\",\"position\":1,\"name\":\"Cungu i jep dinamik\u00eb planit per nd\u00ebrtimit e hotel Jadranit\"}]},{\"@type\":\"Person\",\"@id\":\"https:\/\/www.visit-ulcinj.com\/blog\/#\/schema\/person\/dcab619c614d3038751c63bc2aadc06d\",\"name\":\"ulqini\",\"sameAs\":[\"http:\/\/www.visit-ulcinj.com\"],\"url\":\"https:\/\/www.visit-ulcinj.com\/blog\/author\/admin\/\"}]}<\/script>\n<!-- \/ Yoast SEO plugin. -->","yoast_head_json":{"title":"Cungu i jep dinamik\u00eb planit per nd\u00ebrtimit e hotel Jadranit - Lajme nga Ulqini","description":"Takimi lidhur me nd\u00ebrtimin e hotelit Jadran Sot n\u00eb kabinetin e Kryetarit t\u00eb Komun\u00ebs s\u00eb Ulqinit Nazif Cungu \u00ebsht\u00eb mbajtur nj\u00eb takim lidhur me projektin e","robots":{"index":"index","follow":"follow","max-snippet":"max-snippet:-1","max-image-preview":"max-image-preview:large","max-video-preview":"max-video-preview:-1"},"canonical":"https:\/\/www.visit-ulcinj.com\/blog\/2013\/10\/30\/cungu-jep-dinamike-planit-per-ndertimit-e-hotel-jadranit\/","og_locale":"en_US","og_type":"article","og_title":"Cungu i jep dinamik\u00eb planit per nd\u00ebrtimit e hotel Jadranit - Lajme nga Ulqini","og_description":"Takimi lidhur me nd\u00ebrtimin e hotelit Jadran Sot n\u00eb kabinetin e Kryetarit t\u00eb Komun\u00ebs s\u00eb Ulqinit Nazif Cungu \u00ebsht\u00eb mbajtur nj\u00eb takim lidhur me projektin e","og_url":"https:\/\/www.visit-ulcinj.com\/blog\/2013\/10\/30\/cungu-jep-dinamike-planit-per-ndertimit-e-hotel-jadranit\/","og_site_name":"Lajme nga Ulqini","article_published_time":"2013-10-30T15:33:15+00:00","og_image":[{"url":"http:\/\/www.visit-ulcinj.com\/blog\/wp-content\/uploads\/2013\/10\/Cungu-Popovic.jpg"}],"twitter_misc":{"Written by":"ulqini","Est. reading time":"2 minutes"},"schema":{"@context":"https:\/\/schema.org","@graph":[{"@type":"WebSite","@id":"https:\/\/www.visit-ulcinj.com\/blog\/#website","url":"https:\/\/www.visit-ulcinj.com\/blog\/","name":"Lajme nga Ulqini","description":"Lajme,Vijesti,Ulqini,Ulqin,Crna Gora,Mali i Zi","potentialAction":[{"@type":"SearchAction","target":{"@type":"EntryPoint","urlTemplate":"https:\/\/www.visit-ulcinj.com\/blog\/?s={search_term_string}"},"query-input":"required name=search_term_string"}],"inLanguage":"en-US"},{"@type":"ImageObject","inLanguage":"en-US","@id":"https:\/\/www.visit-ulcinj.com\/blog\/2013\/10\/30\/cungu-jep-dinamike-planit-per-ndertimit-e-hotel-jadranit\/#primaryimage","url":"https:\/\/www.visit-ulcinj.com\/blog\/wp-content\/uploads\/2013\/10\/Cungu-Popovic.jpg","contentUrl":"https:\/\/www.visit-ulcinj.com\/blog\/wp-content\/uploads\/2013\/10\/Cungu-Popovic.jpg","width":768,"height":509},{"@type":"WebPage","@id":"https:\/\/www.visit-ulcinj.com\/blog\/2013\/10\/30\/cungu-jep-dinamike-planit-per-ndertimit-e-hotel-jadranit\/#webpage","url":"https:\/\/www.visit-ulcinj.com\/blog\/2013\/10\/30\/cungu-jep-dinamike-planit-per-ndertimit-e-hotel-jadranit\/","name":"Cungu i jep dinamik\u00eb planit per nd\u00ebrtimit e hotel Jadranit - Lajme nga Ulqini","isPartOf":{"@id":"https:\/\/www.visit-ulcinj.com\/blog\/#website"},"primaryImageOfPage":{"@id":"https:\/\/www.visit-ulcinj.com\/blog\/2013\/10\/30\/cungu-jep-dinamike-planit-per-ndertimit-e-hotel-jadranit\/#primaryimage"},"datePublished":"2013-10-30T15:33:15+00:00","dateModified":"2013-10-30T15:33:15+00:00","author":{"@id":"https:\/\/www.visit-ulcinj.com\/blog\/#\/schema\/person\/dcab619c614d3038751c63bc2aadc06d"},"description":"Takimi lidhur me nd\u00ebrtimin e hotelit Jadran Sot n\u00eb kabinetin e Kryetarit t\u00eb Komun\u00ebs s\u00eb Ulqinit Nazif Cungu \u00ebsht\u00eb mbajtur nj\u00eb takim lidhur me projektin e","breadcrumb":{"@id":"https:\/\/www.visit-ulcinj.com\/blog\/2013\/10\/30\/cungu-jep-dinamike-planit-per-ndertimit-e-hotel-jadranit\/#breadcrumb"},"inLanguage":"en-US","potentialAction":[{"@type":"ReadAction","target":["https:\/\/www.visit-ulcinj.com\/blog\/2013\/10\/30\/cungu-jep-dinamike-planit-per-ndertimit-e-hotel-jadranit\/"]}]},{"@type":"BreadcrumbList","@id":"https:\/\/www.visit-ulcinj.com\/blog\/2013\/10\/30\/cungu-jep-dinamike-planit-per-ndertimit-e-hotel-jadranit\/#breadcrumb","itemListElement":[{"@type":"ListItem","position":1,"name":"Cungu i jep dinamik\u00eb planit per nd\u00ebrtimit e hotel Jadranit"}]},{"@type":"Person","@id":"https:\/\/www.visit-ulcinj.com\/blog\/#\/schema\/person\/dcab619c614d3038751c63bc2aadc06d","name":"ulqini","sameAs":["http:\/\/www.visit-ulcinj.com"],"url":"https:\/\/www.visit-ulcinj.com\/blog\/author\/admin\/"}]}},"jetpack_featured_media_url":"","jetpack_sharing_enabled":true,"jetpack_shortlink":"https:\/\/wp.me\/pe6lTn-jIs","_links":{"self":[{"href":"https:\/\/www.visit-ulcinj.com\/blog\/wp-json\/wp\/v2\/posts\/75792"}],"collection":[{"href":"https:\/\/www.visit-ulcinj.com\/blog\/wp-json\/wp\/v2\/posts"}],"about":[{"href":"https:\/\/www.visit-ulcinj.com\/blog\/wp-json\/wp\/v2\/types\/post"}],"author":[{"embeddable":true,"href":"https:\/\/www.visit-ulcinj.com\/blog\/wp-json\/wp\/v2\/users\/1"}],"replies":[{"embeddable":true,"href":"https:\/\/www.visit-ulcinj.com\/blog\/wp-json\/wp\/v2\/comments?post=75792"}],"version-history":[{"count":2,"href":"https:\/\/www.visit-ulcinj.com\/blog\/wp-json\/wp\/v2\/posts\/75792\/revisions"}],"predecessor-version":[{"id":75795,"href":"https:\/\/www.visit-ulcinj.com\/blog\/wp-json\/wp\/v2\/posts\/75792\/revisions\/75795"}],"wp:attachment":[{"href":"https:\/\/www.visit-ulcinj.com\/blog\/wp-json\/wp\/v2\/media?parent=75792"}],"wp:term":[{"taxonomy":"category","embeddable":true,"href":"https:\/\/www.visit-ulcinj.com\/blog\/wp-json\/wp\/v2\/categories?post=75792"},{"taxonomy":"post_tag","embeddable":true,"href":"https:\/\/www.visit-ulcinj.com\/blog\/wp-json\/wp\/v2\/tags?post=75792"}],"curies":[{"name":"wp","href":"https:\/\/api.w.org\/{rel}","templated":true}]}}