{"id":75799,"date":"2013-10-30T19:46:57","date_gmt":"2013-10-30T18:46:57","guid":{"rendered":"http:\/\/www.visit-ulcinj.com\/blog\/?p=75799"},"modified":"2013-10-30T19:48:19","modified_gmt":"2013-10-30T18:48:19","slug":"delegacionit-kinez-viziton-komunes-se-ulqinit","status":"publish","type":"post","link":"https:\/\/www.visit-ulcinj.com\/blog\/2013\/10\/30\/delegacionit-kinez-viziton-komunes-se-ulqinit\/","title":{"rendered":"Delegacionit kinez viziton komun\u00ebn e Ulqinit"},"content":{"rendered":"<p><strong><a href=\"http:\/\/www.visit-ulcinj.com\/blog\/wp-content\/uploads\/2013\/10\/delegacioni-kinez-Ulqin.jpg\"><img loading=\"lazy\" class=\"alignleft  wp-image-75800\" alt=\"delegacioni kinez-Ulqin\" src=\"http:\/\/www.visit-ulcinj.com\/blog\/wp-content\/uploads\/2013\/10\/delegacioni-kinez-Ulqin.jpg\" width=\"508\" height=\"360\" \/><\/a>Vizita delegacionit kinez komun\u00ebs s\u00eb Ulqinit<\/strong><\/p>\n<p>Kryetari i Komunes se Ulqinit,Z.Nazif Cungu dhe bashkepunetoret e tij, priti sot perfaqesuesit e Institutit per hulumtime regjionale ekonomike prej Republikes popullore te Kines, te cilet gjate kesaj jave po qendrojne per vizite ne Mal te Zi .Ne takim kane qene te pranishem dhe perfaqesuesit e Qeverise se Malit te Zi , keshilltari I Kryeministrit Aleksander Ticiq , Sekretari I Sekretariatit per zhvillimin e projekteve Nebojsha Popoviq, si dhe perfaqesuesit e ministrise per zhvillim te qendrueshem dhe turizem dhe ministrise se ekonomise.<\/p>\n<p>Perfaqesuesve te delegacionit kinez iu prezantuan mundesite e investimeve ne Ulqin me theks te vecante ne potencialet turistike ne Plazhin e madh ne ujdhesen Ada ne Bune ne zonen e biznesit ne Krythe te Katerkolles si dhe munseine per ndertimin e marinave dhe permbajtjeve te tjera turistike.<\/p>\n<p>Pas takimit ,delegacioni kinez pati rastin qe te vizitojne Plazhin e madh dhe ujdhesen ada ne Bune.<\/p>\n<p>&nbsp;<\/p>\n","protected":false},"excerpt":{"rendered":"<p>Vizita delegacionit kinez komun\u00ebs s\u00eb Ulqinit Kryetari i Komunes se Ulqinit,Z.Nazif Cungu dhe bashkepunetoret e tij, priti sot perfaqesuesit e Institutit per hulumtime regjionale ekonomike prej Republikes popullore te Kines, te cilet gjate kesaj jave po qendrojne per vizite ne Mal te Zi .Ne takim kane qene te pranishem dhe perfaqesuesit e Qeverise se Malit [&hellip;]<\/p>\n","protected":false},"author":1,"featured_media":0,"comment_status":"closed","ping_status":"closed","sticky":false,"template":"","format":"standard","meta":{"spay_email":"","jetpack_publicize_message":"","jetpack_is_tweetstorm":false,"jetpack_publicize_feature_enabled":true},"categories":[7],"tags":[],"jetpack_publicize_connections":[],"yoast_head":"<!-- This site is optimized with the Yoast SEO plugin v19.1 - https:\/\/yoast.com\/wordpress\/plugins\/seo\/ -->\n<title>Delegacionit kinez viziton komun\u00ebn e Ulqinit - Lajme nga Ulqini<\/title>\n<meta name=\"description\" content=\"Vizita delegacionit kinez komun\u00ebs s\u00eb Ulqinit Kryetari i Komunes se Ulqinit,Z.Nazif Cungu dhe bashkepunetoret e tij, priti sot perfaqesuesit e Institutit\" \/>\n<meta name=\"robots\" content=\"index, follow, max-snippet:-1, max-image-preview:large, max-video-preview:-1\" \/>\n<link rel=\"canonical\" href=\"https:\/\/www.visit-ulcinj.com\/blog\/2013\/10\/30\/delegacionit-kinez-viziton-komunes-se-ulqinit\/\" \/>\n<meta property=\"og:locale\" content=\"en_US\" \/>\n<meta property=\"og:type\" content=\"article\" \/>\n<meta property=\"og:title\" content=\"Delegacionit kinez viziton komun\u00ebn e Ulqinit - Lajme nga Ulqini\" \/>\n<meta property=\"og:description\" content=\"Vizita delegacionit kinez komun\u00ebs s\u00eb Ulqinit Kryetari i Komunes se Ulqinit,Z.Nazif Cungu dhe bashkepunetoret e tij, priti sot perfaqesuesit e Institutit\" \/>\n<meta property=\"og:url\" content=\"https:\/\/www.visit-ulcinj.com\/blog\/2013\/10\/30\/delegacionit-kinez-viziton-komunes-se-ulqinit\/\" \/>\n<meta property=\"og:site_name\" content=\"Lajme nga Ulqini\" \/>\n<meta property=\"article:published_time\" content=\"2013-10-30T18:46:57+00:00\" \/>\n<meta property=\"article:modified_time\" content=\"2013-10-30T18:48:19+00:00\" \/>\n<meta property=\"og:image\" content=\"http:\/\/www.visit-ulcinj.com\/blog\/wp-content\/uploads\/2013\/10\/delegacioni-kinez-Ulqin.jpg\" \/>\n<meta name=\"twitter:label1\" content=\"Written by\" \/>\n\t<meta name=\"twitter:data1\" content=\"ulqini\" \/>\n\t<meta name=\"twitter:label2\" content=\"Est. reading time\" \/>\n\t<meta name=\"twitter:data2\" content=\"1 minute\" \/>\n<script type=\"application\/ld+json\" class=\"yoast-schema-graph\">{\"@context\":\"https:\/\/schema.org\",\"@graph\":[{\"@type\":\"WebSite\",\"@id\":\"https:\/\/www.visit-ulcinj.com\/blog\/#website\",\"url\":\"https:\/\/www.visit-ulcinj.com\/blog\/\",\"name\":\"Lajme nga Ulqini\",\"description\":\"Lajme,Vijesti,Ulqini,Ulqin,Crna Gora,Mali i Zi\",\"potentialAction\":[{\"@type\":\"SearchAction\",\"target\":{\"@type\":\"EntryPoint\",\"urlTemplate\":\"https:\/\/www.visit-ulcinj.com\/blog\/?s={search_term_string}\"},\"query-input\":\"required name=search_term_string\"}],\"inLanguage\":\"en-US\"},{\"@type\":\"ImageObject\",\"inLanguage\":\"en-US\",\"@id\":\"https:\/\/www.visit-ulcinj.com\/blog\/2013\/10\/30\/delegacionit-kinez-viziton-komunes-se-ulqinit\/#primaryimage\",\"url\":\"https:\/\/www.visit-ulcinj.com\/blog\/wp-content\/uploads\/2013\/10\/delegacioni-kinez-Ulqin.jpg\",\"contentUrl\":\"https:\/\/www.visit-ulcinj.com\/blog\/wp-content\/uploads\/2013\/10\/delegacioni-kinez-Ulqin.jpg\",\"width\":768,\"height\":509},{\"@type\":\"WebPage\",\"@id\":\"https:\/\/www.visit-ulcinj.com\/blog\/2013\/10\/30\/delegacionit-kinez-viziton-komunes-se-ulqinit\/#webpage\",\"url\":\"https:\/\/www.visit-ulcinj.com\/blog\/2013\/10\/30\/delegacionit-kinez-viziton-komunes-se-ulqinit\/\",\"name\":\"Delegacionit kinez viziton komun\u00ebn e Ulqinit - Lajme nga Ulqini\",\"isPartOf\":{\"@id\":\"https:\/\/www.visit-ulcinj.com\/blog\/#website\"},\"primaryImageOfPage\":{\"@id\":\"https:\/\/www.visit-ulcinj.com\/blog\/2013\/10\/30\/delegacionit-kinez-viziton-komunes-se-ulqinit\/#primaryimage\"},\"datePublished\":\"2013-10-30T18:46:57+00:00\",\"dateModified\":\"2013-10-30T18:48:19+00:00\",\"author\":{\"@id\":\"https:\/\/www.visit-ulcinj.com\/blog\/#\/schema\/person\/dcab619c614d3038751c63bc2aadc06d\"},\"description\":\"Vizita delegacionit kinez komun\u00ebs s\u00eb Ulqinit Kryetari i Komunes se Ulqinit,Z.Nazif Cungu dhe bashkepunetoret e tij, priti sot perfaqesuesit e Institutit\",\"breadcrumb\":{\"@id\":\"https:\/\/www.visit-ulcinj.com\/blog\/2013\/10\/30\/delegacionit-kinez-viziton-komunes-se-ulqinit\/#breadcrumb\"},\"inLanguage\":\"en-US\",\"potentialAction\":[{\"@type\":\"ReadAction\",\"target\":[\"https:\/\/www.visit-ulcinj.com\/blog\/2013\/10\/30\/delegacionit-kinez-viziton-komunes-se-ulqinit\/\"]}]},{\"@type\":\"BreadcrumbList\",\"@id\":\"https:\/\/www.visit-ulcinj.com\/blog\/2013\/10\/30\/delegacionit-kinez-viziton-komunes-se-ulqinit\/#breadcrumb\",\"itemListElement\":[{\"@type\":\"ListItem\",\"position\":1,\"name\":\"Delegacionit kinez viziton komun\u00ebn e Ulqinit\"}]},{\"@type\":\"Person\",\"@id\":\"https:\/\/www.visit-ulcinj.com\/blog\/#\/schema\/person\/dcab619c614d3038751c63bc2aadc06d\",\"name\":\"ulqini\",\"sameAs\":[\"http:\/\/www.visit-ulcinj.com\"],\"url\":\"https:\/\/www.visit-ulcinj.com\/blog\/author\/admin\/\"}]}<\/script>\n<!-- \/ Yoast SEO plugin. -->","yoast_head_json":{"title":"Delegacionit kinez viziton komun\u00ebn e Ulqinit - Lajme nga Ulqini","description":"Vizita delegacionit kinez komun\u00ebs s\u00eb Ulqinit Kryetari i Komunes se Ulqinit,Z.Nazif Cungu dhe bashkepunetoret e tij, priti sot perfaqesuesit e Institutit","robots":{"index":"index","follow":"follow","max-snippet":"max-snippet:-1","max-image-preview":"max-image-preview:large","max-video-preview":"max-video-preview:-1"},"canonical":"https:\/\/www.visit-ulcinj.com\/blog\/2013\/10\/30\/delegacionit-kinez-viziton-komunes-se-ulqinit\/","og_locale":"en_US","og_type":"article","og_title":"Delegacionit kinez viziton komun\u00ebn e Ulqinit - Lajme nga Ulqini","og_description":"Vizita delegacionit kinez komun\u00ebs s\u00eb Ulqinit Kryetari i Komunes se Ulqinit,Z.Nazif Cungu dhe bashkepunetoret e tij, priti sot perfaqesuesit e Institutit","og_url":"https:\/\/www.visit-ulcinj.com\/blog\/2013\/10\/30\/delegacionit-kinez-viziton-komunes-se-ulqinit\/","og_site_name":"Lajme nga Ulqini","article_published_time":"2013-10-30T18:46:57+00:00","article_modified_time":"2013-10-30T18:48:19+00:00","og_image":[{"url":"http:\/\/www.visit-ulcinj.com\/blog\/wp-content\/uploads\/2013\/10\/delegacioni-kinez-Ulqin.jpg"}],"twitter_misc":{"Written by":"ulqini","Est. reading time":"1 minute"},"schema":{"@context":"https:\/\/schema.org","@graph":[{"@type":"WebSite","@id":"https:\/\/www.visit-ulcinj.com\/blog\/#website","url":"https:\/\/www.visit-ulcinj.com\/blog\/","name":"Lajme nga Ulqini","description":"Lajme,Vijesti,Ulqini,Ulqin,Crna Gora,Mali i Zi","potentialAction":[{"@type":"SearchAction","target":{"@type":"EntryPoint","urlTemplate":"https:\/\/www.visit-ulcinj.com\/blog\/?s={search_term_string}"},"query-input":"required name=search_term_string"}],"inLanguage":"en-US"},{"@type":"ImageObject","inLanguage":"en-US","@id":"https:\/\/www.visit-ulcinj.com\/blog\/2013\/10\/30\/delegacionit-kinez-viziton-komunes-se-ulqinit\/#primaryimage","url":"https:\/\/www.visit-ulcinj.com\/blog\/wp-content\/uploads\/2013\/10\/delegacioni-kinez-Ulqin.jpg","contentUrl":"https:\/\/www.visit-ulcinj.com\/blog\/wp-content\/uploads\/2013\/10\/delegacioni-kinez-Ulqin.jpg","width":768,"height":509},{"@type":"WebPage","@id":"https:\/\/www.visit-ulcinj.com\/blog\/2013\/10\/30\/delegacionit-kinez-viziton-komunes-se-ulqinit\/#webpage","url":"https:\/\/www.visit-ulcinj.com\/blog\/2013\/10\/30\/delegacionit-kinez-viziton-komunes-se-ulqinit\/","name":"Delegacionit kinez viziton komun\u00ebn e Ulqinit - Lajme nga Ulqini","isPartOf":{"@id":"https:\/\/www.visit-ulcinj.com\/blog\/#website"},"primaryImageOfPage":{"@id":"https:\/\/www.visit-ulcinj.com\/blog\/2013\/10\/30\/delegacionit-kinez-viziton-komunes-se-ulqinit\/#primaryimage"},"datePublished":"2013-10-30T18:46:57+00:00","dateModified":"2013-10-30T18:48:19+00:00","author":{"@id":"https:\/\/www.visit-ulcinj.com\/blog\/#\/schema\/person\/dcab619c614d3038751c63bc2aadc06d"},"description":"Vizita delegacionit kinez komun\u00ebs s\u00eb Ulqinit Kryetari i Komunes se Ulqinit,Z.Nazif Cungu dhe bashkepunetoret e tij, priti sot perfaqesuesit e Institutit","breadcrumb":{"@id":"https:\/\/www.visit-ulcinj.com\/blog\/2013\/10\/30\/delegacionit-kinez-viziton-komunes-se-ulqinit\/#breadcrumb"},"inLanguage":"en-US","potentialAction":[{"@type":"ReadAction","target":["https:\/\/www.visit-ulcinj.com\/blog\/2013\/10\/30\/delegacionit-kinez-viziton-komunes-se-ulqinit\/"]}]},{"@type":"BreadcrumbList","@id":"https:\/\/www.visit-ulcinj.com\/blog\/2013\/10\/30\/delegacionit-kinez-viziton-komunes-se-ulqinit\/#breadcrumb","itemListElement":[{"@type":"ListItem","position":1,"name":"Delegacionit kinez viziton komun\u00ebn e Ulqinit"}]},{"@type":"Person","@id":"https:\/\/www.visit-ulcinj.com\/blog\/#\/schema\/person\/dcab619c614d3038751c63bc2aadc06d","name":"ulqini","sameAs":["http:\/\/www.visit-ulcinj.com"],"url":"https:\/\/www.visit-ulcinj.com\/blog\/author\/admin\/"}]}},"jetpack_featured_media_url":"","jetpack_sharing_enabled":true,"jetpack_shortlink":"https:\/\/wp.me\/pe6lTn-jIz","_links":{"self":[{"href":"https:\/\/www.visit-ulcinj.com\/blog\/wp-json\/wp\/v2\/posts\/75799"}],"collection":[{"href":"https:\/\/www.visit-ulcinj.com\/blog\/wp-json\/wp\/v2\/posts"}],"about":[{"href":"https:\/\/www.visit-ulcinj.com\/blog\/wp-json\/wp\/v2\/types\/post"}],"author":[{"embeddable":true,"href":"https:\/\/www.visit-ulcinj.com\/blog\/wp-json\/wp\/v2\/users\/1"}],"replies":[{"embeddable":true,"href":"https:\/\/www.visit-ulcinj.com\/blog\/wp-json\/wp\/v2\/comments?post=75799"}],"version-history":[{"count":2,"href":"https:\/\/www.visit-ulcinj.com\/blog\/wp-json\/wp\/v2\/posts\/75799\/revisions"}],"predecessor-version":[{"id":75802,"href":"https:\/\/www.visit-ulcinj.com\/blog\/wp-json\/wp\/v2\/posts\/75799\/revisions\/75802"}],"wp:attachment":[{"href":"https:\/\/www.visit-ulcinj.com\/blog\/wp-json\/wp\/v2\/media?parent=75799"}],"wp:term":[{"taxonomy":"category","embeddable":true,"href":"https:\/\/www.visit-ulcinj.com\/blog\/wp-json\/wp\/v2\/categories?post=75799"},{"taxonomy":"post_tag","embeddable":true,"href":"https:\/\/www.visit-ulcinj.com\/blog\/wp-json\/wp\/v2\/tags?post=75799"}],"curies":[{"name":"wp","href":"https:\/\/api.w.org\/{rel}","templated":true}]}}