{"id":75807,"date":"2013-10-31T15:34:44","date_gmt":"2013-10-31T14:34:44","guid":{"rendered":"http:\/\/www.visit-ulcinj.com\/blog\/?p=75807"},"modified":"2013-10-31T15:34:44","modified_gmt":"2013-10-31T14:34:44","slug":"ansambli-shota-jep-koncert-sonte-ne-ulqin-video","status":"publish","type":"post","link":"https:\/\/www.visit-ulcinj.com\/blog\/2013\/10\/31\/ansambli-shota-jep-koncert-sonte-ne-ulqin-video\/","title":{"rendered":"Ansambli \u201cShota\u201d jep koncert sonte n\u00eb Ulqin &#8211; Video"},"content":{"rendered":"<p><a href=\"http:\/\/www.visit-ulcinj.com\/blog\/wp-content\/uploads\/2013\/10\/Koncert-Shota-Ulqin.jpg\"><img loading=\"lazy\" class=\"alignleft  wp-image-75808\" alt=\"Koncert-Shota-Ulqin\" src=\"http:\/\/www.visit-ulcinj.com\/blog\/wp-content\/uploads\/2013\/10\/Koncert-Shota-Ulqin.jpg\" width=\"508\" height=\"360\" \/><\/a>N\u00eb kuad\u00ebr t\u00eb bashk\u00ebpunimit kulturor\u00eb nd\u00ebrmjet Ulqinit dhe Kosov\u00ebs sonte m\u00eb dat\u00ebn 31 tetor n\u00eb or\u00ebn 19.00 minuta n\u00eb Pallatin e Kultur\u00ebs do t\u00eb jap\u00eb nj\u00eb koncert me k\u00ebng\u00ebn dhe valle ansambli profesional \u2019\u2019SHOTA\u2019\u2019.<\/p>\n<p>Hyrja \u00ebsht\u00eb e lir\u00eb.<\/p>\n<p>Koncerti mbahet n\u00ebn patronatin e NP \u201cQendra kulturore\u201d, nd\u00ebrsa nj\u00ebri nga sponsor\u00ebt e\u00a0Ansamblit \u2019\u2019SHOTA\u2019\u2019 \u00ebsht\u00eb Organizata turistike e Ulqinit.<\/p>\n<p>Ansambli \u2019\u2019SHOTA\u2019\u2019 p\u00ebr t\u00eb dyt\u00ebn her\u00eb jep nj\u00eb formacion t\u00eb k\u00ebtij lloji n\u00eb Ulqin.<\/p>\n<p><a href=\"http:\/\/www.visit-ulcinj.com\/blog\/wp-content\/uploads\/2013\/10\/Koncert-Shota-Ulqin-1.jpg\"><img loading=\"lazy\" class=\"alignleft  wp-image-75809\" alt=\"Koncert-Shota-Ulqin-1\" src=\"http:\/\/www.visit-ulcinj.com\/blog\/wp-content\/uploads\/2013\/10\/Koncert-Shota-Ulqin-1.jpg\" width=\"508\" height=\"360\" \/><\/a><\/p>\n<p><strong>Di\u00e7ka per Ansamblin &#8220;Shota&#8221;<\/strong><\/p>\n<p>Ansambli komb\u00ebtar i k\u00ebng\u00ebve dhe valleve &#8220;SHOTA&#8221; \u00ebsht\u00eb themeluar n\u00eb vitin 1948 si nj\u00ebri nd\u00ebr institucionet e para artistike dhe kulturore n\u00eb Kosov\u00eb. P\u00ebr pes\u00ebmb\u00ebdhjet\u00eb vjet me radh\u00eb ky Ansamb\u00ebl ka funskionuar si shoqri amatore dhe m\u00eb pastaj si ansamb\u00ebl gjysm\u00eb-profesional.<\/p>\n<p>Nd\u00ebrsa n\u00eb mars t\u00eb vitit 1964 me vendim t\u00eb Kuvendit t\u00eb Kosov\u00ebs &#8220;Shota&#8221; e fiton statusin e asnamblit profesionist sikurse edhe tri ansamblet tjera n\u00eb Jugosllavi: &#8220;Llado&#8221; &#8211; Zagreb, &#8220;Kollo&#8221; &#8211; Beograd dhe &#8220;Tanec&#8221; &#8211; Shkup.<br \/>\nP\u00ebr pes\u00ebdhjet\u00eb vjet\u00ebt e shkuara ansambli &#8220;Shota&#8221; luajti nj\u00eb rol t\u00eb paz\u00ebvend\u00ebsuesh\u00ebm n\u00eb ruajtjen, kultivimin dhe zhvillimin e k\u00ebng\u00ebs dhe valles shqiptare si dhe me afrimin e vlerave t\u00eb mir\u00ebfillta kulturore komb\u00ebtare si\u00e7 \u00ebsht\u00eb origjinaliteti i kostumeve, melodit\u00eb autentike dhe vallet e ve\u00e7anta egzotike me t\u00eb cilat ky ansamb\u00ebl \u00ebsht\u00eb prezentuar n\u00eb m\u00ebse 50 shtete t\u00eb ndryshme t\u00eb bot\u00ebs dhe n\u00eb t\u00eb gjitha kontinentet.<\/p>\n<!--YouTube Error: bad URL entered-->\n<p>&nbsp;<\/p>\n","protected":false},"excerpt":{"rendered":"<p>N\u00eb kuad\u00ebr t\u00eb bashk\u00ebpunimit kulturor\u00eb nd\u00ebrmjet Ulqinit dhe Kosov\u00ebs sonte m\u00eb dat\u00ebn 31 tetor n\u00eb or\u00ebn 19.00 minuta n\u00eb Pallatin e Kultur\u00ebs do t\u00eb jap\u00eb nj\u00eb koncert me k\u00ebng\u00ebn dhe valle ansambli profesional \u2019\u2019SHOTA\u2019\u2019. Hyrja \u00ebsht\u00eb e lir\u00eb. Koncerti mbahet n\u00ebn patronatin e NP \u201cQendra kulturore\u201d, nd\u00ebrsa nj\u00ebri nga sponsor\u00ebt e\u00a0Ansamblit \u2019\u2019SHOTA\u2019\u2019 \u00ebsht\u00eb Organizata turistike [&hellip;]<\/p>\n","protected":false},"author":1,"featured_media":0,"comment_status":"closed","ping_status":"closed","sticky":false,"template":"","format":"standard","meta":{"spay_email":"","jetpack_publicize_message":"","jetpack_is_tweetstorm":false,"jetpack_publicize_feature_enabled":true},"categories":[1],"tags":[],"jetpack_publicize_connections":[],"yoast_head":"<!-- This site is optimized with the Yoast SEO plugin v19.1 - https:\/\/yoast.com\/wordpress\/plugins\/seo\/ -->\n<title>Ansambli \u201cShota\u201d jep koncert sonte n\u00eb Ulqin - Video - Lajme nga Ulqini<\/title>\n<meta name=\"description\" content=\"N\u00eb kuad\u00ebr t\u00eb bashk\u00ebpunimit kulturor\u00eb nd\u00ebrmjet Ulqinit dhe Kosov\u00ebs sonte m\u00eb dat\u00ebn 31 tetor n\u00eb or\u00ebn 19.00 minuta n\u00eb Pallatin e Kultur\u00ebs do t\u00eb jap\u00eb nj\u00eb\" \/>\n<meta name=\"robots\" content=\"index, follow, max-snippet:-1, max-image-preview:large, max-video-preview:-1\" \/>\n<link rel=\"canonical\" href=\"https:\/\/www.visit-ulcinj.com\/blog\/2013\/10\/31\/ansambli-shota-jep-koncert-sonte-ne-ulqin-video\/\" \/>\n<meta property=\"og:locale\" content=\"en_US\" \/>\n<meta property=\"og:type\" content=\"article\" \/>\n<meta property=\"og:title\" content=\"Ansambli \u201cShota\u201d jep koncert sonte n\u00eb Ulqin - Video - Lajme nga Ulqini\" \/>\n<meta property=\"og:description\" content=\"N\u00eb kuad\u00ebr t\u00eb bashk\u00ebpunimit kulturor\u00eb nd\u00ebrmjet Ulqinit dhe Kosov\u00ebs sonte m\u00eb dat\u00ebn 31 tetor n\u00eb or\u00ebn 19.00 minuta n\u00eb Pallatin e Kultur\u00ebs do t\u00eb jap\u00eb nj\u00eb\" \/>\n<meta property=\"og:url\" content=\"https:\/\/www.visit-ulcinj.com\/blog\/2013\/10\/31\/ansambli-shota-jep-koncert-sonte-ne-ulqin-video\/\" \/>\n<meta property=\"og:site_name\" content=\"Lajme nga Ulqini\" \/>\n<meta property=\"article:published_time\" content=\"2013-10-31T14:34:44+00:00\" \/>\n<meta property=\"og:image\" content=\"http:\/\/www.visit-ulcinj.com\/blog\/wp-content\/uploads\/2013\/10\/Koncert-Shota-Ulqin.jpg\" \/>\n<meta name=\"twitter:label1\" content=\"Written by\" \/>\n\t<meta name=\"twitter:data1\" content=\"ulqini\" \/>\n\t<meta name=\"twitter:label2\" content=\"Est. reading time\" \/>\n\t<meta name=\"twitter:data2\" content=\"1 minute\" \/>\n<script type=\"application\/ld+json\" class=\"yoast-schema-graph\">{\"@context\":\"https:\/\/schema.org\",\"@graph\":[{\"@type\":\"WebSite\",\"@id\":\"https:\/\/www.visit-ulcinj.com\/blog\/#website\",\"url\":\"https:\/\/www.visit-ulcinj.com\/blog\/\",\"name\":\"Lajme nga Ulqini\",\"description\":\"Lajme,Vijesti,Ulqini,Ulqin,Crna Gora,Mali i Zi\",\"potentialAction\":[{\"@type\":\"SearchAction\",\"target\":{\"@type\":\"EntryPoint\",\"urlTemplate\":\"https:\/\/www.visit-ulcinj.com\/blog\/?s={search_term_string}\"},\"query-input\":\"required name=search_term_string\"}],\"inLanguage\":\"en-US\"},{\"@type\":\"ImageObject\",\"inLanguage\":\"en-US\",\"@id\":\"https:\/\/www.visit-ulcinj.com\/blog\/2013\/10\/31\/ansambli-shota-jep-koncert-sonte-ne-ulqin-video\/#primaryimage\",\"url\":\"https:\/\/www.visit-ulcinj.com\/blog\/wp-content\/uploads\/2013\/10\/Koncert-Shota-Ulqin.jpg\",\"contentUrl\":\"https:\/\/www.visit-ulcinj.com\/blog\/wp-content\/uploads\/2013\/10\/Koncert-Shota-Ulqin.jpg\",\"width\":950,\"height\":437},{\"@type\":\"WebPage\",\"@id\":\"https:\/\/www.visit-ulcinj.com\/blog\/2013\/10\/31\/ansambli-shota-jep-koncert-sonte-ne-ulqin-video\/#webpage\",\"url\":\"https:\/\/www.visit-ulcinj.com\/blog\/2013\/10\/31\/ansambli-shota-jep-koncert-sonte-ne-ulqin-video\/\",\"name\":\"Ansambli \u201cShota\u201d jep koncert sonte n\u00eb Ulqin - Video - Lajme nga Ulqini\",\"isPartOf\":{\"@id\":\"https:\/\/www.visit-ulcinj.com\/blog\/#website\"},\"primaryImageOfPage\":{\"@id\":\"https:\/\/www.visit-ulcinj.com\/blog\/2013\/10\/31\/ansambli-shota-jep-koncert-sonte-ne-ulqin-video\/#primaryimage\"},\"datePublished\":\"2013-10-31T14:34:44+00:00\",\"dateModified\":\"2013-10-31T14:34:44+00:00\",\"author\":{\"@id\":\"https:\/\/www.visit-ulcinj.com\/blog\/#\/schema\/person\/dcab619c614d3038751c63bc2aadc06d\"},\"description\":\"N\u00eb kuad\u00ebr t\u00eb bashk\u00ebpunimit kulturor\u00eb nd\u00ebrmjet Ulqinit dhe Kosov\u00ebs sonte m\u00eb dat\u00ebn 31 tetor n\u00eb or\u00ebn 19.00 minuta n\u00eb Pallatin e Kultur\u00ebs do t\u00eb jap\u00eb nj\u00eb\",\"breadcrumb\":{\"@id\":\"https:\/\/www.visit-ulcinj.com\/blog\/2013\/10\/31\/ansambli-shota-jep-koncert-sonte-ne-ulqin-video\/#breadcrumb\"},\"inLanguage\":\"en-US\",\"potentialAction\":[{\"@type\":\"ReadAction\",\"target\":[\"https:\/\/www.visit-ulcinj.com\/blog\/2013\/10\/31\/ansambli-shota-jep-koncert-sonte-ne-ulqin-video\/\"]}]},{\"@type\":\"BreadcrumbList\",\"@id\":\"https:\/\/www.visit-ulcinj.com\/blog\/2013\/10\/31\/ansambli-shota-jep-koncert-sonte-ne-ulqin-video\/#breadcrumb\",\"itemListElement\":[{\"@type\":\"ListItem\",\"position\":1,\"name\":\"Ansambli \u201cShota\u201d jep koncert sonte n\u00eb Ulqin &#8211; Video\"}]},{\"@type\":\"Person\",\"@id\":\"https:\/\/www.visit-ulcinj.com\/blog\/#\/schema\/person\/dcab619c614d3038751c63bc2aadc06d\",\"name\":\"ulqini\",\"sameAs\":[\"http:\/\/www.visit-ulcinj.com\"],\"url\":\"https:\/\/www.visit-ulcinj.com\/blog\/author\/admin\/\"}]}<\/script>\n<!-- \/ Yoast SEO plugin. -->","yoast_head_json":{"title":"Ansambli \u201cShota\u201d jep koncert sonte n\u00eb Ulqin - Video - Lajme nga Ulqini","description":"N\u00eb kuad\u00ebr t\u00eb bashk\u00ebpunimit kulturor\u00eb nd\u00ebrmjet Ulqinit dhe Kosov\u00ebs sonte m\u00eb dat\u00ebn 31 tetor n\u00eb or\u00ebn 19.00 minuta n\u00eb Pallatin e Kultur\u00ebs do t\u00eb jap\u00eb nj\u00eb","robots":{"index":"index","follow":"follow","max-snippet":"max-snippet:-1","max-image-preview":"max-image-preview:large","max-video-preview":"max-video-preview:-1"},"canonical":"https:\/\/www.visit-ulcinj.com\/blog\/2013\/10\/31\/ansambli-shota-jep-koncert-sonte-ne-ulqin-video\/","og_locale":"en_US","og_type":"article","og_title":"Ansambli \u201cShota\u201d jep koncert sonte n\u00eb Ulqin - Video - Lajme nga Ulqini","og_description":"N\u00eb kuad\u00ebr t\u00eb bashk\u00ebpunimit kulturor\u00eb nd\u00ebrmjet Ulqinit dhe Kosov\u00ebs sonte m\u00eb dat\u00ebn 31 tetor n\u00eb or\u00ebn 19.00 minuta n\u00eb Pallatin e Kultur\u00ebs do t\u00eb jap\u00eb nj\u00eb","og_url":"https:\/\/www.visit-ulcinj.com\/blog\/2013\/10\/31\/ansambli-shota-jep-koncert-sonte-ne-ulqin-video\/","og_site_name":"Lajme nga Ulqini","article_published_time":"2013-10-31T14:34:44+00:00","og_image":[{"url":"http:\/\/www.visit-ulcinj.com\/blog\/wp-content\/uploads\/2013\/10\/Koncert-Shota-Ulqin.jpg"}],"twitter_misc":{"Written by":"ulqini","Est. reading time":"1 minute"},"schema":{"@context":"https:\/\/schema.org","@graph":[{"@type":"WebSite","@id":"https:\/\/www.visit-ulcinj.com\/blog\/#website","url":"https:\/\/www.visit-ulcinj.com\/blog\/","name":"Lajme nga Ulqini","description":"Lajme,Vijesti,Ulqini,Ulqin,Crna Gora,Mali i Zi","potentialAction":[{"@type":"SearchAction","target":{"@type":"EntryPoint","urlTemplate":"https:\/\/www.visit-ulcinj.com\/blog\/?s={search_term_string}"},"query-input":"required name=search_term_string"}],"inLanguage":"en-US"},{"@type":"ImageObject","inLanguage":"en-US","@id":"https:\/\/www.visit-ulcinj.com\/blog\/2013\/10\/31\/ansambli-shota-jep-koncert-sonte-ne-ulqin-video\/#primaryimage","url":"https:\/\/www.visit-ulcinj.com\/blog\/wp-content\/uploads\/2013\/10\/Koncert-Shota-Ulqin.jpg","contentUrl":"https:\/\/www.visit-ulcinj.com\/blog\/wp-content\/uploads\/2013\/10\/Koncert-Shota-Ulqin.jpg","width":950,"height":437},{"@type":"WebPage","@id":"https:\/\/www.visit-ulcinj.com\/blog\/2013\/10\/31\/ansambli-shota-jep-koncert-sonte-ne-ulqin-video\/#webpage","url":"https:\/\/www.visit-ulcinj.com\/blog\/2013\/10\/31\/ansambli-shota-jep-koncert-sonte-ne-ulqin-video\/","name":"Ansambli \u201cShota\u201d jep koncert sonte n\u00eb Ulqin - Video - Lajme nga Ulqini","isPartOf":{"@id":"https:\/\/www.visit-ulcinj.com\/blog\/#website"},"primaryImageOfPage":{"@id":"https:\/\/www.visit-ulcinj.com\/blog\/2013\/10\/31\/ansambli-shota-jep-koncert-sonte-ne-ulqin-video\/#primaryimage"},"datePublished":"2013-10-31T14:34:44+00:00","dateModified":"2013-10-31T14:34:44+00:00","author":{"@id":"https:\/\/www.visit-ulcinj.com\/blog\/#\/schema\/person\/dcab619c614d3038751c63bc2aadc06d"},"description":"N\u00eb kuad\u00ebr t\u00eb bashk\u00ebpunimit kulturor\u00eb nd\u00ebrmjet Ulqinit dhe Kosov\u00ebs sonte m\u00eb dat\u00ebn 31 tetor n\u00eb or\u00ebn 19.00 minuta n\u00eb Pallatin e Kultur\u00ebs do t\u00eb jap\u00eb nj\u00eb","breadcrumb":{"@id":"https:\/\/www.visit-ulcinj.com\/blog\/2013\/10\/31\/ansambli-shota-jep-koncert-sonte-ne-ulqin-video\/#breadcrumb"},"inLanguage":"en-US","potentialAction":[{"@type":"ReadAction","target":["https:\/\/www.visit-ulcinj.com\/blog\/2013\/10\/31\/ansambli-shota-jep-koncert-sonte-ne-ulqin-video\/"]}]},{"@type":"BreadcrumbList","@id":"https:\/\/www.visit-ulcinj.com\/blog\/2013\/10\/31\/ansambli-shota-jep-koncert-sonte-ne-ulqin-video\/#breadcrumb","itemListElement":[{"@type":"ListItem","position":1,"name":"Ansambli \u201cShota\u201d jep koncert sonte n\u00eb Ulqin &#8211; Video"}]},{"@type":"Person","@id":"https:\/\/www.visit-ulcinj.com\/blog\/#\/schema\/person\/dcab619c614d3038751c63bc2aadc06d","name":"ulqini","sameAs":["http:\/\/www.visit-ulcinj.com"],"url":"https:\/\/www.visit-ulcinj.com\/blog\/author\/admin\/"}]}},"jetpack_featured_media_url":"","jetpack_sharing_enabled":true,"jetpack_shortlink":"https:\/\/wp.me\/pe6lTn-jIH","_links":{"self":[{"href":"https:\/\/www.visit-ulcinj.com\/blog\/wp-json\/wp\/v2\/posts\/75807"}],"collection":[{"href":"https:\/\/www.visit-ulcinj.com\/blog\/wp-json\/wp\/v2\/posts"}],"about":[{"href":"https:\/\/www.visit-ulcinj.com\/blog\/wp-json\/wp\/v2\/types\/post"}],"author":[{"embeddable":true,"href":"https:\/\/www.visit-ulcinj.com\/blog\/wp-json\/wp\/v2\/users\/1"}],"replies":[{"embeddable":true,"href":"https:\/\/www.visit-ulcinj.com\/blog\/wp-json\/wp\/v2\/comments?post=75807"}],"version-history":[{"count":1,"href":"https:\/\/www.visit-ulcinj.com\/blog\/wp-json\/wp\/v2\/posts\/75807\/revisions"}],"predecessor-version":[{"id":75810,"href":"https:\/\/www.visit-ulcinj.com\/blog\/wp-json\/wp\/v2\/posts\/75807\/revisions\/75810"}],"wp:attachment":[{"href":"https:\/\/www.visit-ulcinj.com\/blog\/wp-json\/wp\/v2\/media?parent=75807"}],"wp:term":[{"taxonomy":"category","embeddable":true,"href":"https:\/\/www.visit-ulcinj.com\/blog\/wp-json\/wp\/v2\/categories?post=75807"},{"taxonomy":"post_tag","embeddable":true,"href":"https:\/\/www.visit-ulcinj.com\/blog\/wp-json\/wp\/v2\/tags?post=75807"}],"curies":[{"name":"wp","href":"https:\/\/api.w.org\/{rel}","templated":true}]}}