{"id":75814,"date":"2013-10-31T15:48:47","date_gmt":"2013-10-31T14:48:47","guid":{"rendered":"http:\/\/www.visit-ulcinj.com\/blog\/?p=75814"},"modified":"2013-10-31T15:48:47","modified_gmt":"2013-10-31T14:48:47","slug":"kineska-delegacija-boravili-u-posjetu-opstine-ulcinj","status":"publish","type":"post","link":"https:\/\/www.visit-ulcinj.com\/blog\/2013\/10\/31\/kineska-delegacija-boravili-u-posjetu-opstine-ulcinj\/","title":{"rendered":"Kineska delegacija boravili u posjetu  Op\u0161tine Ulcinj"},"content":{"rendered":"<p><strong><a href=\"http:\/\/www.visit-ulcinj.com\/blog\/wp-content\/uploads\/2013\/10\/Kineska-delegacija-boravili-u-Op\u0161tinu-Ulcinj.jpg\"><img loading=\"lazy\" class=\"alignleft  wp-image-75815\" alt=\"Kineska delegacija boravili u Op\u0161tinu Ulcinj\" src=\"http:\/\/www.visit-ulcinj.com\/blog\/wp-content\/uploads\/2013\/10\/Kineska-delegacija-boravili-u-Op\u0161tinu-Ulcinj.jpg\" width=\"508\" height=\"360\" \/><\/a>Posjeta kineske delegacije op\u0161tini Ulcinj<\/strong><\/p>\n<p>Predsjednik Op\u0161tine Ulcinj, g. Nazif Cungu sa saradnicima, primio je danas predstavnike Instituta za Regionalna Ekonomska istra\u017eivanja iz Narodne Republike Kine, koji tokom ove nedelje borave u posjetu Crnoj Gori. Sastanku su prisustvovali i predstavnici Vlade Crne Gore, savjetnik premijera Aleksandar Ti\u010di\u0107, Sekretar sekretarijata za razvojne projekte Neboj\u0161a Popovi\u0107, kao i predstavnici ministarstva odr\u017eivog razvoja i turizma i ministarstva ekonomije.<\/p>\n<p>Predstavnicima kineske delegacije su predstavljene mogu\u0107nosti za ulaganja u Ulcinju, sa akcentom na turisti\u010dke potencijale na Velikoj pla\u017ei i Adi Bojani, biznis zonu u Vladimirskim krutama, kao i mogu\u0107nost izgradnje marina i drugih turisti\u010dkih sadr\u017eaja.<br \/>\nNakon sastanka, kineskoj delegaciji je izvr\u0161ena prezentacija Velike pla\u017ee i Ade Bojane na licu mjesta.<\/p>\n","protected":false},"excerpt":{"rendered":"<p>Posjeta kineske delegacije op\u0161tini Ulcinj Predsjednik Op\u0161tine Ulcinj, g. Nazif Cungu sa saradnicima, primio je danas predstavnike Instituta za Regionalna Ekonomska istra\u017eivanja iz Narodne Republike Kine, koji tokom ove nedelje borave u posjetu Crnoj Gori. Sastanku su prisustvovali i predstavnici Vlade Crne Gore, savjetnik premijera Aleksandar Ti\u010di\u0107, Sekretar sekretarijata za razvojne projekte Neboj\u0161a Popovi\u0107, kao [&hellip;]<\/p>\n","protected":false},"author":1,"featured_media":0,"comment_status":"closed","ping_status":"closed","sticky":false,"template":"","format":"standard","meta":{"spay_email":"","jetpack_publicize_message":"","jetpack_is_tweetstorm":false,"jetpack_publicize_feature_enabled":true},"categories":[6950],"tags":[],"jetpack_publicize_connections":[],"yoast_head":"<!-- This site is optimized with the Yoast SEO plugin v19.1 - https:\/\/yoast.com\/wordpress\/plugins\/seo\/ -->\n<title>Kineska delegacija boravili u posjetu Op\u0161tine Ulcinj - Lajme nga Ulqini<\/title>\n<meta name=\"description\" content=\"Posjeta kineske delegacije op\u0161tini Ulcinj Predsjednik Op\u0161tine Ulcinj, g. Nazif Cungu sa saradnicima, primio je danas predstavnike Instituta za Regionalna\" \/>\n<meta name=\"robots\" content=\"index, follow, max-snippet:-1, max-image-preview:large, max-video-preview:-1\" \/>\n<link rel=\"canonical\" href=\"https:\/\/www.visit-ulcinj.com\/blog\/2013\/10\/31\/kineska-delegacija-boravili-u-posjetu-opstine-ulcinj\/\" \/>\n<meta property=\"og:locale\" content=\"en_US\" \/>\n<meta property=\"og:type\" content=\"article\" \/>\n<meta property=\"og:title\" content=\"Kineska delegacija boravili u posjetu Op\u0161tine Ulcinj - Lajme nga Ulqini\" \/>\n<meta property=\"og:description\" content=\"Posjeta kineske delegacije op\u0161tini Ulcinj Predsjednik Op\u0161tine Ulcinj, g. Nazif Cungu sa saradnicima, primio je danas predstavnike Instituta za Regionalna\" \/>\n<meta property=\"og:url\" content=\"https:\/\/www.visit-ulcinj.com\/blog\/2013\/10\/31\/kineska-delegacija-boravili-u-posjetu-opstine-ulcinj\/\" \/>\n<meta property=\"og:site_name\" content=\"Lajme nga Ulqini\" \/>\n<meta property=\"article:published_time\" content=\"2013-10-31T14:48:47+00:00\" \/>\n<meta name=\"twitter:label1\" content=\"Written by\" \/>\n\t<meta name=\"twitter:data1\" content=\"ulqini\" \/>\n\t<meta name=\"twitter:label2\" content=\"Est. reading time\" \/>\n\t<meta name=\"twitter:data2\" content=\"1 minute\" \/>\n<script type=\"application\/ld+json\" class=\"yoast-schema-graph\">{\"@context\":\"https:\/\/schema.org\",\"@graph\":[{\"@type\":\"WebSite\",\"@id\":\"https:\/\/www.visit-ulcinj.com\/blog\/#website\",\"url\":\"https:\/\/www.visit-ulcinj.com\/blog\/\",\"name\":\"Lajme nga Ulqini\",\"description\":\"Lajme,Vijesti,Ulqini,Ulqin,Crna Gora,Mali i Zi\",\"potentialAction\":[{\"@type\":\"SearchAction\",\"target\":{\"@type\":\"EntryPoint\",\"urlTemplate\":\"https:\/\/www.visit-ulcinj.com\/blog\/?s={search_term_string}\"},\"query-input\":\"required name=search_term_string\"}],\"inLanguage\":\"en-US\"},{\"@type\":\"WebPage\",\"@id\":\"https:\/\/www.visit-ulcinj.com\/blog\/2013\/10\/31\/kineska-delegacija-boravili-u-posjetu-opstine-ulcinj\/#webpage\",\"url\":\"https:\/\/www.visit-ulcinj.com\/blog\/2013\/10\/31\/kineska-delegacija-boravili-u-posjetu-opstine-ulcinj\/\",\"name\":\"Kineska delegacija boravili u posjetu Op\u0161tine Ulcinj - Lajme nga Ulqini\",\"isPartOf\":{\"@id\":\"https:\/\/www.visit-ulcinj.com\/blog\/#website\"},\"datePublished\":\"2013-10-31T14:48:47+00:00\",\"dateModified\":\"2013-10-31T14:48:47+00:00\",\"author\":{\"@id\":\"https:\/\/www.visit-ulcinj.com\/blog\/#\/schema\/person\/dcab619c614d3038751c63bc2aadc06d\"},\"description\":\"Posjeta kineske delegacije op\u0161tini Ulcinj Predsjednik Op\u0161tine Ulcinj, g. Nazif Cungu sa saradnicima, primio je danas predstavnike Instituta za Regionalna\",\"breadcrumb\":{\"@id\":\"https:\/\/www.visit-ulcinj.com\/blog\/2013\/10\/31\/kineska-delegacija-boravili-u-posjetu-opstine-ulcinj\/#breadcrumb\"},\"inLanguage\":\"en-US\",\"potentialAction\":[{\"@type\":\"ReadAction\",\"target\":[\"https:\/\/www.visit-ulcinj.com\/blog\/2013\/10\/31\/kineska-delegacija-boravili-u-posjetu-opstine-ulcinj\/\"]}]},{\"@type\":\"BreadcrumbList\",\"@id\":\"https:\/\/www.visit-ulcinj.com\/blog\/2013\/10\/31\/kineska-delegacija-boravili-u-posjetu-opstine-ulcinj\/#breadcrumb\",\"itemListElement\":[{\"@type\":\"ListItem\",\"position\":1,\"name\":\"Kineska delegacija boravili u posjetu Op\u0161tine Ulcinj\"}]},{\"@type\":\"Person\",\"@id\":\"https:\/\/www.visit-ulcinj.com\/blog\/#\/schema\/person\/dcab619c614d3038751c63bc2aadc06d\",\"name\":\"ulqini\",\"sameAs\":[\"http:\/\/www.visit-ulcinj.com\"],\"url\":\"https:\/\/www.visit-ulcinj.com\/blog\/author\/admin\/\"}]}<\/script>\n<!-- \/ Yoast SEO plugin. -->","yoast_head_json":{"title":"Kineska delegacija boravili u posjetu Op\u0161tine Ulcinj - Lajme nga Ulqini","description":"Posjeta kineske delegacije op\u0161tini Ulcinj Predsjednik Op\u0161tine Ulcinj, g. Nazif Cungu sa saradnicima, primio je danas predstavnike Instituta za Regionalna","robots":{"index":"index","follow":"follow","max-snippet":"max-snippet:-1","max-image-preview":"max-image-preview:large","max-video-preview":"max-video-preview:-1"},"canonical":"https:\/\/www.visit-ulcinj.com\/blog\/2013\/10\/31\/kineska-delegacija-boravili-u-posjetu-opstine-ulcinj\/","og_locale":"en_US","og_type":"article","og_title":"Kineska delegacija boravili u posjetu Op\u0161tine Ulcinj - Lajme nga Ulqini","og_description":"Posjeta kineske delegacije op\u0161tini Ulcinj Predsjednik Op\u0161tine Ulcinj, g. Nazif Cungu sa saradnicima, primio je danas predstavnike Instituta za Regionalna","og_url":"https:\/\/www.visit-ulcinj.com\/blog\/2013\/10\/31\/kineska-delegacija-boravili-u-posjetu-opstine-ulcinj\/","og_site_name":"Lajme nga Ulqini","article_published_time":"2013-10-31T14:48:47+00:00","twitter_misc":{"Written by":"ulqini","Est. reading time":"1 minute"},"schema":{"@context":"https:\/\/schema.org","@graph":[{"@type":"WebSite","@id":"https:\/\/www.visit-ulcinj.com\/blog\/#website","url":"https:\/\/www.visit-ulcinj.com\/blog\/","name":"Lajme nga Ulqini","description":"Lajme,Vijesti,Ulqini,Ulqin,Crna Gora,Mali i Zi","potentialAction":[{"@type":"SearchAction","target":{"@type":"EntryPoint","urlTemplate":"https:\/\/www.visit-ulcinj.com\/blog\/?s={search_term_string}"},"query-input":"required name=search_term_string"}],"inLanguage":"en-US"},{"@type":"WebPage","@id":"https:\/\/www.visit-ulcinj.com\/blog\/2013\/10\/31\/kineska-delegacija-boravili-u-posjetu-opstine-ulcinj\/#webpage","url":"https:\/\/www.visit-ulcinj.com\/blog\/2013\/10\/31\/kineska-delegacija-boravili-u-posjetu-opstine-ulcinj\/","name":"Kineska delegacija boravili u posjetu Op\u0161tine Ulcinj - Lajme nga Ulqini","isPartOf":{"@id":"https:\/\/www.visit-ulcinj.com\/blog\/#website"},"datePublished":"2013-10-31T14:48:47+00:00","dateModified":"2013-10-31T14:48:47+00:00","author":{"@id":"https:\/\/www.visit-ulcinj.com\/blog\/#\/schema\/person\/dcab619c614d3038751c63bc2aadc06d"},"description":"Posjeta kineske delegacije op\u0161tini Ulcinj Predsjednik Op\u0161tine Ulcinj, g. Nazif Cungu sa saradnicima, primio je danas predstavnike Instituta za Regionalna","breadcrumb":{"@id":"https:\/\/www.visit-ulcinj.com\/blog\/2013\/10\/31\/kineska-delegacija-boravili-u-posjetu-opstine-ulcinj\/#breadcrumb"},"inLanguage":"en-US","potentialAction":[{"@type":"ReadAction","target":["https:\/\/www.visit-ulcinj.com\/blog\/2013\/10\/31\/kineska-delegacija-boravili-u-posjetu-opstine-ulcinj\/"]}]},{"@type":"BreadcrumbList","@id":"https:\/\/www.visit-ulcinj.com\/blog\/2013\/10\/31\/kineska-delegacija-boravili-u-posjetu-opstine-ulcinj\/#breadcrumb","itemListElement":[{"@type":"ListItem","position":1,"name":"Kineska delegacija boravili u posjetu Op\u0161tine Ulcinj"}]},{"@type":"Person","@id":"https:\/\/www.visit-ulcinj.com\/blog\/#\/schema\/person\/dcab619c614d3038751c63bc2aadc06d","name":"ulqini","sameAs":["http:\/\/www.visit-ulcinj.com"],"url":"https:\/\/www.visit-ulcinj.com\/blog\/author\/admin\/"}]}},"jetpack_featured_media_url":"","jetpack_sharing_enabled":true,"jetpack_shortlink":"https:\/\/wp.me\/pe6lTn-jIO","_links":{"self":[{"href":"https:\/\/www.visit-ulcinj.com\/blog\/wp-json\/wp\/v2\/posts\/75814"}],"collection":[{"href":"https:\/\/www.visit-ulcinj.com\/blog\/wp-json\/wp\/v2\/posts"}],"about":[{"href":"https:\/\/www.visit-ulcinj.com\/blog\/wp-json\/wp\/v2\/types\/post"}],"author":[{"embeddable":true,"href":"https:\/\/www.visit-ulcinj.com\/blog\/wp-json\/wp\/v2\/users\/1"}],"replies":[{"embeddable":true,"href":"https:\/\/www.visit-ulcinj.com\/blog\/wp-json\/wp\/v2\/comments?post=75814"}],"version-history":[{"count":1,"href":"https:\/\/www.visit-ulcinj.com\/blog\/wp-json\/wp\/v2\/posts\/75814\/revisions"}],"predecessor-version":[{"id":75816,"href":"https:\/\/www.visit-ulcinj.com\/blog\/wp-json\/wp\/v2\/posts\/75814\/revisions\/75816"}],"wp:attachment":[{"href":"https:\/\/www.visit-ulcinj.com\/blog\/wp-json\/wp\/v2\/media?parent=75814"}],"wp:term":[{"taxonomy":"category","embeddable":true,"href":"https:\/\/www.visit-ulcinj.com\/blog\/wp-json\/wp\/v2\/categories?post=75814"},{"taxonomy":"post_tag","embeddable":true,"href":"https:\/\/www.visit-ulcinj.com\/blog\/wp-json\/wp\/v2\/tags?post=75814"}],"curies":[{"name":"wp","href":"https:\/\/api.w.org\/{rel}","templated":true}]}}