{"id":75817,"date":"2013-10-31T15:52:03","date_gmt":"2013-10-31T14:52:03","guid":{"rendered":"http:\/\/www.visit-ulcinj.com\/blog\/?p=75817"},"modified":"2013-10-31T15:52:03","modified_gmt":"2013-10-31T14:52:03","slug":"cungu-se-sastao-sa-wilhelmom-icke-podpredsjednikom-njemacke-banke-za-ivesticije-deg","status":"publish","type":"post","link":"https:\/\/www.visit-ulcinj.com\/blog\/2013\/10\/31\/cungu-se-sastao-sa-wilhelmom-icke-podpredsjednikom-njemacke-banke-za-ivesticije-deg\/","title":{"rendered":"Cungu se sastao sa Wilhelmom Icke, podpredsjednikom njema\u010dke banke za ivesticije \u2013 DEG"},"content":{"rendered":"<p><strong><a href=\"http:\/\/www.visit-ulcinj.com\/blog\/wp-content\/uploads\/2013\/10\/Cungu-se-sastao-sa-Wilhelmom-Icke.jpg\"><img loading=\"lazy\" class=\"alignleft  wp-image-75818\" alt=\"Cungu se sastao sa Wilhelmom Icke\" src=\"http:\/\/www.visit-ulcinj.com\/blog\/wp-content\/uploads\/2013\/10\/Cungu-se-sastao-sa-Wilhelmom-Icke.jpg\" width=\"508\" height=\"360\" \/><\/a>Sastanak sa predstavnicima DEG &#8211; a<\/strong><\/p>\n<p>Predsjednik Op\u0161tine Ulcinj Nazif Cungu sastao se danas sa Wilhelmom Icke, podpredsjednikom njema\u010dke banke za ivesticije \u2013 DEG.<br \/>\nPredsjednik Cungu se zahvalio podpredsjedniku Ickeu za posjetu op\u0161tini Ulcinj, kao i na iskazano interesovanje za podr\u017eavanje investicionih projekata u na\u0161oj Op\u0161tini i istovremeno istakao zna\u010daj Master plana za Veliku pla\u017eu koji je izra\u0111en od strane DEG-a 2003. godine.<\/p>\n<p>Tako\u0111e je istako da op\u0161tina Ulcinj sara\u0111uje sa KfW bankom oko investicije u vodovodnu i kanalizacionu infrastrukturu, koji prema fizibiliti studiji dosti\u017ee vrijednost od oko 134 miliona eura. Ovaj projekat predstavlja jedan od najva\u017enijih koraka za unapre\u0111enje infrastrukture u op\u0161tini Ulcinj, stvaraju\u0107i time realne uslove za privla\u010denje stranih investicija u turizmu, kao i u drugim oblastima.<br \/>\nPotpredsjednik Icke je izrazio spremnost DEG-a da sara\u0111uje sa op\u0161tinom Ulcinj, podr\u017eavaju\u0107i razne projekte iz turizma, poljoprivrede, energetike koji \u0107e doprinijeti odr\u017eivom razvoju Ulcinja.<br \/>\nNakon sastanka, organizovan je sastanak sa kompanijama koje imaju spremne projekte iz oblasti turizma u Ulcinju, na kojem su izvr\u0161ili njihove prezentacije. Radi se o projektu kompanije Star of Montenegro \u2013 hotel Jadran, Rok\u0161ped \u2013 hotel Galeb, Inveraqua \u2013 hotel Velika Palace, Sea Terra Properties \u2013 golf tereni na Briskoj Gori, UL Group \u2013 kompleks Medical Spa na Velikoj Pla\u017ei.<br \/>\nNakon ovih sastanaka predstavnici DEG-a su posjetili Veliku Pla\u017eu i djelove grada na kojima su predvi\u0111eni ovi projekti.<\/p>\n","protected":false},"excerpt":{"rendered":"<p>Sastanak sa predstavnicima DEG &#8211; a Predsjednik Op\u0161tine Ulcinj Nazif Cungu sastao se danas sa Wilhelmom Icke, podpredsjednikom njema\u010dke banke za ivesticije \u2013 DEG. Predsjednik Cungu se zahvalio podpredsjedniku Ickeu za posjetu op\u0161tini Ulcinj, kao i na iskazano interesovanje za podr\u017eavanje investicionih projekata u na\u0161oj Op\u0161tini i istovremeno istakao zna\u010daj Master plana za Veliku pla\u017eu [&hellip;]<\/p>\n","protected":false},"author":1,"featured_media":0,"comment_status":"closed","ping_status":"closed","sticky":false,"template":"","format":"standard","meta":{"spay_email":"","jetpack_publicize_message":"","jetpack_is_tweetstorm":false,"jetpack_publicize_feature_enabled":true},"categories":[6950],"tags":[],"jetpack_publicize_connections":[],"yoast_head":"<!-- This site is optimized with the Yoast SEO plugin v19.1 - https:\/\/yoast.com\/wordpress\/plugins\/seo\/ -->\n<title>Cungu se sastao sa Wilhelmom Icke, podpredsjednikom njema\u010dke banke za ivesticije \u2013 DEG - Lajme nga Ulqini<\/title>\n<meta name=\"description\" content=\"Sastanak sa predstavnicima DEG - a Predsjednik Op\u0161tine Ulcinj Nazif Cungu sastao se danas sa Wilhelmom Icke, podpredsjednikom njema\u010dke banke za ivesticije\" \/>\n<meta name=\"robots\" content=\"index, follow, max-snippet:-1, max-image-preview:large, max-video-preview:-1\" \/>\n<link rel=\"canonical\" href=\"https:\/\/www.visit-ulcinj.com\/blog\/2013\/10\/31\/cungu-se-sastao-sa-wilhelmom-icke-podpredsjednikom-njemacke-banke-za-ivesticije-deg\/\" \/>\n<meta property=\"og:locale\" content=\"en_US\" \/>\n<meta property=\"og:type\" content=\"article\" \/>\n<meta property=\"og:title\" content=\"Cungu se sastao sa Wilhelmom Icke, podpredsjednikom njema\u010dke banke za ivesticije \u2013 DEG - Lajme nga Ulqini\" \/>\n<meta property=\"og:description\" content=\"Sastanak sa predstavnicima DEG - a Predsjednik Op\u0161tine Ulcinj Nazif Cungu sastao se danas sa Wilhelmom Icke, podpredsjednikom njema\u010dke banke za ivesticije\" \/>\n<meta property=\"og:url\" content=\"https:\/\/www.visit-ulcinj.com\/blog\/2013\/10\/31\/cungu-se-sastao-sa-wilhelmom-icke-podpredsjednikom-njemacke-banke-za-ivesticije-deg\/\" \/>\n<meta property=\"og:site_name\" content=\"Lajme nga Ulqini\" \/>\n<meta property=\"article:published_time\" content=\"2013-10-31T14:52:03+00:00\" \/>\n<meta property=\"og:image\" content=\"http:\/\/www.visit-ulcinj.com\/blog\/wp-content\/uploads\/2013\/10\/Cungu-se-sastao-sa-Wilhelmom-Icke.jpg\" \/>\n<meta name=\"twitter:label1\" content=\"Written by\" \/>\n\t<meta name=\"twitter:data1\" content=\"ulqini\" \/>\n\t<meta name=\"twitter:label2\" content=\"Est. reading time\" \/>\n\t<meta name=\"twitter:data2\" content=\"1 minute\" \/>\n<script type=\"application\/ld+json\" class=\"yoast-schema-graph\">{\"@context\":\"https:\/\/schema.org\",\"@graph\":[{\"@type\":\"WebSite\",\"@id\":\"https:\/\/www.visit-ulcinj.com\/blog\/#website\",\"url\":\"https:\/\/www.visit-ulcinj.com\/blog\/\",\"name\":\"Lajme nga Ulqini\",\"description\":\"Lajme,Vijesti,Ulqini,Ulqin,Crna Gora,Mali i Zi\",\"potentialAction\":[{\"@type\":\"SearchAction\",\"target\":{\"@type\":\"EntryPoint\",\"urlTemplate\":\"https:\/\/www.visit-ulcinj.com\/blog\/?s={search_term_string}\"},\"query-input\":\"required name=search_term_string\"}],\"inLanguage\":\"en-US\"},{\"@type\":\"ImageObject\",\"inLanguage\":\"en-US\",\"@id\":\"https:\/\/www.visit-ulcinj.com\/blog\/2013\/10\/31\/cungu-se-sastao-sa-wilhelmom-icke-podpredsjednikom-njemacke-banke-za-ivesticije-deg\/#primaryimage\",\"url\":\"https:\/\/www.visit-ulcinj.com\/blog\/wp-content\/uploads\/2013\/10\/Cungu-se-sastao-sa-Wilhelmom-Icke.jpg\",\"contentUrl\":\"https:\/\/www.visit-ulcinj.com\/blog\/wp-content\/uploads\/2013\/10\/Cungu-se-sastao-sa-Wilhelmom-Icke.jpg\",\"width\":768,\"height\":509},{\"@type\":\"WebPage\",\"@id\":\"https:\/\/www.visit-ulcinj.com\/blog\/2013\/10\/31\/cungu-se-sastao-sa-wilhelmom-icke-podpredsjednikom-njemacke-banke-za-ivesticije-deg\/#webpage\",\"url\":\"https:\/\/www.visit-ulcinj.com\/blog\/2013\/10\/31\/cungu-se-sastao-sa-wilhelmom-icke-podpredsjednikom-njemacke-banke-za-ivesticije-deg\/\",\"name\":\"Cungu se sastao sa Wilhelmom Icke, podpredsjednikom njema\u010dke banke za ivesticije \u2013 DEG - Lajme nga Ulqini\",\"isPartOf\":{\"@id\":\"https:\/\/www.visit-ulcinj.com\/blog\/#website\"},\"primaryImageOfPage\":{\"@id\":\"https:\/\/www.visit-ulcinj.com\/blog\/2013\/10\/31\/cungu-se-sastao-sa-wilhelmom-icke-podpredsjednikom-njemacke-banke-za-ivesticije-deg\/#primaryimage\"},\"datePublished\":\"2013-10-31T14:52:03+00:00\",\"dateModified\":\"2013-10-31T14:52:03+00:00\",\"author\":{\"@id\":\"https:\/\/www.visit-ulcinj.com\/blog\/#\/schema\/person\/dcab619c614d3038751c63bc2aadc06d\"},\"description\":\"Sastanak sa predstavnicima DEG - a Predsjednik Op\u0161tine Ulcinj Nazif Cungu sastao se danas sa Wilhelmom Icke, podpredsjednikom njema\u010dke banke za ivesticije\",\"breadcrumb\":{\"@id\":\"https:\/\/www.visit-ulcinj.com\/blog\/2013\/10\/31\/cungu-se-sastao-sa-wilhelmom-icke-podpredsjednikom-njemacke-banke-za-ivesticije-deg\/#breadcrumb\"},\"inLanguage\":\"en-US\",\"potentialAction\":[{\"@type\":\"ReadAction\",\"target\":[\"https:\/\/www.visit-ulcinj.com\/blog\/2013\/10\/31\/cungu-se-sastao-sa-wilhelmom-icke-podpredsjednikom-njemacke-banke-za-ivesticije-deg\/\"]}]},{\"@type\":\"BreadcrumbList\",\"@id\":\"https:\/\/www.visit-ulcinj.com\/blog\/2013\/10\/31\/cungu-se-sastao-sa-wilhelmom-icke-podpredsjednikom-njemacke-banke-za-ivesticije-deg\/#breadcrumb\",\"itemListElement\":[{\"@type\":\"ListItem\",\"position\":1,\"name\":\"Cungu se sastao sa Wilhelmom Icke, podpredsjednikom njema\u010dke banke za ivesticije \u2013 DEG\"}]},{\"@type\":\"Person\",\"@id\":\"https:\/\/www.visit-ulcinj.com\/blog\/#\/schema\/person\/dcab619c614d3038751c63bc2aadc06d\",\"name\":\"ulqini\",\"sameAs\":[\"http:\/\/www.visit-ulcinj.com\"],\"url\":\"https:\/\/www.visit-ulcinj.com\/blog\/author\/admin\/\"}]}<\/script>\n<!-- \/ Yoast SEO plugin. -->","yoast_head_json":{"title":"Cungu se sastao sa Wilhelmom Icke, podpredsjednikom njema\u010dke banke za ivesticije \u2013 DEG - Lajme nga Ulqini","description":"Sastanak sa predstavnicima DEG - a Predsjednik Op\u0161tine Ulcinj Nazif Cungu sastao se danas sa Wilhelmom Icke, podpredsjednikom njema\u010dke banke za ivesticije","robots":{"index":"index","follow":"follow","max-snippet":"max-snippet:-1","max-image-preview":"max-image-preview:large","max-video-preview":"max-video-preview:-1"},"canonical":"https:\/\/www.visit-ulcinj.com\/blog\/2013\/10\/31\/cungu-se-sastao-sa-wilhelmom-icke-podpredsjednikom-njemacke-banke-za-ivesticije-deg\/","og_locale":"en_US","og_type":"article","og_title":"Cungu se sastao sa Wilhelmom Icke, podpredsjednikom njema\u010dke banke za ivesticije \u2013 DEG - Lajme nga Ulqini","og_description":"Sastanak sa predstavnicima DEG - a Predsjednik Op\u0161tine Ulcinj Nazif Cungu sastao se danas sa Wilhelmom Icke, podpredsjednikom njema\u010dke banke za ivesticije","og_url":"https:\/\/www.visit-ulcinj.com\/blog\/2013\/10\/31\/cungu-se-sastao-sa-wilhelmom-icke-podpredsjednikom-njemacke-banke-za-ivesticije-deg\/","og_site_name":"Lajme nga Ulqini","article_published_time":"2013-10-31T14:52:03+00:00","og_image":[{"url":"http:\/\/www.visit-ulcinj.com\/blog\/wp-content\/uploads\/2013\/10\/Cungu-se-sastao-sa-Wilhelmom-Icke.jpg"}],"twitter_misc":{"Written by":"ulqini","Est. reading time":"1 minute"},"schema":{"@context":"https:\/\/schema.org","@graph":[{"@type":"WebSite","@id":"https:\/\/www.visit-ulcinj.com\/blog\/#website","url":"https:\/\/www.visit-ulcinj.com\/blog\/","name":"Lajme nga Ulqini","description":"Lajme,Vijesti,Ulqini,Ulqin,Crna Gora,Mali i Zi","potentialAction":[{"@type":"SearchAction","target":{"@type":"EntryPoint","urlTemplate":"https:\/\/www.visit-ulcinj.com\/blog\/?s={search_term_string}"},"query-input":"required name=search_term_string"}],"inLanguage":"en-US"},{"@type":"ImageObject","inLanguage":"en-US","@id":"https:\/\/www.visit-ulcinj.com\/blog\/2013\/10\/31\/cungu-se-sastao-sa-wilhelmom-icke-podpredsjednikom-njemacke-banke-za-ivesticije-deg\/#primaryimage","url":"https:\/\/www.visit-ulcinj.com\/blog\/wp-content\/uploads\/2013\/10\/Cungu-se-sastao-sa-Wilhelmom-Icke.jpg","contentUrl":"https:\/\/www.visit-ulcinj.com\/blog\/wp-content\/uploads\/2013\/10\/Cungu-se-sastao-sa-Wilhelmom-Icke.jpg","width":768,"height":509},{"@type":"WebPage","@id":"https:\/\/www.visit-ulcinj.com\/blog\/2013\/10\/31\/cungu-se-sastao-sa-wilhelmom-icke-podpredsjednikom-njemacke-banke-za-ivesticije-deg\/#webpage","url":"https:\/\/www.visit-ulcinj.com\/blog\/2013\/10\/31\/cungu-se-sastao-sa-wilhelmom-icke-podpredsjednikom-njemacke-banke-za-ivesticije-deg\/","name":"Cungu se sastao sa Wilhelmom Icke, podpredsjednikom njema\u010dke banke za ivesticije \u2013 DEG - Lajme nga Ulqini","isPartOf":{"@id":"https:\/\/www.visit-ulcinj.com\/blog\/#website"},"primaryImageOfPage":{"@id":"https:\/\/www.visit-ulcinj.com\/blog\/2013\/10\/31\/cungu-se-sastao-sa-wilhelmom-icke-podpredsjednikom-njemacke-banke-za-ivesticije-deg\/#primaryimage"},"datePublished":"2013-10-31T14:52:03+00:00","dateModified":"2013-10-31T14:52:03+00:00","author":{"@id":"https:\/\/www.visit-ulcinj.com\/blog\/#\/schema\/person\/dcab619c614d3038751c63bc2aadc06d"},"description":"Sastanak sa predstavnicima DEG - a Predsjednik Op\u0161tine Ulcinj Nazif Cungu sastao se danas sa Wilhelmom Icke, podpredsjednikom njema\u010dke banke za ivesticije","breadcrumb":{"@id":"https:\/\/www.visit-ulcinj.com\/blog\/2013\/10\/31\/cungu-se-sastao-sa-wilhelmom-icke-podpredsjednikom-njemacke-banke-za-ivesticije-deg\/#breadcrumb"},"inLanguage":"en-US","potentialAction":[{"@type":"ReadAction","target":["https:\/\/www.visit-ulcinj.com\/blog\/2013\/10\/31\/cungu-se-sastao-sa-wilhelmom-icke-podpredsjednikom-njemacke-banke-za-ivesticije-deg\/"]}]},{"@type":"BreadcrumbList","@id":"https:\/\/www.visit-ulcinj.com\/blog\/2013\/10\/31\/cungu-se-sastao-sa-wilhelmom-icke-podpredsjednikom-njemacke-banke-za-ivesticije-deg\/#breadcrumb","itemListElement":[{"@type":"ListItem","position":1,"name":"Cungu se sastao sa Wilhelmom Icke, podpredsjednikom njema\u010dke banke za ivesticije \u2013 DEG"}]},{"@type":"Person","@id":"https:\/\/www.visit-ulcinj.com\/blog\/#\/schema\/person\/dcab619c614d3038751c63bc2aadc06d","name":"ulqini","sameAs":["http:\/\/www.visit-ulcinj.com"],"url":"https:\/\/www.visit-ulcinj.com\/blog\/author\/admin\/"}]}},"jetpack_featured_media_url":"","jetpack_sharing_enabled":true,"jetpack_shortlink":"https:\/\/wp.me\/pe6lTn-jIR","_links":{"self":[{"href":"https:\/\/www.visit-ulcinj.com\/blog\/wp-json\/wp\/v2\/posts\/75817"}],"collection":[{"href":"https:\/\/www.visit-ulcinj.com\/blog\/wp-json\/wp\/v2\/posts"}],"about":[{"href":"https:\/\/www.visit-ulcinj.com\/blog\/wp-json\/wp\/v2\/types\/post"}],"author":[{"embeddable":true,"href":"https:\/\/www.visit-ulcinj.com\/blog\/wp-json\/wp\/v2\/users\/1"}],"replies":[{"embeddable":true,"href":"https:\/\/www.visit-ulcinj.com\/blog\/wp-json\/wp\/v2\/comments?post=75817"}],"version-history":[{"count":1,"href":"https:\/\/www.visit-ulcinj.com\/blog\/wp-json\/wp\/v2\/posts\/75817\/revisions"}],"predecessor-version":[{"id":75819,"href":"https:\/\/www.visit-ulcinj.com\/blog\/wp-json\/wp\/v2\/posts\/75817\/revisions\/75819"}],"wp:attachment":[{"href":"https:\/\/www.visit-ulcinj.com\/blog\/wp-json\/wp\/v2\/media?parent=75817"}],"wp:term":[{"taxonomy":"category","embeddable":true,"href":"https:\/\/www.visit-ulcinj.com\/blog\/wp-json\/wp\/v2\/categories?post=75817"},{"taxonomy":"post_tag","embeddable":true,"href":"https:\/\/www.visit-ulcinj.com\/blog\/wp-json\/wp\/v2\/tags?post=75817"}],"curies":[{"name":"wp","href":"https:\/\/api.w.org\/{rel}","templated":true}]}}