{"id":75828,"date":"2013-10-31T19:03:27","date_gmt":"2013-10-31T18:03:27","guid":{"rendered":"http:\/\/www.visit-ulcinj.com\/blog\/?p=75828"},"modified":"2013-11-02T06:00:51","modified_gmt":"2013-11-02T05:00:51","slug":"pse-shqiptaret-ne-mal-te-zi-nuk-perdorin-shqipen-ne-leternjoftime","status":"publish","type":"post","link":"https:\/\/www.visit-ulcinj.com\/blog\/2013\/10\/31\/pse-shqiptaret-ne-mal-te-zi-nuk-perdorin-shqipen-ne-leternjoftime\/","title":{"rendered":"Pse shqiptar\u00ebt n\u00eb Mal t\u00eb Zi nuk p\u00ebrdorin shqipen n\u00eb let\u00ebrnjoftime"},"content":{"rendered":"<p><strong><a href=\"http:\/\/www.visit-ulcinj.com\/blog\/wp-content\/uploads\/2013\/10\/letranjoftimine-maltezi.jpg\"><img loading=\"lazy\" class=\"alignleft  wp-image-75829\" alt=\"letranjoftimine maltezi\" src=\"http:\/\/www.visit-ulcinj.com\/blog\/wp-content\/uploads\/2013\/10\/letranjoftimine-maltezi.jpg\" width=\"508\" height=\"360\" \/><\/a>Vet\u00ebm 5 216 shqiptar\u00eb p\u00ebrdorin gjuh\u00ebn shqipe n\u00eb dokumentet personale, t\u00eb tjer\u00ebt ngurrojn\u00eb<\/strong><\/p>\n<p>Ministria p\u00ebr t\u00eb Drejtat e Njeriut dhe Pakicave ka b\u00ebr\u00eb t\u00eb ditur se q\u00eb nga fillimi i zbatimit t\u00eb Ligjit mbi let\u00ebrnjoftimin, m\u00eb 5 maj 2008, deri n\u00eb fund t\u00eb vitit t\u00eb kaluar, n\u00eb gjuh\u00ebn shqipe jan\u00eb l\u00ebshuar 5 216 et\u00ebrnjofime. Nd\u00ebrkaq, q\u00eb nga fillimi i zbatimit t\u00eb Ligjit mbi dokumentet e udh\u00ebtimit, po m\u00eb 5 maj 2008, deri n\u00eb fund t\u00eb vitit 2012, me k\u00ebrkes\u00ebn e parashtruesve t\u00eb dh\u00ebnat mbi emrin dhe mbiemrin n\u00eb gjuh\u00ebn shqipe jan\u00eb sh\u00ebnuar n\u00eb 6 218 pasaporta.<br \/>\nT\u00eb dh\u00ebnat jan\u00eb publikuar n\u00eb raportin e Ministris\u00eb p\u00ebr t\u00eb Drejtat e Njeriut dhe Pakicave mbi zhvillimin dhe mbrojtjen e t\u00eb drejtave t\u00eb popujve pakic\u00eb dhe bashk\u00ebsive t\u00eb tjera t\u00eb pakicave nacionale n\u00eb vitin e kaluar, i cili \u00ebsht\u00eb p\u00ebrgatitur p\u00ebr Kuvendin e Malit t\u00eb Zi.<\/p>\n<p>N\u00ebse kemi parasysh faktin se sipas regjistrimit t\u00eb popullsis\u00eb n\u00eb vitin 2011, n\u00eb Mal t\u00eb Zi jetojn\u00eb 30 439 shqiptar\u00eb, i bjen q\u00eb vet\u00ebm 17 p\u00ebr qind e tyre kan\u00eb let\u00ebrnjoftim n\u00eb gjuh\u00ebn shqipe dhe pak m\u00eb shum\u00eb se 20 p\u00ebr qind pasaporta me t\u00eb dh\u00ebna n\u00eb gjuh\u00ebn shqipe. Kjo do t\u00eb thot\u00eb se p\u00ebrkund\u00ebr faktit q\u00eb ju mund\u00ebsohet me ligj, shqiptar\u00ebt vazhdojn\u00eb t\u00eb ngurrojn\u00eb ta shfryt\u00ebzojn\u00eb t\u00eb drejt\u00ebn e p\u00ebrdorimit t\u00eb gjuh\u00ebs shqipe n\u00eb dokumentet personale.<\/p>\n<p>Sipas t\u00eb dh\u00ebnave t\u00eb raportit, deri n\u00eb fund t\u00eb vitit t\u00eb kaluar n\u00eb gjuh\u00ebt n\u00eb p\u00ebrdorim zyrtar n\u00eb Mal t\u00eb Zi, ku p\u00ebrpos gjuh\u00ebs shqipe b\u00ebjn\u00eb pjes\u00eb edhe gjuh\u00ebt serbe, boshnjake dhe kroate, jan\u00eb l\u00ebshuar gati 29 000 let\u00ebrnjoftime dhe m\u00eb shum\u00eb se 15.6 mij\u00eb pasaporta. \/Kohapress\/<\/p>\n","protected":false},"excerpt":{"rendered":"<p>Vet\u00ebm 5 216 shqiptar\u00eb p\u00ebrdorin gjuh\u00ebn shqipe n\u00eb dokumentet personale, t\u00eb tjer\u00ebt ngurrojn\u00eb Ministria p\u00ebr t\u00eb Drejtat e Njeriut dhe Pakicave ka b\u00ebr\u00eb t\u00eb ditur se q\u00eb nga fillimi i zbatimit t\u00eb Ligjit mbi let\u00ebrnjoftimin, m\u00eb 5 maj 2008, deri n\u00eb fund t\u00eb vitit t\u00eb kaluar, n\u00eb gjuh\u00ebn shqipe jan\u00eb l\u00ebshuar 5 216 et\u00ebrnjofime. Nd\u00ebrkaq, [&hellip;]<\/p>\n","protected":false},"author":1,"featured_media":0,"comment_status":"closed","ping_status":"closed","sticky":false,"template":"","format":"standard","meta":{"spay_email":"","jetpack_publicize_message":"","jetpack_is_tweetstorm":false,"jetpack_publicize_feature_enabled":true},"categories":[1,12],"tags":[],"jetpack_publicize_connections":[],"yoast_head":"<!-- This site is optimized with the Yoast SEO plugin v19.1 - https:\/\/yoast.com\/wordpress\/plugins\/seo\/ -->\n<title>Pse shqiptar\u00ebt n\u00eb Mal t\u00eb Zi nuk p\u00ebrdorin shqipen n\u00eb let\u00ebrnjoftime - Lajme nga Ulqini<\/title>\n<meta name=\"description\" content=\"Vet\u00ebm 5 216 shqiptar\u00eb p\u00ebrdorin gjuh\u00ebn shqipe n\u00eb dokumentet personale, t\u00eb tjer\u00ebt ngurrojn\u00eb Ministria p\u00ebr t\u00eb Drejtat e Njeriut dhe Pakicave ka b\u00ebr\u00eb t\u00eb ditur\" \/>\n<meta name=\"robots\" content=\"index, follow, max-snippet:-1, max-image-preview:large, max-video-preview:-1\" \/>\n<link rel=\"canonical\" href=\"https:\/\/www.visit-ulcinj.com\/blog\/2013\/10\/31\/pse-shqiptaret-ne-mal-te-zi-nuk-perdorin-shqipen-ne-leternjoftime\/\" \/>\n<meta property=\"og:locale\" content=\"en_US\" \/>\n<meta property=\"og:type\" content=\"article\" \/>\n<meta property=\"og:title\" content=\"Pse shqiptar\u00ebt n\u00eb Mal t\u00eb Zi nuk p\u00ebrdorin shqipen n\u00eb let\u00ebrnjoftime - Lajme nga Ulqini\" \/>\n<meta property=\"og:description\" content=\"Vet\u00ebm 5 216 shqiptar\u00eb p\u00ebrdorin gjuh\u00ebn shqipe n\u00eb dokumentet personale, t\u00eb tjer\u00ebt ngurrojn\u00eb Ministria p\u00ebr t\u00eb Drejtat e Njeriut dhe Pakicave ka b\u00ebr\u00eb t\u00eb ditur\" \/>\n<meta property=\"og:url\" content=\"https:\/\/www.visit-ulcinj.com\/blog\/2013\/10\/31\/pse-shqiptaret-ne-mal-te-zi-nuk-perdorin-shqipen-ne-leternjoftime\/\" \/>\n<meta property=\"og:site_name\" content=\"Lajme nga Ulqini\" \/>\n<meta property=\"article:published_time\" content=\"2013-10-31T18:03:27+00:00\" \/>\n<meta property=\"article:modified_time\" content=\"2013-11-02T05:00:51+00:00\" \/>\n<meta property=\"og:image\" content=\"http:\/\/www.visit-ulcinj.com\/blog\/wp-content\/uploads\/2013\/10\/letranjoftimine-maltezi.jpg\" \/>\n<meta name=\"twitter:label1\" content=\"Written by\" \/>\n\t<meta name=\"twitter:data1\" content=\"ulqini\" \/>\n\t<meta name=\"twitter:label2\" content=\"Est. reading time\" \/>\n\t<meta name=\"twitter:data2\" content=\"1 minute\" \/>\n<script type=\"application\/ld+json\" class=\"yoast-schema-graph\">{\"@context\":\"https:\/\/schema.org\",\"@graph\":[{\"@type\":\"WebSite\",\"@id\":\"https:\/\/www.visit-ulcinj.com\/blog\/#website\",\"url\":\"https:\/\/www.visit-ulcinj.com\/blog\/\",\"name\":\"Lajme nga Ulqini\",\"description\":\"Lajme,Vijesti,Ulqini,Ulqin,Crna Gora,Mali i Zi\",\"potentialAction\":[{\"@type\":\"SearchAction\",\"target\":{\"@type\":\"EntryPoint\",\"urlTemplate\":\"https:\/\/www.visit-ulcinj.com\/blog\/?s={search_term_string}\"},\"query-input\":\"required name=search_term_string\"}],\"inLanguage\":\"en-US\"},{\"@type\":\"ImageObject\",\"inLanguage\":\"en-US\",\"@id\":\"https:\/\/www.visit-ulcinj.com\/blog\/2013\/10\/31\/pse-shqiptaret-ne-mal-te-zi-nuk-perdorin-shqipen-ne-leternjoftime\/#primaryimage\",\"url\":\"https:\/\/www.visit-ulcinj.com\/blog\/wp-content\/uploads\/2013\/10\/letranjoftimine-maltezi.jpg\",\"contentUrl\":\"https:\/\/www.visit-ulcinj.com\/blog\/wp-content\/uploads\/2013\/10\/letranjoftimine-maltezi.jpg\",\"width\":640,\"height\":405},{\"@type\":\"WebPage\",\"@id\":\"https:\/\/www.visit-ulcinj.com\/blog\/2013\/10\/31\/pse-shqiptaret-ne-mal-te-zi-nuk-perdorin-shqipen-ne-leternjoftime\/#webpage\",\"url\":\"https:\/\/www.visit-ulcinj.com\/blog\/2013\/10\/31\/pse-shqiptaret-ne-mal-te-zi-nuk-perdorin-shqipen-ne-leternjoftime\/\",\"name\":\"Pse shqiptar\u00ebt n\u00eb Mal t\u00eb Zi nuk p\u00ebrdorin shqipen n\u00eb let\u00ebrnjoftime - Lajme nga Ulqini\",\"isPartOf\":{\"@id\":\"https:\/\/www.visit-ulcinj.com\/blog\/#website\"},\"primaryImageOfPage\":{\"@id\":\"https:\/\/www.visit-ulcinj.com\/blog\/2013\/10\/31\/pse-shqiptaret-ne-mal-te-zi-nuk-perdorin-shqipen-ne-leternjoftime\/#primaryimage\"},\"datePublished\":\"2013-10-31T18:03:27+00:00\",\"dateModified\":\"2013-11-02T05:00:51+00:00\",\"author\":{\"@id\":\"https:\/\/www.visit-ulcinj.com\/blog\/#\/schema\/person\/dcab619c614d3038751c63bc2aadc06d\"},\"description\":\"Vet\u00ebm 5 216 shqiptar\u00eb p\u00ebrdorin gjuh\u00ebn shqipe n\u00eb dokumentet personale, t\u00eb tjer\u00ebt ngurrojn\u00eb Ministria p\u00ebr t\u00eb Drejtat e Njeriut dhe Pakicave ka b\u00ebr\u00eb t\u00eb ditur\",\"breadcrumb\":{\"@id\":\"https:\/\/www.visit-ulcinj.com\/blog\/2013\/10\/31\/pse-shqiptaret-ne-mal-te-zi-nuk-perdorin-shqipen-ne-leternjoftime\/#breadcrumb\"},\"inLanguage\":\"en-US\",\"potentialAction\":[{\"@type\":\"ReadAction\",\"target\":[\"https:\/\/www.visit-ulcinj.com\/blog\/2013\/10\/31\/pse-shqiptaret-ne-mal-te-zi-nuk-perdorin-shqipen-ne-leternjoftime\/\"]}]},{\"@type\":\"BreadcrumbList\",\"@id\":\"https:\/\/www.visit-ulcinj.com\/blog\/2013\/10\/31\/pse-shqiptaret-ne-mal-te-zi-nuk-perdorin-shqipen-ne-leternjoftime\/#breadcrumb\",\"itemListElement\":[{\"@type\":\"ListItem\",\"position\":1,\"name\":\"Pse shqiptar\u00ebt n\u00eb Mal t\u00eb Zi nuk p\u00ebrdorin shqipen n\u00eb let\u00ebrnjoftime\"}]},{\"@type\":\"Person\",\"@id\":\"https:\/\/www.visit-ulcinj.com\/blog\/#\/schema\/person\/dcab619c614d3038751c63bc2aadc06d\",\"name\":\"ulqini\",\"sameAs\":[\"http:\/\/www.visit-ulcinj.com\"],\"url\":\"https:\/\/www.visit-ulcinj.com\/blog\/author\/admin\/\"}]}<\/script>\n<!-- \/ Yoast SEO plugin. -->","yoast_head_json":{"title":"Pse shqiptar\u00ebt n\u00eb Mal t\u00eb Zi nuk p\u00ebrdorin shqipen n\u00eb let\u00ebrnjoftime - Lajme nga Ulqini","description":"Vet\u00ebm 5 216 shqiptar\u00eb p\u00ebrdorin gjuh\u00ebn shqipe n\u00eb dokumentet personale, t\u00eb tjer\u00ebt ngurrojn\u00eb Ministria p\u00ebr t\u00eb Drejtat e Njeriut dhe Pakicave ka b\u00ebr\u00eb t\u00eb ditur","robots":{"index":"index","follow":"follow","max-snippet":"max-snippet:-1","max-image-preview":"max-image-preview:large","max-video-preview":"max-video-preview:-1"},"canonical":"https:\/\/www.visit-ulcinj.com\/blog\/2013\/10\/31\/pse-shqiptaret-ne-mal-te-zi-nuk-perdorin-shqipen-ne-leternjoftime\/","og_locale":"en_US","og_type":"article","og_title":"Pse shqiptar\u00ebt n\u00eb Mal t\u00eb Zi nuk p\u00ebrdorin shqipen n\u00eb let\u00ebrnjoftime - Lajme nga Ulqini","og_description":"Vet\u00ebm 5 216 shqiptar\u00eb p\u00ebrdorin gjuh\u00ebn shqipe n\u00eb dokumentet personale, t\u00eb tjer\u00ebt ngurrojn\u00eb Ministria p\u00ebr t\u00eb Drejtat e Njeriut dhe Pakicave ka b\u00ebr\u00eb t\u00eb ditur","og_url":"https:\/\/www.visit-ulcinj.com\/blog\/2013\/10\/31\/pse-shqiptaret-ne-mal-te-zi-nuk-perdorin-shqipen-ne-leternjoftime\/","og_site_name":"Lajme nga Ulqini","article_published_time":"2013-10-31T18:03:27+00:00","article_modified_time":"2013-11-02T05:00:51+00:00","og_image":[{"url":"http:\/\/www.visit-ulcinj.com\/blog\/wp-content\/uploads\/2013\/10\/letranjoftimine-maltezi.jpg"}],"twitter_misc":{"Written by":"ulqini","Est. reading time":"1 minute"},"schema":{"@context":"https:\/\/schema.org","@graph":[{"@type":"WebSite","@id":"https:\/\/www.visit-ulcinj.com\/blog\/#website","url":"https:\/\/www.visit-ulcinj.com\/blog\/","name":"Lajme nga Ulqini","description":"Lajme,Vijesti,Ulqini,Ulqin,Crna Gora,Mali i Zi","potentialAction":[{"@type":"SearchAction","target":{"@type":"EntryPoint","urlTemplate":"https:\/\/www.visit-ulcinj.com\/blog\/?s={search_term_string}"},"query-input":"required name=search_term_string"}],"inLanguage":"en-US"},{"@type":"ImageObject","inLanguage":"en-US","@id":"https:\/\/www.visit-ulcinj.com\/blog\/2013\/10\/31\/pse-shqiptaret-ne-mal-te-zi-nuk-perdorin-shqipen-ne-leternjoftime\/#primaryimage","url":"https:\/\/www.visit-ulcinj.com\/blog\/wp-content\/uploads\/2013\/10\/letranjoftimine-maltezi.jpg","contentUrl":"https:\/\/www.visit-ulcinj.com\/blog\/wp-content\/uploads\/2013\/10\/letranjoftimine-maltezi.jpg","width":640,"height":405},{"@type":"WebPage","@id":"https:\/\/www.visit-ulcinj.com\/blog\/2013\/10\/31\/pse-shqiptaret-ne-mal-te-zi-nuk-perdorin-shqipen-ne-leternjoftime\/#webpage","url":"https:\/\/www.visit-ulcinj.com\/blog\/2013\/10\/31\/pse-shqiptaret-ne-mal-te-zi-nuk-perdorin-shqipen-ne-leternjoftime\/","name":"Pse shqiptar\u00ebt n\u00eb Mal t\u00eb Zi nuk p\u00ebrdorin shqipen n\u00eb let\u00ebrnjoftime - Lajme nga Ulqini","isPartOf":{"@id":"https:\/\/www.visit-ulcinj.com\/blog\/#website"},"primaryImageOfPage":{"@id":"https:\/\/www.visit-ulcinj.com\/blog\/2013\/10\/31\/pse-shqiptaret-ne-mal-te-zi-nuk-perdorin-shqipen-ne-leternjoftime\/#primaryimage"},"datePublished":"2013-10-31T18:03:27+00:00","dateModified":"2013-11-02T05:00:51+00:00","author":{"@id":"https:\/\/www.visit-ulcinj.com\/blog\/#\/schema\/person\/dcab619c614d3038751c63bc2aadc06d"},"description":"Vet\u00ebm 5 216 shqiptar\u00eb p\u00ebrdorin gjuh\u00ebn shqipe n\u00eb dokumentet personale, t\u00eb tjer\u00ebt ngurrojn\u00eb Ministria p\u00ebr t\u00eb Drejtat e Njeriut dhe Pakicave ka b\u00ebr\u00eb t\u00eb ditur","breadcrumb":{"@id":"https:\/\/www.visit-ulcinj.com\/blog\/2013\/10\/31\/pse-shqiptaret-ne-mal-te-zi-nuk-perdorin-shqipen-ne-leternjoftime\/#breadcrumb"},"inLanguage":"en-US","potentialAction":[{"@type":"ReadAction","target":["https:\/\/www.visit-ulcinj.com\/blog\/2013\/10\/31\/pse-shqiptaret-ne-mal-te-zi-nuk-perdorin-shqipen-ne-leternjoftime\/"]}]},{"@type":"BreadcrumbList","@id":"https:\/\/www.visit-ulcinj.com\/blog\/2013\/10\/31\/pse-shqiptaret-ne-mal-te-zi-nuk-perdorin-shqipen-ne-leternjoftime\/#breadcrumb","itemListElement":[{"@type":"ListItem","position":1,"name":"Pse shqiptar\u00ebt n\u00eb Mal t\u00eb Zi nuk p\u00ebrdorin shqipen n\u00eb let\u00ebrnjoftime"}]},{"@type":"Person","@id":"https:\/\/www.visit-ulcinj.com\/blog\/#\/schema\/person\/dcab619c614d3038751c63bc2aadc06d","name":"ulqini","sameAs":["http:\/\/www.visit-ulcinj.com"],"url":"https:\/\/www.visit-ulcinj.com\/blog\/author\/admin\/"}]}},"jetpack_featured_media_url":"","jetpack_sharing_enabled":true,"jetpack_shortlink":"https:\/\/wp.me\/pe6lTn-jJ2","_links":{"self":[{"href":"https:\/\/www.visit-ulcinj.com\/blog\/wp-json\/wp\/v2\/posts\/75828"}],"collection":[{"href":"https:\/\/www.visit-ulcinj.com\/blog\/wp-json\/wp\/v2\/posts"}],"about":[{"href":"https:\/\/www.visit-ulcinj.com\/blog\/wp-json\/wp\/v2\/types\/post"}],"author":[{"embeddable":true,"href":"https:\/\/www.visit-ulcinj.com\/blog\/wp-json\/wp\/v2\/users\/1"}],"replies":[{"embeddable":true,"href":"https:\/\/www.visit-ulcinj.com\/blog\/wp-json\/wp\/v2\/comments?post=75828"}],"version-history":[{"count":1,"href":"https:\/\/www.visit-ulcinj.com\/blog\/wp-json\/wp\/v2\/posts\/75828\/revisions"}],"predecessor-version":[{"id":75830,"href":"https:\/\/www.visit-ulcinj.com\/blog\/wp-json\/wp\/v2\/posts\/75828\/revisions\/75830"}],"wp:attachment":[{"href":"https:\/\/www.visit-ulcinj.com\/blog\/wp-json\/wp\/v2\/media?parent=75828"}],"wp:term":[{"taxonomy":"category","embeddable":true,"href":"https:\/\/www.visit-ulcinj.com\/blog\/wp-json\/wp\/v2\/categories?post=75828"},{"taxonomy":"post_tag","embeddable":true,"href":"https:\/\/www.visit-ulcinj.com\/blog\/wp-json\/wp\/v2\/tags?post=75828"}],"curies":[{"name":"wp","href":"https:\/\/api.w.org\/{rel}","templated":true}]}}