{"id":75843,"date":"2013-11-02T05:59:11","date_gmt":"2013-11-02T04:59:11","guid":{"rendered":"http:\/\/www.visit-ulcinj.com\/blog\/?p=75843"},"modified":"2013-11-04T17:53:18","modified_gmt":"2013-11-04T16:53:18","slug":"halloween-festohet-edhe-ne-ulqin-video","status":"publish","type":"post","link":"https:\/\/www.visit-ulcinj.com\/blog\/2013\/11\/02\/halloween-festohet-edhe-ne-ulqin-video\/","title":{"rendered":"Halloween festohet edhe n\u00eb Ulqin &#8211; Video"},"content":{"rendered":"<p><a href=\"http:\/\/www.visit-ulcinj.com\/blog\/wp-content\/uploads\/2013\/11\/Halloween-Party-Queens-Ulqin-Ulcinj.jpg\"><img loading=\"lazy\" class=\"alignleft  wp-image-75844\" alt=\"Halloween Party Queen's Ulqin - Ulcinj\" src=\"http:\/\/www.visit-ulcinj.com\/blog\/wp-content\/uploads\/2013\/11\/Halloween-Party-Queens-Ulqin-Ulcinj.jpg\" width=\"508\" height=\"360\" \/><\/a>Halloween, \u00ebsht\u00eb nj\u00eb fest\u00eb e p\u00ebrhapur vitet e fundit edhe n\u00eb Mal\u00eb t\u00eb Zi, sipas t\u00eb gjitha gjasave n\u00eb saj\u00eb t\u00eb r\u00ebnd\u00ebsis\u00eb, q\u00eb i ka dh\u00ebn\u00eb m\u00eb s\u00eb shumti kinemaja dhe televizioni.<\/p>\n<p>Nata e Shtrigave ose Halloween ka filluar q\u00eb t\u00eb festohet edhe n\u00eb Ulqin. Qysh n\u00eb or\u00ebt e para t\u00eb mbr\u00ebmjes n\u00ebp\u00ebr qend\u00ebr t\u00eb Ulqinit kan\u00eb dal shum\u00eb f\u00ebmij\u00eb t\u00eb veshur me pelerina t\u00eb shtrigave dhe maskota t\u00eb ndryshme.<\/p>\n<p>Halloween e ka prejardhjen n\u00eb kremtimin e nd\u00ebrrimit t\u00eb viteve t\u00eb kalendarit t\u00eb kelt\u00ebve, nat\u00ebn midis 31 tetorit dhe 1 n\u00ebntorit.<\/p>\n<p><a href=\"http:\/\/www.visit-ulcinj.com\/blog\/wp-content\/uploads\/2013\/11\/Halloween-Party-Queens-Ulqin-Ulcinj-1.jpg\"><img loading=\"lazy\" class=\"alignleft  wp-image-75845\" alt=\"Halloween Party Queen's Ulqin - Ulcinj-1\" src=\"http:\/\/www.visit-ulcinj.com\/blog\/wp-content\/uploads\/2013\/11\/Halloween-Party-Queens-Ulqin-Ulcinj-1.jpg\" width=\"508\" height=\"360\" \/><\/a><br \/>\nEdhe pse nuk ka shum\u00eb njohuri p\u00ebr k\u00ebt\u00eb fest\u00eb, nx\u00ebn\u00ebsit q\u00eb u bashkuan ne lokalin <strong><a id=\"js_15\" href=\"https:\/\/www.facebook.com\/pages\/Queens\/234178093382798?ref=stream\" data-hovercard=\"\/ajax\/hovercard\/page.php?id=234178093382798\" data-hovercard-instant=\"1\">Queen&#8217;s<\/a><\/strong> t\u00eb Ulqinit te maskuar me vizatime t\u00eb ndryshme\u00a0 n\u00eb fytyr\u00eb, thon\u00eb se e kan n\u00eb qejf k\u00ebt\u00eb nat\u00eb. P\u00ebrgjat\u00eb sheshit t\u00eb rrug\u00ebs &#8220;Hafiz Ali Ulqinaku&#8221; n\u00eb Ulqin v\u00ebreheshin edhe f\u00ebmij\u00eb t\u00eb tjer\u00eb n\u00eb num\u00ebr jo t\u00eb vog\u00ebl t\u00eb cil\u00ebt kishin v\u00ebn\u00eb n\u00eb fytyr\u00eb maskota t\u00eb ndryshme q\u00eb simbolizojn\u00eb k\u00ebt\u00eb nat\u00eb.<br \/>\n<a href=\"http:\/\/www.visit-ulcinj.com\/blog\/wp-content\/uploads\/2013\/11\/Halloween-Party-Queens-Ulqin-Ulcinj-2.jpg\"><img loading=\"lazy\" class=\"alignleft  wp-image-75846\" alt=\"Halloween Party Queen's Ulqin - Ulcinj-2\" src=\"http:\/\/www.visit-ulcinj.com\/blog\/wp-content\/uploads\/2013\/11\/Halloween-Party-Queens-Ulqin-Ulcinj-2.jpg\" width=\"508\" height=\"360\" \/><\/a><br \/>\nDuhet cekur se jo vet\u00ebm t\u00eb vegjlit nuk kan\u00eb njohuri p\u00ebr Halloween, por edhe t\u00eb rriturit. E vetmja gj\u00eb q\u00eb si duket qytetar\u00ebt din\u00eb p\u00ebr nat\u00ebn e shtrigave \u00ebsht\u00eb se kjo nat\u00eb festohet n\u00eb Evrop\u00eb dhe n\u00eb bot\u00eb dhe si rrjedhoj\u00eb edhe\u00a0 Mali i Zi si pjes\u00eb e Evrop\u00ebs duhet t\u00eb festoj.<br \/>\nNdryshe nata e shtrigave \u00ebsht\u00eb pagane dhe daton q\u00eb nga koh\u00ebt e lashta, kurse n\u00eb Ulqin ka filluar t\u00eb festohet tek tani, andaj edhe qytetar\u00ebt mund t\u00eb arsyetohen pse nuk kan\u00eb shum\u00eb njohuri p\u00ebr t\u00eb.<\/p>\n<p><a href=\"http:\/\/www.visit-ulcinj.com\/blog\/wp-content\/uploads\/2013\/11\/Halloween-Party-Queens-Ulqin-Ulcinj-3.jpg\"><img loading=\"lazy\" class=\"alignleft  wp-image-75847\" alt=\"Halloween Party Queen's Ulqin - Ulcinj-3\" src=\"http:\/\/www.visit-ulcinj.com\/blog\/wp-content\/uploads\/2013\/11\/Halloween-Party-Queens-Ulqin-Ulcinj-3.jpg\" width=\"508\" height=\"360\" \/><\/a><br \/>\nNata e Shtrigave ose Halloween \u00ebsht\u00eb nj\u00eb fest\u00eb kristiane me rr\u00ebnj\u00eb pagane, e cila sh\u00ebnohet \u00e7do me 31 tetor, dhe po merr p\u00ebrmasa bot\u00ebrore. Ajo rrjedh\u00eb nga Kelt\u00ebt e lasht\u00eb t\u00eb cil\u00ebt besonin se kufiri i k\u00ebsaj bote dhe bot\u00ebs s\u00eb ardhshme \u00ebsht\u00eb mes ver\u00ebs dhe dimrit. Ata p\u00ebrdornin fryte t\u00eb ndryshme, n\u00eb ve\u00e7anti kunguj t\u00eb g\u00ebrryer, t\u00eb cil\u00ebt i gdhendnin me kujdes q\u00eb t\u2019i p\u00ebrngjajn\u00eb fantazmave p\u00ebr t\u2019i trembur shpirtrat e k\u00ebqij.<\/p>\n<p>E m\u00eb pas, 1 n\u00ebntori \u00ebsht\u00eb dita, kur shpirtrat k\u00ebrkonin trupa p\u00ebr t&#8217;u mish\u00ebruar n\u00eb ta.<\/p>\n<p><iframe loading=\"lazy\" src=\"\/\/www.youtube.com\/embed\/UXXVdeGy5Yc?list=UUnR3qIXEc7ucrwiS4CVWCxA\" height=\"360\" width=\"508\" allowfullscreen=\"\" frameborder=\"0\"><\/iframe><\/p>\n<p><a href=\"http:\/\/www.visit-ulcinj.com\/blog\/wp-content\/uploads\/2013\/11\/Halloween-Party-Queens-Ulqin-Ulcinj-5.jpg\"><img loading=\"lazy\" class=\"alignleft size-full wp-image-75857\" alt=\"Halloween Party Queen's Ulqin - Ulcinj-5\" src=\"http:\/\/www.visit-ulcinj.com\/blog\/wp-content\/uploads\/2013\/11\/Halloween-Party-Queens-Ulqin-Ulcinj-5.jpg\" width=\"508\" height=\"600\" \/><\/a><\/p>\n<p>&nbsp;<\/p>\n<p><a href=\"http:\/\/www.visit-ulcinj.com\/blog\/wp-content\/uploads\/2013\/11\/Halloween-Party-Queens-Ulqin-Ulcinj-4.jpg\"><img loading=\"lazy\" class=\"alignleft size-full wp-image-75854\" alt=\"Halloween Party Queen's Ulqin - Ulcinj-4\" src=\"http:\/\/www.visit-ulcinj.com\/blog\/wp-content\/uploads\/2013\/11\/Halloween-Party-Queens-Ulqin-Ulcinj-4.jpg\" width=\"508\" height=\"360\" \/><\/a><\/p>\n","protected":false},"excerpt":{"rendered":"<p>Halloween, \u00ebsht\u00eb nj\u00eb fest\u00eb e p\u00ebrhapur vitet e fundit edhe n\u00eb Mal\u00eb t\u00eb Zi, sipas t\u00eb gjitha gjasave n\u00eb saj\u00eb t\u00eb r\u00ebnd\u00ebsis\u00eb, q\u00eb i ka dh\u00ebn\u00eb m\u00eb s\u00eb shumti kinemaja dhe televizioni. Nata e Shtrigave ose Halloween ka filluar q\u00eb t\u00eb festohet edhe n\u00eb Ulqin. Qysh n\u00eb or\u00ebt e para t\u00eb mbr\u00ebmjes n\u00ebp\u00ebr qend\u00ebr t\u00eb [&hellip;]<\/p>\n","protected":false},"author":1,"featured_media":0,"comment_status":"closed","ping_status":"closed","sticky":false,"template":"","format":"standard","meta":{"spay_email":"","jetpack_publicize_message":"","jetpack_is_tweetstorm":false,"jetpack_publicize_feature_enabled":true},"categories":[1,6950],"tags":[21986],"jetpack_publicize_connections":[],"yoast_head":"<!-- This site is optimized with the Yoast SEO plugin v19.1 - https:\/\/yoast.com\/wordpress\/plugins\/seo\/ -->\n<title>Halloween festohet edhe n\u00eb Ulqin - Video - Lajme nga Ulqini<\/title>\n<meta name=\"description\" content=\"Halloween, \u00ebsht\u00eb nj\u00eb fest\u00eb e p\u00ebrhapur vitet e fundit edhe n\u00eb Mal\u00eb t\u00eb Zi, sipas t\u00eb gjitha gjasave n\u00eb saj\u00eb t\u00eb r\u00ebnd\u00ebsis\u00eb, q\u00eb i ka dh\u00ebn\u00eb m\u00eb s\u00eb shumti kinemaja\" \/>\n<meta name=\"robots\" content=\"index, follow, max-snippet:-1, max-image-preview:large, max-video-preview:-1\" \/>\n<link rel=\"canonical\" href=\"https:\/\/www.visit-ulcinj.com\/blog\/2013\/11\/02\/halloween-festohet-edhe-ne-ulqin-video\/\" \/>\n<meta property=\"og:locale\" content=\"en_US\" \/>\n<meta property=\"og:type\" content=\"article\" \/>\n<meta property=\"og:title\" content=\"Halloween festohet edhe n\u00eb Ulqin - Video - Lajme nga Ulqini\" \/>\n<meta property=\"og:description\" content=\"Halloween, \u00ebsht\u00eb nj\u00eb fest\u00eb e p\u00ebrhapur vitet e fundit edhe n\u00eb Mal\u00eb t\u00eb Zi, sipas t\u00eb gjitha gjasave n\u00eb saj\u00eb t\u00eb r\u00ebnd\u00ebsis\u00eb, q\u00eb i ka dh\u00ebn\u00eb m\u00eb s\u00eb shumti kinemaja\" \/>\n<meta property=\"og:url\" content=\"https:\/\/www.visit-ulcinj.com\/blog\/2013\/11\/02\/halloween-festohet-edhe-ne-ulqin-video\/\" \/>\n<meta property=\"og:site_name\" content=\"Lajme nga Ulqini\" \/>\n<meta property=\"article:published_time\" content=\"2013-11-02T04:59:11+00:00\" \/>\n<meta property=\"article:modified_time\" content=\"2013-11-04T16:53:18+00:00\" \/>\n<meta property=\"og:image\" content=\"http:\/\/www.visit-ulcinj.com\/blog\/wp-content\/uploads\/2013\/11\/Halloween-Party-Queens-Ulqin-Ulcinj.jpg\" \/>\n<meta name=\"twitter:label1\" content=\"Written by\" \/>\n\t<meta name=\"twitter:data1\" content=\"ulqini\" \/>\n\t<meta name=\"twitter:label2\" content=\"Est. reading time\" \/>\n\t<meta name=\"twitter:data2\" content=\"2 minutes\" \/>\n<script type=\"application\/ld+json\" class=\"yoast-schema-graph\">{\"@context\":\"https:\/\/schema.org\",\"@graph\":[{\"@type\":\"WebSite\",\"@id\":\"https:\/\/www.visit-ulcinj.com\/blog\/#website\",\"url\":\"https:\/\/www.visit-ulcinj.com\/blog\/\",\"name\":\"Lajme nga Ulqini\",\"description\":\"Lajme,Vijesti,Ulqini,Ulqin,Crna Gora,Mali i Zi\",\"potentialAction\":[{\"@type\":\"SearchAction\",\"target\":{\"@type\":\"EntryPoint\",\"urlTemplate\":\"https:\/\/www.visit-ulcinj.com\/blog\/?s={search_term_string}\"},\"query-input\":\"required name=search_term_string\"}],\"inLanguage\":\"en-US\"},{\"@type\":\"ImageObject\",\"inLanguage\":\"en-US\",\"@id\":\"https:\/\/www.visit-ulcinj.com\/blog\/2013\/11\/02\/halloween-festohet-edhe-ne-ulqin-video\/#primaryimage\",\"url\":\"https:\/\/www.visit-ulcinj.com\/blog\/wp-content\/uploads\/2013\/11\/Halloween-Party-Queens-Ulqin-Ulcinj.jpg\",\"contentUrl\":\"https:\/\/www.visit-ulcinj.com\/blog\/wp-content\/uploads\/2013\/11\/Halloween-Party-Queens-Ulqin-Ulcinj.jpg\",\"width\":960,\"height\":642},{\"@type\":\"WebPage\",\"@id\":\"https:\/\/www.visit-ulcinj.com\/blog\/2013\/11\/02\/halloween-festohet-edhe-ne-ulqin-video\/#webpage\",\"url\":\"https:\/\/www.visit-ulcinj.com\/blog\/2013\/11\/02\/halloween-festohet-edhe-ne-ulqin-video\/\",\"name\":\"Halloween festohet edhe n\u00eb Ulqin - Video - Lajme nga Ulqini\",\"isPartOf\":{\"@id\":\"https:\/\/www.visit-ulcinj.com\/blog\/#website\"},\"primaryImageOfPage\":{\"@id\":\"https:\/\/www.visit-ulcinj.com\/blog\/2013\/11\/02\/halloween-festohet-edhe-ne-ulqin-video\/#primaryimage\"},\"datePublished\":\"2013-11-02T04:59:11+00:00\",\"dateModified\":\"2013-11-04T16:53:18+00:00\",\"author\":{\"@id\":\"https:\/\/www.visit-ulcinj.com\/blog\/#\/schema\/person\/dcab619c614d3038751c63bc2aadc06d\"},\"description\":\"Halloween, \u00ebsht\u00eb nj\u00eb fest\u00eb e p\u00ebrhapur vitet e fundit edhe n\u00eb Mal\u00eb t\u00eb Zi, sipas t\u00eb gjitha gjasave n\u00eb saj\u00eb t\u00eb r\u00ebnd\u00ebsis\u00eb, q\u00eb i ka dh\u00ebn\u00eb m\u00eb s\u00eb shumti kinemaja\",\"breadcrumb\":{\"@id\":\"https:\/\/www.visit-ulcinj.com\/blog\/2013\/11\/02\/halloween-festohet-edhe-ne-ulqin-video\/#breadcrumb\"},\"inLanguage\":\"en-US\",\"potentialAction\":[{\"@type\":\"ReadAction\",\"target\":[\"https:\/\/www.visit-ulcinj.com\/blog\/2013\/11\/02\/halloween-festohet-edhe-ne-ulqin-video\/\"]}]},{\"@type\":\"BreadcrumbList\",\"@id\":\"https:\/\/www.visit-ulcinj.com\/blog\/2013\/11\/02\/halloween-festohet-edhe-ne-ulqin-video\/#breadcrumb\",\"itemListElement\":[{\"@type\":\"ListItem\",\"position\":1,\"name\":\"Halloween festohet edhe n\u00eb Ulqin &#8211; Video\"}]},{\"@type\":\"Person\",\"@id\":\"https:\/\/www.visit-ulcinj.com\/blog\/#\/schema\/person\/dcab619c614d3038751c63bc2aadc06d\",\"name\":\"ulqini\",\"sameAs\":[\"http:\/\/www.visit-ulcinj.com\"],\"url\":\"https:\/\/www.visit-ulcinj.com\/blog\/author\/admin\/\"}]}<\/script>\n<!-- \/ Yoast SEO plugin. -->","yoast_head_json":{"title":"Halloween festohet edhe n\u00eb Ulqin - Video - Lajme nga Ulqini","description":"Halloween, \u00ebsht\u00eb nj\u00eb fest\u00eb e p\u00ebrhapur vitet e fundit edhe n\u00eb Mal\u00eb t\u00eb Zi, sipas t\u00eb gjitha gjasave n\u00eb saj\u00eb t\u00eb r\u00ebnd\u00ebsis\u00eb, q\u00eb i ka dh\u00ebn\u00eb m\u00eb s\u00eb shumti kinemaja","robots":{"index":"index","follow":"follow","max-snippet":"max-snippet:-1","max-image-preview":"max-image-preview:large","max-video-preview":"max-video-preview:-1"},"canonical":"https:\/\/www.visit-ulcinj.com\/blog\/2013\/11\/02\/halloween-festohet-edhe-ne-ulqin-video\/","og_locale":"en_US","og_type":"article","og_title":"Halloween festohet edhe n\u00eb Ulqin - Video - Lajme nga Ulqini","og_description":"Halloween, \u00ebsht\u00eb nj\u00eb fest\u00eb e p\u00ebrhapur vitet e fundit edhe n\u00eb Mal\u00eb t\u00eb Zi, sipas t\u00eb gjitha gjasave n\u00eb saj\u00eb t\u00eb r\u00ebnd\u00ebsis\u00eb, q\u00eb i ka dh\u00ebn\u00eb m\u00eb s\u00eb shumti kinemaja","og_url":"https:\/\/www.visit-ulcinj.com\/blog\/2013\/11\/02\/halloween-festohet-edhe-ne-ulqin-video\/","og_site_name":"Lajme nga Ulqini","article_published_time":"2013-11-02T04:59:11+00:00","article_modified_time":"2013-11-04T16:53:18+00:00","og_image":[{"url":"http:\/\/www.visit-ulcinj.com\/blog\/wp-content\/uploads\/2013\/11\/Halloween-Party-Queens-Ulqin-Ulcinj.jpg"}],"twitter_misc":{"Written by":"ulqini","Est. reading time":"2 minutes"},"schema":{"@context":"https:\/\/schema.org","@graph":[{"@type":"WebSite","@id":"https:\/\/www.visit-ulcinj.com\/blog\/#website","url":"https:\/\/www.visit-ulcinj.com\/blog\/","name":"Lajme nga Ulqini","description":"Lajme,Vijesti,Ulqini,Ulqin,Crna Gora,Mali i Zi","potentialAction":[{"@type":"SearchAction","target":{"@type":"EntryPoint","urlTemplate":"https:\/\/www.visit-ulcinj.com\/blog\/?s={search_term_string}"},"query-input":"required name=search_term_string"}],"inLanguage":"en-US"},{"@type":"ImageObject","inLanguage":"en-US","@id":"https:\/\/www.visit-ulcinj.com\/blog\/2013\/11\/02\/halloween-festohet-edhe-ne-ulqin-video\/#primaryimage","url":"https:\/\/www.visit-ulcinj.com\/blog\/wp-content\/uploads\/2013\/11\/Halloween-Party-Queens-Ulqin-Ulcinj.jpg","contentUrl":"https:\/\/www.visit-ulcinj.com\/blog\/wp-content\/uploads\/2013\/11\/Halloween-Party-Queens-Ulqin-Ulcinj.jpg","width":960,"height":642},{"@type":"WebPage","@id":"https:\/\/www.visit-ulcinj.com\/blog\/2013\/11\/02\/halloween-festohet-edhe-ne-ulqin-video\/#webpage","url":"https:\/\/www.visit-ulcinj.com\/blog\/2013\/11\/02\/halloween-festohet-edhe-ne-ulqin-video\/","name":"Halloween festohet edhe n\u00eb Ulqin - Video - Lajme nga Ulqini","isPartOf":{"@id":"https:\/\/www.visit-ulcinj.com\/blog\/#website"},"primaryImageOfPage":{"@id":"https:\/\/www.visit-ulcinj.com\/blog\/2013\/11\/02\/halloween-festohet-edhe-ne-ulqin-video\/#primaryimage"},"datePublished":"2013-11-02T04:59:11+00:00","dateModified":"2013-11-04T16:53:18+00:00","author":{"@id":"https:\/\/www.visit-ulcinj.com\/blog\/#\/schema\/person\/dcab619c614d3038751c63bc2aadc06d"},"description":"Halloween, \u00ebsht\u00eb nj\u00eb fest\u00eb e p\u00ebrhapur vitet e fundit edhe n\u00eb Mal\u00eb t\u00eb Zi, sipas t\u00eb gjitha gjasave n\u00eb saj\u00eb t\u00eb r\u00ebnd\u00ebsis\u00eb, q\u00eb i ka dh\u00ebn\u00eb m\u00eb s\u00eb shumti kinemaja","breadcrumb":{"@id":"https:\/\/www.visit-ulcinj.com\/blog\/2013\/11\/02\/halloween-festohet-edhe-ne-ulqin-video\/#breadcrumb"},"inLanguage":"en-US","potentialAction":[{"@type":"ReadAction","target":["https:\/\/www.visit-ulcinj.com\/blog\/2013\/11\/02\/halloween-festohet-edhe-ne-ulqin-video\/"]}]},{"@type":"BreadcrumbList","@id":"https:\/\/www.visit-ulcinj.com\/blog\/2013\/11\/02\/halloween-festohet-edhe-ne-ulqin-video\/#breadcrumb","itemListElement":[{"@type":"ListItem","position":1,"name":"Halloween festohet edhe n\u00eb Ulqin &#8211; Video"}]},{"@type":"Person","@id":"https:\/\/www.visit-ulcinj.com\/blog\/#\/schema\/person\/dcab619c614d3038751c63bc2aadc06d","name":"ulqini","sameAs":["http:\/\/www.visit-ulcinj.com"],"url":"https:\/\/www.visit-ulcinj.com\/blog\/author\/admin\/"}]}},"jetpack_featured_media_url":"","jetpack_sharing_enabled":true,"jetpack_shortlink":"https:\/\/wp.me\/pe6lTn-jJh","_links":{"self":[{"href":"https:\/\/www.visit-ulcinj.com\/blog\/wp-json\/wp\/v2\/posts\/75843"}],"collection":[{"href":"https:\/\/www.visit-ulcinj.com\/blog\/wp-json\/wp\/v2\/posts"}],"about":[{"href":"https:\/\/www.visit-ulcinj.com\/blog\/wp-json\/wp\/v2\/types\/post"}],"author":[{"embeddable":true,"href":"https:\/\/www.visit-ulcinj.com\/blog\/wp-json\/wp\/v2\/users\/1"}],"replies":[{"embeddable":true,"href":"https:\/\/www.visit-ulcinj.com\/blog\/wp-json\/wp\/v2\/comments?post=75843"}],"version-history":[{"count":9,"href":"https:\/\/www.visit-ulcinj.com\/blog\/wp-json\/wp\/v2\/posts\/75843\/revisions"}],"predecessor-version":[{"id":75907,"href":"https:\/\/www.visit-ulcinj.com\/blog\/wp-json\/wp\/v2\/posts\/75843\/revisions\/75907"}],"wp:attachment":[{"href":"https:\/\/www.visit-ulcinj.com\/blog\/wp-json\/wp\/v2\/media?parent=75843"}],"wp:term":[{"taxonomy":"category","embeddable":true,"href":"https:\/\/www.visit-ulcinj.com\/blog\/wp-json\/wp\/v2\/categories?post=75843"},{"taxonomy":"post_tag","embeddable":true,"href":"https:\/\/www.visit-ulcinj.com\/blog\/wp-json\/wp\/v2\/tags?post=75843"}],"curies":[{"name":"wp","href":"https:\/\/api.w.org\/{rel}","templated":true}]}}