{"id":7585,"date":"2008-12-23T19:45:23","date_gmt":"2008-12-23T18:45:23","guid":{"rendered":"http:\/\/www.visit-ulcinj.com\/blog\/?p=7585"},"modified":"2008-12-25T14:50:05","modified_gmt":"2008-12-25T13:50:05","slug":"dinosha-komuna-urbane-e-tuzit-dy-vjet-pas-video","status":"publish","type":"post","link":"https:\/\/www.visit-ulcinj.com\/blog\/2008\/12\/23\/dinosha-komuna-urbane-e-tuzit-dy-vjet-pas-video\/","title":{"rendered":"Dinosha: Komuna urbane e Tuzit, dy vjet pas &#8211; Video"},"content":{"rendered":"<p><strong><a title=\"komuna urbane e tuzit\" href=\"http:\/\/www.visit-ulcinj.com\/blog\/wp-content\/uploads\/2008\/12\/t-u-z-i.jpg\" target=\"_self\"><img loading=\"lazy\" class=\"alignleft size-full wp-image-7586\" title=\"t-u-z-i\" src=\"http:\/\/www.visit-ulcinj.com\/blog\/wp-content\/uploads\/2008\/12\/t-u-z-i.jpg\" alt=\"t-u-z-i\" width=\"336\" height=\"196\" srcset=\"https:\/\/www.visit-ulcinj.com\/blog\/wp-content\/uploads\/2008\/12\/t-u-z-i.jpg 474w, https:\/\/www.visit-ulcinj.com\/blog\/wp-content\/uploads\/2008\/12\/t-u-z-i-300x175.jpg 300w\" sizes=\"(max-width: 336px) 100vw, 336px\" \/><\/a>Pse digjen kat\u00ebr milion\u00eb euro?<\/strong><br \/>\nP\u00ebrgjegj\u00ebsin\u00eb p\u00ebr realizimin e buxhetit, kudo n\u00eb bot\u00eb, e mban pushteti. Por, ky i Tuzit, ka filluar t\u00eb flas\u00eb p\u00ebr buxhetin (planin financiar) e vitit t\u00eb ardhsh\u00ebm, pa u shpjeguar qytetar\u00ebve t\u00eb Mal\u00ebsis\u00eb pse digjen 4 milion\u00eb euro t\u00eb k\u00ebtij viti. A \u00ebsht\u00eb shkak i mosrealizimit t\u00eb planit financiar paaft\u00ebsia e pushtetit lokal apo arroganca e pushtetit qendror t\u00eb Podgoric\u00ebs. Sido q\u00eb t\u00eb jet\u00eb, dikush e ka shkelur ligjin, dikush e ka d\u00ebmtuar Mal\u00ebsin\u00eb dhe dikush duhet t\u00eb jap\u00eb llogari.<br \/>\nKan\u00eb kaluar dy vjet nga themelimi i KU t\u00eb Tuzit. P\u00ebr kaq koh\u00eb f\u00ebmija fillon t\u00eb ec\u00eb, t\u00eb flas\u00eb, t\u00eb tregoj\u00eb p\u00ebr nevojat\u2026 Por, k\u00ebshtu nuk ndodh\u00eb edhe me pushtetin lokal t\u00eb Mal\u00ebsis\u00eb. Opinioni e di se pushtetin k\u00ebtu e mbajn\u00eb dy parti shqiptare (LD n\u00eb MZ dhe ASH) dhe nj\u00eb parti proserbe (PSP), t\u00eb cilat kund\u00ebrshtonin k\u00ebt\u00eb status p\u00ebr Tuzin, duke pohuar se treva mund t\u00eb vet\u00ebfinancohet dhe t\u00eb ket\u00eb kapacitetin e komun\u00ebs s\u00eb plot\u00eb qyshse n\u00eb fillim, megjith\u00ebse, p\u00ebrve\u00e7 fjal\u00ebve, ata ende nuk kan\u00eb ofruar asnj\u00eb argument.<br \/>\nPartit\u00eb opozitare, nd\u00ebr t\u00eb cilat edhe UDSH, i cili, me nd\u00ebrmjet\u00ebsimin amerikan prodhoi draftin e dyt\u00eb n\u00eb baz\u00eb t\u00eb t\u00eb cilit vepron sot kjo komun\u00eb urbane, mendonin se ky status i p\u00ebrkohsh\u00ebm mund t\u00eb jet\u00eb projekt-pilot, t\u00ebrheq\u00ebs drejt komun\u00ebs s\u00eb plot\u00eb, duke i siguruar financat e komun\u00ebs urbane n\u00eb buxhetin e kryeqytetit.<br \/>\nKy buxhet p\u00ebr vitin 2008 siguronte rreth 4 milion\u00eb e 300 mij\u00eb euro p\u00ebr Tuzin si komun\u00eb urbane t\u00eb Kryeqytetit. Por, pushteti lokal nuk i ka shfryt\u00ebzuar k\u00ebto. Jan\u00eb djegur rreth 4 milion\u00eb euro. D\u00ebmi \u00ebsht\u00eb i krejt Mal\u00ebsis\u00eb dhe dikush duhet t\u00eb mbaj\u00eb p\u00ebrgjegj\u00ebsi p\u00ebr k\u00ebt\u00eb.<br \/>\nDuhet th\u00ebn\u00eb se buxhetin e Tuzit e kishin p\u00ebrkrahur partit\u00eb n\u00eb pushtet dhe t\u00eb gjitha partit\u00eb opozitare, p\u00ebrve\u00e7 UDSH-s\u00eb. Unioni kishte pyetur se kush ishte hartues i buxhetit, p\u00ebr t\u00eb ditur se kush do t\u00eb mbante p\u00ebrgjegj\u00ebsin\u00eb p\u00ebr mosrealizimin eventual t\u00eb tij, ashtu si\u00e7 ndodhi, por kishte mbetur pa p\u00ebrgjigje. Ve\u00e7 k\u00ebsaj, buxheti (plani financiar) nuk kishte parapar\u00eb asnj\u00eb projekt p\u00ebr pjes\u00ebn malore t\u00eb Mal\u00ebsis\u00eb, gj\u00eb q\u00eb p\u00ebr UDSH-n\u00eb ishte e papranueshme. Hartuesit virtual\u00eb nuk kishin p\u00ebrgjigje as lidhur me 500 mij\u00eb euro, q\u00eb figuronin t\u00eb parapara p\u00ebr pun\u00eb t\u00eb caktuara n\u00eb godin\u00ebn e Kuvendit t\u00eb Komun\u00ebs Urbane, pun\u00eb q\u00eb ishin kryer paraprakisht.<br \/>\nP\u00ebrgjegj\u00ebsin\u00eb p\u00ebr realizimin e buxhetit, kudo n\u00eb bot\u00eb, e mban pushteti. Por, ky i Tuzit, ka filluar t\u00eb flas\u00eb p\u00ebr buxhetin (planin financiar) e vitit t\u00eb ardhsh\u00ebm, pa u shpjeguar qytetar\u00ebve t\u00eb Mal\u00ebsis\u00eb pse digjen 4 milion\u00eb euro t\u00eb k\u00ebtij viti. A \u00ebsht\u00eb shkak i mosrealizimit t\u00eb planit financiar paaft\u00ebsia e pushtetit lokal apo arroganca e pushtetit qendror t\u00eb Podgoric\u00ebs. Sido q\u00eb t\u00eb jet\u00eb, dikush e ka shkelur ligjin, dikush e ka d\u00ebmtuar Mal\u00ebsin\u00eb dhe dikush duhet t\u00eb jap\u00eb llogari. Kat\u00ebr milion\u00eb euro nuk do t\u00eb kishin qen\u00eb pak p\u00ebr projektet q\u00eb i mungojn\u00eb Mal\u00ebsis\u00eb. N\u00ebse pushteti lokal i Tuzit i ka d\u00ebrguar Podgoric\u00ebs projekte t\u00eb arsyetuara, pra t\u00eb finalizuara, e kjo i ka refuzuar ose nuk ka \u00e7ar\u00eb kok\u00ebn p\u00ebr to, at\u00ebher\u00eb kjo duhet t\u00eb b\u00ebhet publike dhe t\u00eb k\u00ebrkohet p\u00ebrgjegj\u00ebsia e udh\u00ebheqjes s\u00eb Podgoric\u00ebs. Por, n\u00ebse pushteti lokal i Tuzit nuk e ka bombarduar Podgoric\u00ebn me projekte t\u00eb finalizuara, brenda gabariteve t\u00eb planit financiar, at\u00ebher\u00eb p\u00ebrgjegj\u00ebsi duhet t\u00eb jap\u00eb udh\u00ebheqja e Tuzit. Mal\u00ebsia nuk guxon t\u00eb mbetet peng as e arroganc\u00ebs as e injoranc\u00ebs s\u00eb kujtdoqoft\u00eb.<br \/>\nAjo meriton zhvillim m\u00eb t\u00eb shpejt\u00eb. Por, parametrat e k\u00ebtij zhvillimi duhet t\u00eb definohen me argumente e sinqerisht.<br \/>\nN\u00ebse pushteti aktual i Komun\u00ebs Urbane t\u00eb Tuzit ka argumente se resurset vetjake do t`i mund\u00ebsonin Mal\u00ebsis\u00eb edhe m\u00eb shum\u00eb se kat\u00ebr milion\u00eb n\u00eb vit, at\u00ebher\u00eb ai do t\u00eb kishte t\u00eb drejt\u00eb t\u00eb k\u00ebrkonte p\u00ebrgjegj\u00ebsin\u00eb (edhe morale) e forcave q\u00eb kan\u00eb p\u00ebrkrahur k\u00ebt\u00eb status t\u00eb Komun\u00ebs Urbane, sidomos t\u00eb UDSH-s\u00eb q\u00eb ka th\u00ebn\u00eb se statusi i Komun\u00ebs Urbane \u00ebsht\u00eb rruga momentalisht m\u00eb e mir\u00eb p\u00ebr komun\u00eb t\u00eb plot\u00eb. Ky autor si udh\u00ebheq\u00ebs i UDSH-s\u00eb, do t\u00eb ishte i gatsh\u00ebm t\u00eb pranonte publikisht fajin dhe t\u00eb k\u00ebrkonte ndjes\u00eb publike si dhe t\u00eb p\u00ebrkrahte publikisht ata q\u00eb do t\u00eb ofronin argumentet e sip\u00ebrp\u00ebrmendura, si ekip q\u00eb meriton t\u00eb jet\u00eb n\u00eb krye t\u00eb Mal\u00ebsis\u00eb. Pra, n\u00ebse pushteti aktual, p\u00ebrve\u00e7 fjal\u00ebve manipulative, nuk ofron argumentet e sip\u00ebrp\u00ebrmendura, pra, nuk d\u00ebshmon si do t\u00eb mund t\u00eb vet\u00ebfinancohej Mal\u00ebsia duke e l\u00ebn\u00eb at\u00eb pa zhvillim dhe pa kontakt me Kryeqendr\u00ebn, at\u00ebher\u00eb ky autor dhe partia e tij kan\u00eb t\u00eb drejt\u00eb t\u00eb k\u00ebrkojn\u00eb p\u00ebrgjegj\u00ebsin\u00eb e pushtetit aktual, i cili \u00ebsht\u00eb prodhuar pik\u00ebrisht duke manipuluar \u00e7\u00ebshtjen, ose t\u00eb presin ndjes\u00eb publike nga ai p\u00ebr fjal\u00ebt q\u00eb i ka th\u00ebn\u00eb dhe veprimet q\u00eb i ka b\u00ebr\u00eb gjat\u00eb fushat\u00ebs zgjedhore p\u00ebr KUT, q\u00eb pos stagnimit n\u00eb zhvillim kan\u00eb b\u00ebr\u00eb edhe d\u00ebm m\u00eb t\u00eb gjer\u00eb, me shum\u00eb parregullsi zgjedhore.<br \/>\nP\u00ebr t\u00eb zbutur d\u00ebmin dhe p\u00ebr ta v\u00ebn\u00eb trenin e zhvillimit t\u00eb Mal\u00ebsis\u00eb n\u00eb binar\u00eb real\u00eb e stabil\u00eb, mendoj se na duhet ndihma e pal\u00ebs s\u00eb tret\u00eb, e cila i njeh m\u00eb mir\u00eb k\u00ebto problematika dhe e cila, nga k\u00ebndi i neutralitetit politik, do t\u00eb mund t\u00eb sugjeronte zgjidhje pragmatike, me t\u00eb cilat do t\u00eb pajtoheshin t\u00eb dy pal\u00ebt vend\u00ebse, edhe pozita edhe opozita. Mendoj se na duhet, n\u00eb k\u00ebt\u00eb faz\u00eb, nj\u00eb tryez\u00eb e rrumbullak\u00ebt, n\u00eb t\u00eb cil\u00ebn si pal\u00eb e tret\u00eb do t\u00eb ftoheshin ekspert\u00eb t\u00eb funksionimit t\u00eb vet\u00ebqeverisjes lokale me p\u00ebrvojat e tyre nga Tirana, nga Prishtina, nga Shkupi, nga ndonj\u00eb qend\u00ebr europiane. Kishte qen\u00eb mir\u00eb sikur puna e nj\u00eb tryeze t\u00eb till\u00eb t\u00eb transmetohet drejt\u00ebp\u00ebrs\u00ebdrejti dhe materialet e saj t\u00eb botoheshin n\u00eb t\u00ebr\u00ebsi n\u00eb &#8220;Koh\u00ebn Javore&#8221;. Kishte qen\u00eb mir\u00eb q\u00eb n\u00eb t\u00eb t\u00eb merrnin pjes\u00eb edhe p\u00ebrfaq\u00ebsues t\u00eb diaspor\u00ebs shqiptare.<br \/>\nUn\u00eb jam i gatsh\u00ebm, si kryetar i nj\u00ebr\u00ebs nga partit\u00eb shqiptare, p\u00ebr t\u00eb qen\u00eb bashkorganizator i tryez\u00ebs n\u00eb fjal\u00eb dhe, n\u00eb k\u00ebt\u00eb m\u00ebnyr\u00eb, u b\u00ebj thirrje publike (k\u00ebt\u00eb do ta b\u00ebj edhe n\u00eb forma t\u00eb tjera) kryetarit t\u00eb Alternativ\u00ebs Shqiptare, z. Gjergj Camaj dhe kryetarit t\u00eb Deg\u00ebs s\u00eb Mal\u00ebsis\u00eb t\u00eb LD n\u00eb MZ z. Nikoll\u00eb Camaj, q\u00eb t\u00eb m\u00eb p\u00ebrkrahin p\u00ebr k\u00ebt\u00eb dhe t\u00eb organizojm\u00eb s\u00eb bashku tryez\u00eb t\u00eb till\u00eb, tema e t\u00eb cil\u00ebs definohet leht\u00eb.<br \/>\nNuk kemi m\u00eb koh\u00eb p\u00ebr t\u00eb humbur dhe nuk kemi aq eksperienca sa t\u00eb mos i pyesim ata t\u00eb cil\u00ebt i kan\u00eb. Tevona, pushteti aktual, p\u00ebrve\u00e7 rrogave p\u00ebr vete, nuk po realizon asnj\u00eb segment q\u00eb i mund\u00ebson Ligji. Ai ende nuk ka formuar sh\u00ebrbimet e duhura, nuk i ka pun\u00ebsuar aq persona sa mund\u00ebson Ligji, madje ende \u00ebsht\u00eb qiraxhi n\u00eb Sht\u00ebpin\u00eb e Kultur\u00ebs, edhe pse, sipas Ligjit, \u00ebsht\u00eb dashur t\u00eb kishte kaluar kaher\u00eb n\u00eb godin\u00ebn e vet. Pushteti lokal asnj\u00ebher\u00eb nuk ka ngritur z\u00ebrin p\u00ebr nevoj\u00ebn e nxjerrjes s\u00eb planit hap\u00ebsinor t\u00eb Kryeqytetit, i cili do t\u00eb p\u00ebrshpejtonte urbanizmin e Tuzit dhe do t\u00eb p\u00ebrcaktonte vend ndodhj\u00ebn e objekteve q\u00eb i nevojiten Mal\u00ebsis\u00eb, meq\u00eb fjal\u00ebn e fundit p\u00ebr k\u00ebt\u00eb e ka Kuvendi i Komun\u00ebs Urbane, i cili, i vetmi, jep p\u00eblqimin p\u00ebr projekte e objekte n\u00eb territorin e Mal\u00ebsis\u00eb, kufijt\u00eb administrativ\u00eb t\u00eb t\u00eb cilit pothuaj p\u00ebrputhen me ata etnik\u00eb, gj\u00eb q\u00eb nuk ka ndodhur asnj\u00ebher\u00eb m\u00eb par\u00eb, qysh se Mal\u00ebsia \u00ebsht\u00eb n\u00eb Mal t\u00eb Zi. Un\u00eb nuk shoh se Berlini i ka th\u00ebn\u00eb gj\u00eb t\u00eb re Shkodr\u00ebs. Ndoshta LD n\u00eb MZ dhe ASH e din\u00eb k\u00ebt\u00eb nga Miliq\u00ebt.<br \/>\nMe smir\u00eb nuk mund t\u00eb b\u00ebjm\u00eb mir\u00eb. Ne nuk mund t\u00eb ruajm\u00eb identitetin ton\u00eb komb\u00ebtar, n\u00ebse nuk jemi t\u00eb sinqert\u00eb me nj\u00ebri tjetrin si identitete t\u00eb ndryshme fetare. Danajet gjith\u00eb na kan\u00eb ofruar e do t\u00eb na ofrojn\u00eb dhurata, por ne duhet t`u ruhemi atyre. Ne duhet t\u00eb njohim m\u00eb t\u00eb mir\u00ebt n\u00eb radh\u00ebt tona edhe kur na flasin t\u00eb v\u00ebrteta t\u00eb hidhura dhe t`u besojm\u00eb m\u00eb shum\u00eb se atyre, prap\u00eb nga radh\u00ebt tona, t\u00eb cil\u00ebt na flasin t\u00eb pav\u00ebrteta t\u00eb \u00ebmbla.<br \/>\nSi shoq\u00ebri dhe si komb, si identitet nacional me m\u00eb shum\u00eb kufij administrativ\u00eb, ne nuk mund t\u00eb veprojm\u00eb jasht\u00eb rrethanave dhe jasht\u00eb koh\u00ebs. Edhe p\u00ebr nj\u00eb koh\u00eb ka marr\u00eb fund definimi i marr\u00ebdh\u00ebnieve t\u00eb reja n\u00eb Ballkan. Nuk qitet n\u00eb pazar malli q\u00eb s`ta blen askush. P\u00ebr m\u00eb tep\u00ebr, nuk preket plaga e p\u00ebrgjithshme, n\u00ebse nuk ke ila\u00e7 p\u00ebr t\u00eb. As f\u00ebmij\u00ebs s\u00eb vet\u00eb nuk i premtohen sheqerka, n\u00ebse xhepat jan\u00eb t\u00eb cek\u00ebt.<br \/>\nKur flasim p\u00ebr Komun\u00ebn Urbane t\u00eb Tuzit dhe p\u00ebr d\u00ebshir\u00ebn q\u00eb t\u00eb kihet komuna e plot\u00eb, ve\u00e7 an\u00ebs financiare, duhet t\u00eb kemi parasysh edhe nj\u00eb element tjet\u00ebr. Pushteti n\u00eb Podgoric\u00eb \u00ebsht\u00eb i brisht\u00eb. Si komun\u00eb urbane ne me votat tona, mund t`u b\u00ebjm\u00eb shumic\u00ebn forcave qeveritare, t\u00eb cilat kan\u00eb prodhuar pavar\u00ebsin\u00eb e Malit t\u00eb Zi dhe kan\u00eb njohur pavar\u00ebsin\u00eb e Kosov\u00ebs. Me komun\u00eb t\u00eb plot\u00eb, pa votat tona, do t\u00eb mund t\u00eb ndodhte q\u00eb Podgorica t\u00eb binte n\u00eb duart e forcave serbe. Edhe n\u00eb zgjedhjet e fundit presidenciale, Podgorica ka patur m\u00eb shum\u00eb vota p\u00ebr opozit\u00ebn, se p\u00ebr pozit\u00ebn. A \u00ebsht\u00eb interes i shqiptar\u00ebve t\u00eb ndihmojn\u00eb, edhe t\u00ebrthorazi, opozit\u00ebn serbe?<br \/>\n\u00cbsht\u00eb koha t\u00eb ulemi e t\u00eb flasim \u00e7eltas p\u00ebr gj\u00ebra t\u00eb cilat na preokupojn\u00eb, duke ia n\u00ebnshtruar interesit t\u00eb p\u00ebrgjithsh\u00ebm interesat e vogla partiake apo personale.<br \/>\nNe nuk guxojm\u00eb t\u00eb lejojm\u00eb q\u00eb Alternativa Shqiptare t\u00eb na shes\u00eb persona q\u00eb pastaj b\u00ebhen dh\u00ebnd\u00ebrr sllav\u00eb. T\u00eb cytur edhe nga profesor\u00eb universitar\u00eb.<br \/>\nNe duhet ta njohim dhelpr\u00ebn, sidomos kur i ka k\u00ebmb\u00ebt e futura n\u00eb miell.<br \/>\n<strong>Ferhat Dinosha<br \/>\nKoha Javore<\/strong><\/p>\n<p><strong><!--YouTube Error: bad URL entered--><\/strong><\/p>\n<p><a href=\"http:\/\/www.visit-ulcinj.com\/blog\/wp-content\/uploads\/2008\/12\/garden-of-eatin-restaurant.jpg\"><img loading=\"lazy\" class=\"aligncenter size-full wp-image-7630\" title=\"garden-of-eatin-restaurant\" src=\"http:\/\/www.visit-ulcinj.com\/blog\/wp-content\/uploads\/2008\/12\/garden-of-eatin-restaurant.jpg\" alt=\" Pritja e Vitit Te Ri 2009 me Kengetar\u00eb te ndryshme n\u00eb Garden of Eatin Restaurant - Contact Ahmet Zeka  215-499-6146\" width=\"428\" height=\"555\" \/><\/a><\/p>\n","protected":false},"excerpt":{"rendered":"<p>Pse digjen kat\u00ebr milion\u00eb euro? P\u00ebrgjegj\u00ebsin\u00eb p\u00ebr realizimin e buxhetit, kudo n\u00eb bot\u00eb, e mban pushteti. Por, ky i Tuzit, ka filluar t\u00eb flas\u00eb p\u00ebr buxhetin (planin financiar) e vitit t\u00eb ardhsh\u00ebm, pa u shpjeguar qytetar\u00ebve t\u00eb Mal\u00ebsis\u00eb pse digjen 4 milion\u00eb euro t\u00eb k\u00ebtij viti. A \u00ebsht\u00eb shkak i mosrealizimit t\u00eb planit financiar paaft\u00ebsia [&hellip;]<\/p>\n","protected":false},"author":1,"featured_media":0,"comment_status":"open","ping_status":"closed","sticky":false,"template":"","format":"standard","meta":{"spay_email":"","jetpack_publicize_message":"","jetpack_is_tweetstorm":false,"jetpack_publicize_feature_enabled":true},"categories":[13],"tags":[3461,97,4678,95,92],"jetpack_publicize_connections":[],"yoast_head":"<!-- This site is optimized with the Yoast SEO plugin v19.1 - https:\/\/yoast.com\/wordpress\/plugins\/seo\/ -->\n<title>Dinosha: Komuna urbane e Tuzit, dy vjet pas - Video - Lajme nga Ulqini<\/title>\n<meta name=\"description\" content=\"Pse digjen kat\u00ebr milion\u00eb euro? P\u00ebrgjegj\u00ebsin\u00eb p\u00ebr realizimin e buxhetit, kudo n\u00eb bot\u00eb, e mban pushteti. Por, ky i Tuzit, ka filluar t\u00eb flas\u00eb p\u00ebr buxhetin\" \/>\n<meta name=\"robots\" content=\"index, follow, max-snippet:-1, max-image-preview:large, max-video-preview:-1\" \/>\n<link rel=\"canonical\" href=\"https:\/\/www.visit-ulcinj.com\/blog\/2008\/12\/23\/dinosha-komuna-urbane-e-tuzit-dy-vjet-pas-video\/\" \/>\n<meta property=\"og:locale\" content=\"en_US\" \/>\n<meta property=\"og:type\" content=\"article\" \/>\n<meta property=\"og:title\" content=\"Dinosha: Komuna urbane e Tuzit, dy vjet pas - Video - Lajme nga Ulqini\" \/>\n<meta property=\"og:description\" content=\"Pse digjen kat\u00ebr milion\u00eb euro? P\u00ebrgjegj\u00ebsin\u00eb p\u00ebr realizimin e buxhetit, kudo n\u00eb bot\u00eb, e mban pushteti. Por, ky i Tuzit, ka filluar t\u00eb flas\u00eb p\u00ebr buxhetin\" \/>\n<meta property=\"og:url\" content=\"https:\/\/www.visit-ulcinj.com\/blog\/2008\/12\/23\/dinosha-komuna-urbane-e-tuzit-dy-vjet-pas-video\/\" \/>\n<meta property=\"og:site_name\" content=\"Lajme nga Ulqini\" \/>\n<meta property=\"article:published_time\" content=\"2008-12-23T18:45:23+00:00\" \/>\n<meta property=\"article:modified_time\" content=\"2008-12-25T13:50:05+00:00\" \/>\n<meta property=\"og:image\" content=\"http:\/\/www.visit-ulcinj.com\/blog\/wp-content\/uploads\/2008\/12\/t-u-z-i.jpg\" \/>\n<meta name=\"twitter:label1\" content=\"Written by\" \/>\n\t<meta name=\"twitter:data1\" content=\"ulqini\" \/>\n\t<meta name=\"twitter:label2\" content=\"Est. reading time\" \/>\n\t<meta name=\"twitter:data2\" content=\"9 minutes\" \/>\n<script type=\"application\/ld+json\" class=\"yoast-schema-graph\">{\"@context\":\"https:\/\/schema.org\",\"@graph\":[{\"@type\":\"WebSite\",\"@id\":\"https:\/\/www.visit-ulcinj.com\/blog\/#website\",\"url\":\"https:\/\/www.visit-ulcinj.com\/blog\/\",\"name\":\"Lajme nga Ulqini\",\"description\":\"Lajme,Vijesti,Ulqini,Ulqin,Crna Gora,Mali i Zi\",\"potentialAction\":[{\"@type\":\"SearchAction\",\"target\":{\"@type\":\"EntryPoint\",\"urlTemplate\":\"https:\/\/www.visit-ulcinj.com\/blog\/?s={search_term_string}\"},\"query-input\":\"required name=search_term_string\"}],\"inLanguage\":\"en-US\"},{\"@type\":\"ImageObject\",\"inLanguage\":\"en-US\",\"@id\":\"https:\/\/www.visit-ulcinj.com\/blog\/2008\/12\/23\/dinosha-komuna-urbane-e-tuzit-dy-vjet-pas-video\/#primaryimage\",\"url\":\"https:\/\/www.visit-ulcinj.com\/blog\/wp-content\/uploads\/2008\/12\/t-u-z-i.jpg\",\"contentUrl\":\"https:\/\/www.visit-ulcinj.com\/blog\/wp-content\/uploads\/2008\/12\/t-u-z-i.jpg\",\"width\":\"474\",\"height\":\"277\"},{\"@type\":\"WebPage\",\"@id\":\"https:\/\/www.visit-ulcinj.com\/blog\/2008\/12\/23\/dinosha-komuna-urbane-e-tuzit-dy-vjet-pas-video\/#webpage\",\"url\":\"https:\/\/www.visit-ulcinj.com\/blog\/2008\/12\/23\/dinosha-komuna-urbane-e-tuzit-dy-vjet-pas-video\/\",\"name\":\"Dinosha: Komuna urbane e Tuzit, dy vjet pas - Video - Lajme nga Ulqini\",\"isPartOf\":{\"@id\":\"https:\/\/www.visit-ulcinj.com\/blog\/#website\"},\"primaryImageOfPage\":{\"@id\":\"https:\/\/www.visit-ulcinj.com\/blog\/2008\/12\/23\/dinosha-komuna-urbane-e-tuzit-dy-vjet-pas-video\/#primaryimage\"},\"datePublished\":\"2008-12-23T18:45:23+00:00\",\"dateModified\":\"2008-12-25T13:50:05+00:00\",\"author\":{\"@id\":\"https:\/\/www.visit-ulcinj.com\/blog\/#\/schema\/person\/dcab619c614d3038751c63bc2aadc06d\"},\"description\":\"Pse digjen kat\u00ebr milion\u00eb euro? P\u00ebrgjegj\u00ebsin\u00eb p\u00ebr realizimin e buxhetit, kudo n\u00eb bot\u00eb, e mban pushteti. Por, ky i Tuzit, ka filluar t\u00eb flas\u00eb p\u00ebr buxhetin\",\"breadcrumb\":{\"@id\":\"https:\/\/www.visit-ulcinj.com\/blog\/2008\/12\/23\/dinosha-komuna-urbane-e-tuzit-dy-vjet-pas-video\/#breadcrumb\"},\"inLanguage\":\"en-US\",\"potentialAction\":[{\"@type\":\"ReadAction\",\"target\":[\"https:\/\/www.visit-ulcinj.com\/blog\/2008\/12\/23\/dinosha-komuna-urbane-e-tuzit-dy-vjet-pas-video\/\"]}]},{\"@type\":\"BreadcrumbList\",\"@id\":\"https:\/\/www.visit-ulcinj.com\/blog\/2008\/12\/23\/dinosha-komuna-urbane-e-tuzit-dy-vjet-pas-video\/#breadcrumb\",\"itemListElement\":[{\"@type\":\"ListItem\",\"position\":1,\"name\":\"Dinosha: Komuna urbane e Tuzit, dy vjet pas &#8211; Video\"}]},{\"@type\":\"Person\",\"@id\":\"https:\/\/www.visit-ulcinj.com\/blog\/#\/schema\/person\/dcab619c614d3038751c63bc2aadc06d\",\"name\":\"ulqini\",\"sameAs\":[\"http:\/\/www.visit-ulcinj.com\"],\"url\":\"https:\/\/www.visit-ulcinj.com\/blog\/author\/admin\/\"}]}<\/script>\n<!-- \/ Yoast SEO plugin. -->","yoast_head_json":{"title":"Dinosha: Komuna urbane e Tuzit, dy vjet pas - Video - Lajme nga Ulqini","description":"Pse digjen kat\u00ebr milion\u00eb euro? P\u00ebrgjegj\u00ebsin\u00eb p\u00ebr realizimin e buxhetit, kudo n\u00eb bot\u00eb, e mban pushteti. Por, ky i Tuzit, ka filluar t\u00eb flas\u00eb p\u00ebr buxhetin","robots":{"index":"index","follow":"follow","max-snippet":"max-snippet:-1","max-image-preview":"max-image-preview:large","max-video-preview":"max-video-preview:-1"},"canonical":"https:\/\/www.visit-ulcinj.com\/blog\/2008\/12\/23\/dinosha-komuna-urbane-e-tuzit-dy-vjet-pas-video\/","og_locale":"en_US","og_type":"article","og_title":"Dinosha: Komuna urbane e Tuzit, dy vjet pas - Video - Lajme nga Ulqini","og_description":"Pse digjen kat\u00ebr milion\u00eb euro? P\u00ebrgjegj\u00ebsin\u00eb p\u00ebr realizimin e buxhetit, kudo n\u00eb bot\u00eb, e mban pushteti. Por, ky i Tuzit, ka filluar t\u00eb flas\u00eb p\u00ebr buxhetin","og_url":"https:\/\/www.visit-ulcinj.com\/blog\/2008\/12\/23\/dinosha-komuna-urbane-e-tuzit-dy-vjet-pas-video\/","og_site_name":"Lajme nga Ulqini","article_published_time":"2008-12-23T18:45:23+00:00","article_modified_time":"2008-12-25T13:50:05+00:00","og_image":[{"url":"http:\/\/www.visit-ulcinj.com\/blog\/wp-content\/uploads\/2008\/12\/t-u-z-i.jpg"}],"twitter_misc":{"Written by":"ulqini","Est. reading time":"9 minutes"},"schema":{"@context":"https:\/\/schema.org","@graph":[{"@type":"WebSite","@id":"https:\/\/www.visit-ulcinj.com\/blog\/#website","url":"https:\/\/www.visit-ulcinj.com\/blog\/","name":"Lajme nga Ulqini","description":"Lajme,Vijesti,Ulqini,Ulqin,Crna Gora,Mali i Zi","potentialAction":[{"@type":"SearchAction","target":{"@type":"EntryPoint","urlTemplate":"https:\/\/www.visit-ulcinj.com\/blog\/?s={search_term_string}"},"query-input":"required name=search_term_string"}],"inLanguage":"en-US"},{"@type":"ImageObject","inLanguage":"en-US","@id":"https:\/\/www.visit-ulcinj.com\/blog\/2008\/12\/23\/dinosha-komuna-urbane-e-tuzit-dy-vjet-pas-video\/#primaryimage","url":"https:\/\/www.visit-ulcinj.com\/blog\/wp-content\/uploads\/2008\/12\/t-u-z-i.jpg","contentUrl":"https:\/\/www.visit-ulcinj.com\/blog\/wp-content\/uploads\/2008\/12\/t-u-z-i.jpg","width":"474","height":"277"},{"@type":"WebPage","@id":"https:\/\/www.visit-ulcinj.com\/blog\/2008\/12\/23\/dinosha-komuna-urbane-e-tuzit-dy-vjet-pas-video\/#webpage","url":"https:\/\/www.visit-ulcinj.com\/blog\/2008\/12\/23\/dinosha-komuna-urbane-e-tuzit-dy-vjet-pas-video\/","name":"Dinosha: Komuna urbane e Tuzit, dy vjet pas - Video - Lajme nga Ulqini","isPartOf":{"@id":"https:\/\/www.visit-ulcinj.com\/blog\/#website"},"primaryImageOfPage":{"@id":"https:\/\/www.visit-ulcinj.com\/blog\/2008\/12\/23\/dinosha-komuna-urbane-e-tuzit-dy-vjet-pas-video\/#primaryimage"},"datePublished":"2008-12-23T18:45:23+00:00","dateModified":"2008-12-25T13:50:05+00:00","author":{"@id":"https:\/\/www.visit-ulcinj.com\/blog\/#\/schema\/person\/dcab619c614d3038751c63bc2aadc06d"},"description":"Pse digjen kat\u00ebr milion\u00eb euro? P\u00ebrgjegj\u00ebsin\u00eb p\u00ebr realizimin e buxhetit, kudo n\u00eb bot\u00eb, e mban pushteti. Por, ky i Tuzit, ka filluar t\u00eb flas\u00eb p\u00ebr buxhetin","breadcrumb":{"@id":"https:\/\/www.visit-ulcinj.com\/blog\/2008\/12\/23\/dinosha-komuna-urbane-e-tuzit-dy-vjet-pas-video\/#breadcrumb"},"inLanguage":"en-US","potentialAction":[{"@type":"ReadAction","target":["https:\/\/www.visit-ulcinj.com\/blog\/2008\/12\/23\/dinosha-komuna-urbane-e-tuzit-dy-vjet-pas-video\/"]}]},{"@type":"BreadcrumbList","@id":"https:\/\/www.visit-ulcinj.com\/blog\/2008\/12\/23\/dinosha-komuna-urbane-e-tuzit-dy-vjet-pas-video\/#breadcrumb","itemListElement":[{"@type":"ListItem","position":1,"name":"Dinosha: Komuna urbane e Tuzit, dy vjet pas &#8211; Video"}]},{"@type":"Person","@id":"https:\/\/www.visit-ulcinj.com\/blog\/#\/schema\/person\/dcab619c614d3038751c63bc2aadc06d","name":"ulqini","sameAs":["http:\/\/www.visit-ulcinj.com"],"url":"https:\/\/www.visit-ulcinj.com\/blog\/author\/admin\/"}]}},"jetpack_featured_media_url":"","jetpack_sharing_enabled":true,"jetpack_shortlink":"https:\/\/wp.me\/pe6lTn-1Yl","_links":{"self":[{"href":"https:\/\/www.visit-ulcinj.com\/blog\/wp-json\/wp\/v2\/posts\/7585"}],"collection":[{"href":"https:\/\/www.visit-ulcinj.com\/blog\/wp-json\/wp\/v2\/posts"}],"about":[{"href":"https:\/\/www.visit-ulcinj.com\/blog\/wp-json\/wp\/v2\/types\/post"}],"author":[{"embeddable":true,"href":"https:\/\/www.visit-ulcinj.com\/blog\/wp-json\/wp\/v2\/users\/1"}],"replies":[{"embeddable":true,"href":"https:\/\/www.visit-ulcinj.com\/blog\/wp-json\/wp\/v2\/comments?post=7585"}],"version-history":[{"count":0,"href":"https:\/\/www.visit-ulcinj.com\/blog\/wp-json\/wp\/v2\/posts\/7585\/revisions"}],"wp:attachment":[{"href":"https:\/\/www.visit-ulcinj.com\/blog\/wp-json\/wp\/v2\/media?parent=7585"}],"wp:term":[{"taxonomy":"category","embeddable":true,"href":"https:\/\/www.visit-ulcinj.com\/blog\/wp-json\/wp\/v2\/categories?post=7585"},{"taxonomy":"post_tag","embeddable":true,"href":"https:\/\/www.visit-ulcinj.com\/blog\/wp-json\/wp\/v2\/tags?post=7585"}],"curies":[{"name":"wp","href":"https:\/\/api.w.org\/{rel}","templated":true}]}}