{"id":75866,"date":"2013-11-02T06:56:01","date_gmt":"2013-11-02T05:56:01","guid":{"rendered":"http:\/\/www.visit-ulcinj.com\/blog\/?p=75866"},"modified":"2013-11-02T06:56:52","modified_gmt":"2013-11-02T05:56:52","slug":"zatrovani-seoski-izvori-ulcinja","status":"publish","type":"post","link":"https:\/\/www.visit-ulcinj.com\/blog\/2013\/11\/02\/zatrovani-seoski-izvori-ulcinja\/","title":{"rendered":"Zatrovani seoski izvori Ulcinja"},"content":{"rendered":"<p>Vladimirska sela u Ulcinju Postegva\u0161, Mu\u010daj, Donji i Gornji Kravari, \u0110onaj i Rasti\u0161 nemaju fiksnu telefoniju ni internet, ali oko hiljadu i po stanovnika te MZ imaju mnogo ve\u0107i problem od toga &#8211; svih \u0161est izvora pija\u0107e vode bakteriolo\u0161ki su potpuno neispravni.<\/p>\n<p><a href=\"http:\/\/www.visit-ulcinj.com\/blog\/wp-content\/uploads\/2013\/11\/Omer-Demiraj-Foto-Samir-Adrovic.jpg\"><img loading=\"lazy\" class=\"alignleft  wp-image-75867\" alt=\"Omer Demiraj - Foto- Samir Adrovic\" src=\"http:\/\/www.visit-ulcinj.com\/blog\/wp-content\/uploads\/2013\/11\/Omer-Demiraj-Foto-Samir-Adrovic.jpg\" width=\"508\" height=\"600\" \/><\/a><strong>Omer Demiraj (Foto: Samir Adrovi\u0107)<\/strong><\/p>\n<p>To je potvrdila osnovna analiza, koja je u laboratoriji u Baru, na zahtjev ulcinjskog Doma zdravlja, ura\u0111ena 17. septembra i koja je pokazala da u uzorcima vode sa \u010desama, odnosno izvora Telaj, Mu\u010daj, Curaj, Stegva\u0161, \u0110onaj i Kravari egzistiraju uglavnom dvije ili tri bakterije. E\u0161erihija koli, potvrdila je analiza, prisutna je na svim tim izvori\u0161tima, kao i enterokokus koji slovi za pozitivnu bakteriju.<\/p>\n<p>Reporter \u201cVijesti\u201d posjetio je selo Kravari koje se nalazi na pola puta izme\u0111u Vladimira i Ostrosa i u razgovoru sa mje\u0161tanima otkrio frapantan podatak da neki od njih, iako rijetko, ipak konzumiraju izvorsku vodu za pi\u0107e.<\/p>\n<p>\u201cBogami, ja sam je do ju\u010de pio\u201d, ka\u017ee seoski imam Omer Demiraj. On, kao i ostali mje\u0161tani, tvrdi da je glavni problem \u0161to se izvori\u0161ta pija\u0107e vode nekad pomije\u0161aju sa fekalijama.<\/p>\n<p>\u201cIzvori\u0161ta su neobezbije\u0111ena, a odvod fekalnih voda iz doma\u0107instava neregulisan\u201d, ukazuje Demiraj.<\/p>\n<p>Jedini spas je, kako isti\u010de, priklju\u010denje sela na vodovodnu mre\u017eu. Na pitanje da li je neko od nadle\u017enih dolazio da rije\u0161i taj problem, Demiraj vrti glavom: \u201cOni do\u0111u kad su izbori, a poslije nas zaborave\u201d.<\/p>\n<p>Predsjednik MZ Kravari \u0106azim Aljo\u0161i ka\u017ee da oni mje\u0161tani koji su u prilici, vodu za pi\u0107e donose sa drugih izvora prema Vladimiru ili Ulcinju. On je zaposlen u Vodovodu i svaki dan putuje za Ulcinj na posao i nazad: \u201cU prilici sam da svaki dan sa izvora u Klezni, ku\u0107i donesem vodu za pi\u0107e. Ali svi u selu nijesu u prilici da to urade svaki dan. Naprotiv\u201d.<\/p>\n<p>Odbornik u lokalnom parlamentu \u0106emal Bajrovi\u0107, koji je iz Kravara, prije par mjeseci podnio je u SO inicijativu da se raspravlja o zara\u017eenim izvori\u0161tima u MZ Kravari, ali nije nai\u0161ao na razumijevanje.<\/p>\n<p>\u201cO\u010digledno su nekom va\u017eniji tro\u0161kovi za rje\u0161enje tog problema nego zdravlje ljudi \u0161est sela\u201d, smatra Bajrovi\u0107.<\/p>\n<p>On je ocijenio da je izgradnja vodovodne mre\u017ee jedini na\u010din da se problem trajno rije\u0161i: \u201cKa\u017eu da za takav projekat treba dosta novca, pa bi nam i voda bila skupa. Zamislite, u 21. vijeku tra\u017eimo da nam obezbijede vodu za pi\u0107e, kao da je ne\u0161to nenormalno\u201d. U Domu zdravlja \u201cVijestima\u201d je ju\u010de re\u010deno da nema epidemije prouzrokovane bakterijom e\u0161erihije koli, niti te\u017eih, pojedina\u010dnih slu\u010dajeva.<\/p>\n<p><strong>Nijesmo znali kuda \u0107emo sa fekalijama<\/strong><\/p>\n<p>Mustafa Aljo\u0161i iz sela Mu\u010daj ka\u017ee da je krajnje vrijeme da Op\u0161tina i dr\u017eava urade ne\u0161to kada je to u pitanju.<\/p>\n<p>\u201cSituacija je vi\u0161e nego alarmantna, ali toga o\u010digledno nijesu svjesni u Op\u0161tini. Ako se dogodi kakava zaraza ili epidemija, bi\u0107e kasno\u201d, upozorava Aljo\u0161i.<\/p>\n<p>I u njegovom selu je, dodaje, voda za pi\u0107e tako\u0111e zara\u017eena. On je podsjetio da je biv\u0161i direktor Vodovoda Fatmir \u0110eka sa saradnicima poku\u0161avao da rije\u0161i taj problem u Mu\u010daju, ali bezuspje\u0161no.<\/p>\n<p>\u201cKu\u0107e su nad izvori\u0161tem, nijesmo znali kud sa fekalnim vodama\u201d, ka\u017ee Aljo\u0161i koji je prije tri godine bio u Upravnom odboru Komunalnog preduze\u0107a. Na njegovu inicijativu, u aprilu 2010, izvr\u0161ena je analiza izvora u Kravarima, Mu\u010daju, \u0110onaju i Postegva\u0161u: \u201cAnaliza je ra\u0111ena u laboratoriji Doma zdravlja na Cetinju. I tada su svi izvori bili zara\u017eeni i tada je na svim bila e\u0161erihija koli\u201d.<\/p>\n<p><a href=\"http:\/\/www.vijesti.me\/vijesti\/ulcinj-zatrovani-seoski-izvori-clanak-157995\" target=\"_blank\"><strong>Samir Adrovi\u0107<\/strong><\/a><br \/>\n<a href=\"http:\/\/www.vijesti.me\/vijesti\/ulcinj-zatrovani-seoski-izvori-clanak-157995\" target=\"_blank\"><strong>Vijesti online<\/strong><\/a><\/p>\n","protected":false},"excerpt":{"rendered":"<p>Vladimirska sela u Ulcinju Postegva\u0161, Mu\u010daj, Donji i Gornji Kravari, \u0110onaj i Rasti\u0161 nemaju fiksnu telefoniju ni internet, ali oko hiljadu i po stanovnika te MZ imaju mnogo ve\u0107i problem od toga &#8211; svih \u0161est izvora pija\u0107e vode bakteriolo\u0161ki su potpuno neispravni. Omer Demiraj (Foto: Samir Adrovi\u0107) To je potvrdila osnovna analiza, koja je u [&hellip;]<\/p>\n","protected":false},"author":1,"featured_media":0,"comment_status":"closed","ping_status":"closed","sticky":false,"template":"","format":"standard","meta":{"spay_email":"","jetpack_publicize_message":"","jetpack_is_tweetstorm":false,"jetpack_publicize_feature_enabled":true},"categories":[8337],"tags":[],"jetpack_publicize_connections":[],"yoast_head":"<!-- This site is optimized with the Yoast SEO plugin v19.1 - https:\/\/yoast.com\/wordpress\/plugins\/seo\/ -->\n<title>Zatrovani seoski izvori Ulcinja - Lajme nga Ulqini<\/title>\n<meta name=\"description\" content=\"Vladimirska sela u Ulcinju Postegva\u0161, Mu\u010daj, Donji i Gornji Kravari, \u0110onaj i Rasti\u0161 nemaju fiksnu telefoniju ni internet, ali oko hiljadu i po stanovnika\" \/>\n<meta name=\"robots\" content=\"index, follow, max-snippet:-1, max-image-preview:large, max-video-preview:-1\" \/>\n<link rel=\"canonical\" href=\"https:\/\/www.visit-ulcinj.com\/blog\/2013\/11\/02\/zatrovani-seoski-izvori-ulcinja\/\" \/>\n<meta property=\"og:locale\" content=\"en_US\" \/>\n<meta property=\"og:type\" content=\"article\" \/>\n<meta property=\"og:title\" content=\"Zatrovani seoski izvori Ulcinja - Lajme nga Ulqini\" \/>\n<meta property=\"og:description\" content=\"Vladimirska sela u Ulcinju Postegva\u0161, Mu\u010daj, Donji i Gornji Kravari, \u0110onaj i Rasti\u0161 nemaju fiksnu telefoniju ni internet, ali oko hiljadu i po stanovnika\" \/>\n<meta property=\"og:url\" content=\"https:\/\/www.visit-ulcinj.com\/blog\/2013\/11\/02\/zatrovani-seoski-izvori-ulcinja\/\" \/>\n<meta property=\"og:site_name\" content=\"Lajme nga Ulqini\" \/>\n<meta property=\"article:published_time\" content=\"2013-11-02T05:56:01+00:00\" \/>\n<meta property=\"article:modified_time\" content=\"2013-11-02T05:56:52+00:00\" \/>\n<meta property=\"og:image\" content=\"http:\/\/www.visit-ulcinj.com\/blog\/wp-content\/uploads\/2013\/11\/Omer-Demiraj-Foto-Samir-Adrovic.jpg\" \/>\n<meta name=\"twitter:label1\" content=\"Written by\" \/>\n\t<meta name=\"twitter:data1\" content=\"ulqini\" \/>\n\t<meta name=\"twitter:label2\" content=\"Est. reading time\" \/>\n\t<meta name=\"twitter:data2\" content=\"3 minutes\" \/>\n<script type=\"application\/ld+json\" class=\"yoast-schema-graph\">{\"@context\":\"https:\/\/schema.org\",\"@graph\":[{\"@type\":\"WebSite\",\"@id\":\"https:\/\/www.visit-ulcinj.com\/blog\/#website\",\"url\":\"https:\/\/www.visit-ulcinj.com\/blog\/\",\"name\":\"Lajme nga Ulqini\",\"description\":\"Lajme,Vijesti,Ulqini,Ulqin,Crna Gora,Mali i Zi\",\"potentialAction\":[{\"@type\":\"SearchAction\",\"target\":{\"@type\":\"EntryPoint\",\"urlTemplate\":\"https:\/\/www.visit-ulcinj.com\/blog\/?s={search_term_string}\"},\"query-input\":\"required name=search_term_string\"}],\"inLanguage\":\"en-US\"},{\"@type\":\"ImageObject\",\"inLanguage\":\"en-US\",\"@id\":\"https:\/\/www.visit-ulcinj.com\/blog\/2013\/11\/02\/zatrovani-seoski-izvori-ulcinja\/#primaryimage\",\"url\":\"https:\/\/www.visit-ulcinj.com\/blog\/wp-content\/uploads\/2013\/11\/Omer-Demiraj-Foto-Samir-Adrovic.jpg\",\"contentUrl\":\"https:\/\/www.visit-ulcinj.com\/blog\/wp-content\/uploads\/2013\/11\/Omer-Demiraj-Foto-Samir-Adrovic.jpg\",\"width\":686,\"height\":750},{\"@type\":\"WebPage\",\"@id\":\"https:\/\/www.visit-ulcinj.com\/blog\/2013\/11\/02\/zatrovani-seoski-izvori-ulcinja\/#webpage\",\"url\":\"https:\/\/www.visit-ulcinj.com\/blog\/2013\/11\/02\/zatrovani-seoski-izvori-ulcinja\/\",\"name\":\"Zatrovani seoski izvori Ulcinja - Lajme nga Ulqini\",\"isPartOf\":{\"@id\":\"https:\/\/www.visit-ulcinj.com\/blog\/#website\"},\"primaryImageOfPage\":{\"@id\":\"https:\/\/www.visit-ulcinj.com\/blog\/2013\/11\/02\/zatrovani-seoski-izvori-ulcinja\/#primaryimage\"},\"datePublished\":\"2013-11-02T05:56:01+00:00\",\"dateModified\":\"2013-11-02T05:56:52+00:00\",\"author\":{\"@id\":\"https:\/\/www.visit-ulcinj.com\/blog\/#\/schema\/person\/dcab619c614d3038751c63bc2aadc06d\"},\"description\":\"Vladimirska sela u Ulcinju Postegva\u0161, Mu\u010daj, Donji i Gornji Kravari, \u0110onaj i Rasti\u0161 nemaju fiksnu telefoniju ni internet, ali oko hiljadu i po stanovnika\",\"breadcrumb\":{\"@id\":\"https:\/\/www.visit-ulcinj.com\/blog\/2013\/11\/02\/zatrovani-seoski-izvori-ulcinja\/#breadcrumb\"},\"inLanguage\":\"en-US\",\"potentialAction\":[{\"@type\":\"ReadAction\",\"target\":[\"https:\/\/www.visit-ulcinj.com\/blog\/2013\/11\/02\/zatrovani-seoski-izvori-ulcinja\/\"]}]},{\"@type\":\"BreadcrumbList\",\"@id\":\"https:\/\/www.visit-ulcinj.com\/blog\/2013\/11\/02\/zatrovani-seoski-izvori-ulcinja\/#breadcrumb\",\"itemListElement\":[{\"@type\":\"ListItem\",\"position\":1,\"name\":\"Zatrovani seoski izvori Ulcinja\"}]},{\"@type\":\"Person\",\"@id\":\"https:\/\/www.visit-ulcinj.com\/blog\/#\/schema\/person\/dcab619c614d3038751c63bc2aadc06d\",\"name\":\"ulqini\",\"sameAs\":[\"http:\/\/www.visit-ulcinj.com\"],\"url\":\"https:\/\/www.visit-ulcinj.com\/blog\/author\/admin\/\"}]}<\/script>\n<!-- \/ Yoast SEO plugin. -->","yoast_head_json":{"title":"Zatrovani seoski izvori Ulcinja - Lajme nga Ulqini","description":"Vladimirska sela u Ulcinju Postegva\u0161, Mu\u010daj, Donji i Gornji Kravari, \u0110onaj i Rasti\u0161 nemaju fiksnu telefoniju ni internet, ali oko hiljadu i po stanovnika","robots":{"index":"index","follow":"follow","max-snippet":"max-snippet:-1","max-image-preview":"max-image-preview:large","max-video-preview":"max-video-preview:-1"},"canonical":"https:\/\/www.visit-ulcinj.com\/blog\/2013\/11\/02\/zatrovani-seoski-izvori-ulcinja\/","og_locale":"en_US","og_type":"article","og_title":"Zatrovani seoski izvori Ulcinja - Lajme nga Ulqini","og_description":"Vladimirska sela u Ulcinju Postegva\u0161, Mu\u010daj, Donji i Gornji Kravari, \u0110onaj i Rasti\u0161 nemaju fiksnu telefoniju ni internet, ali oko hiljadu i po stanovnika","og_url":"https:\/\/www.visit-ulcinj.com\/blog\/2013\/11\/02\/zatrovani-seoski-izvori-ulcinja\/","og_site_name":"Lajme nga Ulqini","article_published_time":"2013-11-02T05:56:01+00:00","article_modified_time":"2013-11-02T05:56:52+00:00","og_image":[{"url":"http:\/\/www.visit-ulcinj.com\/blog\/wp-content\/uploads\/2013\/11\/Omer-Demiraj-Foto-Samir-Adrovic.jpg"}],"twitter_misc":{"Written by":"ulqini","Est. reading time":"3 minutes"},"schema":{"@context":"https:\/\/schema.org","@graph":[{"@type":"WebSite","@id":"https:\/\/www.visit-ulcinj.com\/blog\/#website","url":"https:\/\/www.visit-ulcinj.com\/blog\/","name":"Lajme nga Ulqini","description":"Lajme,Vijesti,Ulqini,Ulqin,Crna Gora,Mali i Zi","potentialAction":[{"@type":"SearchAction","target":{"@type":"EntryPoint","urlTemplate":"https:\/\/www.visit-ulcinj.com\/blog\/?s={search_term_string}"},"query-input":"required name=search_term_string"}],"inLanguage":"en-US"},{"@type":"ImageObject","inLanguage":"en-US","@id":"https:\/\/www.visit-ulcinj.com\/blog\/2013\/11\/02\/zatrovani-seoski-izvori-ulcinja\/#primaryimage","url":"https:\/\/www.visit-ulcinj.com\/blog\/wp-content\/uploads\/2013\/11\/Omer-Demiraj-Foto-Samir-Adrovic.jpg","contentUrl":"https:\/\/www.visit-ulcinj.com\/blog\/wp-content\/uploads\/2013\/11\/Omer-Demiraj-Foto-Samir-Adrovic.jpg","width":686,"height":750},{"@type":"WebPage","@id":"https:\/\/www.visit-ulcinj.com\/blog\/2013\/11\/02\/zatrovani-seoski-izvori-ulcinja\/#webpage","url":"https:\/\/www.visit-ulcinj.com\/blog\/2013\/11\/02\/zatrovani-seoski-izvori-ulcinja\/","name":"Zatrovani seoski izvori Ulcinja - Lajme nga Ulqini","isPartOf":{"@id":"https:\/\/www.visit-ulcinj.com\/blog\/#website"},"primaryImageOfPage":{"@id":"https:\/\/www.visit-ulcinj.com\/blog\/2013\/11\/02\/zatrovani-seoski-izvori-ulcinja\/#primaryimage"},"datePublished":"2013-11-02T05:56:01+00:00","dateModified":"2013-11-02T05:56:52+00:00","author":{"@id":"https:\/\/www.visit-ulcinj.com\/blog\/#\/schema\/person\/dcab619c614d3038751c63bc2aadc06d"},"description":"Vladimirska sela u Ulcinju Postegva\u0161, Mu\u010daj, Donji i Gornji Kravari, \u0110onaj i Rasti\u0161 nemaju fiksnu telefoniju ni internet, ali oko hiljadu i po stanovnika","breadcrumb":{"@id":"https:\/\/www.visit-ulcinj.com\/blog\/2013\/11\/02\/zatrovani-seoski-izvori-ulcinja\/#breadcrumb"},"inLanguage":"en-US","potentialAction":[{"@type":"ReadAction","target":["https:\/\/www.visit-ulcinj.com\/blog\/2013\/11\/02\/zatrovani-seoski-izvori-ulcinja\/"]}]},{"@type":"BreadcrumbList","@id":"https:\/\/www.visit-ulcinj.com\/blog\/2013\/11\/02\/zatrovani-seoski-izvori-ulcinja\/#breadcrumb","itemListElement":[{"@type":"ListItem","position":1,"name":"Zatrovani seoski izvori Ulcinja"}]},{"@type":"Person","@id":"https:\/\/www.visit-ulcinj.com\/blog\/#\/schema\/person\/dcab619c614d3038751c63bc2aadc06d","name":"ulqini","sameAs":["http:\/\/www.visit-ulcinj.com"],"url":"https:\/\/www.visit-ulcinj.com\/blog\/author\/admin\/"}]}},"jetpack_featured_media_url":"","jetpack_sharing_enabled":true,"jetpack_shortlink":"https:\/\/wp.me\/pe6lTn-jJE","_links":{"self":[{"href":"https:\/\/www.visit-ulcinj.com\/blog\/wp-json\/wp\/v2\/posts\/75866"}],"collection":[{"href":"https:\/\/www.visit-ulcinj.com\/blog\/wp-json\/wp\/v2\/posts"}],"about":[{"href":"https:\/\/www.visit-ulcinj.com\/blog\/wp-json\/wp\/v2\/types\/post"}],"author":[{"embeddable":true,"href":"https:\/\/www.visit-ulcinj.com\/blog\/wp-json\/wp\/v2\/users\/1"}],"replies":[{"embeddable":true,"href":"https:\/\/www.visit-ulcinj.com\/blog\/wp-json\/wp\/v2\/comments?post=75866"}],"version-history":[{"count":1,"href":"https:\/\/www.visit-ulcinj.com\/blog\/wp-json\/wp\/v2\/posts\/75866\/revisions"}],"predecessor-version":[{"id":75868,"href":"https:\/\/www.visit-ulcinj.com\/blog\/wp-json\/wp\/v2\/posts\/75866\/revisions\/75868"}],"wp:attachment":[{"href":"https:\/\/www.visit-ulcinj.com\/blog\/wp-json\/wp\/v2\/media?parent=75866"}],"wp:term":[{"taxonomy":"category","embeddable":true,"href":"https:\/\/www.visit-ulcinj.com\/blog\/wp-json\/wp\/v2\/categories?post=75866"},{"taxonomy":"post_tag","embeddable":true,"href":"https:\/\/www.visit-ulcinj.com\/blog\/wp-json\/wp\/v2\/tags?post=75866"}],"curies":[{"name":"wp","href":"https:\/\/api.w.org\/{rel}","templated":true}]}}