{"id":75881,"date":"2013-11-02T08:36:24","date_gmt":"2013-11-02T07:36:24","guid":{"rendered":"http:\/\/www.visit-ulcinj.com\/blog\/?p=75881"},"modified":"2013-11-02T08:36:24","modified_gmt":"2013-11-02T07:36:24","slug":"veliko-interesovanje-za-istrazivanje-nafte-gasa-u-podmorskom-ulcinjskom-bloku-video","status":"publish","type":"post","link":"https:\/\/www.visit-ulcinj.com\/blog\/2013\/11\/02\/veliko-interesovanje-za-istrazivanje-nafte-gasa-u-podmorskom-ulcinjskom-bloku-video\/","title":{"rendered":"Veliko interesovanje za istra\u017eivanje nafte i gasa u podmorskom ulcinjskom bloku &#8211; Video"},"content":{"rendered":"<p><a href=\"http:\/\/www.visit-ulcinj.com\/blog\/wp-content\/uploads\/2013\/11\/Predsjednik-Vlade-Milo-Djukanovic.jpg\"><img loading=\"lazy\" class=\"alignleft  wp-image-75882\" alt=\"Predsjednik Vlade Milo Djukanovic\" src=\"http:\/\/www.visit-ulcinj.com\/blog\/wp-content\/uploads\/2013\/11\/Predsjednik-Vlade-Milo-Djukanovic.jpg\" width=\"508\" height=\"360\" \/><\/a>Tri mjeseca nakon objavljivanja tendera za koncesiju za va\u0111enje nafte i gasa u crnogorskom podmorju, Vlada je organizovala sve\u010danost u Budvi, koju je otvorio premijer Milo \u0110ukanovi\u0107.<\/p>\n<p>Skup u Budvi okupio je predstavnike najve\u0107ih kompanija u ovoj oblasti.<\/p>\n<p>Do sada je interesovanje pokazalo 26 kompanija. To nije kona\u010dan broj budu\u0107i da je javni poziv otvoren do 28. februara 2014.<\/p>\n<p>Premijer je u Budvi saop\u0161tio da su istra\u017eivanje nafte i gasa u Crnoj Gori i aktivnosti u okru\u017eenju ukazali na veliku perspektivu ovog podru\u010dja.<\/p>\n<p>&#8220;Energetska stabilnost danas, vi\u0161e nego ikada u istoriji, predstavlja klju\u010dni elemenat nacionalne i me\u0111unarodne bezbjednosti. Stepen u kojem su dr\u017eave u 21. vijeku zavisne od sopstvenih energetskih izvora ukazuje na njihovu ekonomsku snagu i ukupnu nezavisnost&#8221;, kazao je \u0110ukanovi\u0107 na skupu u Budvi.<\/p>\n<p>Pa\u017eljivo upravljanje resursima je, kako ka\u017ee premijer, klju\u010dno pitanje budu\u0107eg uspjeha ekonomije i odr\u017eivog razvoja.<\/p>\n<p>Crna Gora je pripremila svoj prvi tender za istra\u017eivanje i proizvodnju nafte i gasa u podmorju, koji je Vlada Crne Gore raspisala 7. avgusta ove godine, a koji je otvoren do 28. februara 2014..<\/p>\n<p>&#8220;Dosada\u0161nja istra\u017eivanja nafte i gasa u Crnoj Gori, kao i aktivnosti u okru\u017eenju, ukazala su na veliku perspektivu ovog podru\u010dja. Postojanje osnovnih preduslova za proizvodnju nafte i gasa u podmorju ju\u017enog jadranskog geolo\u0161kog basena je dokazano, a direktna potvrda ove \u010dinjenice je proizvodnja u albanskom, hrvatskom i italijanskom dijelu basena&#8221;, poru\u010dio je premijer u Budvi.<\/p>\n<p><strong>Izvor: TVCG<\/strong><\/p>\n","protected":false},"excerpt":{"rendered":"<p>Tri mjeseca nakon objavljivanja tendera za koncesiju za va\u0111enje nafte i gasa u crnogorskom podmorju, Vlada je organizovala sve\u010danost u Budvi, koju je otvorio premijer Milo \u0110ukanovi\u0107. Skup u Budvi okupio je predstavnike najve\u0107ih kompanija u ovoj oblasti. Do sada je interesovanje pokazalo 26 kompanija. To nije kona\u010dan broj budu\u0107i da je javni poziv otvoren [&hellip;]<\/p>\n","protected":false},"author":1,"featured_media":0,"comment_status":"closed","ping_status":"closed","sticky":false,"template":"","format":"standard","meta":{"spay_email":"","jetpack_publicize_message":"","jetpack_is_tweetstorm":false,"jetpack_publicize_feature_enabled":true},"categories":[6950],"tags":[],"jetpack_publicize_connections":[],"yoast_head":"<!-- This site is optimized with the Yoast SEO plugin v19.1 - https:\/\/yoast.com\/wordpress\/plugins\/seo\/ -->\n<title>Veliko interesovanje za istra\u017eivanje nafte i gasa u podmorskom ulcinjskom bloku - Video - Lajme nga Ulqini<\/title>\n<meta name=\"description\" content=\"Tri mjeseca nakon objavljivanja tendera za koncesiju za va\u0111enje nafte i gasa u crnogorskom podmorju, Vlada je organizovala sve\u010danost u Budvi, koju je\" \/>\n<meta name=\"robots\" content=\"index, follow, max-snippet:-1, max-image-preview:large, max-video-preview:-1\" \/>\n<link rel=\"canonical\" href=\"https:\/\/www.visit-ulcinj.com\/blog\/2013\/11\/02\/veliko-interesovanje-za-istrazivanje-nafte-gasa-u-podmorskom-ulcinjskom-bloku-video\/\" \/>\n<meta property=\"og:locale\" content=\"en_US\" \/>\n<meta property=\"og:type\" content=\"article\" \/>\n<meta property=\"og:title\" content=\"Veliko interesovanje za istra\u017eivanje nafte i gasa u podmorskom ulcinjskom bloku - Video - Lajme nga Ulqini\" \/>\n<meta property=\"og:description\" content=\"Tri mjeseca nakon objavljivanja tendera za koncesiju za va\u0111enje nafte i gasa u crnogorskom podmorju, Vlada je organizovala sve\u010danost u Budvi, koju je\" \/>\n<meta property=\"og:url\" content=\"https:\/\/www.visit-ulcinj.com\/blog\/2013\/11\/02\/veliko-interesovanje-za-istrazivanje-nafte-gasa-u-podmorskom-ulcinjskom-bloku-video\/\" \/>\n<meta property=\"og:site_name\" content=\"Lajme nga Ulqini\" \/>\n<meta property=\"article:published_time\" content=\"2013-11-02T07:36:24+00:00\" \/>\n<meta property=\"og:image\" content=\"http:\/\/www.visit-ulcinj.com\/blog\/wp-content\/uploads\/2013\/11\/Predsjednik-Vlade-Milo-Djukanovic.jpg\" \/>\n<meta name=\"twitter:label1\" content=\"Written by\" \/>\n\t<meta name=\"twitter:data1\" content=\"ulqini\" \/>\n\t<meta name=\"twitter:label2\" content=\"Est. reading time\" \/>\n\t<meta name=\"twitter:data2\" content=\"1 minute\" \/>\n<script type=\"application\/ld+json\" class=\"yoast-schema-graph\">{\"@context\":\"https:\/\/schema.org\",\"@graph\":[{\"@type\":\"WebSite\",\"@id\":\"https:\/\/www.visit-ulcinj.com\/blog\/#website\",\"url\":\"https:\/\/www.visit-ulcinj.com\/blog\/\",\"name\":\"Lajme nga Ulqini\",\"description\":\"Lajme,Vijesti,Ulqini,Ulqin,Crna Gora,Mali i Zi\",\"potentialAction\":[{\"@type\":\"SearchAction\",\"target\":{\"@type\":\"EntryPoint\",\"urlTemplate\":\"https:\/\/www.visit-ulcinj.com\/blog\/?s={search_term_string}\"},\"query-input\":\"required name=search_term_string\"}],\"inLanguage\":\"en-US\"},{\"@type\":\"ImageObject\",\"inLanguage\":\"en-US\",\"@id\":\"https:\/\/www.visit-ulcinj.com\/blog\/2013\/11\/02\/veliko-interesovanje-za-istrazivanje-nafte-gasa-u-podmorskom-ulcinjskom-bloku-video\/#primaryimage\",\"url\":\"https:\/\/www.visit-ulcinj.com\/blog\/wp-content\/uploads\/2013\/11\/Predsjednik-Vlade-Milo-Djukanovic.jpg\",\"contentUrl\":\"https:\/\/www.visit-ulcinj.com\/blog\/wp-content\/uploads\/2013\/11\/Predsjednik-Vlade-Milo-Djukanovic.jpg\",\"width\":790,\"height\":454},{\"@type\":\"WebPage\",\"@id\":\"https:\/\/www.visit-ulcinj.com\/blog\/2013\/11\/02\/veliko-interesovanje-za-istrazivanje-nafte-gasa-u-podmorskom-ulcinjskom-bloku-video\/#webpage\",\"url\":\"https:\/\/www.visit-ulcinj.com\/blog\/2013\/11\/02\/veliko-interesovanje-za-istrazivanje-nafte-gasa-u-podmorskom-ulcinjskom-bloku-video\/\",\"name\":\"Veliko interesovanje za istra\u017eivanje nafte i gasa u podmorskom ulcinjskom bloku - Video - Lajme nga Ulqini\",\"isPartOf\":{\"@id\":\"https:\/\/www.visit-ulcinj.com\/blog\/#website\"},\"primaryImageOfPage\":{\"@id\":\"https:\/\/www.visit-ulcinj.com\/blog\/2013\/11\/02\/veliko-interesovanje-za-istrazivanje-nafte-gasa-u-podmorskom-ulcinjskom-bloku-video\/#primaryimage\"},\"datePublished\":\"2013-11-02T07:36:24+00:00\",\"dateModified\":\"2013-11-02T07:36:24+00:00\",\"author\":{\"@id\":\"https:\/\/www.visit-ulcinj.com\/blog\/#\/schema\/person\/dcab619c614d3038751c63bc2aadc06d\"},\"description\":\"Tri mjeseca nakon objavljivanja tendera za koncesiju za va\u0111enje nafte i gasa u crnogorskom podmorju, Vlada je organizovala sve\u010danost u Budvi, koju je\",\"breadcrumb\":{\"@id\":\"https:\/\/www.visit-ulcinj.com\/blog\/2013\/11\/02\/veliko-interesovanje-za-istrazivanje-nafte-gasa-u-podmorskom-ulcinjskom-bloku-video\/#breadcrumb\"},\"inLanguage\":\"en-US\",\"potentialAction\":[{\"@type\":\"ReadAction\",\"target\":[\"https:\/\/www.visit-ulcinj.com\/blog\/2013\/11\/02\/veliko-interesovanje-za-istrazivanje-nafte-gasa-u-podmorskom-ulcinjskom-bloku-video\/\"]}]},{\"@type\":\"BreadcrumbList\",\"@id\":\"https:\/\/www.visit-ulcinj.com\/blog\/2013\/11\/02\/veliko-interesovanje-za-istrazivanje-nafte-gasa-u-podmorskom-ulcinjskom-bloku-video\/#breadcrumb\",\"itemListElement\":[{\"@type\":\"ListItem\",\"position\":1,\"name\":\"Veliko interesovanje za istra\u017eivanje nafte i gasa u podmorskom ulcinjskom bloku &#8211; Video\"}]},{\"@type\":\"Person\",\"@id\":\"https:\/\/www.visit-ulcinj.com\/blog\/#\/schema\/person\/dcab619c614d3038751c63bc2aadc06d\",\"name\":\"ulqini\",\"sameAs\":[\"http:\/\/www.visit-ulcinj.com\"],\"url\":\"https:\/\/www.visit-ulcinj.com\/blog\/author\/admin\/\"}]}<\/script>\n<!-- \/ Yoast SEO plugin. -->","yoast_head_json":{"title":"Veliko interesovanje za istra\u017eivanje nafte i gasa u podmorskom ulcinjskom bloku - Video - Lajme nga Ulqini","description":"Tri mjeseca nakon objavljivanja tendera za koncesiju za va\u0111enje nafte i gasa u crnogorskom podmorju, Vlada je organizovala sve\u010danost u Budvi, koju je","robots":{"index":"index","follow":"follow","max-snippet":"max-snippet:-1","max-image-preview":"max-image-preview:large","max-video-preview":"max-video-preview:-1"},"canonical":"https:\/\/www.visit-ulcinj.com\/blog\/2013\/11\/02\/veliko-interesovanje-za-istrazivanje-nafte-gasa-u-podmorskom-ulcinjskom-bloku-video\/","og_locale":"en_US","og_type":"article","og_title":"Veliko interesovanje za istra\u017eivanje nafte i gasa u podmorskom ulcinjskom bloku - Video - Lajme nga Ulqini","og_description":"Tri mjeseca nakon objavljivanja tendera za koncesiju za va\u0111enje nafte i gasa u crnogorskom podmorju, Vlada je organizovala sve\u010danost u Budvi, koju je","og_url":"https:\/\/www.visit-ulcinj.com\/blog\/2013\/11\/02\/veliko-interesovanje-za-istrazivanje-nafte-gasa-u-podmorskom-ulcinjskom-bloku-video\/","og_site_name":"Lajme nga Ulqini","article_published_time":"2013-11-02T07:36:24+00:00","og_image":[{"url":"http:\/\/www.visit-ulcinj.com\/blog\/wp-content\/uploads\/2013\/11\/Predsjednik-Vlade-Milo-Djukanovic.jpg"}],"twitter_misc":{"Written by":"ulqini","Est. reading time":"1 minute"},"schema":{"@context":"https:\/\/schema.org","@graph":[{"@type":"WebSite","@id":"https:\/\/www.visit-ulcinj.com\/blog\/#website","url":"https:\/\/www.visit-ulcinj.com\/blog\/","name":"Lajme nga Ulqini","description":"Lajme,Vijesti,Ulqini,Ulqin,Crna Gora,Mali i Zi","potentialAction":[{"@type":"SearchAction","target":{"@type":"EntryPoint","urlTemplate":"https:\/\/www.visit-ulcinj.com\/blog\/?s={search_term_string}"},"query-input":"required name=search_term_string"}],"inLanguage":"en-US"},{"@type":"ImageObject","inLanguage":"en-US","@id":"https:\/\/www.visit-ulcinj.com\/blog\/2013\/11\/02\/veliko-interesovanje-za-istrazivanje-nafte-gasa-u-podmorskom-ulcinjskom-bloku-video\/#primaryimage","url":"https:\/\/www.visit-ulcinj.com\/blog\/wp-content\/uploads\/2013\/11\/Predsjednik-Vlade-Milo-Djukanovic.jpg","contentUrl":"https:\/\/www.visit-ulcinj.com\/blog\/wp-content\/uploads\/2013\/11\/Predsjednik-Vlade-Milo-Djukanovic.jpg","width":790,"height":454},{"@type":"WebPage","@id":"https:\/\/www.visit-ulcinj.com\/blog\/2013\/11\/02\/veliko-interesovanje-za-istrazivanje-nafte-gasa-u-podmorskom-ulcinjskom-bloku-video\/#webpage","url":"https:\/\/www.visit-ulcinj.com\/blog\/2013\/11\/02\/veliko-interesovanje-za-istrazivanje-nafte-gasa-u-podmorskom-ulcinjskom-bloku-video\/","name":"Veliko interesovanje za istra\u017eivanje nafte i gasa u podmorskom ulcinjskom bloku - Video - Lajme nga Ulqini","isPartOf":{"@id":"https:\/\/www.visit-ulcinj.com\/blog\/#website"},"primaryImageOfPage":{"@id":"https:\/\/www.visit-ulcinj.com\/blog\/2013\/11\/02\/veliko-interesovanje-za-istrazivanje-nafte-gasa-u-podmorskom-ulcinjskom-bloku-video\/#primaryimage"},"datePublished":"2013-11-02T07:36:24+00:00","dateModified":"2013-11-02T07:36:24+00:00","author":{"@id":"https:\/\/www.visit-ulcinj.com\/blog\/#\/schema\/person\/dcab619c614d3038751c63bc2aadc06d"},"description":"Tri mjeseca nakon objavljivanja tendera za koncesiju za va\u0111enje nafte i gasa u crnogorskom podmorju, Vlada je organizovala sve\u010danost u Budvi, koju je","breadcrumb":{"@id":"https:\/\/www.visit-ulcinj.com\/blog\/2013\/11\/02\/veliko-interesovanje-za-istrazivanje-nafte-gasa-u-podmorskom-ulcinjskom-bloku-video\/#breadcrumb"},"inLanguage":"en-US","potentialAction":[{"@type":"ReadAction","target":["https:\/\/www.visit-ulcinj.com\/blog\/2013\/11\/02\/veliko-interesovanje-za-istrazivanje-nafte-gasa-u-podmorskom-ulcinjskom-bloku-video\/"]}]},{"@type":"BreadcrumbList","@id":"https:\/\/www.visit-ulcinj.com\/blog\/2013\/11\/02\/veliko-interesovanje-za-istrazivanje-nafte-gasa-u-podmorskom-ulcinjskom-bloku-video\/#breadcrumb","itemListElement":[{"@type":"ListItem","position":1,"name":"Veliko interesovanje za istra\u017eivanje nafte i gasa u podmorskom ulcinjskom bloku &#8211; Video"}]},{"@type":"Person","@id":"https:\/\/www.visit-ulcinj.com\/blog\/#\/schema\/person\/dcab619c614d3038751c63bc2aadc06d","name":"ulqini","sameAs":["http:\/\/www.visit-ulcinj.com"],"url":"https:\/\/www.visit-ulcinj.com\/blog\/author\/admin\/"}]}},"jetpack_featured_media_url":"","jetpack_sharing_enabled":true,"jetpack_shortlink":"https:\/\/wp.me\/pe6lTn-jJT","_links":{"self":[{"href":"https:\/\/www.visit-ulcinj.com\/blog\/wp-json\/wp\/v2\/posts\/75881"}],"collection":[{"href":"https:\/\/www.visit-ulcinj.com\/blog\/wp-json\/wp\/v2\/posts"}],"about":[{"href":"https:\/\/www.visit-ulcinj.com\/blog\/wp-json\/wp\/v2\/types\/post"}],"author":[{"embeddable":true,"href":"https:\/\/www.visit-ulcinj.com\/blog\/wp-json\/wp\/v2\/users\/1"}],"replies":[{"embeddable":true,"href":"https:\/\/www.visit-ulcinj.com\/blog\/wp-json\/wp\/v2\/comments?post=75881"}],"version-history":[{"count":1,"href":"https:\/\/www.visit-ulcinj.com\/blog\/wp-json\/wp\/v2\/posts\/75881\/revisions"}],"predecessor-version":[{"id":75883,"href":"https:\/\/www.visit-ulcinj.com\/blog\/wp-json\/wp\/v2\/posts\/75881\/revisions\/75883"}],"wp:attachment":[{"href":"https:\/\/www.visit-ulcinj.com\/blog\/wp-json\/wp\/v2\/media?parent=75881"}],"wp:term":[{"taxonomy":"category","embeddable":true,"href":"https:\/\/www.visit-ulcinj.com\/blog\/wp-json\/wp\/v2\/categories?post=75881"},{"taxonomy":"post_tag","embeddable":true,"href":"https:\/\/www.visit-ulcinj.com\/blog\/wp-json\/wp\/v2\/tags?post=75881"}],"curies":[{"name":"wp","href":"https:\/\/api.w.org\/{rel}","templated":true}]}}