{"id":7589,"date":"2008-12-23T19:56:30","date_gmt":"2008-12-23T18:56:30","guid":{"rendered":"http:\/\/www.visit-ulcinj.com\/blog\/?p=7589"},"modified":"2008-12-25T14:26:46","modified_gmt":"2008-12-25T13:26:46","slug":"mbi-librin-e-mustafe-cankes-qyteti-komente","status":"publish","type":"post","link":"https:\/\/www.visit-ulcinj.com\/blog\/2008\/12\/23\/mbi-librin-e-mustafe-cankes-qyteti-komente\/","title":{"rendered":"Mbi librin e Mustaf\u00eb Cank\u00ebs &#8220;qyteti&#8221; (komente)"},"content":{"rendered":"<p><strong><a href=\"http:\/\/www.visit-ulcinj.com\/blog\/wp-content\/uploads\/2008\/03\/qazim-muja1.thumbnail.jpg\"><img loading=\"lazy\" class=\"alignleft\" title=\"Qazim Muja\" src=\"http:\/\/www.visit-ulcinj.com\/blog\/wp-content\/uploads\/2008\/03\/qazim-muja1.thumbnail.jpg\" alt=\"\" width=\"194\" height=\"200\" \/><\/a>Kronik\u00eb filozofiko-sociologjike p\u00ebr qytetin<\/strong><br \/>\nPa dyshim mund t\u00eb thuhet se libri &#8220;Qyteti &#8211; komente&#8221; i autorit Mustaf\u00eb Cank\u00ebs \u00ebsht\u00eb rr\u00ebfim n\u00eb vete t\u00eb vet mbi lindjen e arsyes s\u00eb sh\u00ebndosh\u00eb. Duke p\u00ebrpunuar tipologjin\u00eb e mentalitetit shoq\u00ebror, Canka n\u00eb m\u00ebnyr\u00ebn e vet ka krijuar profilin estetik, psikologjik dhe ideologjik t\u00eb bashk\u00ebqytetar\u00ebve t\u00eb tij, t\u00eb elit\u00ebs politike dhe asaj intelektuale, ka regjistruar modelet e kapaciteteve t\u00eb tyre etike, morale dhe intelektuale, virtytet dhe aft\u00ebsit\u00eb e tyre p\u00ebr pun\u00eb.<br \/>\nGazetari dhe publicisti Mustaf\u00eb Cank\u00ebs n\u00eb librin e par\u00eb t\u00eb tij me titullin &#8220;Qyteti&#8221;, q\u00eb \u00ebsht\u00eb nj\u00eb p\u00ebrmbledhje e komenteve gazetareske dhe televizive, shtron problematik\u00ebn dhe zb\u00ebrthen iden\u00eb e qytetit si tem\u00eb ku n\u00eb m\u00ebnyr\u00eb eksplicite shqyrton filozofin\u00eb dhe sociologjin\u00eb e qytetit, me elemente t\u00eb v\u00ebrteta, por dhe ato simbolike. Pik\u00ebrisht, nj\u00eb dashuri e madhe dhe nj\u00eb dhembje e thell\u00eb n\u00eb t\u00eb nj\u00ebjt\u00ebn koh\u00eb, e kan\u00eb shtyr\u00eb autorin q\u00eb qytetin e tij Ulqinin, ta v\u00eb n\u00eb qend\u00ebr t\u00eb rr\u00ebfimit, gjegj\u00ebsisht komentit filozofiko-sociologjik.<br \/>\nKjo dashuri dhe kjo dhembje kan\u00eb ngjall\u00eb tek autori guximin gati t\u00eb papar\u00eb q\u00eb n\u00eb periudh\u00ebn tep\u00ebr t\u00eb v\u00ebshtir\u00eb dhe t\u00eb pap\u00ebrs\u00ebritshme t\u00eb tranzicionit, t\u00eb krizave t\u00eb ndryshme, qofshin ato politike, ekonomike, sociale, kulturore, morale, etike e tjera, t\u00eb flas\u00eb me z\u00ebrin e arsyes duke ftuar t\u00eb gjith\u00eb ata q\u00eb ndjejn\u00eb apo mbajn\u00eb p\u00ebrgjegj\u00ebsi p\u00ebr degradimet q\u00eb i kan\u00eb ndodhur p\u00ebr disa dekada me radh\u00eb dhe q\u00eb po i ndodhin qytetit t\u00eb Ulqinit dhe lokaliteteve m\u00eb t\u00eb bukura t\u00eb tij si dhe ambientit jet\u00ebsor n\u00eb nj\u00eb proces subverziv p\u00ebr \u00e7far\u00eb po humb identitetin e vet dhe pjes\u00eb nga e kaluara historike.<br \/>\nAutori merret me iden\u00eb e qytetit, tem\u00eb kjo q\u00eb e hasim madje qysh n\u00eb veprat e Platonit, Aristotelit dhe Tukitidit, por ndryshe nga ata, duke konstatuar se qyteti \u00ebsht\u00eb sinonim i lindjes dhe zhvillimit t\u00eb kultur\u00ebs dhe vend qendror ku mbijetojn\u00eb apo shkat\u00ebrrohen, zhvillohen apo humbin frytet e civilizimit, e n\u00eb k\u00ebt\u00eb nd\u00ebrlidhje edhe vet idet\u00eb-projektet p\u00ebr infrastruktur\u00ebn apo superstruktur\u00ebn q\u00eb njeriu krahas natyr\u00ebs ka mundur t\u00eb krijoj\u00eb n\u00eb kontinuitet p\u00ebr mir\u00ebqenien e vet.<br \/>\nProblematika q\u00eb shtron autori \u00ebsht\u00eb bashk\u00ebkohore, \u00ebsht\u00eb ajo e jet\u00ebs s\u00eb p\u00ebrditshme. Problemet bashk\u00ebkohore si\u00e7 jan\u00eb privatizimi, falimentimi i nd\u00ebrmarrjeve, t\u00eb mirat detare, centralizimi, kreditimet dhe borxhet, nd\u00ebrtimet pa leje, turizmi, infrastruktura, detaria, kthimi i pronave, degradimet e shumta urbanistike dhe ekologjike, por dhe morali dhe etika si n\u00eb familje ashtu edhe n\u00eb shoq\u00ebri, autori i ka v\u00ebn\u00eb n\u00eb qend\u00ebr t\u00eb v\u00ebmendjes, duke konstatuar se k\u00ebshtu dhe n\u00eb k\u00ebt\u00eb form\u00eb t\u00eb gjitha k\u00ebto i ka p\u00ebrjetuar vet\u00ebm e vet\u00ebm Ulqini. Ajo q\u00eb komentet e Cank\u00ebs i b\u00ebn karakteristike jan\u00eb atributet shum\u00eb t\u00eb q\u00eblluara q\u00eb autori i nd\u00ebrthur brenda p\u00ebrbrenda komentit, t\u00eb cilat n\u00eb kuad\u00ebr t\u00eb k\u00ebsaj, n\u00eb m\u00ebnyr\u00eb t\u00eb t\u00ebrthort\u00eb na njohin me t\u00eb kaluar\u00ebn historike t\u00eb qytetit, me tradit\u00ebn, kultur\u00ebn, mentalitetin, etnicitetin e tjer\u00eb, e q\u00eb sot nga e gjith\u00eb kjo ka mbetur vet\u00ebm pak.<img loading=\"lazy\" class=\"alignright size-full wp-image-5321\" title=\"mustafe-canka\" src=\"http:\/\/www.visit-ulcinj.com\/blog\/wp-content\/uploads\/2008\/11\/mustafe-canka.jpg\" alt=\"mustafe-canka\" width=\"290\" height=\"181\" \/><br \/>\nDuke pasur parasysh k\u00ebto atribute, p\u00ebr qytetin e Ulqinit nuk vlen ajo th\u00ebnia: &#8220;Ke par\u00eb nj\u00eb qytet, ke par\u00eb t\u00eb gjitha qytetet!&#8221;, sepse Ulqini i ka karakteristikat e veta q\u00eb e ve\u00e7ojn\u00eb nga t\u00eb tjer\u00ebt. Sepse sipas autorit, ai ka, apo m\u00eb mir\u00eb t\u00eb thuhet ka patur simbolet fizike t\u00eb cilat gjithmon\u00eb kan\u00eb sh\u00ebrbyer p\u00ebr t\u00eb identifikuar situatat, por q\u00eb fatkeq\u00ebsisht nuk jan\u00eb ruajtur dhe nuk u \u00ebsht\u00eb kushtuar kujdesi i duhur nga strukturat e ndryshme shoq\u00ebrore dhe vet\u00eb njer\u00ebzit q\u00eb jetojn\u00eb n\u00eb t\u00eb.<br \/>\nDuke analizuar n\u00eb t\u00ebr\u00ebsi at\u00eb aspektin e err\u00ebt dhe patogjen t\u00eb mentalitetit ton\u00eb, autori v\u00ebrtet, por me keqardhje, b\u00ebhet nj\u00eb lloj psikoterapeuti kolektiv i cili, n\u00eb m\u00ebnyr\u00eb t\u00eb rrept\u00eb, por t\u00eb ndershme demaskon t\u00eb gjitha ato vijat e d\u00ebmshme n\u00eb arsyet e njer\u00ebzve. Kjo \u00ebsht\u00eb gjuha e tij dhe ky \u00ebsht\u00eb stili i tij.<br \/>\nQasja retorike dhe komunikimi brenda qytetit apo k\u00ebtij laboratori sociologjik, si\u00e7 do ta quante Robert Park, v\u00ebrtet i ngjason aktit ligj\u00ebrues (Speech &#8211; act).<br \/>\nPra, pa dyshim mund t\u00eb thuhet se libri &#8220;Qyteti &#8211; komente&#8221; i autorit Mustafa Canka \u00ebsht\u00eb rr\u00ebfim n\u00eb vete t\u00eb vet mbi lindjen e arsyes s\u00eb sh\u00ebndosh\u00eb. Duke p\u00ebrpunuar tipologjin\u00eb e mentalitetit shoq\u00ebror, Canka n\u00eb m\u00ebnyr\u00ebn e vet ka krijuar profilin estetik, psikologjik dhe ideologjik t\u00eb bashk\u00ebqytetar\u00ebve t\u00eb tij, t\u00eb elit\u00ebs politike dhe asaj intelektuale, ka regjistruar modelet e kapaciteteve t\u00eb tyre etike, morale dhe intelektuale, virtytet dhe aft\u00ebsit\u00eb e tyre p\u00ebr pun\u00eb. Mu kjo elit\u00eb tek autori krijon pak\u00ebnaq\u00ebsi duke mos u pozicionuar n\u00eb m\u00ebnyr\u00eb t\u00eb drejt\u00eb, n\u00eb momente tep\u00ebr t\u00eb nevojshme, sidomos n\u00eb ato rrethana dhe n\u00eb at\u00eb mjedis\u00eb ku elita, cilado qoft\u00eb, ajo politike, e sidomos ajo intelektuale vler\u00ebsohen, shprehur me dialektin social, &#8220;si djem t\u00eb mir\u00eb&#8221; apo &#8220;si djem t\u00eb k\u00ebqinj&#8221;, dhe jo n\u00eb baz\u00eb t\u00eb vlerave intelektuale apo profesionale. Pozicionimi i tyre me ndershm\u00ebri do t`i kontribonte zgjidhjes p\u00ebrfundimtare t\u00eb problemeve q\u00eb r\u00ebndojn\u00eb mbi supet e qytetit, qofshin ato probleme ekonomike, sociale, kulturore e etike.<br \/>\nGjithashtu ky lib\u00ebr nj\u00ebkoh\u00ebsisht duhet kuptuar edhe si p\u00ebrpjekje e suksesshme e autorit p\u00ebr t\u00eb b\u00ebr\u00eb sociologjin\u00eb e t\u00ebr\u00ebsishme t\u00eb qytetit, gj\u00eb q\u00eb do ta d\u00ebshironin jo vet\u00ebm qytetet si Ulqini por edhe metropolet e m\u00ebdha, kudo qofshin ata. Dhe autori me erudicion t\u00eb lakmuesh\u00ebm, si\u00e7 \u00ebsht\u00eb Mustafa Canka, k\u00ebt\u00eb e ka b\u00ebr\u00eb me shum\u00eb sukses.<br \/>\nP\u00ebrfundoj me at\u00eb q\u00eb nga libri i autorit del si konstatim se pik\u00ebrisht kujtimet, ndjenjat, dashuria dhe fatet e njer\u00ebzve jan\u00eb ato q\u00eb mbesin t\u00eb lidhura ngusht me cil\u00ebndo qoft\u00eb hap\u00ebsir\u00eb, duke patur parasysh se hap\u00ebsira ka dometh\u00ebnie simbolike p\u00ebr qytetar\u00ebt. K\u00ebto edhe jan\u00eb argumente t\u00eb mjaftueshme p\u00ebrse hap\u00ebsirat e ve\u00e7anta t\u00eb qytetit, t\u00eb cilat atij nj\u00ebherit i japin edhe ngjyrimin postmodern, duhen ruajtur.<br \/>\nM\u00ebnyra n\u00eb t\u00eb cil\u00ebn Canka p\u00ebrmes prizmave filozofike, sociologjike, semiologjike e tjera p\u00ebrshkruan, paraqet dhe zbulon qytetin postmodern dhe karakterin e tij, paralelet t\u00eb cilat i t\u00ebrheq n\u00eb mes situat\u00ebs n\u00eb qytetin e tij dhe zhvillimeve n\u00eb bot\u00eb, nivelet, qofshin ato politike, ekonomike, sociale apo kulturore q\u00eb i dallon dhe i definon n\u00eb analiz\u00ebn e problemeve t\u00eb qytetit t\u00eb Ulqinit apo trendet q\u00eb i v\u00ebren n\u00eb hap\u00ebsir\u00ebn malazeze, jan\u00eb shkaqe q\u00eb k\u00ebt\u00eb lib\u00ebr e b\u00ebjn\u00eb vep\u00ebr me nj\u00eb kontribut t\u00eb r\u00ebnd\u00ebsish\u00ebm sociologjik dhe urbanistik.<br \/>\nKjo gjithashtu mbetet nj\u00eb literatur\u00eb edukative dhe nxit\u00ebse p\u00ebr \u00e7do t\u00eb interesuar aktiv dhe t\u00eb vet\u00ebdijsh\u00ebm p\u00ebr hap\u00ebsir\u00ebn n\u00eb t\u00eb cil\u00ebn jeton, p\u00ebr t\u00eb kuptuar r\u00ebnd\u00ebsin\u00eb e ndikimit t\u00eb hap\u00ebsir\u00ebs n\u00eb individin, si dhe t\u00eb individit n\u00eb hap\u00ebsir\u00eb, andaj edhe udh\u00ebzues n\u00eb procesin e lindjes dhe t\u00eb ruajtjes s\u00eb interaksionit dhe intermed-it t\u00eb pand\u00ebrprer\u00eb n\u00eb mes njeriut dhe hap\u00ebsir\u00ebs.<br \/>\n\u2026Mbase ky lib\u00ebr do t\u00eb mbetet kronik\u00eb e nj\u00eb kohe kur qytetit t\u00eb Ulqinit, m\u00eb shum\u00eb se \u00e7do gj\u00eb tjet\u00ebr i mungonte dashuria.<br \/>\n<strong>Qazim Muja<br \/>\nKoha Javore<\/strong><br \/>\n<a href=\"http:\/\/www.visit-ulcinj.com\/blog\/wp-content\/uploads\/2008\/12\/garden-of-eatin-restaurant.jpg\"><img loading=\"lazy\" class=\"aligncenter size-full wp-image-7630\" title=\"garden-of-eatin-restaurant\" src=\"http:\/\/www.visit-ulcinj.com\/blog\/wp-content\/uploads\/2008\/12\/garden-of-eatin-restaurant.jpg\" alt=\" Pritja e Vitit Te Ri 2009 me Kengetar\u00eb te ndryshme n\u00eb Garden of Eatin Restaurant - Contact Ahmet Zeka  215-499-6146\" width=\"428\" height=\"555\" \/><\/a><\/p>\n","protected":false},"excerpt":{"rendered":"<p>Kronik\u00eb filozofiko-sociologjike p\u00ebr qytetin Pa dyshim mund t\u00eb thuhet se libri &#8220;Qyteti &#8211; komente&#8221; i autorit Mustaf\u00eb Cank\u00ebs \u00ebsht\u00eb rr\u00ebfim n\u00eb vete t\u00eb vet mbi lindjen e arsyes s\u00eb sh\u00ebndosh\u00eb. Duke p\u00ebrpunuar tipologjin\u00eb e mentalitetit shoq\u00ebror, Canka n\u00eb m\u00ebnyr\u00ebn e vet ka krijuar profilin estetik, psikologjik dhe ideologjik t\u00eb bashk\u00ebqytetar\u00ebve t\u00eb tij, t\u00eb elit\u00ebs politike [&hellip;]<\/p>\n","protected":false},"author":1,"featured_media":0,"comment_status":"open","ping_status":"closed","sticky":false,"template":"","format":"standard","meta":{"spay_email":"","jetpack_publicize_message":"","jetpack_is_tweetstorm":false,"jetpack_publicize_feature_enabled":true},"categories":[4],"tags":[95,4870,955,5346,200],"jetpack_publicize_connections":[],"yoast_head":"<!-- This site is optimized with the Yoast SEO plugin v19.1 - https:\/\/yoast.com\/wordpress\/plugins\/seo\/ -->\n<title>Mbi librin e Mustaf\u00eb Cank\u00ebs &quot;qyteti&quot; (komente) - Lajme nga Ulqini<\/title>\n<meta name=\"description\" content=\"Kronik\u00eb filozofiko-sociologjike p\u00ebr qytetin Pa dyshim mund t\u00eb thuhet se libri &quot;Qyteti - komente&quot; i autorit Mustaf\u00eb Cank\u00ebs \u00ebsht\u00eb rr\u00ebfim n\u00eb vete t\u00eb vet mbi\" \/>\n<meta name=\"robots\" content=\"index, follow, max-snippet:-1, max-image-preview:large, max-video-preview:-1\" \/>\n<link rel=\"canonical\" href=\"https:\/\/www.visit-ulcinj.com\/blog\/2008\/12\/23\/mbi-librin-e-mustafe-cankes-qyteti-komente\/\" \/>\n<meta property=\"og:locale\" content=\"en_US\" \/>\n<meta property=\"og:type\" content=\"article\" \/>\n<meta property=\"og:title\" content=\"Mbi librin e Mustaf\u00eb Cank\u00ebs &quot;qyteti&quot; (komente) - Lajme nga Ulqini\" \/>\n<meta property=\"og:description\" content=\"Kronik\u00eb filozofiko-sociologjike p\u00ebr qytetin Pa dyshim mund t\u00eb thuhet se libri &quot;Qyteti - komente&quot; i autorit Mustaf\u00eb Cank\u00ebs \u00ebsht\u00eb rr\u00ebfim n\u00eb vete t\u00eb vet mbi\" \/>\n<meta property=\"og:url\" content=\"https:\/\/www.visit-ulcinj.com\/blog\/2008\/12\/23\/mbi-librin-e-mustafe-cankes-qyteti-komente\/\" \/>\n<meta property=\"og:site_name\" content=\"Lajme nga Ulqini\" \/>\n<meta property=\"article:published_time\" content=\"2008-12-23T18:56:30+00:00\" \/>\n<meta property=\"article:modified_time\" content=\"2008-12-25T13:26:46+00:00\" \/>\n<meta property=\"og:image\" content=\"http:\/\/www.visit-ulcinj.com\/blog\/wp-content\/uploads\/2008\/03\/qazim-muja1.thumbnail.jpg\" \/>\n<meta name=\"twitter:label1\" content=\"Written by\" \/>\n\t<meta name=\"twitter:data1\" content=\"ulqini\" \/>\n\t<meta name=\"twitter:label2\" content=\"Est. reading time\" \/>\n\t<meta name=\"twitter:data2\" content=\"6 minutes\" \/>\n<script type=\"application\/ld+json\" class=\"yoast-schema-graph\">{\"@context\":\"https:\/\/schema.org\",\"@graph\":[{\"@type\":\"WebSite\",\"@id\":\"https:\/\/www.visit-ulcinj.com\/blog\/#website\",\"url\":\"https:\/\/www.visit-ulcinj.com\/blog\/\",\"name\":\"Lajme nga Ulqini\",\"description\":\"Lajme,Vijesti,Ulqini,Ulqin,Crna Gora,Mali i Zi\",\"potentialAction\":[{\"@type\":\"SearchAction\",\"target\":{\"@type\":\"EntryPoint\",\"urlTemplate\":\"https:\/\/www.visit-ulcinj.com\/blog\/?s={search_term_string}\"},\"query-input\":\"required name=search_term_string\"}],\"inLanguage\":\"en-US\"},{\"@type\":\"ImageObject\",\"inLanguage\":\"en-US\",\"@id\":\"https:\/\/www.visit-ulcinj.com\/blog\/2008\/12\/23\/mbi-librin-e-mustafe-cankes-qyteti-komente\/#primaryimage\",\"url\":\"http:\/\/www.visit-ulcinj.com\/blog\/wp-content\/uploads\/2008\/03\/qazim-muja1.thumbnail.jpg\",\"contentUrl\":\"http:\/\/www.visit-ulcinj.com\/blog\/wp-content\/uploads\/2008\/03\/qazim-muja1.thumbnail.jpg\"},{\"@type\":\"WebPage\",\"@id\":\"https:\/\/www.visit-ulcinj.com\/blog\/2008\/12\/23\/mbi-librin-e-mustafe-cankes-qyteti-komente\/#webpage\",\"url\":\"https:\/\/www.visit-ulcinj.com\/blog\/2008\/12\/23\/mbi-librin-e-mustafe-cankes-qyteti-komente\/\",\"name\":\"Mbi librin e Mustaf\u00eb Cank\u00ebs \\\"qyteti\\\" (komente) - Lajme nga Ulqini\",\"isPartOf\":{\"@id\":\"https:\/\/www.visit-ulcinj.com\/blog\/#website\"},\"primaryImageOfPage\":{\"@id\":\"https:\/\/www.visit-ulcinj.com\/blog\/2008\/12\/23\/mbi-librin-e-mustafe-cankes-qyteti-komente\/#primaryimage\"},\"datePublished\":\"2008-12-23T18:56:30+00:00\",\"dateModified\":\"2008-12-25T13:26:46+00:00\",\"author\":{\"@id\":\"https:\/\/www.visit-ulcinj.com\/blog\/#\/schema\/person\/dcab619c614d3038751c63bc2aadc06d\"},\"description\":\"Kronik\u00eb filozofiko-sociologjike p\u00ebr qytetin Pa dyshim mund t\u00eb thuhet se libri \\\"Qyteti - komente\\\" i autorit Mustaf\u00eb Cank\u00ebs \u00ebsht\u00eb rr\u00ebfim n\u00eb vete t\u00eb vet mbi\",\"breadcrumb\":{\"@id\":\"https:\/\/www.visit-ulcinj.com\/blog\/2008\/12\/23\/mbi-librin-e-mustafe-cankes-qyteti-komente\/#breadcrumb\"},\"inLanguage\":\"en-US\",\"potentialAction\":[{\"@type\":\"ReadAction\",\"target\":[\"https:\/\/www.visit-ulcinj.com\/blog\/2008\/12\/23\/mbi-librin-e-mustafe-cankes-qyteti-komente\/\"]}]},{\"@type\":\"BreadcrumbList\",\"@id\":\"https:\/\/www.visit-ulcinj.com\/blog\/2008\/12\/23\/mbi-librin-e-mustafe-cankes-qyteti-komente\/#breadcrumb\",\"itemListElement\":[{\"@type\":\"ListItem\",\"position\":1,\"name\":\"Mbi librin e Mustaf\u00eb Cank\u00ebs &#8220;qyteti&#8221; (komente)\"}]},{\"@type\":\"Person\",\"@id\":\"https:\/\/www.visit-ulcinj.com\/blog\/#\/schema\/person\/dcab619c614d3038751c63bc2aadc06d\",\"name\":\"ulqini\",\"sameAs\":[\"http:\/\/www.visit-ulcinj.com\"],\"url\":\"https:\/\/www.visit-ulcinj.com\/blog\/author\/admin\/\"}]}<\/script>\n<!-- \/ Yoast SEO plugin. -->","yoast_head_json":{"title":"Mbi librin e Mustaf\u00eb Cank\u00ebs \"qyteti\" (komente) - Lajme nga Ulqini","description":"Kronik\u00eb filozofiko-sociologjike p\u00ebr qytetin Pa dyshim mund t\u00eb thuhet se libri \"Qyteti - komente\" i autorit Mustaf\u00eb Cank\u00ebs \u00ebsht\u00eb rr\u00ebfim n\u00eb vete t\u00eb vet mbi","robots":{"index":"index","follow":"follow","max-snippet":"max-snippet:-1","max-image-preview":"max-image-preview:large","max-video-preview":"max-video-preview:-1"},"canonical":"https:\/\/www.visit-ulcinj.com\/blog\/2008\/12\/23\/mbi-librin-e-mustafe-cankes-qyteti-komente\/","og_locale":"en_US","og_type":"article","og_title":"Mbi librin e Mustaf\u00eb Cank\u00ebs \"qyteti\" (komente) - Lajme nga Ulqini","og_description":"Kronik\u00eb filozofiko-sociologjike p\u00ebr qytetin Pa dyshim mund t\u00eb thuhet se libri \"Qyteti - komente\" i autorit Mustaf\u00eb Cank\u00ebs \u00ebsht\u00eb rr\u00ebfim n\u00eb vete t\u00eb vet mbi","og_url":"https:\/\/www.visit-ulcinj.com\/blog\/2008\/12\/23\/mbi-librin-e-mustafe-cankes-qyteti-komente\/","og_site_name":"Lajme nga Ulqini","article_published_time":"2008-12-23T18:56:30+00:00","article_modified_time":"2008-12-25T13:26:46+00:00","og_image":[{"url":"http:\/\/www.visit-ulcinj.com\/blog\/wp-content\/uploads\/2008\/03\/qazim-muja1.thumbnail.jpg"}],"twitter_misc":{"Written by":"ulqini","Est. reading time":"6 minutes"},"schema":{"@context":"https:\/\/schema.org","@graph":[{"@type":"WebSite","@id":"https:\/\/www.visit-ulcinj.com\/blog\/#website","url":"https:\/\/www.visit-ulcinj.com\/blog\/","name":"Lajme nga Ulqini","description":"Lajme,Vijesti,Ulqini,Ulqin,Crna Gora,Mali i Zi","potentialAction":[{"@type":"SearchAction","target":{"@type":"EntryPoint","urlTemplate":"https:\/\/www.visit-ulcinj.com\/blog\/?s={search_term_string}"},"query-input":"required name=search_term_string"}],"inLanguage":"en-US"},{"@type":"ImageObject","inLanguage":"en-US","@id":"https:\/\/www.visit-ulcinj.com\/blog\/2008\/12\/23\/mbi-librin-e-mustafe-cankes-qyteti-komente\/#primaryimage","url":"http:\/\/www.visit-ulcinj.com\/blog\/wp-content\/uploads\/2008\/03\/qazim-muja1.thumbnail.jpg","contentUrl":"http:\/\/www.visit-ulcinj.com\/blog\/wp-content\/uploads\/2008\/03\/qazim-muja1.thumbnail.jpg"},{"@type":"WebPage","@id":"https:\/\/www.visit-ulcinj.com\/blog\/2008\/12\/23\/mbi-librin-e-mustafe-cankes-qyteti-komente\/#webpage","url":"https:\/\/www.visit-ulcinj.com\/blog\/2008\/12\/23\/mbi-librin-e-mustafe-cankes-qyteti-komente\/","name":"Mbi librin e Mustaf\u00eb Cank\u00ebs \"qyteti\" (komente) - Lajme nga Ulqini","isPartOf":{"@id":"https:\/\/www.visit-ulcinj.com\/blog\/#website"},"primaryImageOfPage":{"@id":"https:\/\/www.visit-ulcinj.com\/blog\/2008\/12\/23\/mbi-librin-e-mustafe-cankes-qyteti-komente\/#primaryimage"},"datePublished":"2008-12-23T18:56:30+00:00","dateModified":"2008-12-25T13:26:46+00:00","author":{"@id":"https:\/\/www.visit-ulcinj.com\/blog\/#\/schema\/person\/dcab619c614d3038751c63bc2aadc06d"},"description":"Kronik\u00eb filozofiko-sociologjike p\u00ebr qytetin Pa dyshim mund t\u00eb thuhet se libri \"Qyteti - komente\" i autorit Mustaf\u00eb Cank\u00ebs \u00ebsht\u00eb rr\u00ebfim n\u00eb vete t\u00eb vet mbi","breadcrumb":{"@id":"https:\/\/www.visit-ulcinj.com\/blog\/2008\/12\/23\/mbi-librin-e-mustafe-cankes-qyteti-komente\/#breadcrumb"},"inLanguage":"en-US","potentialAction":[{"@type":"ReadAction","target":["https:\/\/www.visit-ulcinj.com\/blog\/2008\/12\/23\/mbi-librin-e-mustafe-cankes-qyteti-komente\/"]}]},{"@type":"BreadcrumbList","@id":"https:\/\/www.visit-ulcinj.com\/blog\/2008\/12\/23\/mbi-librin-e-mustafe-cankes-qyteti-komente\/#breadcrumb","itemListElement":[{"@type":"ListItem","position":1,"name":"Mbi librin e Mustaf\u00eb Cank\u00ebs &#8220;qyteti&#8221; (komente)"}]},{"@type":"Person","@id":"https:\/\/www.visit-ulcinj.com\/blog\/#\/schema\/person\/dcab619c614d3038751c63bc2aadc06d","name":"ulqini","sameAs":["http:\/\/www.visit-ulcinj.com"],"url":"https:\/\/www.visit-ulcinj.com\/blog\/author\/admin\/"}]}},"jetpack_featured_media_url":"","jetpack_sharing_enabled":true,"jetpack_shortlink":"https:\/\/wp.me\/pe6lTn-1Yp","_links":{"self":[{"href":"https:\/\/www.visit-ulcinj.com\/blog\/wp-json\/wp\/v2\/posts\/7589"}],"collection":[{"href":"https:\/\/www.visit-ulcinj.com\/blog\/wp-json\/wp\/v2\/posts"}],"about":[{"href":"https:\/\/www.visit-ulcinj.com\/blog\/wp-json\/wp\/v2\/types\/post"}],"author":[{"embeddable":true,"href":"https:\/\/www.visit-ulcinj.com\/blog\/wp-json\/wp\/v2\/users\/1"}],"replies":[{"embeddable":true,"href":"https:\/\/www.visit-ulcinj.com\/blog\/wp-json\/wp\/v2\/comments?post=7589"}],"version-history":[{"count":0,"href":"https:\/\/www.visit-ulcinj.com\/blog\/wp-json\/wp\/v2\/posts\/7589\/revisions"}],"wp:attachment":[{"href":"https:\/\/www.visit-ulcinj.com\/blog\/wp-json\/wp\/v2\/media?parent=7589"}],"wp:term":[{"taxonomy":"category","embeddable":true,"href":"https:\/\/www.visit-ulcinj.com\/blog\/wp-json\/wp\/v2\/categories?post=7589"},{"taxonomy":"post_tag","embeddable":true,"href":"https:\/\/www.visit-ulcinj.com\/blog\/wp-json\/wp\/v2\/tags?post=7589"}],"curies":[{"name":"wp","href":"https:\/\/api.w.org\/{rel}","templated":true}]}}