{"id":75903,"date":"2013-11-03T06:59:17","date_gmt":"2013-11-03T05:59:17","guid":{"rendered":"http:\/\/www.visit-ulcinj.com\/blog\/?p=75903"},"modified":"2013-11-03T07:58:06","modified_gmt":"2013-11-03T06:58:06","slug":"ne-ulqin-sanije-matoshi-ne-mbrojtje-te-trashegimise-kulturore","status":"publish","type":"post","link":"https:\/\/www.visit-ulcinj.com\/blog\/2013\/11\/03\/ne-ulqin-sanije-matoshi-ne-mbrojtje-te-trashegimise-kulturore\/","title":{"rendered":"N\u00eb Ulqin Sanije Matoshi, n\u00eb mbrojtje t\u00eb trash\u00ebgimis\u00eb kulturore"},"content":{"rendered":"<p><a href=\"http:\/\/www.visit-ulcinj.com\/blog\/wp-content\/uploads\/2013\/11\/Sanije-Matoshi.jpg\"><img loading=\"lazy\" class=\"alignleft  wp-image-75904\" alt=\"Sanije Matoshi\" src=\"http:\/\/www.visit-ulcinj.com\/blog\/wp-content\/uploads\/2013\/11\/Sanije-Matoshi.jpg\" width=\"508\" height=\"360\" \/><\/a>Ansambli i K\u00ebng\u00ebve dhe Valleve \u201cShota\u201d, ka mbajtur nj\u00eb koncert n\u00eb mbr\u00ebmjen e s\u00eb enjtes, n\u00eb Ulqin, ku p\u00ebr moto kan\u00eb mbrojtjen e trash\u00ebgimis\u00eb kulturore. Sanije Matoshi, k\u00ebng\u00ebtarja e mir\u00ebnjohur ka th\u00ebn\u00eb se n\u00eb k\u00ebt\u00eb koncert \u00ebsht\u00eb prezantuar me dy k\u00ebng\u00eb dhe \u00ebsht\u00eb pritur jasht\u00ebzakonisht mir\u00eb.<\/p>\n<p>\u201cPranvera filloi me dal\u201d, dhe \u201cTr\u00ebndafilin kur ta dhash\u00eb\u201d, jan\u00eb k\u00ebng\u00ebt q\u00eb jan\u00eb interpretuar nga k\u00ebng\u00ebtarja e mir\u00ebnjohur, Sanije Matoshi, n\u00eb mbr\u00ebmjen e s\u00eb enjtes n\u00eb Ulqin, e cila i \u00ebsht\u00eb bashkangjitur koncertit t\u00eb Ansamblit t\u00eb K\u00ebng\u00ebve dhe Valleve \u201cShota\u201d, t\u00eb cil\u00ebt, kan\u00eb prezantuar k\u00ebt\u00eb koncert me moton \u201cT\u00eb ruajm\u00eb vlerat trash\u00ebgimis\u00eb kulturore\u201d.<\/p>\n<p>\u201cJemi pritur jasht\u00ebzakonisht mir\u00eb nga ulqinak\u00ebt\u201d, ka th\u00ebn\u00eb p\u00ebr \u201cKultPlus\u201d, k\u00ebng\u00ebtarja Matoshi, e cila, edhe p\u00ebrkund\u00ebr faktit se nuk \u00ebsht\u00eb k\u00ebng\u00ebtare rezidente e k\u00ebtij ansambli, ajo i bashkohet her\u00eb pas here k\u00ebtij institucioni kulturor\u00eb, kur ka t\u00eb b\u00ebj\u00eb me ndonj\u00eb paraqitje mb\u00ebshtet\u00ebse.<\/p>\n<p>Mir\u00ebpo, mesazhi i k\u00ebtij ansambli p\u00ebr ruajtjen e vlerave t\u00eb trash\u00ebgimis\u00eb nuk p\u00ebrfundon n\u00eb Ulqin, pjes\u00ebmarr\u00ebsit e k\u00ebtij ansambli sot jan\u00eb nisur p\u00ebr n\u00eb Shkod\u00ebr, t\u00eb cil\u00ebt, edhe atje do t\u00eb japin t\u00eb nj\u00ebjtin koncert me t\u00eb nj\u00ebjtin program.<br \/>\n\u201cPastaj k\u00ebt\u00eb koncert do ta prezantojm\u00eb edhe n\u00eb Prishtin\u00eb\u201d, ka th\u00ebn\u00eb Matoshi, e cila rolin e k\u00ebng\u00ebtares rezidente nga ky ansamb\u00ebl e ka sakrifikuar p\u00ebr faktin se \u00ebsht\u00eb edhe ligj\u00ebruese n\u00eb UP.<\/p>\n<p><strong>Bota Sot<\/strong><\/p>\n<p><a href=\"http:\/\/www.visit-ulcinj.com\/blog\/wp-content\/uploads\/2013\/11\/Ansabli-Shota-ne-qytetin-e-lasht-te-shasit.jpg\"><img loading=\"lazy\" class=\"alignleft  wp-image-75905\" alt=\"Ansabli Shota ne qytetin e lasht te shasit\" src=\"http:\/\/www.visit-ulcinj.com\/blog\/wp-content\/uploads\/2013\/11\/Ansabli-Shota-ne-qytetin-e-lasht-te-shasit.jpg\" width=\"508\" height=\"360\" \/><\/a><\/p>\n<div id=\"id_5275e3b7ca2d37112096857\">Pas nj\u00eb performance t\u00eb shk\u00eblqyer dhe mbres\u00eblense n\u00eb Qendren p\u00ebr Kultur\u00eb n\u00eb Ulqin, Ansambli Komb\u00ebtar Shota nga Kosova dje ishte n\u00eb Qytetin e Lasht\u00eb t\u00eb Shasit, n\u00eb nj\u00eb vizit\u00eb turistike t\u00eb inicuar nga drejtoresha e N.P.Veprimtari Komunale , Zana Sarvan m\u00eb mb\u00ebshtetje t\u00eb Selatin Gjeloshit dhe Muslim Llolles , dy personalitete t\u00eb njohur n\u00eb fush\u00ebn e turizmit dhe biznesit . Antar\u00ebt e Ansamblit u fasionuan nga mik\u00ebrpritja dhe bukurit\u00eb e k\u00ebtij Qyteti t\u00eb Lasht\u00eb, simbol i qytetaris\u00eb dhe civilizimit t\u00eb An\u00ebs s\u00eb Malit. Ky \u00ebsht\u00eb nj\u00eb shembull i mir\u00eb n\u00eb valorizimin dhe prezantimin e vlerave tona mbar\u00eb komb\u00ebtare.<\/div>\n<div>\n<p data-ft=\"{&quot;tn&quot;:&quot;C&quot;}\"><strong><a id=\"js_118\" href=\"https:\/\/www.facebook.com\/shoqerija.katerkolle?hc_location=timeline\" data-hovercard=\"\/ajax\/hovercard\/user.php?id=100001044723696&amp;extragetparams=%7B%22hc_location%22%3A%22timeline%22%7D\">Bashk\u00ebsia Lokale Katerkoll\u00eb Facebook<\/a><\/strong><\/p>\n<p data-ft=\"{&quot;tn&quot;:&quot;C&quot;}\"><!--YouTube Error: bad URL entered--><\/p>\n<\/div>\n","protected":false},"excerpt":{"rendered":"<p>Ansambli i K\u00ebng\u00ebve dhe Valleve \u201cShota\u201d, ka mbajtur nj\u00eb koncert n\u00eb mbr\u00ebmjen e s\u00eb enjtes, n\u00eb Ulqin, ku p\u00ebr moto kan\u00eb mbrojtjen e trash\u00ebgimis\u00eb kulturore. Sanije Matoshi, k\u00ebng\u00ebtarja e mir\u00ebnjohur ka th\u00ebn\u00eb se n\u00eb k\u00ebt\u00eb koncert \u00ebsht\u00eb prezantuar me dy k\u00ebng\u00eb dhe \u00ebsht\u00eb pritur jasht\u00ebzakonisht mir\u00eb. \u201cPranvera filloi me dal\u201d, dhe \u201cTr\u00ebndafilin kur ta dhash\u00eb\u201d, [&hellip;]<\/p>\n","protected":false},"author":1,"featured_media":0,"comment_status":"closed","ping_status":"closed","sticky":false,"template":"","format":"standard","meta":{"spay_email":"","jetpack_publicize_message":"","jetpack_is_tweetstorm":false,"jetpack_publicize_feature_enabled":true},"categories":[1,12],"tags":[],"jetpack_publicize_connections":[],"yoast_head":"<!-- This site is optimized with the Yoast SEO plugin v19.1 - https:\/\/yoast.com\/wordpress\/plugins\/seo\/ -->\n<title>N\u00eb Ulqin Sanije Matoshi, n\u00eb mbrojtje t\u00eb trash\u00ebgimis\u00eb kulturore - Lajme nga Ulqini<\/title>\n<meta name=\"description\" content=\"Ansambli i K\u00ebng\u00ebve dhe Valleve \u201cShota\u201d, ka mbajtur nj\u00eb koncert n\u00eb mbr\u00ebmjen e s\u00eb enjtes, n\u00eb Ulqin, ku p\u00ebr moto kan\u00eb mbrojtjen e trash\u00ebgimis\u00eb kulturore.\" \/>\n<meta name=\"robots\" content=\"index, follow, max-snippet:-1, max-image-preview:large, max-video-preview:-1\" \/>\n<link rel=\"canonical\" href=\"https:\/\/www.visit-ulcinj.com\/blog\/2013\/11\/03\/ne-ulqin-sanije-matoshi-ne-mbrojtje-te-trashegimise-kulturore\/\" \/>\n<meta property=\"og:locale\" content=\"en_US\" \/>\n<meta property=\"og:type\" content=\"article\" \/>\n<meta property=\"og:title\" content=\"N\u00eb Ulqin Sanije Matoshi, n\u00eb mbrojtje t\u00eb trash\u00ebgimis\u00eb kulturore - Lajme nga Ulqini\" \/>\n<meta property=\"og:description\" content=\"Ansambli i K\u00ebng\u00ebve dhe Valleve \u201cShota\u201d, ka mbajtur nj\u00eb koncert n\u00eb mbr\u00ebmjen e s\u00eb enjtes, n\u00eb Ulqin, ku p\u00ebr moto kan\u00eb mbrojtjen e trash\u00ebgimis\u00eb kulturore.\" \/>\n<meta property=\"og:url\" content=\"https:\/\/www.visit-ulcinj.com\/blog\/2013\/11\/03\/ne-ulqin-sanije-matoshi-ne-mbrojtje-te-trashegimise-kulturore\/\" \/>\n<meta property=\"og:site_name\" content=\"Lajme nga Ulqini\" \/>\n<meta property=\"article:published_time\" content=\"2013-11-03T05:59:17+00:00\" \/>\n<meta property=\"article:modified_time\" content=\"2013-11-03T06:58:06+00:00\" \/>\n<meta property=\"og:image\" content=\"http:\/\/www.visit-ulcinj.com\/blog\/wp-content\/uploads\/2013\/11\/Sanije-Matoshi.jpg\" \/>\n<meta name=\"twitter:label1\" content=\"Written by\" \/>\n\t<meta name=\"twitter:data1\" content=\"ulqini\" \/>\n\t<meta name=\"twitter:label2\" content=\"Est. reading time\" \/>\n\t<meta name=\"twitter:data2\" content=\"2 minutes\" \/>\n<script type=\"application\/ld+json\" class=\"yoast-schema-graph\">{\"@context\":\"https:\/\/schema.org\",\"@graph\":[{\"@type\":\"WebSite\",\"@id\":\"https:\/\/www.visit-ulcinj.com\/blog\/#website\",\"url\":\"https:\/\/www.visit-ulcinj.com\/blog\/\",\"name\":\"Lajme nga Ulqini\",\"description\":\"Lajme,Vijesti,Ulqini,Ulqin,Crna Gora,Mali i Zi\",\"potentialAction\":[{\"@type\":\"SearchAction\",\"target\":{\"@type\":\"EntryPoint\",\"urlTemplate\":\"https:\/\/www.visit-ulcinj.com\/blog\/?s={search_term_string}\"},\"query-input\":\"required name=search_term_string\"}],\"inLanguage\":\"en-US\"},{\"@type\":\"ImageObject\",\"inLanguage\":\"en-US\",\"@id\":\"https:\/\/www.visit-ulcinj.com\/blog\/2013\/11\/03\/ne-ulqin-sanije-matoshi-ne-mbrojtje-te-trashegimise-kulturore\/#primaryimage\",\"url\":\"http:\/\/www.visit-ulcinj.com\/blog\/wp-content\/uploads\/2013\/11\/Sanije-Matoshi.jpg\",\"contentUrl\":\"http:\/\/www.visit-ulcinj.com\/blog\/wp-content\/uploads\/2013\/11\/Sanije-Matoshi.jpg\"},{\"@type\":\"WebPage\",\"@id\":\"https:\/\/www.visit-ulcinj.com\/blog\/2013\/11\/03\/ne-ulqin-sanije-matoshi-ne-mbrojtje-te-trashegimise-kulturore\/#webpage\",\"url\":\"https:\/\/www.visit-ulcinj.com\/blog\/2013\/11\/03\/ne-ulqin-sanije-matoshi-ne-mbrojtje-te-trashegimise-kulturore\/\",\"name\":\"N\u00eb Ulqin Sanije Matoshi, n\u00eb mbrojtje t\u00eb trash\u00ebgimis\u00eb kulturore - Lajme nga Ulqini\",\"isPartOf\":{\"@id\":\"https:\/\/www.visit-ulcinj.com\/blog\/#website\"},\"primaryImageOfPage\":{\"@id\":\"https:\/\/www.visit-ulcinj.com\/blog\/2013\/11\/03\/ne-ulqin-sanije-matoshi-ne-mbrojtje-te-trashegimise-kulturore\/#primaryimage\"},\"datePublished\":\"2013-11-03T05:59:17+00:00\",\"dateModified\":\"2013-11-03T06:58:06+00:00\",\"author\":{\"@id\":\"https:\/\/www.visit-ulcinj.com\/blog\/#\/schema\/person\/dcab619c614d3038751c63bc2aadc06d\"},\"description\":\"Ansambli i K\u00ebng\u00ebve dhe Valleve \u201cShota\u201d, ka mbajtur nj\u00eb koncert n\u00eb mbr\u00ebmjen e s\u00eb enjtes, n\u00eb Ulqin, ku p\u00ebr moto kan\u00eb mbrojtjen e trash\u00ebgimis\u00eb kulturore.\",\"breadcrumb\":{\"@id\":\"https:\/\/www.visit-ulcinj.com\/blog\/2013\/11\/03\/ne-ulqin-sanije-matoshi-ne-mbrojtje-te-trashegimise-kulturore\/#breadcrumb\"},\"inLanguage\":\"en-US\",\"potentialAction\":[{\"@type\":\"ReadAction\",\"target\":[\"https:\/\/www.visit-ulcinj.com\/blog\/2013\/11\/03\/ne-ulqin-sanije-matoshi-ne-mbrojtje-te-trashegimise-kulturore\/\"]}]},{\"@type\":\"BreadcrumbList\",\"@id\":\"https:\/\/www.visit-ulcinj.com\/blog\/2013\/11\/03\/ne-ulqin-sanije-matoshi-ne-mbrojtje-te-trashegimise-kulturore\/#breadcrumb\",\"itemListElement\":[{\"@type\":\"ListItem\",\"position\":1,\"name\":\"N\u00eb Ulqin Sanije Matoshi, n\u00eb mbrojtje t\u00eb trash\u00ebgimis\u00eb kulturore\"}]},{\"@type\":\"Person\",\"@id\":\"https:\/\/www.visit-ulcinj.com\/blog\/#\/schema\/person\/dcab619c614d3038751c63bc2aadc06d\",\"name\":\"ulqini\",\"sameAs\":[\"http:\/\/www.visit-ulcinj.com\"],\"url\":\"https:\/\/www.visit-ulcinj.com\/blog\/author\/admin\/\"}]}<\/script>\n<!-- \/ Yoast SEO plugin. -->","yoast_head_json":{"title":"N\u00eb Ulqin Sanije Matoshi, n\u00eb mbrojtje t\u00eb trash\u00ebgimis\u00eb kulturore - Lajme nga Ulqini","description":"Ansambli i K\u00ebng\u00ebve dhe Valleve \u201cShota\u201d, ka mbajtur nj\u00eb koncert n\u00eb mbr\u00ebmjen e s\u00eb enjtes, n\u00eb Ulqin, ku p\u00ebr moto kan\u00eb mbrojtjen e trash\u00ebgimis\u00eb kulturore.","robots":{"index":"index","follow":"follow","max-snippet":"max-snippet:-1","max-image-preview":"max-image-preview:large","max-video-preview":"max-video-preview:-1"},"canonical":"https:\/\/www.visit-ulcinj.com\/blog\/2013\/11\/03\/ne-ulqin-sanije-matoshi-ne-mbrojtje-te-trashegimise-kulturore\/","og_locale":"en_US","og_type":"article","og_title":"N\u00eb Ulqin Sanije Matoshi, n\u00eb mbrojtje t\u00eb trash\u00ebgimis\u00eb kulturore - Lajme nga Ulqini","og_description":"Ansambli i K\u00ebng\u00ebve dhe Valleve \u201cShota\u201d, ka mbajtur nj\u00eb koncert n\u00eb mbr\u00ebmjen e s\u00eb enjtes, n\u00eb Ulqin, ku p\u00ebr moto kan\u00eb mbrojtjen e trash\u00ebgimis\u00eb kulturore.","og_url":"https:\/\/www.visit-ulcinj.com\/blog\/2013\/11\/03\/ne-ulqin-sanije-matoshi-ne-mbrojtje-te-trashegimise-kulturore\/","og_site_name":"Lajme nga Ulqini","article_published_time":"2013-11-03T05:59:17+00:00","article_modified_time":"2013-11-03T06:58:06+00:00","og_image":[{"url":"http:\/\/www.visit-ulcinj.com\/blog\/wp-content\/uploads\/2013\/11\/Sanije-Matoshi.jpg"}],"twitter_misc":{"Written by":"ulqini","Est. reading time":"2 minutes"},"schema":{"@context":"https:\/\/schema.org","@graph":[{"@type":"WebSite","@id":"https:\/\/www.visit-ulcinj.com\/blog\/#website","url":"https:\/\/www.visit-ulcinj.com\/blog\/","name":"Lajme nga Ulqini","description":"Lajme,Vijesti,Ulqini,Ulqin,Crna Gora,Mali i Zi","potentialAction":[{"@type":"SearchAction","target":{"@type":"EntryPoint","urlTemplate":"https:\/\/www.visit-ulcinj.com\/blog\/?s={search_term_string}"},"query-input":"required name=search_term_string"}],"inLanguage":"en-US"},{"@type":"ImageObject","inLanguage":"en-US","@id":"https:\/\/www.visit-ulcinj.com\/blog\/2013\/11\/03\/ne-ulqin-sanije-matoshi-ne-mbrojtje-te-trashegimise-kulturore\/#primaryimage","url":"http:\/\/www.visit-ulcinj.com\/blog\/wp-content\/uploads\/2013\/11\/Sanije-Matoshi.jpg","contentUrl":"http:\/\/www.visit-ulcinj.com\/blog\/wp-content\/uploads\/2013\/11\/Sanije-Matoshi.jpg"},{"@type":"WebPage","@id":"https:\/\/www.visit-ulcinj.com\/blog\/2013\/11\/03\/ne-ulqin-sanije-matoshi-ne-mbrojtje-te-trashegimise-kulturore\/#webpage","url":"https:\/\/www.visit-ulcinj.com\/blog\/2013\/11\/03\/ne-ulqin-sanije-matoshi-ne-mbrojtje-te-trashegimise-kulturore\/","name":"N\u00eb Ulqin Sanije Matoshi, n\u00eb mbrojtje t\u00eb trash\u00ebgimis\u00eb kulturore - Lajme nga Ulqini","isPartOf":{"@id":"https:\/\/www.visit-ulcinj.com\/blog\/#website"},"primaryImageOfPage":{"@id":"https:\/\/www.visit-ulcinj.com\/blog\/2013\/11\/03\/ne-ulqin-sanije-matoshi-ne-mbrojtje-te-trashegimise-kulturore\/#primaryimage"},"datePublished":"2013-11-03T05:59:17+00:00","dateModified":"2013-11-03T06:58:06+00:00","author":{"@id":"https:\/\/www.visit-ulcinj.com\/blog\/#\/schema\/person\/dcab619c614d3038751c63bc2aadc06d"},"description":"Ansambli i K\u00ebng\u00ebve dhe Valleve \u201cShota\u201d, ka mbajtur nj\u00eb koncert n\u00eb mbr\u00ebmjen e s\u00eb enjtes, n\u00eb Ulqin, ku p\u00ebr moto kan\u00eb mbrojtjen e trash\u00ebgimis\u00eb kulturore.","breadcrumb":{"@id":"https:\/\/www.visit-ulcinj.com\/blog\/2013\/11\/03\/ne-ulqin-sanije-matoshi-ne-mbrojtje-te-trashegimise-kulturore\/#breadcrumb"},"inLanguage":"en-US","potentialAction":[{"@type":"ReadAction","target":["https:\/\/www.visit-ulcinj.com\/blog\/2013\/11\/03\/ne-ulqin-sanije-matoshi-ne-mbrojtje-te-trashegimise-kulturore\/"]}]},{"@type":"BreadcrumbList","@id":"https:\/\/www.visit-ulcinj.com\/blog\/2013\/11\/03\/ne-ulqin-sanije-matoshi-ne-mbrojtje-te-trashegimise-kulturore\/#breadcrumb","itemListElement":[{"@type":"ListItem","position":1,"name":"N\u00eb Ulqin Sanije Matoshi, n\u00eb mbrojtje t\u00eb trash\u00ebgimis\u00eb kulturore"}]},{"@type":"Person","@id":"https:\/\/www.visit-ulcinj.com\/blog\/#\/schema\/person\/dcab619c614d3038751c63bc2aadc06d","name":"ulqini","sameAs":["http:\/\/www.visit-ulcinj.com"],"url":"https:\/\/www.visit-ulcinj.com\/blog\/author\/admin\/"}]}},"jetpack_featured_media_url":"","jetpack_sharing_enabled":true,"jetpack_shortlink":"https:\/\/wp.me\/pe6lTn-jKf","_links":{"self":[{"href":"https:\/\/www.visit-ulcinj.com\/blog\/wp-json\/wp\/v2\/posts\/75903"}],"collection":[{"href":"https:\/\/www.visit-ulcinj.com\/blog\/wp-json\/wp\/v2\/posts"}],"about":[{"href":"https:\/\/www.visit-ulcinj.com\/blog\/wp-json\/wp\/v2\/types\/post"}],"author":[{"embeddable":true,"href":"https:\/\/www.visit-ulcinj.com\/blog\/wp-json\/wp\/v2\/users\/1"}],"replies":[{"embeddable":true,"href":"https:\/\/www.visit-ulcinj.com\/blog\/wp-json\/wp\/v2\/comments?post=75903"}],"version-history":[{"count":1,"href":"https:\/\/www.visit-ulcinj.com\/blog\/wp-json\/wp\/v2\/posts\/75903\/revisions"}],"predecessor-version":[{"id":75906,"href":"https:\/\/www.visit-ulcinj.com\/blog\/wp-json\/wp\/v2\/posts\/75903\/revisions\/75906"}],"wp:attachment":[{"href":"https:\/\/www.visit-ulcinj.com\/blog\/wp-json\/wp\/v2\/media?parent=75903"}],"wp:term":[{"taxonomy":"category","embeddable":true,"href":"https:\/\/www.visit-ulcinj.com\/blog\/wp-json\/wp\/v2\/categories?post=75903"},{"taxonomy":"post_tag","embeddable":true,"href":"https:\/\/www.visit-ulcinj.com\/blog\/wp-json\/wp\/v2\/tags?post=75903"}],"curies":[{"name":"wp","href":"https:\/\/api.w.org\/{rel}","templated":true}]}}