{"id":75908,"date":"2013-11-03T07:56:48","date_gmt":"2013-11-03T06:56:48","guid":{"rendered":"http:\/\/www.visit-ulcinj.com\/blog\/?p=75908"},"modified":"2013-11-03T17:36:55","modified_gmt":"2013-11-03T16:36:55","slug":"ulqinin-e-perfshin-mjegulla-e-dendur","status":"publish","type":"post","link":"https:\/\/www.visit-ulcinj.com\/blog\/2013\/11\/03\/ulqinin-e-perfshin-mjegulla-e-dendur\/","title":{"rendered":"Ulqinin e p\u00ebrfshin mjegulla e dendur + Foto"},"content":{"rendered":"<p><strong><a href=\"http:\/\/www.visit-ulcinj.com\/blog\/wp-content\/uploads\/2013\/11\/Mjegulla-e-dendur-ne-Ulqin-4.jpg\"><img loading=\"lazy\" class=\"alignleft  wp-image-75916\" alt=\"Mjegulla e dendur ne Ulqin-4\" src=\"http:\/\/www.visit-ulcinj.com\/blog\/wp-content\/uploads\/2013\/11\/Mjegulla-e-dendur-ne-Ulqin-4.jpg\" width=\"508\" height=\"360\" \/><\/a>Nj\u00eb fenomen i rrall\u00eb \u00ebsht\u00eb par\u00eb n\u00eb qytetin e Ulqinit gjat\u00eb dit\u00ebs s\u00eb premte. Qyteti u mbulua p\u00ebr disa minuta nga nj\u00eb mjegull e dendur.<br \/>\n<\/strong><br \/>\nNj\u00eb fenomen i till\u00eb \u00ebsht\u00eb i pazakont\u00eb p\u00ebr qytetin dhe nuk mbahet mend prej koh\u00ebsh. Mjegulla v\u00ebshtir\u00ebsoi p\u00ebr disa minuta qarkullimin n\u00eb qytet pasi nuk lejonte shikueshm\u00ebri n\u00eb larg\u00ebsi t\u00eb m\u00ebdha. Raportimet m\u00eb t\u00eb fundit, tregojn\u00eb se situata po shkon drejt normalizimit, por duke l\u00ebn\u00eb t\u00eb habitur banor\u00ebt dhe pushuesit n\u00eb qytetin e Ulqinit.<\/p>\n<p><strong>Foto <a id=\"js_238\" href=\"https:\/\/www.facebook.com\/ismet.karamanaga\" data-hovercard=\"\/ajax\/hovercard\/user.php?id=1359492972\">Ismet Karamanaga<\/a> Facebook<\/strong><\/p>\n\n\t\t<style type=\"text\/css\">\n\t\t\t#gallery-1 {\n\t\t\t\tmargin: auto;\n\t\t\t}\n\t\t\t#gallery-1 .gallery-item {\n\t\t\t\tfloat: left;\n\t\t\t\tmargin-top: 10px;\n\t\t\t\ttext-align: center;\n\t\t\t\twidth: 33%;\n\t\t\t}\n\t\t\t#gallery-1 img {\n\t\t\t\tborder: 2px solid #cfcfcf;\n\t\t\t}\n\t\t\t#gallery-1 .gallery-caption {\n\t\t\t\tmargin-left: 0;\n\t\t\t}\n\t\t\t\/* see gallery_shortcode() in wp-includes\/media.php *\/\n\t\t<\/style>\n\t\t<div id='gallery-1' class='gallery galleryid-75908 gallery-columns-3 gallery-size-thumbnail'><dl class='gallery-item'>\n\t\t\t<dt class='gallery-icon landscape'>\n\t\t\t\t<a href='https:\/\/www.visit-ulcinj.com\/blog\/2013\/11\/03\/ulqinin-e-perfshin-mjegulla-e-dendur\/mjegulla-e-dendur-ne-ulqin-13\/'><img width=\"150\" height=\"150\" src=\"https:\/\/www.visit-ulcinj.com\/blog\/wp-content\/uploads\/2013\/11\/Mjegulla-e-dendur-ne-Ulqin-13-150x150.jpg\" class=\"attachment-thumbnail size-thumbnail\" alt=\"\" loading=\"lazy\" \/><\/a>\n\t\t\t<\/dt><\/dl><dl class='gallery-item'>\n\t\t\t<dt class='gallery-icon landscape'>\n\t\t\t\t<a href='https:\/\/www.visit-ulcinj.com\/blog\/2013\/11\/03\/ulqinin-e-perfshin-mjegulla-e-dendur\/mjegulla-e-dendur-ne-ulqin-12\/'><img width=\"150\" height=\"150\" src=\"https:\/\/www.visit-ulcinj.com\/blog\/wp-content\/uploads\/2013\/11\/Mjegulla-e-dendur-ne-Ulqin-12-150x150.jpg\" class=\"attachment-thumbnail size-thumbnail\" alt=\"\" loading=\"lazy\" \/><\/a>\n\t\t\t<\/dt><\/dl><dl class='gallery-item'>\n\t\t\t<dt class='gallery-icon landscape'>\n\t\t\t\t<a href='https:\/\/www.visit-ulcinj.com\/blog\/2013\/11\/03\/ulqinin-e-perfshin-mjegulla-e-dendur\/mjegulla-e-dendur-ne-ulqin-11\/'><img width=\"150\" height=\"150\" src=\"https:\/\/www.visit-ulcinj.com\/blog\/wp-content\/uploads\/2013\/11\/Mjegulla-e-dendur-ne-Ulqin-11-150x150.jpg\" class=\"attachment-thumbnail size-thumbnail\" alt=\"\" loading=\"lazy\" \/><\/a>\n\t\t\t<\/dt><\/dl><br style=\"clear: both\" \/><dl class='gallery-item'>\n\t\t\t<dt class='gallery-icon landscape'>\n\t\t\t\t<a href='https:\/\/www.visit-ulcinj.com\/blog\/2013\/11\/03\/ulqinin-e-perfshin-mjegulla-e-dendur\/mjegulla-e-dendur-ne-ulqin-10\/'><img width=\"150\" height=\"150\" src=\"https:\/\/www.visit-ulcinj.com\/blog\/wp-content\/uploads\/2013\/11\/Mjegulla-e-dendur-ne-Ulqin-10-150x150.jpg\" class=\"attachment-thumbnail size-thumbnail\" alt=\"\" loading=\"lazy\" \/><\/a>\n\t\t\t<\/dt><\/dl><dl class='gallery-item'>\n\t\t\t<dt class='gallery-icon landscape'>\n\t\t\t\t<a href='https:\/\/www.visit-ulcinj.com\/blog\/2013\/11\/03\/ulqinin-e-perfshin-mjegulla-e-dendur\/mjegulla-e-dendur-ne-ulqin-9\/'><img width=\"150\" height=\"150\" src=\"https:\/\/www.visit-ulcinj.com\/blog\/wp-content\/uploads\/2013\/11\/Mjegulla-e-dendur-ne-Ulqin-9-150x150.jpg\" class=\"attachment-thumbnail size-thumbnail\" alt=\"\" loading=\"lazy\" \/><\/a>\n\t\t\t<\/dt><\/dl><dl class='gallery-item'>\n\t\t\t<dt class='gallery-icon landscape'>\n\t\t\t\t<a href='https:\/\/www.visit-ulcinj.com\/blog\/2013\/11\/03\/ulqinin-e-perfshin-mjegulla-e-dendur\/mjegulla-e-dendur-ne-ulqin-8\/'><img width=\"150\" height=\"150\" src=\"https:\/\/www.visit-ulcinj.com\/blog\/wp-content\/uploads\/2013\/11\/Mjegulla-e-dendur-ne-Ulqin-8-150x150.jpg\" class=\"attachment-thumbnail size-thumbnail\" alt=\"\" loading=\"lazy\" \/><\/a>\n\t\t\t<\/dt><\/dl><br style=\"clear: both\" \/><dl class='gallery-item'>\n\t\t\t<dt class='gallery-icon landscape'>\n\t\t\t\t<a href='https:\/\/www.visit-ulcinj.com\/blog\/2013\/11\/03\/ulqinin-e-perfshin-mjegulla-e-dendur\/mjegulla-e-dendur-ne-ulqin-7\/'><img width=\"150\" height=\"150\" src=\"https:\/\/www.visit-ulcinj.com\/blog\/wp-content\/uploads\/2013\/11\/Mjegulla-e-dendur-ne-Ulqin-7-150x150.jpg\" class=\"attachment-thumbnail size-thumbnail\" alt=\"\" loading=\"lazy\" \/><\/a>\n\t\t\t<\/dt><\/dl><dl class='gallery-item'>\n\t\t\t<dt class='gallery-icon landscape'>\n\t\t\t\t<a href='https:\/\/www.visit-ulcinj.com\/blog\/2013\/11\/03\/ulqinin-e-perfshin-mjegulla-e-dendur\/mjegulla-e-dendur-ne-ulqin-6\/'><img width=\"150\" height=\"150\" src=\"https:\/\/www.visit-ulcinj.com\/blog\/wp-content\/uploads\/2013\/11\/Mjegulla-e-dendur-ne-Ulqin-6-150x150.jpg\" class=\"attachment-thumbnail size-thumbnail\" alt=\"\" loading=\"lazy\" \/><\/a>\n\t\t\t<\/dt><\/dl><dl class='gallery-item'>\n\t\t\t<dt class='gallery-icon landscape'>\n\t\t\t\t<a href='https:\/\/www.visit-ulcinj.com\/blog\/2013\/11\/03\/ulqinin-e-perfshin-mjegulla-e-dendur\/mjegulla-e-dendur-ne-ulqin-5\/'><img width=\"150\" height=\"150\" src=\"https:\/\/www.visit-ulcinj.com\/blog\/wp-content\/uploads\/2013\/11\/Mjegulla-e-dendur-ne-Ulqin-5-150x150.jpg\" class=\"attachment-thumbnail size-thumbnail\" alt=\"\" loading=\"lazy\" \/><\/a>\n\t\t\t<\/dt><\/dl><br style=\"clear: both\" \/><dl class='gallery-item'>\n\t\t\t<dt class='gallery-icon landscape'>\n\t\t\t\t<a href='https:\/\/www.visit-ulcinj.com\/blog\/2013\/11\/03\/ulqinin-e-perfshin-mjegulla-e-dendur\/mjegulla-e-dendur-ne-ulqin-3\/'><img width=\"150\" height=\"150\" src=\"https:\/\/www.visit-ulcinj.com\/blog\/wp-content\/uploads\/2013\/11\/Mjegulla-e-dendur-ne-Ulqin-3-150x150.jpg\" class=\"attachment-thumbnail size-thumbnail\" alt=\"\" loading=\"lazy\" \/><\/a>\n\t\t\t<\/dt><\/dl><dl class='gallery-item'>\n\t\t\t<dt class='gallery-icon landscape'>\n\t\t\t\t<a href='https:\/\/www.visit-ulcinj.com\/blog\/2013\/11\/03\/ulqinin-e-perfshin-mjegulla-e-dendur\/mjegulla-e-dendur-ne-ulqin-2-2\/'><img width=\"150\" height=\"150\" src=\"https:\/\/www.visit-ulcinj.com\/blog\/wp-content\/uploads\/2013\/11\/Mjegulla-e-dendur-ne-Ulqin-2-150x150.jpg\" class=\"attachment-thumbnail size-thumbnail\" alt=\"\" loading=\"lazy\" \/><\/a>\n\t\t\t<\/dt><\/dl><dl class='gallery-item'>\n\t\t\t<dt class='gallery-icon landscape'>\n\t\t\t\t<a href='https:\/\/www.visit-ulcinj.com\/blog\/2013\/11\/03\/ulqinin-e-perfshin-mjegulla-e-dendur\/mjegulla-e-dendur-ne-ulqin\/'><img width=\"150\" height=\"150\" src=\"https:\/\/www.visit-ulcinj.com\/blog\/wp-content\/uploads\/2013\/11\/Mjegulla-e-dendur-ne-Ulqin-150x150.jpg\" class=\"attachment-thumbnail size-thumbnail\" alt=\"\" loading=\"lazy\" \/><\/a>\n\t\t\t<\/dt><\/dl><br style=\"clear: both\" \/>\n\t\t<\/div>\n\n<p>&nbsp;<\/p>\n","protected":false},"excerpt":{"rendered":"<p>Nj\u00eb fenomen i rrall\u00eb \u00ebsht\u00eb par\u00eb n\u00eb qytetin e Ulqinit gjat\u00eb dit\u00ebs s\u00eb premte. Qyteti u mbulua p\u00ebr disa minuta nga nj\u00eb mjegull e dendur. Nj\u00eb fenomen i till\u00eb \u00ebsht\u00eb i pazakont\u00eb p\u00ebr qytetin dhe nuk mbahet mend prej koh\u00ebsh. Mjegulla v\u00ebshtir\u00ebsoi p\u00ebr disa minuta qarkullimin n\u00eb qytet pasi nuk lejonte shikueshm\u00ebri n\u00eb larg\u00ebsi t\u00eb [&hellip;]<\/p>\n","protected":false},"author":1,"featured_media":0,"comment_status":"closed","ping_status":"closed","sticky":false,"template":"","format":"standard","meta":{"spay_email":"","jetpack_publicize_message":"","jetpack_is_tweetstorm":false,"jetpack_publicize_feature_enabled":true},"categories":[1,11],"tags":[],"jetpack_publicize_connections":[],"yoast_head":"<!-- This site is optimized with the Yoast SEO plugin v19.1 - https:\/\/yoast.com\/wordpress\/plugins\/seo\/ -->\n<title>Ulqinin e p\u00ebrfshin mjegulla e dendur + Foto - Lajme nga Ulqini<\/title>\n<meta name=\"description\" content=\"Nj\u00eb fenomen i rrall\u00eb \u00ebsht\u00eb par\u00eb n\u00eb qytetin e Ulqinit gjat\u00eb dit\u00ebs s\u00eb premte. Qyteti u mbulua p\u00ebr disa minuta nga nj\u00eb mjegull e dendur. Nj\u00eb fenomen i till\u00eb\" \/>\n<meta name=\"robots\" content=\"index, follow, max-snippet:-1, max-image-preview:large, max-video-preview:-1\" \/>\n<link rel=\"canonical\" href=\"https:\/\/www.visit-ulcinj.com\/blog\/2013\/11\/03\/ulqinin-e-perfshin-mjegulla-e-dendur\/\" \/>\n<meta property=\"og:locale\" content=\"en_US\" \/>\n<meta property=\"og:type\" content=\"article\" \/>\n<meta property=\"og:title\" content=\"Ulqinin e p\u00ebrfshin mjegulla e dendur + Foto - Lajme nga Ulqini\" \/>\n<meta property=\"og:description\" content=\"Nj\u00eb fenomen i rrall\u00eb \u00ebsht\u00eb par\u00eb n\u00eb qytetin e Ulqinit gjat\u00eb dit\u00ebs s\u00eb premte. Qyteti u mbulua p\u00ebr disa minuta nga nj\u00eb mjegull e dendur. Nj\u00eb fenomen i till\u00eb\" \/>\n<meta property=\"og:url\" content=\"https:\/\/www.visit-ulcinj.com\/blog\/2013\/11\/03\/ulqinin-e-perfshin-mjegulla-e-dendur\/\" \/>\n<meta property=\"og:site_name\" content=\"Lajme nga Ulqini\" \/>\n<meta property=\"article:published_time\" content=\"2013-11-03T06:56:48+00:00\" \/>\n<meta property=\"article:modified_time\" content=\"2013-11-03T16:36:55+00:00\" \/>\n<meta property=\"og:image\" content=\"https:\/\/www.visit-ulcinj.com\/blog\/wp-content\/uploads\/2013\/11\/Mjegulla-e-dendur-ne-Ulqin-13-150x150.jpg\" \/>\n<meta name=\"twitter:label1\" content=\"Written by\" \/>\n\t<meta name=\"twitter:data1\" content=\"ulqini\" \/>\n<script type=\"application\/ld+json\" class=\"yoast-schema-graph\">{\"@context\":\"https:\/\/schema.org\",\"@graph\":[{\"@type\":\"WebSite\",\"@id\":\"https:\/\/www.visit-ulcinj.com\/blog\/#website\",\"url\":\"https:\/\/www.visit-ulcinj.com\/blog\/\",\"name\":\"Lajme nga Ulqini\",\"description\":\"Lajme,Vijesti,Ulqini,Ulqin,Crna Gora,Mali i Zi\",\"potentialAction\":[{\"@type\":\"SearchAction\",\"target\":{\"@type\":\"EntryPoint\",\"urlTemplate\":\"https:\/\/www.visit-ulcinj.com\/blog\/?s={search_term_string}\"},\"query-input\":\"required name=search_term_string\"}],\"inLanguage\":\"en-US\"},{\"@type\":\"ImageObject\",\"inLanguage\":\"en-US\",\"@id\":\"https:\/\/www.visit-ulcinj.com\/blog\/2013\/11\/03\/ulqinin-e-perfshin-mjegulla-e-dendur\/#primaryimage\",\"url\":\"https:\/\/www.visit-ulcinj.com\/blog\/wp-content\/uploads\/2013\/11\/Mjegulla-e-dendur-ne-Ulqin-4.jpg\",\"contentUrl\":\"https:\/\/www.visit-ulcinj.com\/blog\/wp-content\/uploads\/2013\/11\/Mjegulla-e-dendur-ne-Ulqin-4.jpg\",\"width\":960,\"height\":640},{\"@type\":\"WebPage\",\"@id\":\"https:\/\/www.visit-ulcinj.com\/blog\/2013\/11\/03\/ulqinin-e-perfshin-mjegulla-e-dendur\/#webpage\",\"url\":\"https:\/\/www.visit-ulcinj.com\/blog\/2013\/11\/03\/ulqinin-e-perfshin-mjegulla-e-dendur\/\",\"name\":\"Ulqinin e p\u00ebrfshin mjegulla e dendur + Foto - Lajme nga Ulqini\",\"isPartOf\":{\"@id\":\"https:\/\/www.visit-ulcinj.com\/blog\/#website\"},\"primaryImageOfPage\":{\"@id\":\"https:\/\/www.visit-ulcinj.com\/blog\/2013\/11\/03\/ulqinin-e-perfshin-mjegulla-e-dendur\/#primaryimage\"},\"datePublished\":\"2013-11-03T06:56:48+00:00\",\"dateModified\":\"2013-11-03T16:36:55+00:00\",\"author\":{\"@id\":\"https:\/\/www.visit-ulcinj.com\/blog\/#\/schema\/person\/dcab619c614d3038751c63bc2aadc06d\"},\"description\":\"Nj\u00eb fenomen i rrall\u00eb \u00ebsht\u00eb par\u00eb n\u00eb qytetin e Ulqinit gjat\u00eb dit\u00ebs s\u00eb premte. Qyteti u mbulua p\u00ebr disa minuta nga nj\u00eb mjegull e dendur. Nj\u00eb fenomen i till\u00eb\",\"breadcrumb\":{\"@id\":\"https:\/\/www.visit-ulcinj.com\/blog\/2013\/11\/03\/ulqinin-e-perfshin-mjegulla-e-dendur\/#breadcrumb\"},\"inLanguage\":\"en-US\",\"potentialAction\":[{\"@type\":\"ReadAction\",\"target\":[\"https:\/\/www.visit-ulcinj.com\/blog\/2013\/11\/03\/ulqinin-e-perfshin-mjegulla-e-dendur\/\"]}]},{\"@type\":\"BreadcrumbList\",\"@id\":\"https:\/\/www.visit-ulcinj.com\/blog\/2013\/11\/03\/ulqinin-e-perfshin-mjegulla-e-dendur\/#breadcrumb\",\"itemListElement\":[{\"@type\":\"ListItem\",\"position\":1,\"name\":\"Ulqinin e p\u00ebrfshin mjegulla e dendur + Foto\"}]},{\"@type\":\"Person\",\"@id\":\"https:\/\/www.visit-ulcinj.com\/blog\/#\/schema\/person\/dcab619c614d3038751c63bc2aadc06d\",\"name\":\"ulqini\",\"sameAs\":[\"http:\/\/www.visit-ulcinj.com\"],\"url\":\"https:\/\/www.visit-ulcinj.com\/blog\/author\/admin\/\"}]}<\/script>\n<!-- \/ Yoast SEO plugin. -->","yoast_head_json":{"title":"Ulqinin e p\u00ebrfshin mjegulla e dendur + Foto - Lajme nga Ulqini","description":"Nj\u00eb fenomen i rrall\u00eb \u00ebsht\u00eb par\u00eb n\u00eb qytetin e Ulqinit gjat\u00eb dit\u00ebs s\u00eb premte. Qyteti u mbulua p\u00ebr disa minuta nga nj\u00eb mjegull e dendur. Nj\u00eb fenomen i till\u00eb","robots":{"index":"index","follow":"follow","max-snippet":"max-snippet:-1","max-image-preview":"max-image-preview:large","max-video-preview":"max-video-preview:-1"},"canonical":"https:\/\/www.visit-ulcinj.com\/blog\/2013\/11\/03\/ulqinin-e-perfshin-mjegulla-e-dendur\/","og_locale":"en_US","og_type":"article","og_title":"Ulqinin e p\u00ebrfshin mjegulla e dendur + Foto - Lajme nga Ulqini","og_description":"Nj\u00eb fenomen i rrall\u00eb \u00ebsht\u00eb par\u00eb n\u00eb qytetin e Ulqinit gjat\u00eb dit\u00ebs s\u00eb premte. Qyteti u mbulua p\u00ebr disa minuta nga nj\u00eb mjegull e dendur. Nj\u00eb fenomen i till\u00eb","og_url":"https:\/\/www.visit-ulcinj.com\/blog\/2013\/11\/03\/ulqinin-e-perfshin-mjegulla-e-dendur\/","og_site_name":"Lajme nga Ulqini","article_published_time":"2013-11-03T06:56:48+00:00","article_modified_time":"2013-11-03T16:36:55+00:00","og_image":[{"url":"https:\/\/www.visit-ulcinj.com\/blog\/wp-content\/uploads\/2013\/11\/Mjegulla-e-dendur-ne-Ulqin-13-150x150.jpg"}],"twitter_misc":{"Written by":"ulqini"},"schema":{"@context":"https:\/\/schema.org","@graph":[{"@type":"WebSite","@id":"https:\/\/www.visit-ulcinj.com\/blog\/#website","url":"https:\/\/www.visit-ulcinj.com\/blog\/","name":"Lajme nga Ulqini","description":"Lajme,Vijesti,Ulqini,Ulqin,Crna Gora,Mali i Zi","potentialAction":[{"@type":"SearchAction","target":{"@type":"EntryPoint","urlTemplate":"https:\/\/www.visit-ulcinj.com\/blog\/?s={search_term_string}"},"query-input":"required name=search_term_string"}],"inLanguage":"en-US"},{"@type":"ImageObject","inLanguage":"en-US","@id":"https:\/\/www.visit-ulcinj.com\/blog\/2013\/11\/03\/ulqinin-e-perfshin-mjegulla-e-dendur\/#primaryimage","url":"https:\/\/www.visit-ulcinj.com\/blog\/wp-content\/uploads\/2013\/11\/Mjegulla-e-dendur-ne-Ulqin-4.jpg","contentUrl":"https:\/\/www.visit-ulcinj.com\/blog\/wp-content\/uploads\/2013\/11\/Mjegulla-e-dendur-ne-Ulqin-4.jpg","width":960,"height":640},{"@type":"WebPage","@id":"https:\/\/www.visit-ulcinj.com\/blog\/2013\/11\/03\/ulqinin-e-perfshin-mjegulla-e-dendur\/#webpage","url":"https:\/\/www.visit-ulcinj.com\/blog\/2013\/11\/03\/ulqinin-e-perfshin-mjegulla-e-dendur\/","name":"Ulqinin e p\u00ebrfshin mjegulla e dendur + Foto - Lajme nga Ulqini","isPartOf":{"@id":"https:\/\/www.visit-ulcinj.com\/blog\/#website"},"primaryImageOfPage":{"@id":"https:\/\/www.visit-ulcinj.com\/blog\/2013\/11\/03\/ulqinin-e-perfshin-mjegulla-e-dendur\/#primaryimage"},"datePublished":"2013-11-03T06:56:48+00:00","dateModified":"2013-11-03T16:36:55+00:00","author":{"@id":"https:\/\/www.visit-ulcinj.com\/blog\/#\/schema\/person\/dcab619c614d3038751c63bc2aadc06d"},"description":"Nj\u00eb fenomen i rrall\u00eb \u00ebsht\u00eb par\u00eb n\u00eb qytetin e Ulqinit gjat\u00eb dit\u00ebs s\u00eb premte. Qyteti u mbulua p\u00ebr disa minuta nga nj\u00eb mjegull e dendur. Nj\u00eb fenomen i till\u00eb","breadcrumb":{"@id":"https:\/\/www.visit-ulcinj.com\/blog\/2013\/11\/03\/ulqinin-e-perfshin-mjegulla-e-dendur\/#breadcrumb"},"inLanguage":"en-US","potentialAction":[{"@type":"ReadAction","target":["https:\/\/www.visit-ulcinj.com\/blog\/2013\/11\/03\/ulqinin-e-perfshin-mjegulla-e-dendur\/"]}]},{"@type":"BreadcrumbList","@id":"https:\/\/www.visit-ulcinj.com\/blog\/2013\/11\/03\/ulqinin-e-perfshin-mjegulla-e-dendur\/#breadcrumb","itemListElement":[{"@type":"ListItem","position":1,"name":"Ulqinin e p\u00ebrfshin mjegulla e dendur + Foto"}]},{"@type":"Person","@id":"https:\/\/www.visit-ulcinj.com\/blog\/#\/schema\/person\/dcab619c614d3038751c63bc2aadc06d","name":"ulqini","sameAs":["http:\/\/www.visit-ulcinj.com"],"url":"https:\/\/www.visit-ulcinj.com\/blog\/author\/admin\/"}]}},"jetpack_featured_media_url":"","jetpack_sharing_enabled":true,"jetpack_shortlink":"https:\/\/wp.me\/pe6lTn-jKk","_links":{"self":[{"href":"https:\/\/www.visit-ulcinj.com\/blog\/wp-json\/wp\/v2\/posts\/75908"}],"collection":[{"href":"https:\/\/www.visit-ulcinj.com\/blog\/wp-json\/wp\/v2\/posts"}],"about":[{"href":"https:\/\/www.visit-ulcinj.com\/blog\/wp-json\/wp\/v2\/types\/post"}],"author":[{"embeddable":true,"href":"https:\/\/www.visit-ulcinj.com\/blog\/wp-json\/wp\/v2\/users\/1"}],"replies":[{"embeddable":true,"href":"https:\/\/www.visit-ulcinj.com\/blog\/wp-json\/wp\/v2\/comments?post=75908"}],"version-history":[{"count":5,"href":"https:\/\/www.visit-ulcinj.com\/blog\/wp-json\/wp\/v2\/posts\/75908\/revisions"}],"predecessor-version":[{"id":75928,"href":"https:\/\/www.visit-ulcinj.com\/blog\/wp-json\/wp\/v2\/posts\/75908\/revisions\/75928"}],"wp:attachment":[{"href":"https:\/\/www.visit-ulcinj.com\/blog\/wp-json\/wp\/v2\/media?parent=75908"}],"wp:term":[{"taxonomy":"category","embeddable":true,"href":"https:\/\/www.visit-ulcinj.com\/blog\/wp-json\/wp\/v2\/categories?post=75908"},{"taxonomy":"post_tag","embeddable":true,"href":"https:\/\/www.visit-ulcinj.com\/blog\/wp-json\/wp\/v2\/tags?post=75908"}],"curies":[{"name":"wp","href":"https:\/\/api.w.org\/{rel}","templated":true}]}}