{"id":7591,"date":"2008-12-23T20:05:09","date_gmt":"2008-12-23T19:05:09","guid":{"rendered":"http:\/\/www.visit-ulcinj.com\/blog\/?p=7591"},"modified":"2008-12-25T14:23:36","modified_gmt":"2008-12-25T13:23:36","slug":"ndertesa-e-re-e-komunes-urbane-te-tuzit-pritet-te-jete-e-gatshme-per-funksionim-javen-qe-vjen-video","status":"publish","type":"post","link":"https:\/\/www.visit-ulcinj.com\/blog\/2008\/12\/23\/ndertesa-e-re-e-komunes-urbane-te-tuzit-pritet-te-jete-e-gatshme-per-funksionim-javen-qe-vjen-video\/","title":{"rendered":"Nd\u00ebrtesa e re e komun\u00ebs urbane t\u00eb Tuzit pritet t\u00eb jet\u00eb e gatshme p\u00ebr funksionim jav\u00ebn q\u00eb vjen &#8211; Video"},"content":{"rendered":"<p><strong><a href=\"http:\/\/www.visit-ulcinj.com\/blog\/wp-content\/uploads\/2008\/03\/nikolle-camaj1.jpg\"><img loading=\"lazy\" class=\"alignleft\" title=\"NIKOLL\u00cb CAMAJ\" src=\"http:\/\/www.visit-ulcinj.com\/blog\/wp-content\/uploads\/2008\/03\/nikolle-camaj1.jpg\" alt=\"\" width=\"271\" height=\"314\" \/><\/a>Nj\u00eb pjes\u00eb e segmentit t\u00eb komun\u00ebs hapet sot?<\/strong><br \/>\nTuz- &#8220;Mobilimi n\u00eb objektin e KU t\u00eb Tuzit \u00ebsht\u00eb duke vazhduar, ndon\u00ebse p\u00ebr t\u00eb pritur k\u00ebt\u00eb koh\u00eb \u00ebsht\u00eb dashur tep\u00ebr gjat\u00eb&#8221;, ka deklaruar p\u00ebr &#8220;Koh\u00ebn javore&#8221; kryetari i Kuvendit t\u00eb KU t\u00eb Tuzit, Nikoll\u00eb Camaj.<br \/>\nAi shpreson se brenda k\u00ebtyre dit\u00ebve adminstrata lokale dhe Kuvendi i KU t\u00eb Tuzit do t\u00eb kalojn\u00eb n\u00eb objektin e vet t\u00eb parapar\u00eb dhe k\u00ebshtu n\u00eb t\u00eb ardhmen p\u00ebr t\u00eb pun\u00ebsuarit e k\u00ebsaj komune do t\u00eb krijohen kushte edhe m\u00eb t\u00eb mira.<br \/>\nSipas Camajt ekziston mund\u00ebsia q\u00eb sot nj\u00eb segment i k\u00ebsaj nd\u00ebrtese &#8211; dega administrative e Ministrs\u00eb s\u00eb Pun\u00ebve t\u00eb Brendshme do t\u00eb hapet me q\u00ebllim t\u00eb pajisjes s\u00eb qytetar\u00ebve t\u00eb KU t\u00eb Tuzit me dokumenta personale.<br \/>\nMobilimin e objektit t\u00eb KU t\u00eb Tuzit dhe pun\u00ebt n\u00eb prokurimin publik po e b\u00ebn Firma &#8220;Nergomont&#8221; nga Podgorica me mjete q\u00eb kapin shum\u00ebn 150.000 euro t\u00eb cilat i ka siguruar Kryeqyteti.<br \/>\n<strong>Rr.D<br \/>\nKoha Javore<\/strong><\/p>\n<!--YouTube Error: bad URL entered-->\n<p style=\"text-align: center;\"><a href=\"http:\/\/www.visit-ulcinj.com\/blog\/wp-content\/uploads\/2008\/12\/garden-of-eatin-restaurant.jpg\"><img loading=\"lazy\" class=\"aligncenter size-full wp-image-7630\" title=\"garden-of-eatin-restaurant\" src=\"http:\/\/www.visit-ulcinj.com\/blog\/wp-content\/uploads\/2008\/12\/garden-of-eatin-restaurant.jpg\" alt=\" Pritja e Vitit Te Ri 2009 me Kengetar\u00eb te ndryshme n\u00eb Garden of Eatin Restaurant - Contact Ahmet Zeka  215-499-6146\" width=\"428\" height=\"555\" \/><\/a><\/p>\n","protected":false},"excerpt":{"rendered":"<p>Nj\u00eb pjes\u00eb e segmentit t\u00eb komun\u00ebs hapet sot? Tuz- &#8220;Mobilimi n\u00eb objektin e KU t\u00eb Tuzit \u00ebsht\u00eb duke vazhduar, ndon\u00ebse p\u00ebr t\u00eb pritur k\u00ebt\u00eb koh\u00eb \u00ebsht\u00eb dashur tep\u00ebr gjat\u00eb&#8221;, ka deklaruar p\u00ebr &#8220;Koh\u00ebn javore&#8221; kryetari i Kuvendit t\u00eb KU t\u00eb Tuzit, Nikoll\u00eb Camaj. Ai shpreson se brenda k\u00ebtyre dit\u00ebve adminstrata lokale dhe Kuvendi i KU [&hellip;]<\/p>\n","protected":false},"author":1,"featured_media":0,"comment_status":"open","ping_status":"closed","sticky":false,"template":"","format":"standard","meta":{"spay_email":"","jetpack_publicize_message":"","jetpack_is_tweetstorm":false,"jetpack_publicize_feature_enabled":true},"categories":[1],"tags":[828,4678,5347,1940,5186],"jetpack_publicize_connections":[],"yoast_head":"<!-- This site is optimized with the Yoast SEO plugin v19.1 - https:\/\/yoast.com\/wordpress\/plugins\/seo\/ -->\n<title>Nd\u00ebrtesa e re e komun\u00ebs urbane t\u00eb Tuzit pritet t\u00eb jet\u00eb e gatshme p\u00ebr funksionim jav\u00ebn q\u00eb vjen - Video - Lajme nga Ulqini<\/title>\n<meta name=\"description\" content=\"Nj\u00eb pjes\u00eb e segmentit t\u00eb komun\u00ebs hapet sot? Tuz- &quot;Mobilimi n\u00eb objektin e KU t\u00eb Tuzit \u00ebsht\u00eb duke vazhduar, ndon\u00ebse p\u00ebr t\u00eb pritur k\u00ebt\u00eb koh\u00eb \u00ebsht\u00eb dashur\" \/>\n<meta name=\"robots\" content=\"index, follow, max-snippet:-1, max-image-preview:large, max-video-preview:-1\" \/>\n<link rel=\"canonical\" href=\"https:\/\/www.visit-ulcinj.com\/blog\/2008\/12\/23\/ndertesa-e-re-e-komunes-urbane-te-tuzit-pritet-te-jete-e-gatshme-per-funksionim-javen-qe-vjen-video\/\" \/>\n<meta property=\"og:locale\" content=\"en_US\" \/>\n<meta property=\"og:type\" content=\"article\" \/>\n<meta property=\"og:title\" content=\"Nd\u00ebrtesa e re e komun\u00ebs urbane t\u00eb Tuzit pritet t\u00eb jet\u00eb e gatshme p\u00ebr funksionim jav\u00ebn q\u00eb vjen - Video - Lajme nga Ulqini\" \/>\n<meta property=\"og:description\" content=\"Nj\u00eb pjes\u00eb e segmentit t\u00eb komun\u00ebs hapet sot? Tuz- &quot;Mobilimi n\u00eb objektin e KU t\u00eb Tuzit \u00ebsht\u00eb duke vazhduar, ndon\u00ebse p\u00ebr t\u00eb pritur k\u00ebt\u00eb koh\u00eb \u00ebsht\u00eb dashur\" \/>\n<meta property=\"og:url\" content=\"https:\/\/www.visit-ulcinj.com\/blog\/2008\/12\/23\/ndertesa-e-re-e-komunes-urbane-te-tuzit-pritet-te-jete-e-gatshme-per-funksionim-javen-qe-vjen-video\/\" \/>\n<meta property=\"og:site_name\" content=\"Lajme nga Ulqini\" \/>\n<meta property=\"article:published_time\" content=\"2008-12-23T19:05:09+00:00\" \/>\n<meta property=\"article:modified_time\" content=\"2008-12-25T13:23:36+00:00\" \/>\n<meta property=\"og:image\" content=\"http:\/\/www.visit-ulcinj.com\/blog\/wp-content\/uploads\/2008\/03\/nikolle-camaj1.jpg\" \/>\n<meta name=\"twitter:label1\" content=\"Written by\" \/>\n\t<meta name=\"twitter:data1\" content=\"ulqini\" \/>\n\t<meta name=\"twitter:label2\" content=\"Est. reading time\" \/>\n\t<meta name=\"twitter:data2\" content=\"1 minute\" \/>\n<script type=\"application\/ld+json\" class=\"yoast-schema-graph\">{\"@context\":\"https:\/\/schema.org\",\"@graph\":[{\"@type\":\"WebSite\",\"@id\":\"https:\/\/www.visit-ulcinj.com\/blog\/#website\",\"url\":\"https:\/\/www.visit-ulcinj.com\/blog\/\",\"name\":\"Lajme nga Ulqini\",\"description\":\"Lajme,Vijesti,Ulqini,Ulqin,Crna Gora,Mali i Zi\",\"potentialAction\":[{\"@type\":\"SearchAction\",\"target\":{\"@type\":\"EntryPoint\",\"urlTemplate\":\"https:\/\/www.visit-ulcinj.com\/blog\/?s={search_term_string}\"},\"query-input\":\"required name=search_term_string\"}],\"inLanguage\":\"en-US\"},{\"@type\":\"ImageObject\",\"inLanguage\":\"en-US\",\"@id\":\"https:\/\/www.visit-ulcinj.com\/blog\/2008\/12\/23\/ndertesa-e-re-e-komunes-urbane-te-tuzit-pritet-te-jete-e-gatshme-per-funksionim-javen-qe-vjen-video\/#primaryimage\",\"url\":\"http:\/\/www.visit-ulcinj.com\/blog\/wp-content\/uploads\/2008\/03\/nikolle-camaj1.jpg\",\"contentUrl\":\"http:\/\/www.visit-ulcinj.com\/blog\/wp-content\/uploads\/2008\/03\/nikolle-camaj1.jpg\"},{\"@type\":\"WebPage\",\"@id\":\"https:\/\/www.visit-ulcinj.com\/blog\/2008\/12\/23\/ndertesa-e-re-e-komunes-urbane-te-tuzit-pritet-te-jete-e-gatshme-per-funksionim-javen-qe-vjen-video\/#webpage\",\"url\":\"https:\/\/www.visit-ulcinj.com\/blog\/2008\/12\/23\/ndertesa-e-re-e-komunes-urbane-te-tuzit-pritet-te-jete-e-gatshme-per-funksionim-javen-qe-vjen-video\/\",\"name\":\"Nd\u00ebrtesa e re e komun\u00ebs urbane t\u00eb Tuzit pritet t\u00eb jet\u00eb e gatshme p\u00ebr funksionim jav\u00ebn q\u00eb vjen - Video - Lajme nga Ulqini\",\"isPartOf\":{\"@id\":\"https:\/\/www.visit-ulcinj.com\/blog\/#website\"},\"primaryImageOfPage\":{\"@id\":\"https:\/\/www.visit-ulcinj.com\/blog\/2008\/12\/23\/ndertesa-e-re-e-komunes-urbane-te-tuzit-pritet-te-jete-e-gatshme-per-funksionim-javen-qe-vjen-video\/#primaryimage\"},\"datePublished\":\"2008-12-23T19:05:09+00:00\",\"dateModified\":\"2008-12-25T13:23:36+00:00\",\"author\":{\"@id\":\"https:\/\/www.visit-ulcinj.com\/blog\/#\/schema\/person\/dcab619c614d3038751c63bc2aadc06d\"},\"description\":\"Nj\u00eb pjes\u00eb e segmentit t\u00eb komun\u00ebs hapet sot? Tuz- \\\"Mobilimi n\u00eb objektin e KU t\u00eb Tuzit \u00ebsht\u00eb duke vazhduar, ndon\u00ebse p\u00ebr t\u00eb pritur k\u00ebt\u00eb koh\u00eb \u00ebsht\u00eb dashur\",\"breadcrumb\":{\"@id\":\"https:\/\/www.visit-ulcinj.com\/blog\/2008\/12\/23\/ndertesa-e-re-e-komunes-urbane-te-tuzit-pritet-te-jete-e-gatshme-per-funksionim-javen-qe-vjen-video\/#breadcrumb\"},\"inLanguage\":\"en-US\",\"potentialAction\":[{\"@type\":\"ReadAction\",\"target\":[\"https:\/\/www.visit-ulcinj.com\/blog\/2008\/12\/23\/ndertesa-e-re-e-komunes-urbane-te-tuzit-pritet-te-jete-e-gatshme-per-funksionim-javen-qe-vjen-video\/\"]}]},{\"@type\":\"BreadcrumbList\",\"@id\":\"https:\/\/www.visit-ulcinj.com\/blog\/2008\/12\/23\/ndertesa-e-re-e-komunes-urbane-te-tuzit-pritet-te-jete-e-gatshme-per-funksionim-javen-qe-vjen-video\/#breadcrumb\",\"itemListElement\":[{\"@type\":\"ListItem\",\"position\":1,\"name\":\"Nd\u00ebrtesa e re e komun\u00ebs urbane t\u00eb Tuzit pritet t\u00eb jet\u00eb e gatshme p\u00ebr funksionim jav\u00ebn q\u00eb vjen &#8211; Video\"}]},{\"@type\":\"Person\",\"@id\":\"https:\/\/www.visit-ulcinj.com\/blog\/#\/schema\/person\/dcab619c614d3038751c63bc2aadc06d\",\"name\":\"ulqini\",\"sameAs\":[\"http:\/\/www.visit-ulcinj.com\"],\"url\":\"https:\/\/www.visit-ulcinj.com\/blog\/author\/admin\/\"}]}<\/script>\n<!-- \/ Yoast SEO plugin. -->","yoast_head_json":{"title":"Nd\u00ebrtesa e re e komun\u00ebs urbane t\u00eb Tuzit pritet t\u00eb jet\u00eb e gatshme p\u00ebr funksionim jav\u00ebn q\u00eb vjen - Video - Lajme nga Ulqini","description":"Nj\u00eb pjes\u00eb e segmentit t\u00eb komun\u00ebs hapet sot? Tuz- \"Mobilimi n\u00eb objektin e KU t\u00eb Tuzit \u00ebsht\u00eb duke vazhduar, ndon\u00ebse p\u00ebr t\u00eb pritur k\u00ebt\u00eb koh\u00eb \u00ebsht\u00eb dashur","robots":{"index":"index","follow":"follow","max-snippet":"max-snippet:-1","max-image-preview":"max-image-preview:large","max-video-preview":"max-video-preview:-1"},"canonical":"https:\/\/www.visit-ulcinj.com\/blog\/2008\/12\/23\/ndertesa-e-re-e-komunes-urbane-te-tuzit-pritet-te-jete-e-gatshme-per-funksionim-javen-qe-vjen-video\/","og_locale":"en_US","og_type":"article","og_title":"Nd\u00ebrtesa e re e komun\u00ebs urbane t\u00eb Tuzit pritet t\u00eb jet\u00eb e gatshme p\u00ebr funksionim jav\u00ebn q\u00eb vjen - Video - Lajme nga Ulqini","og_description":"Nj\u00eb pjes\u00eb e segmentit t\u00eb komun\u00ebs hapet sot? Tuz- \"Mobilimi n\u00eb objektin e KU t\u00eb Tuzit \u00ebsht\u00eb duke vazhduar, ndon\u00ebse p\u00ebr t\u00eb pritur k\u00ebt\u00eb koh\u00eb \u00ebsht\u00eb dashur","og_url":"https:\/\/www.visit-ulcinj.com\/blog\/2008\/12\/23\/ndertesa-e-re-e-komunes-urbane-te-tuzit-pritet-te-jete-e-gatshme-per-funksionim-javen-qe-vjen-video\/","og_site_name":"Lajme nga Ulqini","article_published_time":"2008-12-23T19:05:09+00:00","article_modified_time":"2008-12-25T13:23:36+00:00","og_image":[{"url":"http:\/\/www.visit-ulcinj.com\/blog\/wp-content\/uploads\/2008\/03\/nikolle-camaj1.jpg"}],"twitter_misc":{"Written by":"ulqini","Est. reading time":"1 minute"},"schema":{"@context":"https:\/\/schema.org","@graph":[{"@type":"WebSite","@id":"https:\/\/www.visit-ulcinj.com\/blog\/#website","url":"https:\/\/www.visit-ulcinj.com\/blog\/","name":"Lajme nga Ulqini","description":"Lajme,Vijesti,Ulqini,Ulqin,Crna Gora,Mali i Zi","potentialAction":[{"@type":"SearchAction","target":{"@type":"EntryPoint","urlTemplate":"https:\/\/www.visit-ulcinj.com\/blog\/?s={search_term_string}"},"query-input":"required name=search_term_string"}],"inLanguage":"en-US"},{"@type":"ImageObject","inLanguage":"en-US","@id":"https:\/\/www.visit-ulcinj.com\/blog\/2008\/12\/23\/ndertesa-e-re-e-komunes-urbane-te-tuzit-pritet-te-jete-e-gatshme-per-funksionim-javen-qe-vjen-video\/#primaryimage","url":"http:\/\/www.visit-ulcinj.com\/blog\/wp-content\/uploads\/2008\/03\/nikolle-camaj1.jpg","contentUrl":"http:\/\/www.visit-ulcinj.com\/blog\/wp-content\/uploads\/2008\/03\/nikolle-camaj1.jpg"},{"@type":"WebPage","@id":"https:\/\/www.visit-ulcinj.com\/blog\/2008\/12\/23\/ndertesa-e-re-e-komunes-urbane-te-tuzit-pritet-te-jete-e-gatshme-per-funksionim-javen-qe-vjen-video\/#webpage","url":"https:\/\/www.visit-ulcinj.com\/blog\/2008\/12\/23\/ndertesa-e-re-e-komunes-urbane-te-tuzit-pritet-te-jete-e-gatshme-per-funksionim-javen-qe-vjen-video\/","name":"Nd\u00ebrtesa e re e komun\u00ebs urbane t\u00eb Tuzit pritet t\u00eb jet\u00eb e gatshme p\u00ebr funksionim jav\u00ebn q\u00eb vjen - Video - Lajme nga Ulqini","isPartOf":{"@id":"https:\/\/www.visit-ulcinj.com\/blog\/#website"},"primaryImageOfPage":{"@id":"https:\/\/www.visit-ulcinj.com\/blog\/2008\/12\/23\/ndertesa-e-re-e-komunes-urbane-te-tuzit-pritet-te-jete-e-gatshme-per-funksionim-javen-qe-vjen-video\/#primaryimage"},"datePublished":"2008-12-23T19:05:09+00:00","dateModified":"2008-12-25T13:23:36+00:00","author":{"@id":"https:\/\/www.visit-ulcinj.com\/blog\/#\/schema\/person\/dcab619c614d3038751c63bc2aadc06d"},"description":"Nj\u00eb pjes\u00eb e segmentit t\u00eb komun\u00ebs hapet sot? Tuz- \"Mobilimi n\u00eb objektin e KU t\u00eb Tuzit \u00ebsht\u00eb duke vazhduar, ndon\u00ebse p\u00ebr t\u00eb pritur k\u00ebt\u00eb koh\u00eb \u00ebsht\u00eb dashur","breadcrumb":{"@id":"https:\/\/www.visit-ulcinj.com\/blog\/2008\/12\/23\/ndertesa-e-re-e-komunes-urbane-te-tuzit-pritet-te-jete-e-gatshme-per-funksionim-javen-qe-vjen-video\/#breadcrumb"},"inLanguage":"en-US","potentialAction":[{"@type":"ReadAction","target":["https:\/\/www.visit-ulcinj.com\/blog\/2008\/12\/23\/ndertesa-e-re-e-komunes-urbane-te-tuzit-pritet-te-jete-e-gatshme-per-funksionim-javen-qe-vjen-video\/"]}]},{"@type":"BreadcrumbList","@id":"https:\/\/www.visit-ulcinj.com\/blog\/2008\/12\/23\/ndertesa-e-re-e-komunes-urbane-te-tuzit-pritet-te-jete-e-gatshme-per-funksionim-javen-qe-vjen-video\/#breadcrumb","itemListElement":[{"@type":"ListItem","position":1,"name":"Nd\u00ebrtesa e re e komun\u00ebs urbane t\u00eb Tuzit pritet t\u00eb jet\u00eb e gatshme p\u00ebr funksionim jav\u00ebn q\u00eb vjen &#8211; Video"}]},{"@type":"Person","@id":"https:\/\/www.visit-ulcinj.com\/blog\/#\/schema\/person\/dcab619c614d3038751c63bc2aadc06d","name":"ulqini","sameAs":["http:\/\/www.visit-ulcinj.com"],"url":"https:\/\/www.visit-ulcinj.com\/blog\/author\/admin\/"}]}},"jetpack_featured_media_url":"","jetpack_sharing_enabled":true,"jetpack_shortlink":"https:\/\/wp.me\/pe6lTn-1Yr","_links":{"self":[{"href":"https:\/\/www.visit-ulcinj.com\/blog\/wp-json\/wp\/v2\/posts\/7591"}],"collection":[{"href":"https:\/\/www.visit-ulcinj.com\/blog\/wp-json\/wp\/v2\/posts"}],"about":[{"href":"https:\/\/www.visit-ulcinj.com\/blog\/wp-json\/wp\/v2\/types\/post"}],"author":[{"embeddable":true,"href":"https:\/\/www.visit-ulcinj.com\/blog\/wp-json\/wp\/v2\/users\/1"}],"replies":[{"embeddable":true,"href":"https:\/\/www.visit-ulcinj.com\/blog\/wp-json\/wp\/v2\/comments?post=7591"}],"version-history":[{"count":0,"href":"https:\/\/www.visit-ulcinj.com\/blog\/wp-json\/wp\/v2\/posts\/7591\/revisions"}],"wp:attachment":[{"href":"https:\/\/www.visit-ulcinj.com\/blog\/wp-json\/wp\/v2\/media?parent=7591"}],"wp:term":[{"taxonomy":"category","embeddable":true,"href":"https:\/\/www.visit-ulcinj.com\/blog\/wp-json\/wp\/v2\/categories?post=7591"},{"taxonomy":"post_tag","embeddable":true,"href":"https:\/\/www.visit-ulcinj.com\/blog\/wp-json\/wp\/v2\/tags?post=7591"}],"curies":[{"name":"wp","href":"https:\/\/api.w.org\/{rel}","templated":true}]}}