{"id":75960,"date":"2013-11-03T17:07:12","date_gmt":"2013-11-03T16:07:12","guid":{"rendered":"http:\/\/www.visit-ulcinj.com\/blog\/?p=75960"},"modified":"2013-11-03T17:07:12","modified_gmt":"2013-11-03T16:07:12","slug":"ne-budve-aksidentohet-autobusi-kosovare","status":"publish","type":"post","link":"https:\/\/www.visit-ulcinj.com\/blog\/2013\/11\/03\/ne-budve-aksidentohet-autobusi-kosovare\/","title":{"rendered":"N\u00eb Budve aksidentohet autobusi me kosovar\u00eb"},"content":{"rendered":"<p><a href=\"http:\/\/www.visit-ulcinj.com\/blog\/wp-content\/uploads\/2013\/11\/Autobusi.jpg\"><img loading=\"lazy\" class=\"alignleft  wp-image-75962\" alt=\"Autobusi\" src=\"http:\/\/www.visit-ulcinj.com\/blog\/wp-content\/uploads\/2013\/11\/Autobusi.jpg\" width=\"508\" height=\"358\" \/><\/a>Autobusi i cili qarkullon n\u00eb n\u00eb relacionin Prishtin\u00eb-Linc, p\u00ebr arsye t\u00eb panjohura deri tani, sot n\u00eb ora tre t\u00eb m\u00ebngjesit ka goditur n\u00eb murin prej betonit n\u00eb bulevardin n\u00eb Budva, dhe p\u00ebr pasoj\u00eb ka kaluar n\u00eb korsin e kund\u00ebrt.<\/p>\n<p>Autobusi n\u00eb t\u00eb cilin ishin rreth 30 udh\u00ebtar\u00eb, kryesisht njer\u00ebz t\u00eb rinj n\u00eb mosh\u00eb, \u00ebsht\u00eb nisur n\u00eb udh\u00ebtim drejt Italis\u00eb dhe Zvicr\u00ebs.<\/p>\n<p>Asnj\u00ebri nga udh\u00ebtar\u00ebt nuk \u00ebsht\u00eb l\u00ebnduar n\u00eb aksident. Ato nuk e kujtojn\u00eb momentin e aksidentit, sepse, kryesisht, t\u00eb gjith\u00eb flinin. Hetimi p\u00ebr k\u00ebt\u00eb aksident vazhdon tutje.<\/p>\n<p><strong>Bota Sot<\/strong><\/p>\n","protected":false},"excerpt":{"rendered":"<p>Autobusi i cili qarkullon n\u00eb n\u00eb relacionin Prishtin\u00eb-Linc, p\u00ebr arsye t\u00eb panjohura deri tani, sot n\u00eb ora tre t\u00eb m\u00ebngjesit ka goditur n\u00eb murin prej betonit n\u00eb bulevardin n\u00eb Budva, dhe p\u00ebr pasoj\u00eb ka kaluar n\u00eb korsin e kund\u00ebrt. Autobusi n\u00eb t\u00eb cilin ishin rreth 30 udh\u00ebtar\u00eb, kryesisht njer\u00ebz t\u00eb rinj n\u00eb mosh\u00eb, \u00ebsht\u00eb nisur [&hellip;]<\/p>\n","protected":false},"author":1,"featured_media":0,"comment_status":"closed","ping_status":"closed","sticky":false,"template":"","format":"standard","meta":{"spay_email":"","jetpack_publicize_message":"","jetpack_is_tweetstorm":false,"jetpack_publicize_feature_enabled":true},"categories":[14],"tags":[],"jetpack_publicize_connections":[],"yoast_head":"<!-- This site is optimized with the Yoast SEO plugin v19.1 - https:\/\/yoast.com\/wordpress\/plugins\/seo\/ -->\n<title>N\u00eb Budve aksidentohet autobusi me kosovar\u00eb - Lajme nga Ulqini<\/title>\n<meta name=\"description\" content=\"Autobusi i cili qarkullon n\u00eb n\u00eb relacionin Prishtin\u00eb-Linc, p\u00ebr arsye t\u00eb panjohura deri tani, sot n\u00eb ora tre t\u00eb m\u00ebngjesit ka goditur n\u00eb murin prej betonit\" \/>\n<meta name=\"robots\" content=\"index, follow, max-snippet:-1, max-image-preview:large, max-video-preview:-1\" \/>\n<link rel=\"canonical\" href=\"https:\/\/www.visit-ulcinj.com\/blog\/2013\/11\/03\/ne-budve-aksidentohet-autobusi-kosovare\/\" \/>\n<meta property=\"og:locale\" content=\"en_US\" \/>\n<meta property=\"og:type\" content=\"article\" \/>\n<meta property=\"og:title\" content=\"N\u00eb Budve aksidentohet autobusi me kosovar\u00eb - Lajme nga Ulqini\" \/>\n<meta property=\"og:description\" content=\"Autobusi i cili qarkullon n\u00eb n\u00eb relacionin Prishtin\u00eb-Linc, p\u00ebr arsye t\u00eb panjohura deri tani, sot n\u00eb ora tre t\u00eb m\u00ebngjesit ka goditur n\u00eb murin prej betonit\" \/>\n<meta property=\"og:url\" content=\"https:\/\/www.visit-ulcinj.com\/blog\/2013\/11\/03\/ne-budve-aksidentohet-autobusi-kosovare\/\" \/>\n<meta property=\"og:site_name\" content=\"Lajme nga Ulqini\" \/>\n<meta property=\"article:published_time\" content=\"2013-11-03T16:07:12+00:00\" \/>\n<meta property=\"og:image\" content=\"http:\/\/www.visit-ulcinj.com\/blog\/wp-content\/uploads\/2013\/11\/Autobusi.jpg\" \/>\n<meta name=\"twitter:label1\" content=\"Written by\" \/>\n\t<meta name=\"twitter:data1\" content=\"ulqini\" \/>\n\t<meta name=\"twitter:label2\" content=\"Est. reading time\" \/>\n\t<meta name=\"twitter:data2\" content=\"1 minute\" \/>\n<script type=\"application\/ld+json\" class=\"yoast-schema-graph\">{\"@context\":\"https:\/\/schema.org\",\"@graph\":[{\"@type\":\"WebSite\",\"@id\":\"https:\/\/www.visit-ulcinj.com\/blog\/#website\",\"url\":\"https:\/\/www.visit-ulcinj.com\/blog\/\",\"name\":\"Lajme nga Ulqini\",\"description\":\"Lajme,Vijesti,Ulqini,Ulqin,Crna Gora,Mali i Zi\",\"potentialAction\":[{\"@type\":\"SearchAction\",\"target\":{\"@type\":\"EntryPoint\",\"urlTemplate\":\"https:\/\/www.visit-ulcinj.com\/blog\/?s={search_term_string}\"},\"query-input\":\"required name=search_term_string\"}],\"inLanguage\":\"en-US\"},{\"@type\":\"ImageObject\",\"inLanguage\":\"en-US\",\"@id\":\"https:\/\/www.visit-ulcinj.com\/blog\/2013\/11\/03\/ne-budve-aksidentohet-autobusi-kosovare\/#primaryimage\",\"url\":\"https:\/\/www.visit-ulcinj.com\/blog\/wp-content\/uploads\/2013\/11\/Autobusi.jpg\",\"contentUrl\":\"https:\/\/www.visit-ulcinj.com\/blog\/wp-content\/uploads\/2013\/11\/Autobusi.jpg\",\"width\":645,\"height\":358},{\"@type\":\"WebPage\",\"@id\":\"https:\/\/www.visit-ulcinj.com\/blog\/2013\/11\/03\/ne-budve-aksidentohet-autobusi-kosovare\/#webpage\",\"url\":\"https:\/\/www.visit-ulcinj.com\/blog\/2013\/11\/03\/ne-budve-aksidentohet-autobusi-kosovare\/\",\"name\":\"N\u00eb Budve aksidentohet autobusi me kosovar\u00eb - Lajme nga Ulqini\",\"isPartOf\":{\"@id\":\"https:\/\/www.visit-ulcinj.com\/blog\/#website\"},\"primaryImageOfPage\":{\"@id\":\"https:\/\/www.visit-ulcinj.com\/blog\/2013\/11\/03\/ne-budve-aksidentohet-autobusi-kosovare\/#primaryimage\"},\"datePublished\":\"2013-11-03T16:07:12+00:00\",\"dateModified\":\"2013-11-03T16:07:12+00:00\",\"author\":{\"@id\":\"https:\/\/www.visit-ulcinj.com\/blog\/#\/schema\/person\/dcab619c614d3038751c63bc2aadc06d\"},\"description\":\"Autobusi i cili qarkullon n\u00eb n\u00eb relacionin Prishtin\u00eb-Linc, p\u00ebr arsye t\u00eb panjohura deri tani, sot n\u00eb ora tre t\u00eb m\u00ebngjesit ka goditur n\u00eb murin prej betonit\",\"breadcrumb\":{\"@id\":\"https:\/\/www.visit-ulcinj.com\/blog\/2013\/11\/03\/ne-budve-aksidentohet-autobusi-kosovare\/#breadcrumb\"},\"inLanguage\":\"en-US\",\"potentialAction\":[{\"@type\":\"ReadAction\",\"target\":[\"https:\/\/www.visit-ulcinj.com\/blog\/2013\/11\/03\/ne-budve-aksidentohet-autobusi-kosovare\/\"]}]},{\"@type\":\"BreadcrumbList\",\"@id\":\"https:\/\/www.visit-ulcinj.com\/blog\/2013\/11\/03\/ne-budve-aksidentohet-autobusi-kosovare\/#breadcrumb\",\"itemListElement\":[{\"@type\":\"ListItem\",\"position\":1,\"name\":\"N\u00eb Budve aksidentohet autobusi me kosovar\u00eb\"}]},{\"@type\":\"Person\",\"@id\":\"https:\/\/www.visit-ulcinj.com\/blog\/#\/schema\/person\/dcab619c614d3038751c63bc2aadc06d\",\"name\":\"ulqini\",\"sameAs\":[\"http:\/\/www.visit-ulcinj.com\"],\"url\":\"https:\/\/www.visit-ulcinj.com\/blog\/author\/admin\/\"}]}<\/script>\n<!-- \/ Yoast SEO plugin. -->","yoast_head_json":{"title":"N\u00eb Budve aksidentohet autobusi me kosovar\u00eb - Lajme nga Ulqini","description":"Autobusi i cili qarkullon n\u00eb n\u00eb relacionin Prishtin\u00eb-Linc, p\u00ebr arsye t\u00eb panjohura deri tani, sot n\u00eb ora tre t\u00eb m\u00ebngjesit ka goditur n\u00eb murin prej betonit","robots":{"index":"index","follow":"follow","max-snippet":"max-snippet:-1","max-image-preview":"max-image-preview:large","max-video-preview":"max-video-preview:-1"},"canonical":"https:\/\/www.visit-ulcinj.com\/blog\/2013\/11\/03\/ne-budve-aksidentohet-autobusi-kosovare\/","og_locale":"en_US","og_type":"article","og_title":"N\u00eb Budve aksidentohet autobusi me kosovar\u00eb - Lajme nga Ulqini","og_description":"Autobusi i cili qarkullon n\u00eb n\u00eb relacionin Prishtin\u00eb-Linc, p\u00ebr arsye t\u00eb panjohura deri tani, sot n\u00eb ora tre t\u00eb m\u00ebngjesit ka goditur n\u00eb murin prej betonit","og_url":"https:\/\/www.visit-ulcinj.com\/blog\/2013\/11\/03\/ne-budve-aksidentohet-autobusi-kosovare\/","og_site_name":"Lajme nga Ulqini","article_published_time":"2013-11-03T16:07:12+00:00","og_image":[{"url":"http:\/\/www.visit-ulcinj.com\/blog\/wp-content\/uploads\/2013\/11\/Autobusi.jpg"}],"twitter_misc":{"Written by":"ulqini","Est. reading time":"1 minute"},"schema":{"@context":"https:\/\/schema.org","@graph":[{"@type":"WebSite","@id":"https:\/\/www.visit-ulcinj.com\/blog\/#website","url":"https:\/\/www.visit-ulcinj.com\/blog\/","name":"Lajme nga Ulqini","description":"Lajme,Vijesti,Ulqini,Ulqin,Crna Gora,Mali i Zi","potentialAction":[{"@type":"SearchAction","target":{"@type":"EntryPoint","urlTemplate":"https:\/\/www.visit-ulcinj.com\/blog\/?s={search_term_string}"},"query-input":"required name=search_term_string"}],"inLanguage":"en-US"},{"@type":"ImageObject","inLanguage":"en-US","@id":"https:\/\/www.visit-ulcinj.com\/blog\/2013\/11\/03\/ne-budve-aksidentohet-autobusi-kosovare\/#primaryimage","url":"https:\/\/www.visit-ulcinj.com\/blog\/wp-content\/uploads\/2013\/11\/Autobusi.jpg","contentUrl":"https:\/\/www.visit-ulcinj.com\/blog\/wp-content\/uploads\/2013\/11\/Autobusi.jpg","width":645,"height":358},{"@type":"WebPage","@id":"https:\/\/www.visit-ulcinj.com\/blog\/2013\/11\/03\/ne-budve-aksidentohet-autobusi-kosovare\/#webpage","url":"https:\/\/www.visit-ulcinj.com\/blog\/2013\/11\/03\/ne-budve-aksidentohet-autobusi-kosovare\/","name":"N\u00eb Budve aksidentohet autobusi me kosovar\u00eb - Lajme nga Ulqini","isPartOf":{"@id":"https:\/\/www.visit-ulcinj.com\/blog\/#website"},"primaryImageOfPage":{"@id":"https:\/\/www.visit-ulcinj.com\/blog\/2013\/11\/03\/ne-budve-aksidentohet-autobusi-kosovare\/#primaryimage"},"datePublished":"2013-11-03T16:07:12+00:00","dateModified":"2013-11-03T16:07:12+00:00","author":{"@id":"https:\/\/www.visit-ulcinj.com\/blog\/#\/schema\/person\/dcab619c614d3038751c63bc2aadc06d"},"description":"Autobusi i cili qarkullon n\u00eb n\u00eb relacionin Prishtin\u00eb-Linc, p\u00ebr arsye t\u00eb panjohura deri tani, sot n\u00eb ora tre t\u00eb m\u00ebngjesit ka goditur n\u00eb murin prej betonit","breadcrumb":{"@id":"https:\/\/www.visit-ulcinj.com\/blog\/2013\/11\/03\/ne-budve-aksidentohet-autobusi-kosovare\/#breadcrumb"},"inLanguage":"en-US","potentialAction":[{"@type":"ReadAction","target":["https:\/\/www.visit-ulcinj.com\/blog\/2013\/11\/03\/ne-budve-aksidentohet-autobusi-kosovare\/"]}]},{"@type":"BreadcrumbList","@id":"https:\/\/www.visit-ulcinj.com\/blog\/2013\/11\/03\/ne-budve-aksidentohet-autobusi-kosovare\/#breadcrumb","itemListElement":[{"@type":"ListItem","position":1,"name":"N\u00eb Budve aksidentohet autobusi me kosovar\u00eb"}]},{"@type":"Person","@id":"https:\/\/www.visit-ulcinj.com\/blog\/#\/schema\/person\/dcab619c614d3038751c63bc2aadc06d","name":"ulqini","sameAs":["http:\/\/www.visit-ulcinj.com"],"url":"https:\/\/www.visit-ulcinj.com\/blog\/author\/admin\/"}]}},"jetpack_featured_media_url":"","jetpack_sharing_enabled":true,"jetpack_shortlink":"https:\/\/wp.me\/pe6lTn-jLa","_links":{"self":[{"href":"https:\/\/www.visit-ulcinj.com\/blog\/wp-json\/wp\/v2\/posts\/75960"}],"collection":[{"href":"https:\/\/www.visit-ulcinj.com\/blog\/wp-json\/wp\/v2\/posts"}],"about":[{"href":"https:\/\/www.visit-ulcinj.com\/blog\/wp-json\/wp\/v2\/types\/post"}],"author":[{"embeddable":true,"href":"https:\/\/www.visit-ulcinj.com\/blog\/wp-json\/wp\/v2\/users\/1"}],"replies":[{"embeddable":true,"href":"https:\/\/www.visit-ulcinj.com\/blog\/wp-json\/wp\/v2\/comments?post=75960"}],"version-history":[{"count":1,"href":"https:\/\/www.visit-ulcinj.com\/blog\/wp-json\/wp\/v2\/posts\/75960\/revisions"}],"predecessor-version":[{"id":75963,"href":"https:\/\/www.visit-ulcinj.com\/blog\/wp-json\/wp\/v2\/posts\/75960\/revisions\/75963"}],"wp:attachment":[{"href":"https:\/\/www.visit-ulcinj.com\/blog\/wp-json\/wp\/v2\/media?parent=75960"}],"wp:term":[{"taxonomy":"category","embeddable":true,"href":"https:\/\/www.visit-ulcinj.com\/blog\/wp-json\/wp\/v2\/categories?post=75960"},{"taxonomy":"post_tag","embeddable":true,"href":"https:\/\/www.visit-ulcinj.com\/blog\/wp-json\/wp\/v2\/tags?post=75960"}],"curies":[{"name":"wp","href":"https:\/\/api.w.org\/{rel}","templated":true}]}}