{"id":75970,"date":"2013-11-04T08:20:01","date_gmt":"2013-11-04T07:20:01","guid":{"rendered":"http:\/\/www.visit-ulcinj.com\/blog\/?p=75970"},"modified":"2013-11-04T08:21:09","modified_gmt":"2013-11-04T07:21:09","slug":"u-ulcinjskoj-solani-otkaz-dobilo-20-radnika","status":"publish","type":"post","link":"https:\/\/www.visit-ulcinj.com\/blog\/2013\/11\/04\/u-ulcinjskoj-solani-otkaz-dobilo-20-radnika\/","title":{"rendered":"U Ulcinjskoj Solani otkaz dobili 20 radnika + Imena"},"content":{"rendered":"<p><a href=\"http:\/\/www.visit-ulcinj.com\/blog\/wp-content\/uploads\/2013\/11\/Solana-Ulcinj.jpg\"><img loading=\"lazy\" class=\"alignleft  wp-image-75971\" alt=\"Solana Ulcinj\" src=\"http:\/\/www.visit-ulcinj.com\/blog\/wp-content\/uploads\/2013\/11\/Solana-Ulcinj.jpg\" width=\"508\" height=\"360\" \/><\/a>Svi radnici Solane, njih 66, danas \u0107e dobiti otkaze a novi ugovori o radu, koji \u0107e va\u017eiti do 31.decembra, mo\u0107i \u0107e da zaklju\u010di 46 odabranih radnika.<\/p>\n<p>To je \u201cVijestima\u201d saop\u0161tio ste\u010dajni upravnik solane Ognjen Jovovi\u0107 koji je kazao da je u principu &#8220;to po\u0161ten potez prema radnicima&#8221;.<\/p>\n<p>&#8220;Solana mo\u017ee imati i stotinu radnika ali njima trebaju plate. Zato je po\u0161teno stati i re\u0107i da je u ovom trenutku minimum radnika potrebnih u proizvodnji, na odr\u017eavanju i uop\u0161te u fabrici 46, odnosno da za njih maksimalno toliko mo\u017eemo obezbijediti plate&#8221;, kazao je Jovovi\u0107.<\/p>\n<p>On je najavio izradu plana i programa radu za narednu godinu, na osnovu koga \u0107e uprava radnicima ponuditi nove ugovore.<\/p>\n<p>&#8220;Dvadeset radnika, koji dobijaju otkaz, imaju prioritet u svim poslovima solane. To zna\u010di da \u0107emo u slu\u010daju pove\u0107anja obima posla, kao \u0161to je berba, prvo njih zvati&#8221;, kazao je Jovovi\u0107.<\/p>\n<p>Solana je ve\u0107 odavno u klasi\u010dnom ste\u010daju \u0161to zna\u010di da je uprava radnike i ranije mogla poslati na Biro rada.<\/p>\n<p>Me\u0111utim, na inicijativu predsjednika Op\u0161tine Nazifa Cungua, proljetos je u njegovom kabinetu odr\u017ean sastanak vlasnika i predstavnika radnika, koji je rezultirao zaklju\u010divanjem \u0161estomjese\u010dnih ugovora za sve tada uposlene.<\/p>\n<p>Ti ugovori istekli su ju\u010de.<\/p>\n<p>Kod radnika, ina\u010de, cijelo vrijeme tinja nezadovoljstvo zbog nepo\u0161tovanja odredbe iz ugovora koji se ti\u010de redovnog primanja li\u010dnog dohotka.<\/p>\n<p><a href=\"http:\/\/www.vijesti.me\/vijesti\/otkaz-dobilo-20-radnika-solane-clanak-158036\" target=\"_blank\"><strong>Samir Adrovi\u0107<\/strong><\/a><br \/>\n<a href=\"http:\/\/www.vijesti.me\/vijesti\/otkaz-dobilo-20-radnika-solane-clanak-158036\" target=\"_blank\"><strong>Vijesti online<\/strong><\/a><\/p>\n<div id=\"id_52774a5533b8b9d27956052\"><strong>SPISAK RADNIKA SA KOJIMA UPRAVA SOLANE NE ZELI PRODUZITI UGOVOR O RADU:<\/strong><\/div>\n<div><\/div>\n<div>1.VOGLIC SENADA<br \/>\n2.NIKEZIC VAIDA<br \/>\n3.MUCAJ SABAN<br \/>\n4.MUJALOVIC SUAJB<br \/>\n5.NILOVIC ROKA<br \/>\n6.LJANIC REDZEP<br \/>\n7.CUCOVIC DZAVID<br \/>\n8.SULEJMANOVIC REDZEP<br \/>\n9.KRAJA FAHRUDIN<br \/>\n10.DEDOVIC SKENDER<br \/>\n11.KASMIC AGIM<br \/>\n12.CAUS SMAIL<br \/>\n13.JAKUPOVIC KUJTIM<br \/>\n14.CUCA AGIM<br \/>\n15.USAKU BILJALJ<br \/>\n16.VUKMANOVIC DUSANKA<br \/>\n17.LUNJIC ADMIR<br \/>\n18.MEHMEDOVIC NEHRO<br \/>\n19.KOLOVIC ANTO<br \/>\n20.DRAGOVIC REDZEP<\/div>\n<div><\/div>\n<div><strong>Izvor: <a id=\"js_77\" href=\"https:\/\/www.facebook.com\/sindikat.solanaulcinj\" data-hovercard=\"\/ajax\/hovercard\/user.php?id=100003742510899\">Sindikat Solana Ulcinj<\/a><\/strong><\/div>\n","protected":false},"excerpt":{"rendered":"<p>Svi radnici Solane, njih 66, danas \u0107e dobiti otkaze a novi ugovori o radu, koji \u0107e va\u017eiti do 31.decembra, mo\u0107i \u0107e da zaklju\u010di 46 odabranih radnika. To je \u201cVijestima\u201d saop\u0161tio ste\u010dajni upravnik solane Ognjen Jovovi\u0107 koji je kazao da je u principu &#8220;to po\u0161ten potez prema radnicima&#8221;. &#8220;Solana mo\u017ee imati i stotinu radnika ali njima [&hellip;]<\/p>\n","protected":false},"author":1,"featured_media":0,"comment_status":"closed","ping_status":"closed","sticky":false,"template":"","format":"standard","meta":{"spay_email":"","jetpack_publicize_message":"","jetpack_is_tweetstorm":false,"jetpack_publicize_feature_enabled":true},"categories":[8337],"tags":[],"jetpack_publicize_connections":[],"yoast_head":"<!-- This site is optimized with the Yoast SEO plugin v19.1 - https:\/\/yoast.com\/wordpress\/plugins\/seo\/ -->\n<title>U Ulcinjskoj Solani otkaz dobili 20 radnika + Imena - Lajme nga Ulqini<\/title>\n<meta name=\"description\" content=\"Svi radnici Solane, njih 66, danas \u0107e dobiti otkaze a novi ugovori o radu, koji \u0107e va\u017eiti do 31.decembra, mo\u0107i \u0107e da zaklju\u010di 46 odabranih radnika. To je\" \/>\n<meta name=\"robots\" content=\"index, follow, max-snippet:-1, max-image-preview:large, max-video-preview:-1\" \/>\n<link rel=\"canonical\" href=\"https:\/\/www.visit-ulcinj.com\/blog\/2013\/11\/04\/u-ulcinjskoj-solani-otkaz-dobilo-20-radnika\/\" \/>\n<meta property=\"og:locale\" content=\"en_US\" \/>\n<meta property=\"og:type\" content=\"article\" \/>\n<meta property=\"og:title\" content=\"U Ulcinjskoj Solani otkaz dobili 20 radnika + Imena - Lajme nga Ulqini\" \/>\n<meta property=\"og:description\" content=\"Svi radnici Solane, njih 66, danas \u0107e dobiti otkaze a novi ugovori o radu, koji \u0107e va\u017eiti do 31.decembra, mo\u0107i \u0107e da zaklju\u010di 46 odabranih radnika. To je\" \/>\n<meta property=\"og:url\" content=\"https:\/\/www.visit-ulcinj.com\/blog\/2013\/11\/04\/u-ulcinjskoj-solani-otkaz-dobilo-20-radnika\/\" \/>\n<meta property=\"og:site_name\" content=\"Lajme nga Ulqini\" \/>\n<meta property=\"article:published_time\" content=\"2013-11-04T07:20:01+00:00\" \/>\n<meta property=\"article:modified_time\" content=\"2013-11-04T07:21:09+00:00\" \/>\n<meta property=\"og:image\" content=\"http:\/\/www.visit-ulcinj.com\/blog\/wp-content\/uploads\/2013\/11\/Solana-Ulcinj.jpg\" \/>\n<meta name=\"twitter:label1\" content=\"Written by\" \/>\n\t<meta name=\"twitter:data1\" content=\"ulqini\" \/>\n\t<meta name=\"twitter:label2\" content=\"Est. reading time\" \/>\n\t<meta name=\"twitter:data2\" content=\"1 minute\" \/>\n<script type=\"application\/ld+json\" class=\"yoast-schema-graph\">{\"@context\":\"https:\/\/schema.org\",\"@graph\":[{\"@type\":\"WebSite\",\"@id\":\"https:\/\/www.visit-ulcinj.com\/blog\/#website\",\"url\":\"https:\/\/www.visit-ulcinj.com\/blog\/\",\"name\":\"Lajme nga Ulqini\",\"description\":\"Lajme,Vijesti,Ulqini,Ulqin,Crna Gora,Mali i Zi\",\"potentialAction\":[{\"@type\":\"SearchAction\",\"target\":{\"@type\":\"EntryPoint\",\"urlTemplate\":\"https:\/\/www.visit-ulcinj.com\/blog\/?s={search_term_string}\"},\"query-input\":\"required name=search_term_string\"}],\"inLanguage\":\"en-US\"},{\"@type\":\"ImageObject\",\"inLanguage\":\"en-US\",\"@id\":\"https:\/\/www.visit-ulcinj.com\/blog\/2013\/11\/04\/u-ulcinjskoj-solani-otkaz-dobilo-20-radnika\/#primaryimage\",\"url\":\"https:\/\/www.visit-ulcinj.com\/blog\/wp-content\/uploads\/2013\/11\/Solana-Ulcinj.jpg\",\"contentUrl\":\"https:\/\/www.visit-ulcinj.com\/blog\/wp-content\/uploads\/2013\/11\/Solana-Ulcinj.jpg\",\"width\":960,\"height\":720},{\"@type\":\"WebPage\",\"@id\":\"https:\/\/www.visit-ulcinj.com\/blog\/2013\/11\/04\/u-ulcinjskoj-solani-otkaz-dobilo-20-radnika\/#webpage\",\"url\":\"https:\/\/www.visit-ulcinj.com\/blog\/2013\/11\/04\/u-ulcinjskoj-solani-otkaz-dobilo-20-radnika\/\",\"name\":\"U Ulcinjskoj Solani otkaz dobili 20 radnika + Imena - Lajme nga Ulqini\",\"isPartOf\":{\"@id\":\"https:\/\/www.visit-ulcinj.com\/blog\/#website\"},\"primaryImageOfPage\":{\"@id\":\"https:\/\/www.visit-ulcinj.com\/blog\/2013\/11\/04\/u-ulcinjskoj-solani-otkaz-dobilo-20-radnika\/#primaryimage\"},\"datePublished\":\"2013-11-04T07:20:01+00:00\",\"dateModified\":\"2013-11-04T07:21:09+00:00\",\"author\":{\"@id\":\"https:\/\/www.visit-ulcinj.com\/blog\/#\/schema\/person\/dcab619c614d3038751c63bc2aadc06d\"},\"description\":\"Svi radnici Solane, njih 66, danas \u0107e dobiti otkaze a novi ugovori o radu, koji \u0107e va\u017eiti do 31.decembra, mo\u0107i \u0107e da zaklju\u010di 46 odabranih radnika. To je\",\"breadcrumb\":{\"@id\":\"https:\/\/www.visit-ulcinj.com\/blog\/2013\/11\/04\/u-ulcinjskoj-solani-otkaz-dobilo-20-radnika\/#breadcrumb\"},\"inLanguage\":\"en-US\",\"potentialAction\":[{\"@type\":\"ReadAction\",\"target\":[\"https:\/\/www.visit-ulcinj.com\/blog\/2013\/11\/04\/u-ulcinjskoj-solani-otkaz-dobilo-20-radnika\/\"]}]},{\"@type\":\"BreadcrumbList\",\"@id\":\"https:\/\/www.visit-ulcinj.com\/blog\/2013\/11\/04\/u-ulcinjskoj-solani-otkaz-dobilo-20-radnika\/#breadcrumb\",\"itemListElement\":[{\"@type\":\"ListItem\",\"position\":1,\"name\":\"U Ulcinjskoj Solani otkaz dobili 20 radnika + Imena\"}]},{\"@type\":\"Person\",\"@id\":\"https:\/\/www.visit-ulcinj.com\/blog\/#\/schema\/person\/dcab619c614d3038751c63bc2aadc06d\",\"name\":\"ulqini\",\"sameAs\":[\"http:\/\/www.visit-ulcinj.com\"],\"url\":\"https:\/\/www.visit-ulcinj.com\/blog\/author\/admin\/\"}]}<\/script>\n<!-- \/ Yoast SEO plugin. -->","yoast_head_json":{"title":"U Ulcinjskoj Solani otkaz dobili 20 radnika + Imena - Lajme nga Ulqini","description":"Svi radnici Solane, njih 66, danas \u0107e dobiti otkaze a novi ugovori o radu, koji \u0107e va\u017eiti do 31.decembra, mo\u0107i \u0107e da zaklju\u010di 46 odabranih radnika. To je","robots":{"index":"index","follow":"follow","max-snippet":"max-snippet:-1","max-image-preview":"max-image-preview:large","max-video-preview":"max-video-preview:-1"},"canonical":"https:\/\/www.visit-ulcinj.com\/blog\/2013\/11\/04\/u-ulcinjskoj-solani-otkaz-dobilo-20-radnika\/","og_locale":"en_US","og_type":"article","og_title":"U Ulcinjskoj Solani otkaz dobili 20 radnika + Imena - Lajme nga Ulqini","og_description":"Svi radnici Solane, njih 66, danas \u0107e dobiti otkaze a novi ugovori o radu, koji \u0107e va\u017eiti do 31.decembra, mo\u0107i \u0107e da zaklju\u010di 46 odabranih radnika. To je","og_url":"https:\/\/www.visit-ulcinj.com\/blog\/2013\/11\/04\/u-ulcinjskoj-solani-otkaz-dobilo-20-radnika\/","og_site_name":"Lajme nga Ulqini","article_published_time":"2013-11-04T07:20:01+00:00","article_modified_time":"2013-11-04T07:21:09+00:00","og_image":[{"url":"http:\/\/www.visit-ulcinj.com\/blog\/wp-content\/uploads\/2013\/11\/Solana-Ulcinj.jpg"}],"twitter_misc":{"Written by":"ulqini","Est. reading time":"1 minute"},"schema":{"@context":"https:\/\/schema.org","@graph":[{"@type":"WebSite","@id":"https:\/\/www.visit-ulcinj.com\/blog\/#website","url":"https:\/\/www.visit-ulcinj.com\/blog\/","name":"Lajme nga Ulqini","description":"Lajme,Vijesti,Ulqini,Ulqin,Crna Gora,Mali i Zi","potentialAction":[{"@type":"SearchAction","target":{"@type":"EntryPoint","urlTemplate":"https:\/\/www.visit-ulcinj.com\/blog\/?s={search_term_string}"},"query-input":"required name=search_term_string"}],"inLanguage":"en-US"},{"@type":"ImageObject","inLanguage":"en-US","@id":"https:\/\/www.visit-ulcinj.com\/blog\/2013\/11\/04\/u-ulcinjskoj-solani-otkaz-dobilo-20-radnika\/#primaryimage","url":"https:\/\/www.visit-ulcinj.com\/blog\/wp-content\/uploads\/2013\/11\/Solana-Ulcinj.jpg","contentUrl":"https:\/\/www.visit-ulcinj.com\/blog\/wp-content\/uploads\/2013\/11\/Solana-Ulcinj.jpg","width":960,"height":720},{"@type":"WebPage","@id":"https:\/\/www.visit-ulcinj.com\/blog\/2013\/11\/04\/u-ulcinjskoj-solani-otkaz-dobilo-20-radnika\/#webpage","url":"https:\/\/www.visit-ulcinj.com\/blog\/2013\/11\/04\/u-ulcinjskoj-solani-otkaz-dobilo-20-radnika\/","name":"U Ulcinjskoj Solani otkaz dobili 20 radnika + Imena - Lajme nga Ulqini","isPartOf":{"@id":"https:\/\/www.visit-ulcinj.com\/blog\/#website"},"primaryImageOfPage":{"@id":"https:\/\/www.visit-ulcinj.com\/blog\/2013\/11\/04\/u-ulcinjskoj-solani-otkaz-dobilo-20-radnika\/#primaryimage"},"datePublished":"2013-11-04T07:20:01+00:00","dateModified":"2013-11-04T07:21:09+00:00","author":{"@id":"https:\/\/www.visit-ulcinj.com\/blog\/#\/schema\/person\/dcab619c614d3038751c63bc2aadc06d"},"description":"Svi radnici Solane, njih 66, danas \u0107e dobiti otkaze a novi ugovori o radu, koji \u0107e va\u017eiti do 31.decembra, mo\u0107i \u0107e da zaklju\u010di 46 odabranih radnika. To je","breadcrumb":{"@id":"https:\/\/www.visit-ulcinj.com\/blog\/2013\/11\/04\/u-ulcinjskoj-solani-otkaz-dobilo-20-radnika\/#breadcrumb"},"inLanguage":"en-US","potentialAction":[{"@type":"ReadAction","target":["https:\/\/www.visit-ulcinj.com\/blog\/2013\/11\/04\/u-ulcinjskoj-solani-otkaz-dobilo-20-radnika\/"]}]},{"@type":"BreadcrumbList","@id":"https:\/\/www.visit-ulcinj.com\/blog\/2013\/11\/04\/u-ulcinjskoj-solani-otkaz-dobilo-20-radnika\/#breadcrumb","itemListElement":[{"@type":"ListItem","position":1,"name":"U Ulcinjskoj Solani otkaz dobili 20 radnika + Imena"}]},{"@type":"Person","@id":"https:\/\/www.visit-ulcinj.com\/blog\/#\/schema\/person\/dcab619c614d3038751c63bc2aadc06d","name":"ulqini","sameAs":["http:\/\/www.visit-ulcinj.com"],"url":"https:\/\/www.visit-ulcinj.com\/blog\/author\/admin\/"}]}},"jetpack_featured_media_url":"","jetpack_sharing_enabled":true,"jetpack_shortlink":"https:\/\/wp.me\/pe6lTn-jLk","_links":{"self":[{"href":"https:\/\/www.visit-ulcinj.com\/blog\/wp-json\/wp\/v2\/posts\/75970"}],"collection":[{"href":"https:\/\/www.visit-ulcinj.com\/blog\/wp-json\/wp\/v2\/posts"}],"about":[{"href":"https:\/\/www.visit-ulcinj.com\/blog\/wp-json\/wp\/v2\/types\/post"}],"author":[{"embeddable":true,"href":"https:\/\/www.visit-ulcinj.com\/blog\/wp-json\/wp\/v2\/users\/1"}],"replies":[{"embeddable":true,"href":"https:\/\/www.visit-ulcinj.com\/blog\/wp-json\/wp\/v2\/comments?post=75970"}],"version-history":[{"count":3,"href":"https:\/\/www.visit-ulcinj.com\/blog\/wp-json\/wp\/v2\/posts\/75970\/revisions"}],"predecessor-version":[{"id":75974,"href":"https:\/\/www.visit-ulcinj.com\/blog\/wp-json\/wp\/v2\/posts\/75970\/revisions\/75974"}],"wp:attachment":[{"href":"https:\/\/www.visit-ulcinj.com\/blog\/wp-json\/wp\/v2\/media?parent=75970"}],"wp:term":[{"taxonomy":"category","embeddable":true,"href":"https:\/\/www.visit-ulcinj.com\/blog\/wp-json\/wp\/v2\/categories?post=75970"},{"taxonomy":"post_tag","embeddable":true,"href":"https:\/\/www.visit-ulcinj.com\/blog\/wp-json\/wp\/v2\/tags?post=75970"}],"curies":[{"name":"wp","href":"https:\/\/api.w.org\/{rel}","templated":true}]}}