{"id":76001,"date":"2013-11-05T08:04:15","date_gmt":"2013-11-05T07:04:15","guid":{"rendered":"http:\/\/www.visit-ulcinj.com\/blog\/?p=76001"},"modified":"2013-11-05T16:48:49","modified_gmt":"2013-11-05T15:48:49","slug":"manifestimi-rastin-e-vitit-te-ri-dhe-ndarja-e-shperblimeve","status":"publish","type":"post","link":"https:\/\/www.visit-ulcinj.com\/blog\/2013\/11\/05\/manifestimi-rastin-e-vitit-te-ri-dhe-ndarja-e-shperblimeve\/","title":{"rendered":"Manifestimi me rastin e Vitit t\u00eb Ri dhe Ndarja e shp\u00ebrblimeve"},"content":{"rendered":"<div><a href=\"http:\/\/www.visit-ulcinj.com\/blog\/wp-content\/uploads\/2013\/11\/xhamia-e-klleeznes-viti-ri.jpg\"><img loading=\"lazy\" class=\"alignleft  wp-image-76002\" alt=\"xhamia e klleeznes-viti ri\" src=\"http:\/\/www.visit-ulcinj.com\/blog\/wp-content\/uploads\/2013\/11\/xhamia-e-klleeznes-viti-ri.jpg\" width=\"508\" height=\"360\" \/><\/a>Manifestimi me rastin e Vitit t\u00eb Ri Hixhri dhe Ndarja e shp\u00ebrblimeve n\u00eb xhamin\u00eb e Kllezn\u00ebs, 03.11.2013 Viti i Ri Islam fillon n\u00eb dit\u00ebn e par\u00eb t\u00eb muajit Muharrem i cili llogaritet muaji i par\u00eb n\u00eb kalendarin Islam.<br \/>\nShum\u00eb muliman\u00eb p\u00ebrkujtojn\u00eb k\u00ebt\u00eb dit\u00eb p\u00ebr t\u00eb p\u00ebrkujtuar madh\u00ebshtin\u00eb e k\u00ebtij muaji si dhe migrimin e t\u00eb d\u00ebrguarit t\u00eb fundit Muhammedit a.s. (paqa qoft\u00eb mbi t\u00eb) t\u00eb b\u00ebr\u00eb nga Mekka n\u00eb qytetin Medina. Kjo \u00ebsht\u00eb nj\u00eb ngjarje dhe moment i ve\u00e7ant\u00eb p\u00ebr musliman\u00ebt dhe mbar\u00eb njer\u00ebzimin. P\u00ebrkujton sakrific\u00ebn madh\u00ebshtore t\u00eb Muhamedit a.s dhe atyre q\u00eb ndoq\u00ebn rrug\u00ebn e past\u00ebr t\u00eb Islamit, andaj dhasht\u00eb Allahu fuqiplot\u00eb q\u00eb vepra e t\u00eb par\u00ebve tan\u00eb t\u00eb qarkulloj\u00eb n\u00eb damar\u00ebt tan\u00eb dhe t\u00eb luan rol pozitiv n\u00eb shoq\u00ebrin\u00eb Islame.<\/div>\n<div><a href=\"http:\/\/www.visit-ulcinj.com\/blog\/wp-content\/uploads\/2013\/11\/xhamia-e-klleeznes-viti-ri-diplomat.jpg\"><img loading=\"lazy\" class=\"alignleft  wp-image-76003\" alt=\"xhamia e klleeznes-viti ri-diplomat\" src=\"http:\/\/www.visit-ulcinj.com\/blog\/wp-content\/uploads\/2013\/11\/xhamia-e-klleeznes-viti-ri-diplomat.jpg\" width=\"508\" height=\"360\" \/><\/a><\/div>\n<div>Me rastin e Viti t\u00eb Ri, Hixhri 1435, Konkretisht me 03.11.2013 dit\u00ebn e Diele, Xhamia e Kllezn\u00ebs n\u00eb Ulqin, n\u00eb udh\u00ebheqjen e Imamit t\u00eb xhamis\u00eb Senad ef. Maku, mbajti manifestimin madh\u00ebshtor p\u00ebr t\u00eb nderuar nd\u00ebrrimin e motmoteve dhe p\u00ebr t\u2019i uruar mir\u00ebseardhje vitit t\u00eb ri me d\u00ebshir\u00eb p\u00ebr bereqet, sh\u00ebndet, mir\u00ebkuptim dhe dashuri an\u00ebk\u00ebnd ku gjenden musliman\u00ebt. P\u00ebrpos k\u00ebsaj nate t\u00eb Hixhrit, e ve\u00e7anta e k\u00ebsaj ishte ndarja e shp\u00ebrblimeve dhe dhuratave p\u00ebr nx\u00ebn\u00ebsit e M\u00ebsim Besimit q\u00eb kan\u00eb p\u00ebrfunduar nivelin e dyt\u00eb, dhe nj\u00ebkoh\u00ebsisht dhurata edhe p\u00ebr pjes\u00ebmarr\u00ebsit n\u00eb k\u00ebt\u00eb manifestim. T\u00eb ftuar ishin Kryeimami i Bashk\u00ebsis\u00eb Islame n\u00eb Ulqin, Ali ef. Bardhi, Hafiz Jakupi nga Turqia, Imam e Myrtoveli t\u00eb Xhamiave t\u00eb komun\u00ebs s\u00eb Ulqin me rrethin\u00eb, dhe pjes\u00ebmarr\u00ebs e mysafir\u00eb nga trevat tjera. N\u00eb fillim t\u00eb Manifestimit mbasi falem namazin e Jacis\u00eb, Hafiz Jakupi lexoi disa ajete nga Libri i Allahu xh.sh., Kurani Fam\u00eblart\u00eb, m\u00eb pastaj hapjen e b\u00ebri imami i xhamis\u00eb Senad ef. Maku, fjal\u00ebn p\u00ebrsh\u00ebndet\u00ebse e mori Kryeimami Ali ef. Bardhi, ku m\u00eb pas pasoi ligj\u00ebrata nga Imami i xhamis\u00eb s\u00eb bregut Mirsad ef. Mu\u00e7a i cili foli p\u00ebr r\u00ebnd\u00ebsin e Hixhretit dhe t\u00eb M\u00ebsim Besimit Islam.<\/div>\n<div><a href=\"http:\/\/www.visit-ulcinj.com\/blog\/wp-content\/uploads\/2013\/11\/xhamia-e-klleeznes-viti-ri-diplomat-1.jpg\"><img loading=\"lazy\" class=\"alignleft  wp-image-76004\" alt=\"xhamia e klleeznes-viti ri-diplomat-1\" src=\"http:\/\/www.visit-ulcinj.com\/blog\/wp-content\/uploads\/2013\/11\/xhamia-e-klleeznes-viti-ri-diplomat-1.jpg\" width=\"508\" height=\"360\" \/><\/a><\/div>\n<div>Pas p\u00ebrfundim t\u00eb pjes\u00ebs s\u00eb par\u00eb t\u00eb programit , pasoi ndarja e shp\u00ebrblimeve p\u00ebr 35 nx\u00ebn\u00ebsit e M\u00ebsim Besimit t\u00eb Xhamis\u00eb s\u00eb Kllezn\u00ebs. Nx\u00ebn\u00ebsit u shp\u00ebrblyen n\u00eb baz\u00eb t\u00eb suksesit t\u00eb arritur gjat\u00eb m\u00ebsimit t\u00eb vitit akademik 2012\/2013, ku mor\u00ebn edhe certifikatat e k\u00ebtij niveli t\u00eb sapo p\u00ebrfunduar. Nga nx\u00ebn\u00ebsit shembullor\u00eb me not\u00eb shk\u00eblqyesh\u00ebm, ishin: Riza Kurti, Dorijana Meqikukiq, Edona Kurti, Ardit Kurti, Albina Rexha, Aide Rexha, Xhemale Elezoviq, Edina Elezoviq dhe Blerina Rexha. Prej k\u00ebtyre, vendin e dyt\u00eb e mor\u00ebn: Ardit Kurti, Dorijana Meqikukiq dhe Albina Rexha. Nd\u00ebrsa vendin e par\u00eb e mori: Edona Kurti, ku p\u00ebrpos dhuratave tjera iu nda Mir\u00ebnjohje p\u00ebr nx\u00ebn\u00ebsen m\u00eb t\u00eb mir\u00eb t\u00eb grupit dhe imami i xhamis\u00eb i b\u00ebr\u00eb dhurat\u00eb nj\u00eb Tablet p\u00ebr suksesin e treguar gjat\u00eb m\u00ebsimbesimit.<\/div>\n<div><a href=\"http:\/\/www.visit-ulcinj.com\/blog\/wp-content\/uploads\/2013\/11\/xhamia-e-klleeznes-viti-ri-diplomat-2.jpg\"><img loading=\"lazy\" class=\"alignleft  wp-image-76005\" alt=\"xhamia e klleeznes-viti ri-diplomat-2\" src=\"http:\/\/www.visit-ulcinj.com\/blog\/wp-content\/uploads\/2013\/11\/xhamia-e-klleeznes-viti-ri-diplomat-2.jpg\" width=\"508\" height=\"360\" \/><\/a><\/div>\n<div>M\u00eb pas fjal\u00ebn e mori hafizi nga Turqia, i cili fal\u00ebnderoj t\u00eb gjith\u00eb p\u00ebr k\u00ebt\u00eb kontribut dhe p\u00ebr organizimin e k\u00ebsaj mbr\u00ebmjeje, duke lutur Zotin q\u00eb t\u00eb vazhdojm\u00eb me k\u00ebsi lloj aktiviteti p\u00ebr t\u00eb mir\u00ebn e rinis\u00eb, t\u00eb nj\u00eb rinie t\u00eb sh\u00ebndosh\u00eb islame dhe t\u00eb vet vendit ton\u00eb. Dhe n\u00eb fund Kryetari i K\u00ebshillit t\u00eb xhamis\u00eb Samir Kurti b\u00ebri disa dhurata t\u00eb ve\u00e7anta p\u00ebr mosh\u00ebn m\u00eb t\u00eb thyer dhe p\u00ebr mosh\u00ebn m\u00eb t\u00eb re nga t\u00eb dyja gjinit\u00eb q\u00eb ishin prezent, duke iu dhuruar nga nj\u00eb dhurat simbolike, literatur\u00eb islame. Imami i xhamis\u00eb si dhe Kryetari i K\u00ebshillit t\u00eb xhamis\u00eb i fal\u00ebnderuan t\u00eb gjith\u00eb t\u00eb pranishmit, t\u00eb gjith\u00eb ato q\u00eb kontribuan n\u00eb m\u00ebnyra t\u00eb ndryshme p\u00ebr ta realizuar k\u00ebt\u00eb mbr\u00ebmje kaq madh\u00ebshtore dhe p\u00ebr dhuratat e dedikuar p\u00ebr nx\u00ebn\u00ebsit. Gjithashtu edhe p\u00ebr t\u00eb pranishmit t\u00eb tjer\u00eb pati dhurata, dhe n\u00eb fund t\u00eb programit u begatua me nj\u00eb koktej t\u00eb rastit n\u00eb oborrin e xhamis\u00eb. Gjithashtu ju lajmerojm\u00eb t\u00eb gjith\u00eb t\u00eb interesuarit p\u00ebr t\u00eb vazhduar me M\u00ebsimBesimin Islam n\u00eb Xhamin\u00eb e Kllezn\u00ebs, p\u00ebr t\u00eb vahduar nivelin e tret\u00eb p\u00ebr nx\u00ebn\u00ebsit t\u00eb cil\u00ebt kan\u00eb p\u00ebrfunduar nivelin paraprak, nd\u00ebrsa fillestar\u00ebt p\u00ebr tu regjistruar n\u00eb nivelin e par\u00eb. M\u00ebsimi fillon me dat\u00ebn 10.11.2013 dit\u00ebn e Diele n\u00eb ora 11:00.<strong><a href=\"https:\/\/www.facebook.com\/xhamiaklleznes\" data-hovercard=\"\/ajax\/hovercard\/user.php?id=100004174742969\">M\u00eb shum\u00eb Foto Xhamia Klleznes Ulqin Facebook<\/a><\/strong><\/p>\n<\/div>\n","protected":false},"excerpt":{"rendered":"<p>Manifestimi me rastin e Vitit t\u00eb Ri Hixhri dhe Ndarja e shp\u00ebrblimeve n\u00eb xhamin\u00eb e Kllezn\u00ebs, 03.11.2013 Viti i Ri Islam fillon n\u00eb dit\u00ebn e par\u00eb t\u00eb muajit Muharrem i cili llogaritet muaji i par\u00eb n\u00eb kalendarin Islam. Shum\u00eb muliman\u00eb p\u00ebrkujtojn\u00eb k\u00ebt\u00eb dit\u00eb p\u00ebr t\u00eb p\u00ebrkujtuar madh\u00ebshtin\u00eb e k\u00ebtij muaji si dhe migrimin e t\u00eb [&hellip;]<\/p>\n","protected":false},"author":1,"featured_media":0,"comment_status":"closed","ping_status":"closed","sticky":false,"template":"","format":"standard","meta":{"spay_email":"","jetpack_publicize_message":"","jetpack_is_tweetstorm":false,"jetpack_publicize_feature_enabled":true},"categories":[1,14],"tags":[],"jetpack_publicize_connections":[],"yoast_head":"<!-- This site is optimized with the Yoast SEO plugin v19.1 - https:\/\/yoast.com\/wordpress\/plugins\/seo\/ -->\n<title>Manifestimi me rastin e Vitit t\u00eb Ri dhe Ndarja e shp\u00ebrblimeve - Lajme nga Ulqini<\/title>\n<meta name=\"description\" content=\"Manifestimi me rastin e Vitit t\u00eb Ri Hixhri dhe Ndarja e shp\u00ebrblimeve n\u00eb xhamin\u00eb e Kllezn\u00ebs, 03.11.2013 Viti i Ri Islam fillon n\u00eb dit\u00ebn e par\u00eb t\u00eb muajit\" \/>\n<meta name=\"robots\" content=\"index, follow, max-snippet:-1, max-image-preview:large, max-video-preview:-1\" \/>\n<link rel=\"canonical\" href=\"https:\/\/www.visit-ulcinj.com\/blog\/2013\/11\/05\/manifestimi-rastin-e-vitit-te-ri-dhe-ndarja-e-shperblimeve\/\" \/>\n<meta property=\"og:locale\" content=\"en_US\" \/>\n<meta property=\"og:type\" content=\"article\" \/>\n<meta property=\"og:title\" content=\"Manifestimi me rastin e Vitit t\u00eb Ri dhe Ndarja e shp\u00ebrblimeve - Lajme nga Ulqini\" \/>\n<meta property=\"og:description\" content=\"Manifestimi me rastin e Vitit t\u00eb Ri Hixhri dhe Ndarja e shp\u00ebrblimeve n\u00eb xhamin\u00eb e Kllezn\u00ebs, 03.11.2013 Viti i Ri Islam fillon n\u00eb dit\u00ebn e par\u00eb t\u00eb muajit\" \/>\n<meta property=\"og:url\" content=\"https:\/\/www.visit-ulcinj.com\/blog\/2013\/11\/05\/manifestimi-rastin-e-vitit-te-ri-dhe-ndarja-e-shperblimeve\/\" \/>\n<meta property=\"og:site_name\" content=\"Lajme nga Ulqini\" \/>\n<meta property=\"article:published_time\" content=\"2013-11-05T07:04:15+00:00\" \/>\n<meta property=\"article:modified_time\" content=\"2013-11-05T15:48:49+00:00\" \/>\n<meta property=\"og:image\" content=\"http:\/\/www.visit-ulcinj.com\/blog\/wp-content\/uploads\/2013\/11\/xhamia-e-klleeznes-viti-ri.jpg\" \/>\n<meta name=\"twitter:label1\" content=\"Written by\" \/>\n\t<meta name=\"twitter:data1\" content=\"ulqini\" \/>\n\t<meta name=\"twitter:label2\" content=\"Est. reading time\" \/>\n\t<meta name=\"twitter:data2\" content=\"4 minutes\" \/>\n<script type=\"application\/ld+json\" class=\"yoast-schema-graph\">{\"@context\":\"https:\/\/schema.org\",\"@graph\":[{\"@type\":\"WebSite\",\"@id\":\"https:\/\/www.visit-ulcinj.com\/blog\/#website\",\"url\":\"https:\/\/www.visit-ulcinj.com\/blog\/\",\"name\":\"Lajme nga Ulqini\",\"description\":\"Lajme,Vijesti,Ulqini,Ulqin,Crna Gora,Mali i Zi\",\"potentialAction\":[{\"@type\":\"SearchAction\",\"target\":{\"@type\":\"EntryPoint\",\"urlTemplate\":\"https:\/\/www.visit-ulcinj.com\/blog\/?s={search_term_string}\"},\"query-input\":\"required name=search_term_string\"}],\"inLanguage\":\"en-US\"},{\"@type\":\"ImageObject\",\"inLanguage\":\"en-US\",\"@id\":\"https:\/\/www.visit-ulcinj.com\/blog\/2013\/11\/05\/manifestimi-rastin-e-vitit-te-ri-dhe-ndarja-e-shperblimeve\/#primaryimage\",\"url\":\"https:\/\/www.visit-ulcinj.com\/blog\/wp-content\/uploads\/2013\/11\/xhamia-e-klleeznes-viti-ri.jpg\",\"contentUrl\":\"https:\/\/www.visit-ulcinj.com\/blog\/wp-content\/uploads\/2013\/11\/xhamia-e-klleeznes-viti-ri.jpg\",\"width\":960,\"height\":720},{\"@type\":\"WebPage\",\"@id\":\"https:\/\/www.visit-ulcinj.com\/blog\/2013\/11\/05\/manifestimi-rastin-e-vitit-te-ri-dhe-ndarja-e-shperblimeve\/#webpage\",\"url\":\"https:\/\/www.visit-ulcinj.com\/blog\/2013\/11\/05\/manifestimi-rastin-e-vitit-te-ri-dhe-ndarja-e-shperblimeve\/\",\"name\":\"Manifestimi me rastin e Vitit t\u00eb Ri dhe Ndarja e shp\u00ebrblimeve - Lajme nga Ulqini\",\"isPartOf\":{\"@id\":\"https:\/\/www.visit-ulcinj.com\/blog\/#website\"},\"primaryImageOfPage\":{\"@id\":\"https:\/\/www.visit-ulcinj.com\/blog\/2013\/11\/05\/manifestimi-rastin-e-vitit-te-ri-dhe-ndarja-e-shperblimeve\/#primaryimage\"},\"datePublished\":\"2013-11-05T07:04:15+00:00\",\"dateModified\":\"2013-11-05T15:48:49+00:00\",\"author\":{\"@id\":\"https:\/\/www.visit-ulcinj.com\/blog\/#\/schema\/person\/dcab619c614d3038751c63bc2aadc06d\"},\"description\":\"Manifestimi me rastin e Vitit t\u00eb Ri Hixhri dhe Ndarja e shp\u00ebrblimeve n\u00eb xhamin\u00eb e Kllezn\u00ebs, 03.11.2013 Viti i Ri Islam fillon n\u00eb dit\u00ebn e par\u00eb t\u00eb muajit\",\"breadcrumb\":{\"@id\":\"https:\/\/www.visit-ulcinj.com\/blog\/2013\/11\/05\/manifestimi-rastin-e-vitit-te-ri-dhe-ndarja-e-shperblimeve\/#breadcrumb\"},\"inLanguage\":\"en-US\",\"potentialAction\":[{\"@type\":\"ReadAction\",\"target\":[\"https:\/\/www.visit-ulcinj.com\/blog\/2013\/11\/05\/manifestimi-rastin-e-vitit-te-ri-dhe-ndarja-e-shperblimeve\/\"]}]},{\"@type\":\"BreadcrumbList\",\"@id\":\"https:\/\/www.visit-ulcinj.com\/blog\/2013\/11\/05\/manifestimi-rastin-e-vitit-te-ri-dhe-ndarja-e-shperblimeve\/#breadcrumb\",\"itemListElement\":[{\"@type\":\"ListItem\",\"position\":1,\"name\":\"Manifestimi me rastin e Vitit t\u00eb Ri dhe Ndarja e shp\u00ebrblimeve\"}]},{\"@type\":\"Person\",\"@id\":\"https:\/\/www.visit-ulcinj.com\/blog\/#\/schema\/person\/dcab619c614d3038751c63bc2aadc06d\",\"name\":\"ulqini\",\"sameAs\":[\"http:\/\/www.visit-ulcinj.com\"],\"url\":\"https:\/\/www.visit-ulcinj.com\/blog\/author\/admin\/\"}]}<\/script>\n<!-- \/ Yoast SEO plugin. -->","yoast_head_json":{"title":"Manifestimi me rastin e Vitit t\u00eb Ri dhe Ndarja e shp\u00ebrblimeve - Lajme nga Ulqini","description":"Manifestimi me rastin e Vitit t\u00eb Ri Hixhri dhe Ndarja e shp\u00ebrblimeve n\u00eb xhamin\u00eb e Kllezn\u00ebs, 03.11.2013 Viti i Ri Islam fillon n\u00eb dit\u00ebn e par\u00eb t\u00eb muajit","robots":{"index":"index","follow":"follow","max-snippet":"max-snippet:-1","max-image-preview":"max-image-preview:large","max-video-preview":"max-video-preview:-1"},"canonical":"https:\/\/www.visit-ulcinj.com\/blog\/2013\/11\/05\/manifestimi-rastin-e-vitit-te-ri-dhe-ndarja-e-shperblimeve\/","og_locale":"en_US","og_type":"article","og_title":"Manifestimi me rastin e Vitit t\u00eb Ri dhe Ndarja e shp\u00ebrblimeve - Lajme nga Ulqini","og_description":"Manifestimi me rastin e Vitit t\u00eb Ri Hixhri dhe Ndarja e shp\u00ebrblimeve n\u00eb xhamin\u00eb e Kllezn\u00ebs, 03.11.2013 Viti i Ri Islam fillon n\u00eb dit\u00ebn e par\u00eb t\u00eb muajit","og_url":"https:\/\/www.visit-ulcinj.com\/blog\/2013\/11\/05\/manifestimi-rastin-e-vitit-te-ri-dhe-ndarja-e-shperblimeve\/","og_site_name":"Lajme nga Ulqini","article_published_time":"2013-11-05T07:04:15+00:00","article_modified_time":"2013-11-05T15:48:49+00:00","og_image":[{"url":"http:\/\/www.visit-ulcinj.com\/blog\/wp-content\/uploads\/2013\/11\/xhamia-e-klleeznes-viti-ri.jpg"}],"twitter_misc":{"Written by":"ulqini","Est. reading time":"4 minutes"},"schema":{"@context":"https:\/\/schema.org","@graph":[{"@type":"WebSite","@id":"https:\/\/www.visit-ulcinj.com\/blog\/#website","url":"https:\/\/www.visit-ulcinj.com\/blog\/","name":"Lajme nga Ulqini","description":"Lajme,Vijesti,Ulqini,Ulqin,Crna Gora,Mali i Zi","potentialAction":[{"@type":"SearchAction","target":{"@type":"EntryPoint","urlTemplate":"https:\/\/www.visit-ulcinj.com\/blog\/?s={search_term_string}"},"query-input":"required name=search_term_string"}],"inLanguage":"en-US"},{"@type":"ImageObject","inLanguage":"en-US","@id":"https:\/\/www.visit-ulcinj.com\/blog\/2013\/11\/05\/manifestimi-rastin-e-vitit-te-ri-dhe-ndarja-e-shperblimeve\/#primaryimage","url":"https:\/\/www.visit-ulcinj.com\/blog\/wp-content\/uploads\/2013\/11\/xhamia-e-klleeznes-viti-ri.jpg","contentUrl":"https:\/\/www.visit-ulcinj.com\/blog\/wp-content\/uploads\/2013\/11\/xhamia-e-klleeznes-viti-ri.jpg","width":960,"height":720},{"@type":"WebPage","@id":"https:\/\/www.visit-ulcinj.com\/blog\/2013\/11\/05\/manifestimi-rastin-e-vitit-te-ri-dhe-ndarja-e-shperblimeve\/#webpage","url":"https:\/\/www.visit-ulcinj.com\/blog\/2013\/11\/05\/manifestimi-rastin-e-vitit-te-ri-dhe-ndarja-e-shperblimeve\/","name":"Manifestimi me rastin e Vitit t\u00eb Ri dhe Ndarja e shp\u00ebrblimeve - Lajme nga Ulqini","isPartOf":{"@id":"https:\/\/www.visit-ulcinj.com\/blog\/#website"},"primaryImageOfPage":{"@id":"https:\/\/www.visit-ulcinj.com\/blog\/2013\/11\/05\/manifestimi-rastin-e-vitit-te-ri-dhe-ndarja-e-shperblimeve\/#primaryimage"},"datePublished":"2013-11-05T07:04:15+00:00","dateModified":"2013-11-05T15:48:49+00:00","author":{"@id":"https:\/\/www.visit-ulcinj.com\/blog\/#\/schema\/person\/dcab619c614d3038751c63bc2aadc06d"},"description":"Manifestimi me rastin e Vitit t\u00eb Ri Hixhri dhe Ndarja e shp\u00ebrblimeve n\u00eb xhamin\u00eb e Kllezn\u00ebs, 03.11.2013 Viti i Ri Islam fillon n\u00eb dit\u00ebn e par\u00eb t\u00eb muajit","breadcrumb":{"@id":"https:\/\/www.visit-ulcinj.com\/blog\/2013\/11\/05\/manifestimi-rastin-e-vitit-te-ri-dhe-ndarja-e-shperblimeve\/#breadcrumb"},"inLanguage":"en-US","potentialAction":[{"@type":"ReadAction","target":["https:\/\/www.visit-ulcinj.com\/blog\/2013\/11\/05\/manifestimi-rastin-e-vitit-te-ri-dhe-ndarja-e-shperblimeve\/"]}]},{"@type":"BreadcrumbList","@id":"https:\/\/www.visit-ulcinj.com\/blog\/2013\/11\/05\/manifestimi-rastin-e-vitit-te-ri-dhe-ndarja-e-shperblimeve\/#breadcrumb","itemListElement":[{"@type":"ListItem","position":1,"name":"Manifestimi me rastin e Vitit t\u00eb Ri dhe Ndarja e shp\u00ebrblimeve"}]},{"@type":"Person","@id":"https:\/\/www.visit-ulcinj.com\/blog\/#\/schema\/person\/dcab619c614d3038751c63bc2aadc06d","name":"ulqini","sameAs":["http:\/\/www.visit-ulcinj.com"],"url":"https:\/\/www.visit-ulcinj.com\/blog\/author\/admin\/"}]}},"jetpack_featured_media_url":"","jetpack_sharing_enabled":true,"jetpack_shortlink":"https:\/\/wp.me\/pe6lTn-jLP","_links":{"self":[{"href":"https:\/\/www.visit-ulcinj.com\/blog\/wp-json\/wp\/v2\/posts\/76001"}],"collection":[{"href":"https:\/\/www.visit-ulcinj.com\/blog\/wp-json\/wp\/v2\/posts"}],"about":[{"href":"https:\/\/www.visit-ulcinj.com\/blog\/wp-json\/wp\/v2\/types\/post"}],"author":[{"embeddable":true,"href":"https:\/\/www.visit-ulcinj.com\/blog\/wp-json\/wp\/v2\/users\/1"}],"replies":[{"embeddable":true,"href":"https:\/\/www.visit-ulcinj.com\/blog\/wp-json\/wp\/v2\/comments?post=76001"}],"version-history":[{"count":4,"href":"https:\/\/www.visit-ulcinj.com\/blog\/wp-json\/wp\/v2\/posts\/76001\/revisions"}],"predecessor-version":[{"id":76013,"href":"https:\/\/www.visit-ulcinj.com\/blog\/wp-json\/wp\/v2\/posts\/76001\/revisions\/76013"}],"wp:attachment":[{"href":"https:\/\/www.visit-ulcinj.com\/blog\/wp-json\/wp\/v2\/media?parent=76001"}],"wp:term":[{"taxonomy":"category","embeddable":true,"href":"https:\/\/www.visit-ulcinj.com\/blog\/wp-json\/wp\/v2\/categories?post=76001"},{"taxonomy":"post_tag","embeddable":true,"href":"https:\/\/www.visit-ulcinj.com\/blog\/wp-json\/wp\/v2\/tags?post=76001"}],"curies":[{"name":"wp","href":"https:\/\/api.w.org\/{rel}","templated":true}]}}